{"id":15722,"date":"2025-02-24T14:52:29","date_gmt":"2025-02-24T14:52:29","guid":{"rendered":"https:\/\/cuadra-agrado.es\/?p=15722"},"modified":"2025-02-24T14:56:50","modified_gmt":"2025-02-24T14:56:50","slug":"alwin-bram-inaugura-la-temporada-primaveral-2025","status":"publish","type":"post","link":"https:\/\/cuadra-agrado.es\/?p=15722","title":{"rendered":"Alwin Bram inaugura la temporada primaveral 2025"},"content":{"rendered":"<p style=\"text-align: justify;\">Este pr\u00f3ximo domingo se iza la bandera a la temporada primaveral en Hip\u00f3dromo de Madrid, y en esta primera jornada, tambi\u00e9n ponemos en marcha nuestra cuadra con el primer partant para \u201c<strong>Alwin Bram<\/strong>\u201d.<\/p>\n<p style=\"text-align: justify;\">Ser\u00e1 en el h\u00e1ndicap dividido de la jornada sobre distancia de 1.800 metros en un pasto madrile\u00f1o a estrenar despu\u00e9s del invierno. Despu\u00e9s de un fant\u00e1stico final de 2024 donde sali\u00f3 de maiden en su tercera convocatoria el pasado diciembre, y a\u00f1adi\u00f3 un segundo puesto en la temporada invernal sevillana en enero, retorna a competici\u00f3n en su hip\u00f3dromo en una siempre dura primera parte de h\u00e1ndicap donde deber\u00e1 confirmar un valor 34,5 que, a priori, parece algo inflado, si tenemos en cuenta que los rivales y condiciones del circuito sevillano son muy diferentes a los de Madrid.<\/p>\n<p style=\"text-align: justify;\">Aun as\u00ed, salimos a esta segunda de 2025 con la confianza de que dicho valor sea lo m\u00e1s real posible para poder mantener esa esperanza de copar puestos remunerados y seguir sumando a su breve historial. Tras un mes de un descanso medido para recuperar gl\u00f3bulos, el caballo se encuentra sin ning\u00fan problema f\u00edsico y, sus \u00faltimas comparecencias sevillanas, sin duda, le ayudar\u00e1n a salir a esta primera de Madrid con ritmo de competici\u00f3n y una forma muy cercana a su \u00f3ptima.<\/p>\n<p style=\"text-align: justify;\">Retornamos a los 1.800 metros que, en funci\u00f3n de su breve historial, nos ha ofrecido argumentos para determinar que pueda ser su mejor distancia, o al menos, donde le hemos visto con una mejor condici\u00f3n en carrera. Una distancia que en Madrid se hace mucho m\u00e1s dura con una larga recta y un final castigador, pero \u201c<strong>Alwin<\/strong>\u201d es un caballo que se deja llevar f\u00e1cil en el recorrido, y tiene el suficiente fondo como para terminar con fortaleza. En esta sexta salida en su historial, aun nos faltan argumentos para confirmar su verdadero valor, y este h\u00e1ndicap de primera parte ser\u00e1 un punto de inflexi\u00f3n muy significativo para determinar ese valor y su mejor futuro. Con su actual forma y viniendo ya rodado, si es capaz de estar luchando la carrera, podremos poner rumbo a cotas m\u00e1s altas durante la primavera, o replantearnos su programa en caso de que no cumpla esas expectativas que hoy tenemos.<\/p>\n<p style=\"text-align: justify;\">A falta del partant definitivo y, viendo los pocos forfaits del desdoblado, estimamos que saldr\u00e1 finalmente con 58 kilos en una primera parte de h\u00e1ndicap que, muy probablemente, ser\u00e1 la base para los doce de la lotofurf del d\u00eda. En cuanto a su monta, la falta de efectivos nacionales en nuestra plantilla de jockeys nos hace dirigir la mirada al franc\u00e9s Hugo Mouesan que viaja a Madrid en esta primera jornada primaveral, y que confirma su monta para el nuestro.<\/p>\n<p style=\"text-align: justify;\">Mucha suerte equipo!!!<\/p>\n<!-- AddThis Advanced Settings generic via filter on the_content --><!-- AddThis Share Buttons generic via filter on the_content -->","protected":false},"excerpt":{"rendered":"<p>Este pr\u00f3ximo domingo se iza la bandera a la temporada primaveral en Hip\u00f3dromo de Madrid, y en esta primera jornada, tambi\u00e9n ponemos en marcha nuestra cuadra con el primer partant para \u201cAlwin Bram\u201d. Ser\u00e1 en el h\u00e1ndicap dividido de la jornada sobre distancia de 1.800 metros en un pasto madrile\u00f1o a estrenar despu\u00e9s del invierno. [&hellip;]<!-- AddThis Advanced Settings generic via filter on get_the_excerpt --><!-- AddThis Share Buttons generic via filter on get_the_excerpt --><\/p>\n","protected":false},"author":5,"featured_media":15663,"comment_status":"closed","ping_status":"open","sticky":false,"template":"","format":"standard","meta":{"_acf_changed":false,"_et_pb_use_builder":"","_et_pb_old_content":"","_et_gb_content_width":"","footnotes":""},"categories":[3],"tags":[],"class_list":["post-15722","post","type-post","status-publish","format-standard","has-post-thumbnail","hentry","category-noticias-cuadra-agrado"],"acf":[],"yoast_head":"<!-- This site is optimized with the Yoast SEO plugin v27.4 - https:\/\/yoast.com\/product\/yoast-seo-wordpress\/ -->\n<title>Alwin Bram inaugura la temporada primaveral 2025 - Cuadra Agrado<\/title>\n<meta name=\"robots\" content=\"index, follow, max-snippet:-1, max-image-preview:large, max-video-preview:-1\" \/>\n<link rel=\"canonical\" href=\"https:\/\/cuadra-agrado.es\/?p=15722\" \/>\n<meta property=\"og:locale\" content=\"es_ES\" \/>\n<meta property=\"og:type\" content=\"article\" \/>\n<meta property=\"og:title\" content=\"Alwin Bram inaugura la temporada primaveral 2025 - Cuadra Agrado\" \/>\n<meta property=\"og:description\" content=\"Este pr\u00f3ximo domingo se iza la bandera a la temporada primaveral en Hip\u00f3dromo de Madrid, y en esta primera jornada, tambi\u00e9n ponemos en marcha nuestra cuadra con el primer partant para \u201cAlwin Bram\u201d. Ser\u00e1 en el h\u00e1ndicap dividido de la jornada sobre distancia de 1.800 metros en un pasto madrile\u00f1o a estrenar despu\u00e9s del invierno. [&hellip;]\" \/>\n<meta property=\"og:url\" content=\"https:\/\/cuadra-agrado.es\/?p=15722\" \/>\n<meta property=\"og:site_name\" content=\"Cuadra Agrado\" \/>\n<meta property=\"article:published_time\" content=\"2025-02-24T14:52:29+00:00\" \/>\n<meta property=\"article:modified_time\" content=\"2025-02-24T14:56:50+00:00\" \/>\n<meta property=\"og:image\" content=\"https:\/\/cuadra-agrado.es\/wp-content\/uploads\/2024\/02\/alwin2.jpg\" \/>\n\t<meta property=\"og:image:width\" content=\"1176\" \/>\n\t<meta property=\"og:image:height\" content=\"876\" \/>\n\t<meta property=\"og:image:type\" content=\"image\/jpeg\" \/>\n<meta name=\"author\" content=\"Miguel Redondo\" \/>\n<meta name=\"twitter:card\" content=\"summary_large_image\" \/>\n<meta name=\"twitter:creator\" content=\"@AGRADOracing\" \/>\n<meta name=\"twitter:site\" content=\"@AGRADOracing\" \/>\n<meta name=\"twitter:label1\" content=\"Escrito por\" \/>\n\t<meta name=\"twitter:data1\" content=\"Miguel Redondo\" \/>\n\t<meta name=\"twitter:label2\" content=\"Tiempo de lectura\" \/>\n\t<meta name=\"twitter:data2\" content=\"3 minutos\" \/>\n<script type=\"application\/ld+json\" class=\"yoast-schema-graph\">{\"@context\":\"https:\\\/\\\/schema.org\",\"@graph\":[{\"@type\":\"Article\",\"@id\":\"https:\\\/\\\/cuadra-agrado.es\\\/?p=15722#article\",\"isPartOf\":{\"@id\":\"https:\\\/\\\/cuadra-agrado.es\\\/?p=15722\"},\"author\":{\"name\":\"Miguel Redondo\",\"@id\":\"https:\\\/\\\/cuadra-agrado.es\\\/#\\\/schema\\\/person\\\/3aa4f8d2373cf756d93a5526bc72f31b\"},\"headline\":\"Alwin Bram inaugura la temporada primaveral 2025\",\"datePublished\":\"2025-02-24T14:52:29+00:00\",\"dateModified\":\"2025-02-24T14:56:50+00:00\",\"mainEntityOfPage\":{\"@id\":\"https:\\\/\\\/cuadra-agrado.es\\\/?p=15722\"},\"wordCount\":479,\"image\":{\"@id\":\"https:\\\/\\\/cuadra-agrado.es\\\/?p=15722#primaryimage\"},\"thumbnailUrl\":\"https:\\\/\\\/cuadra-agrado.es\\\/wp-content\\\/uploads\\\/2024\\\/02\\\/alwin2.jpg\",\"articleSection\":[\"Actualidad\"],\"inLanguage\":\"es\"},{\"@type\":\"WebPage\",\"@id\":\"https:\\\/\\\/cuadra-agrado.es\\\/?p=15722\",\"url\":\"https:\\\/\\\/cuadra-agrado.es\\\/?p=15722\",\"name\":\"Alwin Bram inaugura la temporada primaveral 2025 - Cuadra Agrado\",\"isPartOf\":{\"@id\":\"https:\\\/\\\/cuadra-agrado.es\\\/#website\"},\"primaryImageOfPage\":{\"@id\":\"https:\\\/\\\/cuadra-agrado.es\\\/?p=15722#primaryimage\"},\"image\":{\"@id\":\"https:\\\/\\\/cuadra-agrado.es\\\/?p=15722#primaryimage\"},\"thumbnailUrl\":\"https:\\\/\\\/cuadra-agrado.es\\\/wp-content\\\/uploads\\\/2024\\\/02\\\/alwin2.jpg\",\"datePublished\":\"2025-02-24T14:52:29+00:00\",\"dateModified\":\"2025-02-24T14:56:50+00:00\",\"author\":{\"@id\":\"https:\\\/\\\/cuadra-agrado.es\\\/#\\\/schema\\\/person\\\/3aa4f8d2373cf756d93a5526bc72f31b\"},\"breadcrumb\":{\"@id\":\"https:\\\/\\\/cuadra-agrado.es\\\/?p=15722#breadcrumb\"},\"inLanguage\":\"es\",\"potentialAction\":[{\"@type\":\"ReadAction\",\"target\":[\"https:\\\/\\\/cuadra-agrado.es\\\/?p=15722\"]}]},{\"@type\":\"ImageObject\",\"inLanguage\":\"es\",\"@id\":\"https:\\\/\\\/cuadra-agrado.es\\\/?p=15722#primaryimage\",\"url\":\"https:\\\/\\\/cuadra-agrado.es\\\/wp-content\\\/uploads\\\/2024\\\/02\\\/alwin2.jpg\",\"contentUrl\":\"https:\\\/\\\/cuadra-agrado.es\\\/wp-content\\\/uploads\\\/2024\\\/02\\\/alwin2.jpg\",\"width\":1176,\"height\":876},{\"@type\":\"BreadcrumbList\",\"@id\":\"https:\\\/\\\/cuadra-agrado.es\\\/?p=15722#breadcrumb\",\"itemListElement\":[{\"@type\":\"ListItem\",\"position\":1,\"name\":\"Portada\",\"item\":\"https:\\\/\\\/cuadra-agrado.es\\\/\"},{\"@type\":\"ListItem\",\"position\":2,\"name\":\"Alwin Bram inaugura la temporada primaveral 2025\"}]},{\"@type\":\"WebSite\",\"@id\":\"https:\\\/\\\/cuadra-agrado.es\\\/#website\",\"url\":\"https:\\\/\\\/cuadra-agrado.es\\\/\",\"name\":\"Cuadra Agrado\",\"description\":\"En el mundo del Turf desde 2008\",\"potentialAction\":[{\"@type\":\"SearchAction\",\"target\":{\"@type\":\"EntryPoint\",\"urlTemplate\":\"https:\\\/\\\/cuadra-agrado.es\\\/?s={search_term_string}\"},\"query-input\":{\"@type\":\"PropertyValueSpecification\",\"valueRequired\":true,\"valueName\":\"search_term_string\"}}],\"inLanguage\":\"es\"},{\"@type\":\"Person\",\"@id\":\"https:\\\/\\\/cuadra-agrado.es\\\/#\\\/schema\\\/person\\\/3aa4f8d2373cf756d93a5526bc72f31b\",\"name\":\"Miguel Redondo\",\"image\":{\"@type\":\"ImageObject\",\"inLanguage\":\"es\",\"@id\":\"https:\\\/\\\/secure.gravatar.com\\\/avatar\\\/85704fceb4fa34017e3c1344d182da00dbf772fb8856ba2b7726a2df926415b4?s=96&d=mm&r=g\",\"url\":\"https:\\\/\\\/secure.gravatar.com\\\/avatar\\\/85704fceb4fa34017e3c1344d182da00dbf772fb8856ba2b7726a2df926415b4?s=96&d=mm&r=g\",\"contentUrl\":\"https:\\\/\\\/secure.gravatar.com\\\/avatar\\\/85704fceb4fa34017e3c1344d182da00dbf772fb8856ba2b7726a2df926415b4?s=96&d=mm&r=g\",\"caption\":\"Miguel Redondo\"},\"sameAs\":[\"https:\\\/\\\/cuadra-agrado.es\"],\"url\":\"https:\\\/\\\/cuadra-agrado.es\\\/?author=5\"}]}<\/script>\n<!-- \/ Yoast SEO plugin. -->","yoast_head_json":{"title":"Alwin Bram inaugura la temporada primaveral 2025 - Cuadra Agrado","robots":{"index":"index","follow":"follow","max-snippet":"max-snippet:-1","max-image-preview":"max-image-preview:large","max-video-preview":"max-video-preview:-1"},"canonical":"https:\/\/cuadra-agrado.es\/?p=15722","og_locale":"es_ES","og_type":"article","og_title":"Alwin Bram inaugura la temporada primaveral 2025 - Cuadra Agrado","og_description":"Este pr\u00f3ximo domingo se iza la bandera a la temporada primaveral en Hip\u00f3dromo de Madrid, y en esta primera jornada, tambi\u00e9n ponemos en marcha nuestra cuadra con el primer partant para \u201cAlwin Bram\u201d. Ser\u00e1 en el h\u00e1ndicap dividido de la jornada sobre distancia de 1.800 metros en un pasto madrile\u00f1o a estrenar despu\u00e9s del invierno. [&hellip;]","og_url":"https:\/\/cuadra-agrado.es\/?p=15722","og_site_name":"Cuadra Agrado","article_published_time":"2025-02-24T14:52:29+00:00","article_modified_time":"2025-02-24T14:56:50+00:00","og_image":[{"width":1176,"height":876,"url":"https:\/\/cuadra-agrado.es\/wp-content\/uploads\/2024\/02\/alwin2.jpg","type":"image\/jpeg"}],"author":"Miguel Redondo","twitter_card":"summary_large_image","twitter_creator":"@AGRADOracing","twitter_site":"@AGRADOracing","twitter_misc":{"Escrito por":"Miguel Redondo","Tiempo de lectura":"3 minutos"},"schema":{"@context":"https:\/\/schema.org","@graph":[{"@type":"Article","@id":"https:\/\/cuadra-agrado.es\/?p=15722#article","isPartOf":{"@id":"https:\/\/cuadra-agrado.es\/?p=15722"},"author":{"name":"Miguel Redondo","@id":"https:\/\/cuadra-agrado.es\/#\/schema\/person\/3aa4f8d2373cf756d93a5526bc72f31b"},"headline":"Alwin Bram inaugura la temporada primaveral 2025","datePublished":"2025-02-24T14:52:29+00:00","dateModified":"2025-02-24T14:56:50+00:00","mainEntityOfPage":{"@id":"https:\/\/cuadra-agrado.es\/?p=15722"},"wordCount":479,"image":{"@id":"https:\/\/cuadra-agrado.es\/?p=15722#primaryimage"},"thumbnailUrl":"https:\/\/cuadra-agrado.es\/wp-content\/uploads\/2024\/02\/alwin2.jpg","articleSection":["Actualidad"],"inLanguage":"es"},{"@type":"WebPage","@id":"https:\/\/cuadra-agrado.es\/?p=15722","url":"https:\/\/cuadra-agrado.es\/?p=15722","name":"Alwin Bram inaugura la temporada primaveral 2025 - Cuadra Agrado","isPartOf":{"@id":"https:\/\/cuadra-agrado.es\/#website"},"primaryImageOfPage":{"@id":"https:\/\/cuadra-agrado.es\/?p=15722#primaryimage"},"image":{"@id":"https:\/\/cuadra-agrado.es\/?p=15722#primaryimage"},"thumbnailUrl":"https:\/\/cuadra-agrado.es\/wp-content\/uploads\/2024\/02\/alwin2.jpg","datePublished":"2025-02-24T14:52:29+00:00","dateModified":"2025-02-24T14:56:50+00:00","author":{"@id":"https:\/\/cuadra-agrado.es\/#\/schema\/person\/3aa4f8d2373cf756d93a5526bc72f31b"},"breadcrumb":{"@id":"https:\/\/cuadra-agrado.es\/?p=15722#breadcrumb"},"inLanguage":"es","potentialAction":[{"@type":"ReadAction","target":["https:\/\/cuadra-agrado.es\/?p=15722"]}]},{"@type":"ImageObject","inLanguage":"es","@id":"https:\/\/cuadra-agrado.es\/?p=15722#primaryimage","url":"https:\/\/cuadra-agrado.es\/wp-content\/uploads\/2024\/02\/alwin2.jpg","contentUrl":"https:\/\/cuadra-agrado.es\/wp-content\/uploads\/2024\/02\/alwin2.jpg","width":1176,"height":876},{"@type":"BreadcrumbList","@id":"https:\/\/cuadra-agrado.es\/?p=15722#breadcrumb","itemListElement":[{"@type":"ListItem","position":1,"name":"Portada","item":"https:\/\/cuadra-agrado.es\/"},{"@type":"ListItem","position":2,"name":"Alwin Bram inaugura la temporada primaveral 2025"}]},{"@type":"WebSite","@id":"https:\/\/cuadra-agrado.es\/#website","url":"https:\/\/cuadra-agrado.es\/","name":"Cuadra Agrado","description":"En el mundo del Turf desde 2008","potentialAction":[{"@type":"SearchAction","target":{"@type":"EntryPoint","urlTemplate":"https:\/\/cuadra-agrado.es\/?s={search_term_string}"},"query-input":{"@type":"PropertyValueSpecification","valueRequired":true,"valueName":"search_term_string"}}],"inLanguage":"es"},{"@type":"Person","@id":"https:\/\/cuadra-agrado.es\/#\/schema\/person\/3aa4f8d2373cf756d93a5526bc72f31b","name":"Miguel Redondo","image":{"@type":"ImageObject","inLanguage":"es","@id":"https:\/\/secure.gravatar.com\/avatar\/85704fceb4fa34017e3c1344d182da00dbf772fb8856ba2b7726a2df926415b4?s=96&d=mm&r=g","url":"https:\/\/secure.gravatar.com\/avatar\/85704fceb4fa34017e3c1344d182da00dbf772fb8856ba2b7726a2df926415b4?s=96&d=mm&r=g","contentUrl":"https:\/\/secure.gravatar.com\/avatar\/85704fceb4fa34017e3c1344d182da00dbf772fb8856ba2b7726a2df926415b4?s=96&d=mm&r=g","caption":"Miguel Redondo"},"sameAs":["https:\/\/cuadra-agrado.es"],"url":"https:\/\/cuadra-agrado.es\/?author=5"}]}},"_links":{"self":[{"href":"https:\/\/cuadra-agrado.es\/index.php?rest_route=\/wp\/v2\/posts\/15722","targetHints":{"allow":["GET"]}}],"collection":[{"href":"https:\/\/cuadra-agrado.es\/index.php?rest_route=\/wp\/v2\/posts"}],"about":[{"href":"https:\/\/cuadra-agrado.es\/index.php?rest_route=\/wp\/v2\/types\/post"}],"author":[{"embeddable":true,"href":"https:\/\/cuadra-agrado.es\/index.php?rest_route=\/wp\/v2\/users\/5"}],"replies":[{"embeddable":true,"href":"https:\/\/cuadra-agrado.es\/index.php?rest_route=%2Fwp%2Fv2%2Fcomments&post=15722"}],"version-history":[{"count":3,"href":"https:\/\/cuadra-agrado.es\/index.php?rest_route=\/wp\/v2\/posts\/15722\/revisions"}],"predecessor-version":[{"id":15725,"href":"https:\/\/cuadra-agrado.es\/index.php?rest_route=\/wp\/v2\/posts\/15722\/revisions\/15725"}],"wp:featuredmedia":[{"embeddable":true,"href":"https:\/\/cuadra-agrado.es\/index.php?rest_route=\/wp\/v2\/media\/15663"}],"wp:attachment":[{"href":"https:\/\/cuadra-agrado.es\/index.php?rest_route=%2Fwp%2Fv2%2Fmedia&parent=15722"}],"wp:term":[{"taxonomy":"category","embeddable":true,"href":"https:\/\/cuadra-agrado.es\/index.php?rest_route=%2Fwp%2Fv2%2Fcategories&post=15722"},{"taxonomy":"post_tag","embeddable":true,"href":"https:\/\/cuadra-agrado.es\/index.php?rest_route=%2Fwp%2Fv2%2Ftags&post=15722"}],"curies":[{"name":"wp","href":"https:\/\/api.w.org\/{rel}","templated":true}]}}