{"id":15713,"date":"2025-01-29T14:25:44","date_gmt":"2025-01-29T14:25:44","guid":{"rendered":"https:\/\/cuadra-agrado.es\/?p=15713"},"modified":"2025-01-29T14:38:50","modified_gmt":"2025-01-29T14:38:50","slug":"los-nueve-magnificos-para-2025","status":"publish","type":"post","link":"https:\/\/cuadra-agrado.es\/?p=15713","title":{"rendered":"Los nueve magn\u00edficos para 2025."},"content":{"rendered":"<p style=\"text-align: justify;\">Finalmente, no pudo \u201c<strong>Alwin Bram<\/strong>\u201d sumar su primera victoria del a\u00f1o tras su salida de maiden a finales del pasado a\u00f1o, y su segundo en foto en su posterior. En esta \u00faltima comparecencia un nuevo segundo que confirma su valor, algo m\u00e1s bajo que el provisional de 34,5 que asignaron los handicapers tras su victoria, pero que nos da las garant\u00edas suficientes para poder divertirnos con \u00e9l en este a\u00f1o 2025.<\/p>\n<p style=\"text-align: justify;\">Se deshizo con autoridad acompa\u00f1ado de un buen descargo de sus, a priori, principales rivales en pista \u201c<strong>Moneyman<\/strong>\u201d y \u201c<strong>Maderas<\/strong>\u201d, pero cometimos el error de infravalorar a un caballo que, en su d\u00eda, fue uno de esos caballos de nivel, donde se mueve como pez en el agua cuando el terreno es pantanoso. Al final una merecida victoria para \u201c<strong>Stelvio<\/strong>\u201d que aprovech\u00f3 su buen estado de forma, su descargo, y su innegable condici\u00f3n de barrero para llevarse una carrera despu\u00e9s de un a\u00f1o desierto de victorias.<br \/>\nFinalizamos nuestra temporada sevillana con 4 salidas a pista logrando dos medallas de oro y otras dos de plata. Al final, una muy buena gesti\u00f3n de la temporada para entrar con confianza en la tan ansiada temporada primaveral de Madrid en la que saldremos con nuestro peque\u00f1o ej\u00e9rcito a la lucha de victorias.<br \/>\nNueve magn\u00edficos ser\u00e1n los pura sangre que completar\u00e1n nuestro plantel en este 2025 cargados en su nombre con mucha \u00abK\u00bb, y que trataremos de mantener durante todo el a\u00f1o en competici\u00f3n, hecho este que no ser\u00e1 f\u00e1cil mantener porque la experiencia nos dice que, muy probablemente, alguno caer\u00e1 por el camino por una u otra raz\u00f3n.<\/p>\n<p style=\"text-align: justify;\"><strong>DOS A\u00d1OS<\/strong>: Una pareja de dosa\u00f1eros para este 2025. Hablamos primero del macho por \u00ab<strong>Sea The Moon<\/strong>\u00bb que lleva el nombre de \u201c<strong>Balook<\/strong>\u201d y que tenemos especial ilusi\u00f3n de poder verlo en pista en un futuro. Un activo adquirido de foal en Goofs Irlanda que lleva en la yeguada un a\u00f1o preparando su puesta en marcha. Desde diciembre en programa de pretraining desde la misma yeguada, su gen\u00e9tica no nos da demasiada confianza para debutar en primavera, y este es el principal motivo por el que iremos despacio con \u00e9l. Completar\u00e1 su etapa de pretraining, y en marzo pasar\u00e1 al trabajo en hip\u00f3dromo.<br \/>\nLa f\u00e9mina es una hija de \u00ab<strong>Victor Ludorum<\/strong>\u00bb por \u00ab<strong>Princesa<\/strong>\u00ab, yegua que compiti\u00f3 con los colores de Antoine Griezmann y que recibe el nombre de \u201c<strong>Kiunga<\/strong>\u201d. Su madre dio un buen valor a 2 a\u00f1os en Francia y, sus dos productos anteriores han seguido la misma estela de precocidad que su madre. Si todo va en buena linea, como parece estar yendo, esperamos poder iniciar su competici\u00f3n en cuanto se levante la veda de los dos a\u00f1os.<\/p>\n<p style=\"text-align: justify;\"><strong>TRES A\u00d1OS<\/strong>: El pasado a\u00f1o no pudimos hacer debutar a ninguno de nuestros dos a\u00f1os, y los cuatro est\u00e1n a estrenar en su edad cl\u00e1sica.<br \/>\n\u201c<strong>Freekel<\/strong>\u201d es el que m\u00e1s ilusi\u00f3n despierta de todos ellos y nuestra principal baza a los grandes premios cl\u00e1sicos. Algunos problemas de salud al comienzo de su preparaci\u00f3n demoraron su debut y, la gran calidad que parece ostentar convenci\u00f3 al preparador para ir m\u00e1s despacio y guardar el gran tesoro que esconde para que luciera en cuanto se baje la bandera blanca de la temporada primaveral.<br \/>\n\u201c<strong>Kamara<\/strong>\u201d es la f\u00e9mina del grupo cl\u00e1sico, y en la que tenemos mucha confianza para estar tambi\u00e9n en los grandes premios de su edad. Propia hermana de la guerrillera \u201dKendaya\u201d, es ya suficiente motivo para confiar en la gran calidad que se puede apreciar en los primeros trabajos serios. Al igual que su compa\u00f1ero de patio, algunos problemas de salud hicieron ir m\u00e1s despacio con ella en su puesta en marcha y ahora s\u00ed parece estar en condiciones de iniciar su debut en breve.<br \/>\n\u201c<strong>Zaruk<\/strong>\u201d es el baby del plantel. Todav\u00eda con una cabeza poco amueblada y en vueltas de calentamiento. Pero con un padre como el gran \u201c<strong>Zarak<\/strong>\u201d, es obligado confiar en su calidad para galopar. Es el que m\u00e1s atrasado va de los cuatro, pero, si todo va en buena linea, no se pasar\u00e1 la primavera sin que le veamos en los cajones de salida y podamos ver de qu\u00e9 madera est\u00e1 hecho.<br \/>\n\u201c<strong>Zylek<\/strong>\u201d es un potro por el cotizado \u201c<strong>Zelzal<\/strong>\u201d. Uno de esos caballos que puede despertar en cualquier momento en cuanto cambie el chip. Es el \u00fanico de los cuatro que tuvo opciones de poder debutar a dos a\u00f1os, pero finalmente su preparador quiso guardar su bala para este a\u00f1o en la que est\u00e1 en rampa de salida para verlo debutar tambi\u00e9n en las primeras jornadas de primavera.<\/p>\n<p style=\"text-align: justify;\"><strong>CUATRO A\u00d1OS<\/strong>: Dos reci\u00e9n estrenados como \u201cviejos\u201d copan otro buen plantel a sus cuatro a\u00f1os.<br \/>\n<strong>\u201cSuper Rafale<\/strong>\u201d tuvo un a\u00f1o subido en una monta\u00f1a rusa. Una puesta en marcha magn\u00edfica en primavera donde lleg\u00f3 a terminar con un 41 de valor que le otorg\u00f3 el segundo del Satr\u00fastegui, tras una buena victoria a inicios de temporada. Una bajada en picado en su temporada estival donde saltaron las alarmas, y un posterior oto\u00f1o en ascenso que culmin\u00f3 con victoria. Esperamos mucho de \u00e9l este a\u00f1o, si no nos volvemos a equivocar en su programa.<br \/>\n\u201c<strong>Alwin Bram<\/strong>\u201d estuvo a punto de salir de la cuadra a mediados de su edad cl\u00e1sica. Muchos problemas de salud desde su comienzo a dos a\u00f1os hasta que sus problemas se disiparon por completo a finales del pasado a\u00f1o. En la temporada invernal sevillana hemos podido recoger la recompensa a nuestro esfuerzo y perseverancia de casi dos a\u00f1os de espera. Una victoria y dos segundos nos llenan de confianza para, despu\u00e9s de un peque\u00f1o descanso, ver finalmente donde pone su techo.<\/p>\n<p style=\"text-align: justify;\"><strong>CINCO A\u00d1OS<\/strong>: El plato fuerte lo dejamos para este cinco a\u00f1os que comienza nuevamente su andadura en competici\u00f3n. \u201c<strong>Kowalsky<\/strong>\u201d ha sido hasta la fecha el mejor caballo en defender nuestros colores. Noble, fiable, lleno de calidad y coraz\u00f3n. Poco m\u00e1s que decir de \u00e9l que no sepa cualquier aficionado a nuestras carreras. El pasado a\u00f1o se le fue en blanco en victorias, pero luch\u00f3 todas y cada una de sus exigentes carreras que disput\u00f3. Siete salidas todas ellas en el tr\u00edo, incluyendo una m\u00e1s que meritoria plata en el Rom\u00e1n Martin, y un fant\u00e1stico bronce en todo un Memorial. Comenz\u00f3 en un valor s\u00f3lido 42 y termin\u00f3 en un incontestable 44, por lo que no hay ninguna duda que ser\u00e1 nuestro principal baluarte para liderar la cuadra y disfrutar de su calidad en Grandes Premios como ser\u00e1 el GPM como objetivo principal del a\u00f1o. Ha pasado un merecido descanso en la yeguada de 30 d\u00edas y est\u00e1 desde principios de enero a las \u00f3rdenes de su preparador para poder iniciar la competici\u00f3n en las primeras jornadas de primavera.<\/p>\n<p style=\"text-align: justify;\">A falta de consensuar el mejor programa de primavera con nuestra preparaci\u00f3n, nuestro principal objetivo este 2025 es volver a estar en el Top-10 de la estad\u00edstica de propietarios, e intentar el asalto a alg\u00fan gran premio con alguno de estos nueve ejemplares que ponemos bajo la preparaci\u00f3n de Christian Delcher y todo su equipo desde el Hip\u00f3dromo de la Zarzuela de Madrid.<br \/>\nMucha suerte para todos!!<\/p>\n<p>&nbsp;<\/p>\n<p>&nbsp;<\/p>\n<!-- AddThis Advanced Settings generic via filter on the_content --><!-- AddThis Share Buttons generic via filter on the_content -->","protected":false},"excerpt":{"rendered":"<p>Finalmente, no pudo \u201cAlwin Bram\u201d sumar su primera victoria del a\u00f1o tras su salida de maiden a finales del pasado a\u00f1o, y su segundo en foto en su posterior. En esta \u00faltima comparecencia un nuevo segundo que confirma su valor, algo m\u00e1s bajo que el provisional de 34,5 que asignaron los handicapers tras su victoria, [&hellip;]<!-- AddThis Advanced Settings generic via filter on get_the_excerpt --><!-- AddThis Share Buttons generic via filter on get_the_excerpt --><\/p>\n","protected":false},"author":5,"featured_media":13274,"comment_status":"closed","ping_status":"open","sticky":false,"template":"","format":"standard","meta":{"_acf_changed":false,"_et_pb_use_builder":"","_et_pb_old_content":"","_et_gb_content_width":"","footnotes":""},"categories":[3],"tags":[],"class_list":["post-15713","post","type-post","status-publish","format-standard","has-post-thumbnail","hentry","category-noticias-cuadra-agrado"],"acf":[],"yoast_head":"<!-- This site is optimized with the Yoast SEO plugin v27.4 - https:\/\/yoast.com\/product\/yoast-seo-wordpress\/ -->\n<title>Los nueve magn\u00edficos para 2025. - Cuadra Agrado<\/title>\n<meta name=\"robots\" content=\"index, follow, max-snippet:-1, max-image-preview:large, max-video-preview:-1\" \/>\n<link rel=\"canonical\" href=\"https:\/\/cuadra-agrado.es\/?p=15713\" \/>\n<meta property=\"og:locale\" content=\"es_ES\" \/>\n<meta property=\"og:type\" content=\"article\" \/>\n<meta property=\"og:title\" content=\"Los nueve magn\u00edficos para 2025. - Cuadra Agrado\" \/>\n<meta property=\"og:description\" content=\"Finalmente, no pudo \u201cAlwin Bram\u201d sumar su primera victoria del a\u00f1o tras su salida de maiden a finales del pasado a\u00f1o, y su segundo en foto en su posterior. En esta \u00faltima comparecencia un nuevo segundo que confirma su valor, algo m\u00e1s bajo que el provisional de 34,5 que asignaron los handicapers tras su victoria, [&hellip;]\" \/>\n<meta property=\"og:url\" content=\"https:\/\/cuadra-agrado.es\/?p=15713\" \/>\n<meta property=\"og:site_name\" content=\"Cuadra Agrado\" \/>\n<meta property=\"article:published_time\" content=\"2025-01-29T14:25:44+00:00\" \/>\n<meta property=\"article:modified_time\" content=\"2025-01-29T14:38:50+00:00\" \/>\n<meta property=\"og:image\" content=\"https:\/\/cuadra-agrado.es\/wp-content\/uploads\/2024\/02\/chaquetilla-agrado.png\" \/>\n\t<meta property=\"og:image:width\" content=\"396\" \/>\n\t<meta property=\"og:image:height\" content=\"411\" \/>\n\t<meta property=\"og:image:type\" content=\"image\/png\" \/>\n<meta name=\"author\" content=\"Miguel Redondo\" \/>\n<meta name=\"twitter:card\" content=\"summary_large_image\" \/>\n<meta name=\"twitter:creator\" content=\"@AGRADOracing\" \/>\n<meta name=\"twitter:site\" content=\"@AGRADOracing\" \/>\n<meta name=\"twitter:label1\" content=\"Escrito por\" \/>\n\t<meta name=\"twitter:data1\" content=\"Miguel Redondo\" \/>\n\t<meta name=\"twitter:label2\" content=\"Tiempo de lectura\" \/>\n\t<meta name=\"twitter:data2\" content=\"6 minutos\" \/>\n<script type=\"application\/ld+json\" class=\"yoast-schema-graph\">{\"@context\":\"https:\\\/\\\/schema.org\",\"@graph\":[{\"@type\":\"Article\",\"@id\":\"https:\\\/\\\/cuadra-agrado.es\\\/?p=15713#article\",\"isPartOf\":{\"@id\":\"https:\\\/\\\/cuadra-agrado.es\\\/?p=15713\"},\"author\":{\"name\":\"Miguel Redondo\",\"@id\":\"https:\\\/\\\/cuadra-agrado.es\\\/#\\\/schema\\\/person\\\/3aa4f8d2373cf756d93a5526bc72f31b\"},\"headline\":\"Los nueve magn\u00edficos para 2025.\",\"datePublished\":\"2025-01-29T14:25:44+00:00\",\"dateModified\":\"2025-01-29T14:38:50+00:00\",\"mainEntityOfPage\":{\"@id\":\"https:\\\/\\\/cuadra-agrado.es\\\/?p=15713\"},\"wordCount\":1258,\"image\":{\"@id\":\"https:\\\/\\\/cuadra-agrado.es\\\/?p=15713#primaryimage\"},\"thumbnailUrl\":\"https:\\\/\\\/cuadra-agrado.es\\\/wp-content\\\/uploads\\\/2024\\\/02\\\/chaquetilla-agrado.png\",\"articleSection\":[\"Actualidad\"],\"inLanguage\":\"es\"},{\"@type\":\"WebPage\",\"@id\":\"https:\\\/\\\/cuadra-agrado.es\\\/?p=15713\",\"url\":\"https:\\\/\\\/cuadra-agrado.es\\\/?p=15713\",\"name\":\"Los nueve magn\u00edficos para 2025. - Cuadra Agrado\",\"isPartOf\":{\"@id\":\"https:\\\/\\\/cuadra-agrado.es\\\/#website\"},\"primaryImageOfPage\":{\"@id\":\"https:\\\/\\\/cuadra-agrado.es\\\/?p=15713#primaryimage\"},\"image\":{\"@id\":\"https:\\\/\\\/cuadra-agrado.es\\\/?p=15713#primaryimage\"},\"thumbnailUrl\":\"https:\\\/\\\/cuadra-agrado.es\\\/wp-content\\\/uploads\\\/2024\\\/02\\\/chaquetilla-agrado.png\",\"datePublished\":\"2025-01-29T14:25:44+00:00\",\"dateModified\":\"2025-01-29T14:38:50+00:00\",\"author\":{\"@id\":\"https:\\\/\\\/cuadra-agrado.es\\\/#\\\/schema\\\/person\\\/3aa4f8d2373cf756d93a5526bc72f31b\"},\"breadcrumb\":{\"@id\":\"https:\\\/\\\/cuadra-agrado.es\\\/?p=15713#breadcrumb\"},\"inLanguage\":\"es\",\"potentialAction\":[{\"@type\":\"ReadAction\",\"target\":[\"https:\\\/\\\/cuadra-agrado.es\\\/?p=15713\"]}]},{\"@type\":\"ImageObject\",\"inLanguage\":\"es\",\"@id\":\"https:\\\/\\\/cuadra-agrado.es\\\/?p=15713#primaryimage\",\"url\":\"https:\\\/\\\/cuadra-agrado.es\\\/wp-content\\\/uploads\\\/2024\\\/02\\\/chaquetilla-agrado.png\",\"contentUrl\":\"https:\\\/\\\/cuadra-agrado.es\\\/wp-content\\\/uploads\\\/2024\\\/02\\\/chaquetilla-agrado.png\",\"width\":396,\"height\":411},{\"@type\":\"BreadcrumbList\",\"@id\":\"https:\\\/\\\/cuadra-agrado.es\\\/?p=15713#breadcrumb\",\"itemListElement\":[{\"@type\":\"ListItem\",\"position\":1,\"name\":\"Portada\",\"item\":\"https:\\\/\\\/cuadra-agrado.es\\\/\"},{\"@type\":\"ListItem\",\"position\":2,\"name\":\"Los nueve magn\u00edficos para 2025.\"}]},{\"@type\":\"WebSite\",\"@id\":\"https:\\\/\\\/cuadra-agrado.es\\\/#website\",\"url\":\"https:\\\/\\\/cuadra-agrado.es\\\/\",\"name\":\"Cuadra Agrado\",\"description\":\"En el mundo del Turf desde 2008\",\"potentialAction\":[{\"@type\":\"SearchAction\",\"target\":{\"@type\":\"EntryPoint\",\"urlTemplate\":\"https:\\\/\\\/cuadra-agrado.es\\\/?s={search_term_string}\"},\"query-input\":{\"@type\":\"PropertyValueSpecification\",\"valueRequired\":true,\"valueName\":\"search_term_string\"}}],\"inLanguage\":\"es\"},{\"@type\":\"Person\",\"@id\":\"https:\\\/\\\/cuadra-agrado.es\\\/#\\\/schema\\\/person\\\/3aa4f8d2373cf756d93a5526bc72f31b\",\"name\":\"Miguel Redondo\",\"image\":{\"@type\":\"ImageObject\",\"inLanguage\":\"es\",\"@id\":\"https:\\\/\\\/secure.gravatar.com\\\/avatar\\\/85704fceb4fa34017e3c1344d182da00dbf772fb8856ba2b7726a2df926415b4?s=96&d=mm&r=g\",\"url\":\"https:\\\/\\\/secure.gravatar.com\\\/avatar\\\/85704fceb4fa34017e3c1344d182da00dbf772fb8856ba2b7726a2df926415b4?s=96&d=mm&r=g\",\"contentUrl\":\"https:\\\/\\\/secure.gravatar.com\\\/avatar\\\/85704fceb4fa34017e3c1344d182da00dbf772fb8856ba2b7726a2df926415b4?s=96&d=mm&r=g\",\"caption\":\"Miguel Redondo\"},\"sameAs\":[\"https:\\\/\\\/cuadra-agrado.es\"],\"url\":\"https:\\\/\\\/cuadra-agrado.es\\\/?author=5\"}]}<\/script>\n<!-- \/ Yoast SEO plugin. -->","yoast_head_json":{"title":"Los nueve magn\u00edficos para 2025. - Cuadra Agrado","robots":{"index":"index","follow":"follow","max-snippet":"max-snippet:-1","max-image-preview":"max-image-preview:large","max-video-preview":"max-video-preview:-1"},"canonical":"https:\/\/cuadra-agrado.es\/?p=15713","og_locale":"es_ES","og_type":"article","og_title":"Los nueve magn\u00edficos para 2025. - Cuadra Agrado","og_description":"Finalmente, no pudo \u201cAlwin Bram\u201d sumar su primera victoria del a\u00f1o tras su salida de maiden a finales del pasado a\u00f1o, y su segundo en foto en su posterior. En esta \u00faltima comparecencia un nuevo segundo que confirma su valor, algo m\u00e1s bajo que el provisional de 34,5 que asignaron los handicapers tras su victoria, [&hellip;]","og_url":"https:\/\/cuadra-agrado.es\/?p=15713","og_site_name":"Cuadra Agrado","article_published_time":"2025-01-29T14:25:44+00:00","article_modified_time":"2025-01-29T14:38:50+00:00","og_image":[{"width":396,"height":411,"url":"https:\/\/cuadra-agrado.es\/wp-content\/uploads\/2024\/02\/chaquetilla-agrado.png","type":"image\/png"}],"author":"Miguel Redondo","twitter_card":"summary_large_image","twitter_creator":"@AGRADOracing","twitter_site":"@AGRADOracing","twitter_misc":{"Escrito por":"Miguel Redondo","Tiempo de lectura":"6 minutos"},"schema":{"@context":"https:\/\/schema.org","@graph":[{"@type":"Article","@id":"https:\/\/cuadra-agrado.es\/?p=15713#article","isPartOf":{"@id":"https:\/\/cuadra-agrado.es\/?p=15713"},"author":{"name":"Miguel Redondo","@id":"https:\/\/cuadra-agrado.es\/#\/schema\/person\/3aa4f8d2373cf756d93a5526bc72f31b"},"headline":"Los nueve magn\u00edficos para 2025.","datePublished":"2025-01-29T14:25:44+00:00","dateModified":"2025-01-29T14:38:50+00:00","mainEntityOfPage":{"@id":"https:\/\/cuadra-agrado.es\/?p=15713"},"wordCount":1258,"image":{"@id":"https:\/\/cuadra-agrado.es\/?p=15713#primaryimage"},"thumbnailUrl":"https:\/\/cuadra-agrado.es\/wp-content\/uploads\/2024\/02\/chaquetilla-agrado.png","articleSection":["Actualidad"],"inLanguage":"es"},{"@type":"WebPage","@id":"https:\/\/cuadra-agrado.es\/?p=15713","url":"https:\/\/cuadra-agrado.es\/?p=15713","name":"Los nueve magn\u00edficos para 2025. - Cuadra Agrado","isPartOf":{"@id":"https:\/\/cuadra-agrado.es\/#website"},"primaryImageOfPage":{"@id":"https:\/\/cuadra-agrado.es\/?p=15713#primaryimage"},"image":{"@id":"https:\/\/cuadra-agrado.es\/?p=15713#primaryimage"},"thumbnailUrl":"https:\/\/cuadra-agrado.es\/wp-content\/uploads\/2024\/02\/chaquetilla-agrado.png","datePublished":"2025-01-29T14:25:44+00:00","dateModified":"2025-01-29T14:38:50+00:00","author":{"@id":"https:\/\/cuadra-agrado.es\/#\/schema\/person\/3aa4f8d2373cf756d93a5526bc72f31b"},"breadcrumb":{"@id":"https:\/\/cuadra-agrado.es\/?p=15713#breadcrumb"},"inLanguage":"es","potentialAction":[{"@type":"ReadAction","target":["https:\/\/cuadra-agrado.es\/?p=15713"]}]},{"@type":"ImageObject","inLanguage":"es","@id":"https:\/\/cuadra-agrado.es\/?p=15713#primaryimage","url":"https:\/\/cuadra-agrado.es\/wp-content\/uploads\/2024\/02\/chaquetilla-agrado.png","contentUrl":"https:\/\/cuadra-agrado.es\/wp-content\/uploads\/2024\/02\/chaquetilla-agrado.png","width":396,"height":411},{"@type":"BreadcrumbList","@id":"https:\/\/cuadra-agrado.es\/?p=15713#breadcrumb","itemListElement":[{"@type":"ListItem","position":1,"name":"Portada","item":"https:\/\/cuadra-agrado.es\/"},{"@type":"ListItem","position":2,"name":"Los nueve magn\u00edficos para 2025."}]},{"@type":"WebSite","@id":"https:\/\/cuadra-agrado.es\/#website","url":"https:\/\/cuadra-agrado.es\/","name":"Cuadra Agrado","description":"En el mundo del Turf desde 2008","potentialAction":[{"@type":"SearchAction","target":{"@type":"EntryPoint","urlTemplate":"https:\/\/cuadra-agrado.es\/?s={search_term_string}"},"query-input":{"@type":"PropertyValueSpecification","valueRequired":true,"valueName":"search_term_string"}}],"inLanguage":"es"},{"@type":"Person","@id":"https:\/\/cuadra-agrado.es\/#\/schema\/person\/3aa4f8d2373cf756d93a5526bc72f31b","name":"Miguel Redondo","image":{"@type":"ImageObject","inLanguage":"es","@id":"https:\/\/secure.gravatar.com\/avatar\/85704fceb4fa34017e3c1344d182da00dbf772fb8856ba2b7726a2df926415b4?s=96&d=mm&r=g","url":"https:\/\/secure.gravatar.com\/avatar\/85704fceb4fa34017e3c1344d182da00dbf772fb8856ba2b7726a2df926415b4?s=96&d=mm&r=g","contentUrl":"https:\/\/secure.gravatar.com\/avatar\/85704fceb4fa34017e3c1344d182da00dbf772fb8856ba2b7726a2df926415b4?s=96&d=mm&r=g","caption":"Miguel Redondo"},"sameAs":["https:\/\/cuadra-agrado.es"],"url":"https:\/\/cuadra-agrado.es\/?author=5"}]}},"_links":{"self":[{"href":"https:\/\/cuadra-agrado.es\/index.php?rest_route=\/wp\/v2\/posts\/15713","targetHints":{"allow":["GET"]}}],"collection":[{"href":"https:\/\/cuadra-agrado.es\/index.php?rest_route=\/wp\/v2\/posts"}],"about":[{"href":"https:\/\/cuadra-agrado.es\/index.php?rest_route=\/wp\/v2\/types\/post"}],"author":[{"embeddable":true,"href":"https:\/\/cuadra-agrado.es\/index.php?rest_route=\/wp\/v2\/users\/5"}],"replies":[{"embeddable":true,"href":"https:\/\/cuadra-agrado.es\/index.php?rest_route=%2Fwp%2Fv2%2Fcomments&post=15713"}],"version-history":[{"count":4,"href":"https:\/\/cuadra-agrado.es\/index.php?rest_route=\/wp\/v2\/posts\/15713\/revisions"}],"predecessor-version":[{"id":15720,"href":"https:\/\/cuadra-agrado.es\/index.php?rest_route=\/wp\/v2\/posts\/15713\/revisions\/15720"}],"wp:featuredmedia":[{"embeddable":true,"href":"https:\/\/cuadra-agrado.es\/index.php?rest_route=\/wp\/v2\/media\/13274"}],"wp:attachment":[{"href":"https:\/\/cuadra-agrado.es\/index.php?rest_route=%2Fwp%2Fv2%2Fmedia&parent=15713"}],"wp:term":[{"taxonomy":"category","embeddable":true,"href":"https:\/\/cuadra-agrado.es\/index.php?rest_route=%2Fwp%2Fv2%2Fcategories&post=15713"},{"taxonomy":"post_tag","embeddable":true,"href":"https:\/\/cuadra-agrado.es\/index.php?rest_route=%2Fwp%2Fv2%2Ftags&post=15713"}],"curies":[{"name":"wp","href":"https:\/\/api.w.org\/{rel}","templated":true}]}}