{"id":15707,"date":"2025-01-20T11:57:18","date_gmt":"2025-01-20T11:57:18","guid":{"rendered":"https:\/\/cuadra-agrado.es\/?p=15707"},"modified":"2025-01-20T12:14:05","modified_gmt":"2025-01-20T12:14:05","slug":"alwin-bram-se-reengancha-para-su-primera-del-ano","status":"publish","type":"post","link":"https:\/\/cuadra-agrado.es\/?p=15707","title":{"rendered":"Alwin Bram se reengancha para su primera del a\u00f1o."},"content":{"rendered":"<p style=\"text-align: justify;\">Tras su salida de \u00abmaiden\u00bb a finales del pasado a\u00f1o, y su segundo puesto en foto hace dos semanas, este pr\u00f3ximo domingo regresa <strong>\u201cAlwin Bram\u201d<\/strong> al hip\u00f3dromo de Dos Hermanas para continuar su particular temporada sevillana en una prueba de condici\u00f3n sobre 2.200 metros, donde ha sido reenganchado esta misma ma\u00f1ana.<\/p>\n<p style=\"text-align: justify;\">La buena forma del caballo en esta temporada invernal alejado de sus ya lejanos problemas de salud, un corto partant en la prueba, y unas previsiones de lluvias durante la semana en beneficio de su mejor condici\u00f3n, nos han convencido para poder realizar el esfuerzo econ\u00f3mico del reenganche y transporte, y volver a darle nueva oportunidad de pasar por ganadores, despu\u00e9s de que se le fuera de las manos por un bigote en su anterior comparecencia.<\/p>\n<p style=\"text-align: justify;\">Ser\u00e1 su tercera salida a pista consecutiva en el recinto nazar\u00ed en una prueba de condici\u00f3n sobre un previsible pasto blando en la que, por tablas, parece salir muy bien en peso con respecto a los mayores valores del lote al recargar solamente un kilo. Adicional, si sumamos el buen descargo y la excelente condici\u00f3n que concede <strong><em>Gabriel Arguinzones<\/em> <\/strong>en este inicio de temporada, la carrera es apta para confirmar el dicho; \u00abun reenganche siempre merece una victoria\u00bb.<\/p>\n<p style=\"text-align: justify;\">Con el reenganche del nuestro, cinco ser\u00e1n finalmente los que figuran en el partant provisional, solo a falta del definitivo de ma\u00f1ana. Entre ellos, ponemos el punto de mira en el que podr\u00eda ser nuestro mayor rival por condici\u00f3n y peso, \u201c<strong>Moneyman<\/strong>\u201d que, con un 35,5 de valor y 60 kilos sale tambi\u00e9n bien situado para buscar su victoria que parece resist\u00edrsele desde hace casi un a\u00f1o, y que luch\u00f3 cerradamente hace un mes contra la buena de \u201c<strong>Levihna<\/strong>\u201d sobre la misma superficie y distancia.<\/p>\n<p style=\"text-align: justify;\">Mucha suerte equipo!!<\/p>\n<!-- AddThis Advanced Settings generic via filter on the_content --><!-- AddThis Share Buttons generic via filter on the_content -->","protected":false},"excerpt":{"rendered":"<p>Tras su salida de \u00abmaiden\u00bb a finales del pasado a\u00f1o, y su segundo puesto en foto hace dos semanas, este pr\u00f3ximo domingo regresa \u201cAlwin Bram\u201d al hip\u00f3dromo de Dos Hermanas para continuar su particular temporada sevillana en una prueba de condici\u00f3n sobre 2.200 metros, donde ha sido reenganchado esta misma ma\u00f1ana. La buena forma del [&hellip;]<!-- AddThis Advanced Settings generic via filter on get_the_excerpt --><!-- AddThis Share Buttons generic via filter on get_the_excerpt --><\/p>\n","protected":false},"author":5,"featured_media":15663,"comment_status":"closed","ping_status":"open","sticky":false,"template":"","format":"standard","meta":{"_acf_changed":false,"_et_pb_use_builder":"","_et_pb_old_content":"","_et_gb_content_width":"","footnotes":""},"categories":[3],"tags":[],"class_list":["post-15707","post","type-post","status-publish","format-standard","has-post-thumbnail","hentry","category-noticias-cuadra-agrado"],"acf":[],"yoast_head":"<!-- This site is optimized with the Yoast SEO plugin v27.4 - https:\/\/yoast.com\/product\/yoast-seo-wordpress\/ -->\n<title>Alwin Bram se reengancha para su primera del a\u00f1o. - Cuadra Agrado<\/title>\n<meta name=\"robots\" content=\"index, follow, max-snippet:-1, max-image-preview:large, max-video-preview:-1\" \/>\n<link rel=\"canonical\" href=\"https:\/\/cuadra-agrado.es\/?p=15707\" \/>\n<meta property=\"og:locale\" content=\"es_ES\" \/>\n<meta property=\"og:type\" content=\"article\" \/>\n<meta property=\"og:title\" content=\"Alwin Bram se reengancha para su primera del a\u00f1o. - Cuadra Agrado\" \/>\n<meta property=\"og:description\" content=\"Tras su salida de \u00abmaiden\u00bb a finales del pasado a\u00f1o, y su segundo puesto en foto hace dos semanas, este pr\u00f3ximo domingo regresa \u201cAlwin Bram\u201d al hip\u00f3dromo de Dos Hermanas para continuar su particular temporada sevillana en una prueba de condici\u00f3n sobre 2.200 metros, donde ha sido reenganchado esta misma ma\u00f1ana. La buena forma del [&hellip;]\" \/>\n<meta property=\"og:url\" content=\"https:\/\/cuadra-agrado.es\/?p=15707\" \/>\n<meta property=\"og:site_name\" content=\"Cuadra Agrado\" \/>\n<meta property=\"article:published_time\" content=\"2025-01-20T11:57:18+00:00\" \/>\n<meta property=\"article:modified_time\" content=\"2025-01-20T12:14:05+00:00\" \/>\n<meta property=\"og:image\" content=\"https:\/\/cuadra-agrado.es\/wp-content\/uploads\/2024\/02\/alwin2.jpg\" \/>\n\t<meta property=\"og:image:width\" content=\"1176\" \/>\n\t<meta property=\"og:image:height\" content=\"876\" \/>\n\t<meta property=\"og:image:type\" content=\"image\/jpeg\" \/>\n<meta name=\"author\" content=\"Miguel Redondo\" \/>\n<meta name=\"twitter:card\" content=\"summary_large_image\" \/>\n<meta name=\"twitter:creator\" content=\"@AGRADOracing\" \/>\n<meta name=\"twitter:site\" content=\"@AGRADOracing\" \/>\n<meta name=\"twitter:label1\" content=\"Escrito por\" \/>\n\t<meta name=\"twitter:data1\" content=\"Miguel Redondo\" \/>\n\t<meta name=\"twitter:label2\" content=\"Tiempo de lectura\" \/>\n\t<meta name=\"twitter:data2\" content=\"2 minutos\" \/>\n<script type=\"application\/ld+json\" class=\"yoast-schema-graph\">{\"@context\":\"https:\\\/\\\/schema.org\",\"@graph\":[{\"@type\":\"Article\",\"@id\":\"https:\\\/\\\/cuadra-agrado.es\\\/?p=15707#article\",\"isPartOf\":{\"@id\":\"https:\\\/\\\/cuadra-agrado.es\\\/?p=15707\"},\"author\":{\"name\":\"Miguel Redondo\",\"@id\":\"https:\\\/\\\/cuadra-agrado.es\\\/#\\\/schema\\\/person\\\/3aa4f8d2373cf756d93a5526bc72f31b\"},\"headline\":\"Alwin Bram se reengancha para su primera del a\u00f1o.\",\"datePublished\":\"2025-01-20T11:57:18+00:00\",\"dateModified\":\"2025-01-20T12:14:05+00:00\",\"mainEntityOfPage\":{\"@id\":\"https:\\\/\\\/cuadra-agrado.es\\\/?p=15707\"},\"wordCount\":317,\"image\":{\"@id\":\"https:\\\/\\\/cuadra-agrado.es\\\/?p=15707#primaryimage\"},\"thumbnailUrl\":\"https:\\\/\\\/cuadra-agrado.es\\\/wp-content\\\/uploads\\\/2024\\\/02\\\/alwin2.jpg\",\"articleSection\":[\"Actualidad\"],\"inLanguage\":\"es\"},{\"@type\":\"WebPage\",\"@id\":\"https:\\\/\\\/cuadra-agrado.es\\\/?p=15707\",\"url\":\"https:\\\/\\\/cuadra-agrado.es\\\/?p=15707\",\"name\":\"Alwin Bram se reengancha para su primera del a\u00f1o. - Cuadra Agrado\",\"isPartOf\":{\"@id\":\"https:\\\/\\\/cuadra-agrado.es\\\/#website\"},\"primaryImageOfPage\":{\"@id\":\"https:\\\/\\\/cuadra-agrado.es\\\/?p=15707#primaryimage\"},\"image\":{\"@id\":\"https:\\\/\\\/cuadra-agrado.es\\\/?p=15707#primaryimage\"},\"thumbnailUrl\":\"https:\\\/\\\/cuadra-agrado.es\\\/wp-content\\\/uploads\\\/2024\\\/02\\\/alwin2.jpg\",\"datePublished\":\"2025-01-20T11:57:18+00:00\",\"dateModified\":\"2025-01-20T12:14:05+00:00\",\"author\":{\"@id\":\"https:\\\/\\\/cuadra-agrado.es\\\/#\\\/schema\\\/person\\\/3aa4f8d2373cf756d93a5526bc72f31b\"},\"breadcrumb\":{\"@id\":\"https:\\\/\\\/cuadra-agrado.es\\\/?p=15707#breadcrumb\"},\"inLanguage\":\"es\",\"potentialAction\":[{\"@type\":\"ReadAction\",\"target\":[\"https:\\\/\\\/cuadra-agrado.es\\\/?p=15707\"]}]},{\"@type\":\"ImageObject\",\"inLanguage\":\"es\",\"@id\":\"https:\\\/\\\/cuadra-agrado.es\\\/?p=15707#primaryimage\",\"url\":\"https:\\\/\\\/cuadra-agrado.es\\\/wp-content\\\/uploads\\\/2024\\\/02\\\/alwin2.jpg\",\"contentUrl\":\"https:\\\/\\\/cuadra-agrado.es\\\/wp-content\\\/uploads\\\/2024\\\/02\\\/alwin2.jpg\",\"width\":1176,\"height\":876},{\"@type\":\"BreadcrumbList\",\"@id\":\"https:\\\/\\\/cuadra-agrado.es\\\/?p=15707#breadcrumb\",\"itemListElement\":[{\"@type\":\"ListItem\",\"position\":1,\"name\":\"Portada\",\"item\":\"https:\\\/\\\/cuadra-agrado.es\\\/\"},{\"@type\":\"ListItem\",\"position\":2,\"name\":\"Alwin Bram se reengancha para su primera del a\u00f1o.\"}]},{\"@type\":\"WebSite\",\"@id\":\"https:\\\/\\\/cuadra-agrado.es\\\/#website\",\"url\":\"https:\\\/\\\/cuadra-agrado.es\\\/\",\"name\":\"Cuadra Agrado\",\"description\":\"En el mundo del Turf desde 2008\",\"potentialAction\":[{\"@type\":\"SearchAction\",\"target\":{\"@type\":\"EntryPoint\",\"urlTemplate\":\"https:\\\/\\\/cuadra-agrado.es\\\/?s={search_term_string}\"},\"query-input\":{\"@type\":\"PropertyValueSpecification\",\"valueRequired\":true,\"valueName\":\"search_term_string\"}}],\"inLanguage\":\"es\"},{\"@type\":\"Person\",\"@id\":\"https:\\\/\\\/cuadra-agrado.es\\\/#\\\/schema\\\/person\\\/3aa4f8d2373cf756d93a5526bc72f31b\",\"name\":\"Miguel Redondo\",\"image\":{\"@type\":\"ImageObject\",\"inLanguage\":\"es\",\"@id\":\"https:\\\/\\\/secure.gravatar.com\\\/avatar\\\/85704fceb4fa34017e3c1344d182da00dbf772fb8856ba2b7726a2df926415b4?s=96&d=mm&r=g\",\"url\":\"https:\\\/\\\/secure.gravatar.com\\\/avatar\\\/85704fceb4fa34017e3c1344d182da00dbf772fb8856ba2b7726a2df926415b4?s=96&d=mm&r=g\",\"contentUrl\":\"https:\\\/\\\/secure.gravatar.com\\\/avatar\\\/85704fceb4fa34017e3c1344d182da00dbf772fb8856ba2b7726a2df926415b4?s=96&d=mm&r=g\",\"caption\":\"Miguel Redondo\"},\"sameAs\":[\"https:\\\/\\\/cuadra-agrado.es\"],\"url\":\"https:\\\/\\\/cuadra-agrado.es\\\/?author=5\"}]}<\/script>\n<!-- \/ Yoast SEO plugin. -->","yoast_head_json":{"title":"Alwin Bram se reengancha para su primera del a\u00f1o. - Cuadra Agrado","robots":{"index":"index","follow":"follow","max-snippet":"max-snippet:-1","max-image-preview":"max-image-preview:large","max-video-preview":"max-video-preview:-1"},"canonical":"https:\/\/cuadra-agrado.es\/?p=15707","og_locale":"es_ES","og_type":"article","og_title":"Alwin Bram se reengancha para su primera del a\u00f1o. - Cuadra Agrado","og_description":"Tras su salida de \u00abmaiden\u00bb a finales del pasado a\u00f1o, y su segundo puesto en foto hace dos semanas, este pr\u00f3ximo domingo regresa \u201cAlwin Bram\u201d al hip\u00f3dromo de Dos Hermanas para continuar su particular temporada sevillana en una prueba de condici\u00f3n sobre 2.200 metros, donde ha sido reenganchado esta misma ma\u00f1ana. La buena forma del [&hellip;]","og_url":"https:\/\/cuadra-agrado.es\/?p=15707","og_site_name":"Cuadra Agrado","article_published_time":"2025-01-20T11:57:18+00:00","article_modified_time":"2025-01-20T12:14:05+00:00","og_image":[{"width":1176,"height":876,"url":"https:\/\/cuadra-agrado.es\/wp-content\/uploads\/2024\/02\/alwin2.jpg","type":"image\/jpeg"}],"author":"Miguel Redondo","twitter_card":"summary_large_image","twitter_creator":"@AGRADOracing","twitter_site":"@AGRADOracing","twitter_misc":{"Escrito por":"Miguel Redondo","Tiempo de lectura":"2 minutos"},"schema":{"@context":"https:\/\/schema.org","@graph":[{"@type":"Article","@id":"https:\/\/cuadra-agrado.es\/?p=15707#article","isPartOf":{"@id":"https:\/\/cuadra-agrado.es\/?p=15707"},"author":{"name":"Miguel Redondo","@id":"https:\/\/cuadra-agrado.es\/#\/schema\/person\/3aa4f8d2373cf756d93a5526bc72f31b"},"headline":"Alwin Bram se reengancha para su primera del a\u00f1o.","datePublished":"2025-01-20T11:57:18+00:00","dateModified":"2025-01-20T12:14:05+00:00","mainEntityOfPage":{"@id":"https:\/\/cuadra-agrado.es\/?p=15707"},"wordCount":317,"image":{"@id":"https:\/\/cuadra-agrado.es\/?p=15707#primaryimage"},"thumbnailUrl":"https:\/\/cuadra-agrado.es\/wp-content\/uploads\/2024\/02\/alwin2.jpg","articleSection":["Actualidad"],"inLanguage":"es"},{"@type":"WebPage","@id":"https:\/\/cuadra-agrado.es\/?p=15707","url":"https:\/\/cuadra-agrado.es\/?p=15707","name":"Alwin Bram se reengancha para su primera del a\u00f1o. - Cuadra Agrado","isPartOf":{"@id":"https:\/\/cuadra-agrado.es\/#website"},"primaryImageOfPage":{"@id":"https:\/\/cuadra-agrado.es\/?p=15707#primaryimage"},"image":{"@id":"https:\/\/cuadra-agrado.es\/?p=15707#primaryimage"},"thumbnailUrl":"https:\/\/cuadra-agrado.es\/wp-content\/uploads\/2024\/02\/alwin2.jpg","datePublished":"2025-01-20T11:57:18+00:00","dateModified":"2025-01-20T12:14:05+00:00","author":{"@id":"https:\/\/cuadra-agrado.es\/#\/schema\/person\/3aa4f8d2373cf756d93a5526bc72f31b"},"breadcrumb":{"@id":"https:\/\/cuadra-agrado.es\/?p=15707#breadcrumb"},"inLanguage":"es","potentialAction":[{"@type":"ReadAction","target":["https:\/\/cuadra-agrado.es\/?p=15707"]}]},{"@type":"ImageObject","inLanguage":"es","@id":"https:\/\/cuadra-agrado.es\/?p=15707#primaryimage","url":"https:\/\/cuadra-agrado.es\/wp-content\/uploads\/2024\/02\/alwin2.jpg","contentUrl":"https:\/\/cuadra-agrado.es\/wp-content\/uploads\/2024\/02\/alwin2.jpg","width":1176,"height":876},{"@type":"BreadcrumbList","@id":"https:\/\/cuadra-agrado.es\/?p=15707#breadcrumb","itemListElement":[{"@type":"ListItem","position":1,"name":"Portada","item":"https:\/\/cuadra-agrado.es\/"},{"@type":"ListItem","position":2,"name":"Alwin Bram se reengancha para su primera del a\u00f1o."}]},{"@type":"WebSite","@id":"https:\/\/cuadra-agrado.es\/#website","url":"https:\/\/cuadra-agrado.es\/","name":"Cuadra Agrado","description":"En el mundo del Turf desde 2008","potentialAction":[{"@type":"SearchAction","target":{"@type":"EntryPoint","urlTemplate":"https:\/\/cuadra-agrado.es\/?s={search_term_string}"},"query-input":{"@type":"PropertyValueSpecification","valueRequired":true,"valueName":"search_term_string"}}],"inLanguage":"es"},{"@type":"Person","@id":"https:\/\/cuadra-agrado.es\/#\/schema\/person\/3aa4f8d2373cf756d93a5526bc72f31b","name":"Miguel Redondo","image":{"@type":"ImageObject","inLanguage":"es","@id":"https:\/\/secure.gravatar.com\/avatar\/85704fceb4fa34017e3c1344d182da00dbf772fb8856ba2b7726a2df926415b4?s=96&d=mm&r=g","url":"https:\/\/secure.gravatar.com\/avatar\/85704fceb4fa34017e3c1344d182da00dbf772fb8856ba2b7726a2df926415b4?s=96&d=mm&r=g","contentUrl":"https:\/\/secure.gravatar.com\/avatar\/85704fceb4fa34017e3c1344d182da00dbf772fb8856ba2b7726a2df926415b4?s=96&d=mm&r=g","caption":"Miguel Redondo"},"sameAs":["https:\/\/cuadra-agrado.es"],"url":"https:\/\/cuadra-agrado.es\/?author=5"}]}},"_links":{"self":[{"href":"https:\/\/cuadra-agrado.es\/index.php?rest_route=\/wp\/v2\/posts\/15707","targetHints":{"allow":["GET"]}}],"collection":[{"href":"https:\/\/cuadra-agrado.es\/index.php?rest_route=\/wp\/v2\/posts"}],"about":[{"href":"https:\/\/cuadra-agrado.es\/index.php?rest_route=\/wp\/v2\/types\/post"}],"author":[{"embeddable":true,"href":"https:\/\/cuadra-agrado.es\/index.php?rest_route=\/wp\/v2\/users\/5"}],"replies":[{"embeddable":true,"href":"https:\/\/cuadra-agrado.es\/index.php?rest_route=%2Fwp%2Fv2%2Fcomments&post=15707"}],"version-history":[{"count":5,"href":"https:\/\/cuadra-agrado.es\/index.php?rest_route=\/wp\/v2\/posts\/15707\/revisions"}],"predecessor-version":[{"id":15712,"href":"https:\/\/cuadra-agrado.es\/index.php?rest_route=\/wp\/v2\/posts\/15707\/revisions\/15712"}],"wp:featuredmedia":[{"embeddable":true,"href":"https:\/\/cuadra-agrado.es\/index.php?rest_route=\/wp\/v2\/media\/15663"}],"wp:attachment":[{"href":"https:\/\/cuadra-agrado.es\/index.php?rest_route=%2Fwp%2Fv2%2Fmedia&parent=15707"}],"wp:term":[{"taxonomy":"category","embeddable":true,"href":"https:\/\/cuadra-agrado.es\/index.php?rest_route=%2Fwp%2Fv2%2Fcategories&post=15707"},{"taxonomy":"post_tag","embeddable":true,"href":"https:\/\/cuadra-agrado.es\/index.php?rest_route=%2Fwp%2Fv2%2Ftags&post=15707"}],"curies":[{"name":"wp","href":"https:\/\/api.w.org\/{rel}","templated":true}]}}