{"id":15690,"date":"2025-01-16T09:26:41","date_gmt":"2025-01-16T09:26:41","guid":{"rendered":"https:\/\/cuadra-agrado.es\/?p=15690"},"modified":"2025-01-16T09:51:31","modified_gmt":"2025-01-16T09:51:31","slug":"un-calendario-2025-sin-la-pasion-del-turf","status":"publish","type":"post","link":"https:\/\/cuadra-agrado.es\/?p=15690","title":{"rendered":"Un Calendario 2025 sin la pasi\u00f3n del turf."},"content":{"rendered":"<p style=\"text-align: justify;\">En el d\u00eda de ayer, qued\u00f3 finalmente aprobado por parte de JCE el programa anual 2025 en el hip\u00f3dromo de la Zarzuela de Madrid.<br \/>\nUn programa que abandera nuestro turf, y que este a\u00f1o parece no haber generado entre los protagonistas esa pasi\u00f3n que transmiten las carreras de caballos.<\/p>\n<p style=\"text-align: justify;\">Un programa, que me consta se pele\u00f3 por parte de Asociaci\u00f3n de Propietarios con el actual mandatario del recinto madrile\u00f1o all\u00e1 por el mes de octubre pero que, finalmente, el resultado ha sido <strong>\u201c<\/strong><em><strong>las mismas lentejas de siempre<\/strong>\u201d, <\/em>solo que en este a\u00f1o 2025 parecen ser algo m\u00e1s bastas en su textura, con menor cantidad en el plato, e incluso parecen haber perdido ese sabor madrile\u00f1o de anta\u00f1o.<br \/>\nSolo cinco carreras durante las primeras cuatro jornadas parecen todo un reto que puede derivar en un peligroso desprop\u00f3sito. Despu\u00e9s de un par\u00f3n tan extenso en invierno, donde muchos profesionales aprovechan para dar descanso a sus pupilos, no es dif\u00edcil entender que haya mucho caballo y caballero esperando con ansia el inicio de la competici\u00f3n a principios del mes de marzo. Con solo cinco carreras en esas jornadas iniciales de la temporada, va a estar dif\u00edcil hacerse con un hueco en los cajones de salida. Por favor, mantengan la calma, cojan numero y esperen su turno&#8230;. Un programa donde, en el resumen de sus n\u00fameros, se advierte una preocupante desconfianza y un paso atr\u00e1s en la salud de nuestra industria. Y as\u00ed lo dicen las seis jornadas menos del a\u00f1o, que provocan una docena de carreras menos durante las tres temporadas, y una dotaci\u00f3n que se reduce en m\u00e1s de 200.000 euros con respecto a 2024.<\/p>\n<p style=\"text-align: justify;\">En el plato principal de la jornada de primavera los n\u00fameros y cambios son muy significativos. Tres jornadas menos en el c\u00f3mputo general son el resultado de politizar fechas tan se\u00f1aladas como la jornada de San Isidro (15 de mayo), o el d\u00eda de la Comunidad de Madrid (2 de mayo), que se eliminan por el \u00abart\u00edculo 33\u00bb por parte del m\u00e1ximo mandatario actual. Se pele\u00f3 hasta el \u00faltimo momento esta eliminaci\u00f3n de fechas tan se\u00f1aladas y representativas para nuestro turf, pero no hubo ni tan siquiera un m\u00ednimo acercamiento. La posici\u00f3n enfrentada de nuestro presidente con sus respectivos en Ayuntamiento y Comunidad de Madrid parece ser el \u00fanico motivo de peso pol\u00edtico que se deja entrever para que estas dos jornadas se disputen este a\u00f1o en el recuerdo a puerta cerrada, y se pierdan por el dicho motivo m\u00e1s de 61.000 euros en la dotaci\u00f3n primaveral.<\/p>\n<p style=\"text-align: justify;\">Con el plato estival nocturno de julio y agosto servido, estaremos ya con la mitad de las lentejas consumidas. En este nuevo verano desaparecen los viernes que han pasado a mejor vida y de obligado descanso para aficionados y caballos. Un total de seis jornadas menos que equivalen a quince carreras menos, y m\u00e1s de 130.000 euros que vuelan en premios para los areneros, y se los ahorra el hip\u00f3dromo. Esta reestructuraci\u00f3n tambi\u00e9n tiene su explicaci\u00f3n, y no es otra que los malos resultados econ\u00f3micos del pasado a\u00f1o. Los inventos del pasado verano inundando de absurdas jornadas ininterrumpidas los jueves, viernes y s\u00e1bado fue un goteo constante de p\u00e9rdidas para el hip\u00f3dromo, incapaz de generar taquilla y apuesta, y aburriendo hasta la saciedad al m\u00e1s fan\u00e1tico turfero. Este a\u00f1o se rectifica y se abre el recinto \u00fanicamente los jueves y s\u00e1bados nocturnos, que por otra parte es lo que ya estaba inventado y hab\u00eda dado resultado. Solamente queda rectificar los precios de taquilla para que las jornadas nocturnas ofrezcan los beneficios de anta\u00f1o, con una mayor afluencia que genere diversi\u00f3n y conexiones que sirvan para llenar unas gradas nocturnas rotas de dolor este pasado verano.<\/p>\n<p style=\"text-align: justify;\">El goloso postre del oto\u00f1o ofrece sin duda las mejores sensaciones a primera vista. Recuperamos las tres jornadas pol\u00edticas que sacrificamos en primavera y se compensan parte de las carreras perdidas en las temporadas precedentes con bonitas jornadas de siete carreras. Por n\u00fameros pareciera que compensamos lo perdido hasta entonces, pero hay truco tambi\u00e9n en los n\u00fameros\u2026. Las dotaciones siguen su linea decreciente y tambi\u00e9n en oto\u00f1o se reparten 18.900 euros menos que en 2024.<br \/>\nPara terminar, vamos a ser ben\u00e9volos en la confianza de que el <strong><em>\u201dFamily Day\u201d<\/em><\/strong> de este pasado a\u00f1o se repita en 2025. No est\u00e1 contemplado en el programa, y eso siempre suele oler a chamusquina, pero vamos a confiar en la magia de los Reyes magos para que finalmente se confirmen las mismas dotaciones de carreras para no causar mayor perjuicio al programa anual, y un tremendo disgusto a los m\u00e1s peque\u00f1os de nuestro turf.<\/p>\n<p style=\"text-align: justify;\">Incluyendo esta confianza navide\u00f1a extra, los n\u00fameros al final de a\u00f1o arrojan algo que, dif\u00edcilmente, genera pasi\u00f3n, confianza y salud para nuestra industria. El resumen es sencillo: 210.000 euros menos de dotaci\u00f3n para 2025 que se distribuyen en seis jornadas menos, y una docena de carreras menos. Dicho de otro modo \u2026 El propietario y profesional se repartir\u00e1n 210.000 euros menos que el pasado a\u00f1o y que se quedan en las arcas del hip\u00f3dromo. El aficionado visitar\u00e1, al menos, seis veces menos el recinto, y habr\u00e1 doce caballos que no podr\u00e1n pasar por ganadores, y cuyos propietarios no podr\u00e1n recoger esas doce recompensas a su esfuerzo.<\/p>\n<p style=\"text-align: justify;\">Dicho esto, es de obligado cumplimiento agradecer abiertamente la confianza de Sepi, y el soporte de Loter\u00edas y Apuestas del estado para seguir disfrutando un a\u00f1o m\u00e1s de una afici\u00f3n de la que viven muchos profesionales, y cuya pasi\u00f3n es compartida por muchos aficionados. No es f\u00e1cil seguir viviendo en casa de mam\u00e1 y pap\u00e1 durante tantos a\u00f1os, pero sin recursos propios es complicado subsistir sin la ayuda de ambos. Ser\u00eda grosero y maleducado no ser agradecido con aquellos que nos dan de comer, aunque sean esas lentejas que no gustan demasiado.<br \/>\nSigo manteniendo viva la frase a la que hac\u00eda referencia no hace mucho tiempo en un post anterior, y que resume con aguda iron\u00eda la situaci\u00f3n de nuestro d\u00e9bil turf \u2026..<br \/>\n<strong><em>\u201cla prueba m\u00e1s fehaciente de que Dios existe es que sigue habiendo carreras de caballos en nuestro pa\u00eds.\u201d<\/em><\/strong><\/p>\n<p style=\"text-align: justify;\"><em>Feliz a\u00f1o !!! y a disfrutar de las lentejas con salud.<\/em><\/p>\n<!-- AddThis Advanced Settings generic via filter on the_content --><!-- AddThis Share Buttons generic via filter on the_content -->","protected":false},"excerpt":{"rendered":"<p>En el d\u00eda de ayer, qued\u00f3 finalmente aprobado por parte de JCE el programa anual 2025 en el hip\u00f3dromo de la Zarzuela de Madrid. Un programa que abandera nuestro turf, y que este a\u00f1o parece no haber generado entre los protagonistas esa pasi\u00f3n que transmiten las carreras de caballos. Un programa, que me consta se [&hellip;]<!-- AddThis Advanced Settings generic via filter on get_the_excerpt --><!-- AddThis Share Buttons generic via filter on get_the_excerpt --><\/p>\n","protected":false},"author":5,"featured_media":15691,"comment_status":"closed","ping_status":"open","sticky":false,"template":"","format":"standard","meta":{"_acf_changed":false,"_et_pb_use_builder":"","_et_pb_old_content":"","_et_gb_content_width":"","footnotes":""},"categories":[3],"tags":[],"class_list":["post-15690","post","type-post","status-publish","format-standard","has-post-thumbnail","hentry","category-noticias-cuadra-agrado"],"acf":[],"yoast_head":"<!-- This site is optimized with the Yoast SEO plugin v27.4 - https:\/\/yoast.com\/product\/yoast-seo-wordpress\/ -->\n<title>Un Calendario 2025 sin la pasi\u00f3n del turf. - Cuadra Agrado<\/title>\n<meta name=\"robots\" content=\"index, follow, max-snippet:-1, max-image-preview:large, max-video-preview:-1\" \/>\n<link rel=\"canonical\" href=\"https:\/\/cuadra-agrado.es\/?p=15690\" \/>\n<meta property=\"og:locale\" content=\"es_ES\" \/>\n<meta property=\"og:type\" content=\"article\" \/>\n<meta property=\"og:title\" content=\"Un Calendario 2025 sin la pasi\u00f3n del turf. - Cuadra Agrado\" \/>\n<meta property=\"og:description\" content=\"En el d\u00eda de ayer, qued\u00f3 finalmente aprobado por parte de JCE el programa anual 2025 en el hip\u00f3dromo de la Zarzuela de Madrid. Un programa que abandera nuestro turf, y que este a\u00f1o parece no haber generado entre los protagonistas esa pasi\u00f3n que transmiten las carreras de caballos. Un programa, que me consta se [&hellip;]\" \/>\n<meta property=\"og:url\" content=\"https:\/\/cuadra-agrado.es\/?p=15690\" \/>\n<meta property=\"og:site_name\" content=\"Cuadra Agrado\" \/>\n<meta property=\"article:published_time\" content=\"2025-01-16T09:26:41+00:00\" \/>\n<meta property=\"article:modified_time\" content=\"2025-01-16T09:51:31+00:00\" \/>\n<meta property=\"og:image\" content=\"https:\/\/cuadra-agrado.es\/wp-content\/uploads\/2025\/01\/2025hz.png\" \/>\n\t<meta property=\"og:image:width\" content=\"567\" \/>\n\t<meta property=\"og:image:height\" content=\"330\" \/>\n\t<meta property=\"og:image:type\" content=\"image\/png\" \/>\n<meta name=\"author\" content=\"Miguel Redondo\" \/>\n<meta name=\"twitter:card\" content=\"summary_large_image\" \/>\n<meta name=\"twitter:creator\" content=\"@AGRADOracing\" \/>\n<meta name=\"twitter:site\" content=\"@AGRADOracing\" \/>\n<meta name=\"twitter:label1\" content=\"Escrito por\" \/>\n\t<meta name=\"twitter:data1\" content=\"Miguel Redondo\" \/>\n\t<meta name=\"twitter:label2\" content=\"Tiempo de lectura\" \/>\n\t<meta name=\"twitter:data2\" content=\"5 minutos\" \/>\n<script type=\"application\/ld+json\" class=\"yoast-schema-graph\">{\"@context\":\"https:\\\/\\\/schema.org\",\"@graph\":[{\"@type\":\"Article\",\"@id\":\"https:\\\/\\\/cuadra-agrado.es\\\/?p=15690#article\",\"isPartOf\":{\"@id\":\"https:\\\/\\\/cuadra-agrado.es\\\/?p=15690\"},\"author\":{\"name\":\"Miguel Redondo\",\"@id\":\"https:\\\/\\\/cuadra-agrado.es\\\/#\\\/schema\\\/person\\\/3aa4f8d2373cf756d93a5526bc72f31b\"},\"headline\":\"Un Calendario 2025 sin la pasi\u00f3n del turf.\",\"datePublished\":\"2025-01-16T09:26:41+00:00\",\"dateModified\":\"2025-01-16T09:51:31+00:00\",\"mainEntityOfPage\":{\"@id\":\"https:\\\/\\\/cuadra-agrado.es\\\/?p=15690\"},\"wordCount\":1102,\"image\":{\"@id\":\"https:\\\/\\\/cuadra-agrado.es\\\/?p=15690#primaryimage\"},\"thumbnailUrl\":\"https:\\\/\\\/cuadra-agrado.es\\\/wp-content\\\/uploads\\\/2025\\\/01\\\/2025hz.png\",\"articleSection\":[\"Actualidad\"],\"inLanguage\":\"es\"},{\"@type\":\"WebPage\",\"@id\":\"https:\\\/\\\/cuadra-agrado.es\\\/?p=15690\",\"url\":\"https:\\\/\\\/cuadra-agrado.es\\\/?p=15690\",\"name\":\"Un Calendario 2025 sin la pasi\u00f3n del turf. - Cuadra Agrado\",\"isPartOf\":{\"@id\":\"https:\\\/\\\/cuadra-agrado.es\\\/#website\"},\"primaryImageOfPage\":{\"@id\":\"https:\\\/\\\/cuadra-agrado.es\\\/?p=15690#primaryimage\"},\"image\":{\"@id\":\"https:\\\/\\\/cuadra-agrado.es\\\/?p=15690#primaryimage\"},\"thumbnailUrl\":\"https:\\\/\\\/cuadra-agrado.es\\\/wp-content\\\/uploads\\\/2025\\\/01\\\/2025hz.png\",\"datePublished\":\"2025-01-16T09:26:41+00:00\",\"dateModified\":\"2025-01-16T09:51:31+00:00\",\"author\":{\"@id\":\"https:\\\/\\\/cuadra-agrado.es\\\/#\\\/schema\\\/person\\\/3aa4f8d2373cf756d93a5526bc72f31b\"},\"breadcrumb\":{\"@id\":\"https:\\\/\\\/cuadra-agrado.es\\\/?p=15690#breadcrumb\"},\"inLanguage\":\"es\",\"potentialAction\":[{\"@type\":\"ReadAction\",\"target\":[\"https:\\\/\\\/cuadra-agrado.es\\\/?p=15690\"]}]},{\"@type\":\"ImageObject\",\"inLanguage\":\"es\",\"@id\":\"https:\\\/\\\/cuadra-agrado.es\\\/?p=15690#primaryimage\",\"url\":\"https:\\\/\\\/cuadra-agrado.es\\\/wp-content\\\/uploads\\\/2025\\\/01\\\/2025hz.png\",\"contentUrl\":\"https:\\\/\\\/cuadra-agrado.es\\\/wp-content\\\/uploads\\\/2025\\\/01\\\/2025hz.png\",\"width\":567,\"height\":330},{\"@type\":\"BreadcrumbList\",\"@id\":\"https:\\\/\\\/cuadra-agrado.es\\\/?p=15690#breadcrumb\",\"itemListElement\":[{\"@type\":\"ListItem\",\"position\":1,\"name\":\"Portada\",\"item\":\"https:\\\/\\\/cuadra-agrado.es\\\/\"},{\"@type\":\"ListItem\",\"position\":2,\"name\":\"Un Calendario 2025 sin la pasi\u00f3n del turf.\"}]},{\"@type\":\"WebSite\",\"@id\":\"https:\\\/\\\/cuadra-agrado.es\\\/#website\",\"url\":\"https:\\\/\\\/cuadra-agrado.es\\\/\",\"name\":\"Cuadra Agrado\",\"description\":\"En el mundo del Turf desde 2008\",\"potentialAction\":[{\"@type\":\"SearchAction\",\"target\":{\"@type\":\"EntryPoint\",\"urlTemplate\":\"https:\\\/\\\/cuadra-agrado.es\\\/?s={search_term_string}\"},\"query-input\":{\"@type\":\"PropertyValueSpecification\",\"valueRequired\":true,\"valueName\":\"search_term_string\"}}],\"inLanguage\":\"es\"},{\"@type\":\"Person\",\"@id\":\"https:\\\/\\\/cuadra-agrado.es\\\/#\\\/schema\\\/person\\\/3aa4f8d2373cf756d93a5526bc72f31b\",\"name\":\"Miguel Redondo\",\"image\":{\"@type\":\"ImageObject\",\"inLanguage\":\"es\",\"@id\":\"https:\\\/\\\/secure.gravatar.com\\\/avatar\\\/85704fceb4fa34017e3c1344d182da00dbf772fb8856ba2b7726a2df926415b4?s=96&d=mm&r=g\",\"url\":\"https:\\\/\\\/secure.gravatar.com\\\/avatar\\\/85704fceb4fa34017e3c1344d182da00dbf772fb8856ba2b7726a2df926415b4?s=96&d=mm&r=g\",\"contentUrl\":\"https:\\\/\\\/secure.gravatar.com\\\/avatar\\\/85704fceb4fa34017e3c1344d182da00dbf772fb8856ba2b7726a2df926415b4?s=96&d=mm&r=g\",\"caption\":\"Miguel Redondo\"},\"sameAs\":[\"https:\\\/\\\/cuadra-agrado.es\"],\"url\":\"https:\\\/\\\/cuadra-agrado.es\\\/?author=5\"}]}<\/script>\n<!-- \/ Yoast SEO plugin. -->","yoast_head_json":{"title":"Un Calendario 2025 sin la pasi\u00f3n del turf. - Cuadra Agrado","robots":{"index":"index","follow":"follow","max-snippet":"max-snippet:-1","max-image-preview":"max-image-preview:large","max-video-preview":"max-video-preview:-1"},"canonical":"https:\/\/cuadra-agrado.es\/?p=15690","og_locale":"es_ES","og_type":"article","og_title":"Un Calendario 2025 sin la pasi\u00f3n del turf. - Cuadra Agrado","og_description":"En el d\u00eda de ayer, qued\u00f3 finalmente aprobado por parte de JCE el programa anual 2025 en el hip\u00f3dromo de la Zarzuela de Madrid. Un programa que abandera nuestro turf, y que este a\u00f1o parece no haber generado entre los protagonistas esa pasi\u00f3n que transmiten las carreras de caballos. Un programa, que me consta se [&hellip;]","og_url":"https:\/\/cuadra-agrado.es\/?p=15690","og_site_name":"Cuadra Agrado","article_published_time":"2025-01-16T09:26:41+00:00","article_modified_time":"2025-01-16T09:51:31+00:00","og_image":[{"width":567,"height":330,"url":"https:\/\/cuadra-agrado.es\/wp-content\/uploads\/2025\/01\/2025hz.png","type":"image\/png"}],"author":"Miguel Redondo","twitter_card":"summary_large_image","twitter_creator":"@AGRADOracing","twitter_site":"@AGRADOracing","twitter_misc":{"Escrito por":"Miguel Redondo","Tiempo de lectura":"5 minutos"},"schema":{"@context":"https:\/\/schema.org","@graph":[{"@type":"Article","@id":"https:\/\/cuadra-agrado.es\/?p=15690#article","isPartOf":{"@id":"https:\/\/cuadra-agrado.es\/?p=15690"},"author":{"name":"Miguel Redondo","@id":"https:\/\/cuadra-agrado.es\/#\/schema\/person\/3aa4f8d2373cf756d93a5526bc72f31b"},"headline":"Un Calendario 2025 sin la pasi\u00f3n del turf.","datePublished":"2025-01-16T09:26:41+00:00","dateModified":"2025-01-16T09:51:31+00:00","mainEntityOfPage":{"@id":"https:\/\/cuadra-agrado.es\/?p=15690"},"wordCount":1102,"image":{"@id":"https:\/\/cuadra-agrado.es\/?p=15690#primaryimage"},"thumbnailUrl":"https:\/\/cuadra-agrado.es\/wp-content\/uploads\/2025\/01\/2025hz.png","articleSection":["Actualidad"],"inLanguage":"es"},{"@type":"WebPage","@id":"https:\/\/cuadra-agrado.es\/?p=15690","url":"https:\/\/cuadra-agrado.es\/?p=15690","name":"Un Calendario 2025 sin la pasi\u00f3n del turf. - Cuadra Agrado","isPartOf":{"@id":"https:\/\/cuadra-agrado.es\/#website"},"primaryImageOfPage":{"@id":"https:\/\/cuadra-agrado.es\/?p=15690#primaryimage"},"image":{"@id":"https:\/\/cuadra-agrado.es\/?p=15690#primaryimage"},"thumbnailUrl":"https:\/\/cuadra-agrado.es\/wp-content\/uploads\/2025\/01\/2025hz.png","datePublished":"2025-01-16T09:26:41+00:00","dateModified":"2025-01-16T09:51:31+00:00","author":{"@id":"https:\/\/cuadra-agrado.es\/#\/schema\/person\/3aa4f8d2373cf756d93a5526bc72f31b"},"breadcrumb":{"@id":"https:\/\/cuadra-agrado.es\/?p=15690#breadcrumb"},"inLanguage":"es","potentialAction":[{"@type":"ReadAction","target":["https:\/\/cuadra-agrado.es\/?p=15690"]}]},{"@type":"ImageObject","inLanguage":"es","@id":"https:\/\/cuadra-agrado.es\/?p=15690#primaryimage","url":"https:\/\/cuadra-agrado.es\/wp-content\/uploads\/2025\/01\/2025hz.png","contentUrl":"https:\/\/cuadra-agrado.es\/wp-content\/uploads\/2025\/01\/2025hz.png","width":567,"height":330},{"@type":"BreadcrumbList","@id":"https:\/\/cuadra-agrado.es\/?p=15690#breadcrumb","itemListElement":[{"@type":"ListItem","position":1,"name":"Portada","item":"https:\/\/cuadra-agrado.es\/"},{"@type":"ListItem","position":2,"name":"Un Calendario 2025 sin la pasi\u00f3n del turf."}]},{"@type":"WebSite","@id":"https:\/\/cuadra-agrado.es\/#website","url":"https:\/\/cuadra-agrado.es\/","name":"Cuadra Agrado","description":"En el mundo del Turf desde 2008","potentialAction":[{"@type":"SearchAction","target":{"@type":"EntryPoint","urlTemplate":"https:\/\/cuadra-agrado.es\/?s={search_term_string}"},"query-input":{"@type":"PropertyValueSpecification","valueRequired":true,"valueName":"search_term_string"}}],"inLanguage":"es"},{"@type":"Person","@id":"https:\/\/cuadra-agrado.es\/#\/schema\/person\/3aa4f8d2373cf756d93a5526bc72f31b","name":"Miguel Redondo","image":{"@type":"ImageObject","inLanguage":"es","@id":"https:\/\/secure.gravatar.com\/avatar\/85704fceb4fa34017e3c1344d182da00dbf772fb8856ba2b7726a2df926415b4?s=96&d=mm&r=g","url":"https:\/\/secure.gravatar.com\/avatar\/85704fceb4fa34017e3c1344d182da00dbf772fb8856ba2b7726a2df926415b4?s=96&d=mm&r=g","contentUrl":"https:\/\/secure.gravatar.com\/avatar\/85704fceb4fa34017e3c1344d182da00dbf772fb8856ba2b7726a2df926415b4?s=96&d=mm&r=g","caption":"Miguel Redondo"},"sameAs":["https:\/\/cuadra-agrado.es"],"url":"https:\/\/cuadra-agrado.es\/?author=5"}]}},"_links":{"self":[{"href":"https:\/\/cuadra-agrado.es\/index.php?rest_route=\/wp\/v2\/posts\/15690","targetHints":{"allow":["GET"]}}],"collection":[{"href":"https:\/\/cuadra-agrado.es\/index.php?rest_route=\/wp\/v2\/posts"}],"about":[{"href":"https:\/\/cuadra-agrado.es\/index.php?rest_route=\/wp\/v2\/types\/post"}],"author":[{"embeddable":true,"href":"https:\/\/cuadra-agrado.es\/index.php?rest_route=\/wp\/v2\/users\/5"}],"replies":[{"embeddable":true,"href":"https:\/\/cuadra-agrado.es\/index.php?rest_route=%2Fwp%2Fv2%2Fcomments&post=15690"}],"version-history":[{"count":9,"href":"https:\/\/cuadra-agrado.es\/index.php?rest_route=\/wp\/v2\/posts\/15690\/revisions"}],"predecessor-version":[{"id":15694,"href":"https:\/\/cuadra-agrado.es\/index.php?rest_route=\/wp\/v2\/posts\/15690\/revisions\/15694"}],"wp:featuredmedia":[{"embeddable":true,"href":"https:\/\/cuadra-agrado.es\/index.php?rest_route=\/wp\/v2\/media\/15691"}],"wp:attachment":[{"href":"https:\/\/cuadra-agrado.es\/index.php?rest_route=%2Fwp%2Fv2%2Fmedia&parent=15690"}],"wp:term":[{"taxonomy":"category","embeddable":true,"href":"https:\/\/cuadra-agrado.es\/index.php?rest_route=%2Fwp%2Fv2%2Fcategories&post=15690"},{"taxonomy":"post_tag","embeddable":true,"href":"https:\/\/cuadra-agrado.es\/index.php?rest_route=%2Fwp%2Fv2%2Ftags&post=15690"}],"curies":[{"name":"wp","href":"https:\/\/api.w.org\/{rel}","templated":true}]}}