{"id":15667,"date":"2025-01-07T18:08:38","date_gmt":"2025-01-07T18:08:38","guid":{"rendered":"https:\/\/cuadra-agrado.es\/?p=15667"},"modified":"2025-01-08T07:26:33","modified_gmt":"2025-01-08T07:26:33","slug":"alwin-bram-inicia-la-temporada-2025","status":"publish","type":"post","link":"https:\/\/cuadra-agrado.es\/?p=15667","title":{"rendered":"Alwin Bram inicia la temporada 2025"},"content":{"rendered":"<p style=\"text-align: justify;\">Comenzamos un nuevo a\u00f1o y, antes de iniciar este primer post, queremos desear a toda la familia del turf un feliz y pr\u00f3spero a\u00f1o 2025 cargado con las mejores dosis de salud.<\/p>\n<p style=\"text-align: justify;\">Un a\u00f1o que comenzaremos ya en la primera prueba de la primera jornada invernal de Dos Hermanas con el retorno de nuestro reci\u00e9n estrenado cuatro a\u00f1os \u201c<strong>Alwin Bram<\/strong>\u201d. Sali\u00f3 de maiden con solvencia en su tercera salida en competici\u00f3n, y en el mismo hip\u00f3dromo hace apenas un mes. El pr\u00f3ximo domingo vuelve al recinto nazar\u00ed con un estado \u00f3ptimo de forma en este inicio de legislatura.<\/p>\n<p style=\"text-align: justify;\">Ser\u00e1 en esta ocasi\u00f3n en la pista de hierba y sobre una distancia de 2.200 metros en su primera tentativa sobre dos curvas, despu\u00e9s de pasar por los 1.800 metros en su anterior. Su cl\u00e1sico origen alem\u00e1n nos ofrece suficiente aliento para completar con solvencia la distancia, que ser\u00e1 a partir de ahora su m\u00e1s que probable horquilla en competici\u00f3n. El caballo ha seguido manteniendo forma durante estas pasadas navidades, y est\u00e1 en las mismas condiciones de forma y salud que en su anterior comparecencia donde pudo desprenderse con facilidad de un lote de no ganadores sobre la arena.<\/p>\n<p style=\"text-align: justify;\">En esta nueva ocasi\u00f3n, entra ya en la primera parte de h\u00e1ndicap con un 34,5 de valor asignado por los handicapers en su \u00faltima. Un valor, a priori, algo inflado, si tenemos en cuenta que en sus dos primeras salidas a pista no ofreci\u00f3 un valor significativo, y su victoria en la tercera fue ante un lote de no ganadores con valores por debajo de 30. Pero este es santo y se\u00f1a de nuestros handicapers que, en caso de duda, o con valoraci\u00f3n provisional como es el caso, prefieren que el sonrojo les venga por exceso, que por defecto, cuando lo m\u00e1s sensato ser\u00eda valorar en un t\u00e9rmino medio que es donde habitualmente radica la virtud y el equilibrio, lo que traducido a este caso concreto, ser\u00eda haber aplicado un 32 que justificar\u00eda en todo caso el resultado del pr\u00f3ximo domingo. Esperaremos a la resoluci\u00f3n de la carrera para ver si ese valor provisional es acorde con la calidad del caballo, o deben enmendar el error para su siguiente. El caballo cuenta en cualquier caso con l\u00f3gicas perspectivas de \u00e9xito ante un lote de tan solo cuatro unidades, donde \u201c<strong>Hebe<\/strong>\u201d, y el posible favorito de la prueba, \u201c<strong>Chenel<\/strong>\u201d, mucho m\u00e1s contrastados, deber\u00edan disputar la victoria junto al nuestro.<br \/>\nTen\u00edamos las l\u00f3gicas dudas de emplear un descargo de 3 kilos que compensara un posible valor al alza, pero finalmente decidimos repetir monta con Janacek, que qued\u00f3 muy satisfecho con el caballo en su anterior, y que siempre ofrece una garant\u00eda extra para poder luchar victoria.<\/p>\n<p style=\"text-align: justify;\">Mucha suerte equipo!!<\/p>\n<!-- AddThis Advanced Settings generic via filter on the_content --><!-- AddThis Share Buttons generic via filter on the_content -->","protected":false},"excerpt":{"rendered":"<p>Comenzamos un nuevo a\u00f1o y, antes de iniciar este primer post, queremos desear a toda la familia del turf un feliz y pr\u00f3spero a\u00f1o 2025 cargado con las mejores dosis de salud. Un a\u00f1o que comenzaremos ya en la primera prueba de la primera jornada invernal de Dos Hermanas con el retorno de nuestro reci\u00e9n [&hellip;]<!-- AddThis Advanced Settings generic via filter on get_the_excerpt --><!-- AddThis Share Buttons generic via filter on get_the_excerpt --><\/p>\n","protected":false},"author":5,"featured_media":15663,"comment_status":"closed","ping_status":"open","sticky":false,"template":"","format":"standard","meta":{"_acf_changed":false,"_et_pb_use_builder":"","_et_pb_old_content":"","_et_gb_content_width":"","footnotes":""},"categories":[3],"tags":[],"class_list":["post-15667","post","type-post","status-publish","format-standard","has-post-thumbnail","hentry","category-noticias-cuadra-agrado"],"acf":[],"yoast_head":"<!-- This site is optimized with the Yoast SEO plugin v27.4 - https:\/\/yoast.com\/product\/yoast-seo-wordpress\/ -->\n<title>Alwin Bram inicia la temporada 2025 - Cuadra Agrado<\/title>\n<meta name=\"robots\" content=\"index, follow, max-snippet:-1, max-image-preview:large, max-video-preview:-1\" \/>\n<link rel=\"canonical\" href=\"https:\/\/cuadra-agrado.es\/?p=15667\" \/>\n<meta property=\"og:locale\" content=\"es_ES\" \/>\n<meta property=\"og:type\" content=\"article\" \/>\n<meta property=\"og:title\" content=\"Alwin Bram inicia la temporada 2025 - Cuadra Agrado\" \/>\n<meta property=\"og:description\" content=\"Comenzamos un nuevo a\u00f1o y, antes de iniciar este primer post, queremos desear a toda la familia del turf un feliz y pr\u00f3spero a\u00f1o 2025 cargado con las mejores dosis de salud. Un a\u00f1o que comenzaremos ya en la primera prueba de la primera jornada invernal de Dos Hermanas con el retorno de nuestro reci\u00e9n [&hellip;]\" \/>\n<meta property=\"og:url\" content=\"https:\/\/cuadra-agrado.es\/?p=15667\" \/>\n<meta property=\"og:site_name\" content=\"Cuadra Agrado\" \/>\n<meta property=\"article:published_time\" content=\"2025-01-07T18:08:38+00:00\" \/>\n<meta property=\"article:modified_time\" content=\"2025-01-08T07:26:33+00:00\" \/>\n<meta property=\"og:image\" content=\"https:\/\/cuadra-agrado.es\/wp-content\/uploads\/2024\/02\/alwin2.jpg\" \/>\n\t<meta property=\"og:image:width\" content=\"1176\" \/>\n\t<meta property=\"og:image:height\" content=\"876\" \/>\n\t<meta property=\"og:image:type\" content=\"image\/jpeg\" \/>\n<meta name=\"author\" content=\"Miguel Redondo\" \/>\n<meta name=\"twitter:card\" content=\"summary_large_image\" \/>\n<meta name=\"twitter:creator\" content=\"@AGRADOracing\" \/>\n<meta name=\"twitter:site\" content=\"@AGRADOracing\" \/>\n<meta name=\"twitter:label1\" content=\"Escrito por\" \/>\n\t<meta name=\"twitter:data1\" content=\"Miguel Redondo\" \/>\n\t<meta name=\"twitter:label2\" content=\"Tiempo de lectura\" \/>\n\t<meta name=\"twitter:data2\" content=\"3 minutos\" \/>\n<script type=\"application\/ld+json\" class=\"yoast-schema-graph\">{\"@context\":\"https:\\\/\\\/schema.org\",\"@graph\":[{\"@type\":\"Article\",\"@id\":\"https:\\\/\\\/cuadra-agrado.es\\\/?p=15667#article\",\"isPartOf\":{\"@id\":\"https:\\\/\\\/cuadra-agrado.es\\\/?p=15667\"},\"author\":{\"name\":\"Miguel Redondo\",\"@id\":\"https:\\\/\\\/cuadra-agrado.es\\\/#\\\/schema\\\/person\\\/3aa4f8d2373cf756d93a5526bc72f31b\"},\"headline\":\"Alwin Bram inicia la temporada 2025\",\"datePublished\":\"2025-01-07T18:08:38+00:00\",\"dateModified\":\"2025-01-08T07:26:33+00:00\",\"mainEntityOfPage\":{\"@id\":\"https:\\\/\\\/cuadra-agrado.es\\\/?p=15667\"},\"wordCount\":484,\"image\":{\"@id\":\"https:\\\/\\\/cuadra-agrado.es\\\/?p=15667#primaryimage\"},\"thumbnailUrl\":\"https:\\\/\\\/cuadra-agrado.es\\\/wp-content\\\/uploads\\\/2024\\\/02\\\/alwin2.jpg\",\"articleSection\":[\"Actualidad\"],\"inLanguage\":\"es\"},{\"@type\":\"WebPage\",\"@id\":\"https:\\\/\\\/cuadra-agrado.es\\\/?p=15667\",\"url\":\"https:\\\/\\\/cuadra-agrado.es\\\/?p=15667\",\"name\":\"Alwin Bram inicia la temporada 2025 - Cuadra Agrado\",\"isPartOf\":{\"@id\":\"https:\\\/\\\/cuadra-agrado.es\\\/#website\"},\"primaryImageOfPage\":{\"@id\":\"https:\\\/\\\/cuadra-agrado.es\\\/?p=15667#primaryimage\"},\"image\":{\"@id\":\"https:\\\/\\\/cuadra-agrado.es\\\/?p=15667#primaryimage\"},\"thumbnailUrl\":\"https:\\\/\\\/cuadra-agrado.es\\\/wp-content\\\/uploads\\\/2024\\\/02\\\/alwin2.jpg\",\"datePublished\":\"2025-01-07T18:08:38+00:00\",\"dateModified\":\"2025-01-08T07:26:33+00:00\",\"author\":{\"@id\":\"https:\\\/\\\/cuadra-agrado.es\\\/#\\\/schema\\\/person\\\/3aa4f8d2373cf756d93a5526bc72f31b\"},\"breadcrumb\":{\"@id\":\"https:\\\/\\\/cuadra-agrado.es\\\/?p=15667#breadcrumb\"},\"inLanguage\":\"es\",\"potentialAction\":[{\"@type\":\"ReadAction\",\"target\":[\"https:\\\/\\\/cuadra-agrado.es\\\/?p=15667\"]}]},{\"@type\":\"ImageObject\",\"inLanguage\":\"es\",\"@id\":\"https:\\\/\\\/cuadra-agrado.es\\\/?p=15667#primaryimage\",\"url\":\"https:\\\/\\\/cuadra-agrado.es\\\/wp-content\\\/uploads\\\/2024\\\/02\\\/alwin2.jpg\",\"contentUrl\":\"https:\\\/\\\/cuadra-agrado.es\\\/wp-content\\\/uploads\\\/2024\\\/02\\\/alwin2.jpg\",\"width\":1176,\"height\":876},{\"@type\":\"BreadcrumbList\",\"@id\":\"https:\\\/\\\/cuadra-agrado.es\\\/?p=15667#breadcrumb\",\"itemListElement\":[{\"@type\":\"ListItem\",\"position\":1,\"name\":\"Portada\",\"item\":\"https:\\\/\\\/cuadra-agrado.es\\\/\"},{\"@type\":\"ListItem\",\"position\":2,\"name\":\"Alwin Bram inicia la temporada 2025\"}]},{\"@type\":\"WebSite\",\"@id\":\"https:\\\/\\\/cuadra-agrado.es\\\/#website\",\"url\":\"https:\\\/\\\/cuadra-agrado.es\\\/\",\"name\":\"Cuadra Agrado\",\"description\":\"En el mundo del Turf desde 2008\",\"potentialAction\":[{\"@type\":\"SearchAction\",\"target\":{\"@type\":\"EntryPoint\",\"urlTemplate\":\"https:\\\/\\\/cuadra-agrado.es\\\/?s={search_term_string}\"},\"query-input\":{\"@type\":\"PropertyValueSpecification\",\"valueRequired\":true,\"valueName\":\"search_term_string\"}}],\"inLanguage\":\"es\"},{\"@type\":\"Person\",\"@id\":\"https:\\\/\\\/cuadra-agrado.es\\\/#\\\/schema\\\/person\\\/3aa4f8d2373cf756d93a5526bc72f31b\",\"name\":\"Miguel Redondo\",\"image\":{\"@type\":\"ImageObject\",\"inLanguage\":\"es\",\"@id\":\"https:\\\/\\\/secure.gravatar.com\\\/avatar\\\/85704fceb4fa34017e3c1344d182da00dbf772fb8856ba2b7726a2df926415b4?s=96&d=mm&r=g\",\"url\":\"https:\\\/\\\/secure.gravatar.com\\\/avatar\\\/85704fceb4fa34017e3c1344d182da00dbf772fb8856ba2b7726a2df926415b4?s=96&d=mm&r=g\",\"contentUrl\":\"https:\\\/\\\/secure.gravatar.com\\\/avatar\\\/85704fceb4fa34017e3c1344d182da00dbf772fb8856ba2b7726a2df926415b4?s=96&d=mm&r=g\",\"caption\":\"Miguel Redondo\"},\"sameAs\":[\"https:\\\/\\\/cuadra-agrado.es\"],\"url\":\"https:\\\/\\\/cuadra-agrado.es\\\/?author=5\"}]}<\/script>\n<!-- \/ Yoast SEO plugin. -->","yoast_head_json":{"title":"Alwin Bram inicia la temporada 2025 - Cuadra Agrado","robots":{"index":"index","follow":"follow","max-snippet":"max-snippet:-1","max-image-preview":"max-image-preview:large","max-video-preview":"max-video-preview:-1"},"canonical":"https:\/\/cuadra-agrado.es\/?p=15667","og_locale":"es_ES","og_type":"article","og_title":"Alwin Bram inicia la temporada 2025 - Cuadra Agrado","og_description":"Comenzamos un nuevo a\u00f1o y, antes de iniciar este primer post, queremos desear a toda la familia del turf un feliz y pr\u00f3spero a\u00f1o 2025 cargado con las mejores dosis de salud. Un a\u00f1o que comenzaremos ya en la primera prueba de la primera jornada invernal de Dos Hermanas con el retorno de nuestro reci\u00e9n [&hellip;]","og_url":"https:\/\/cuadra-agrado.es\/?p=15667","og_site_name":"Cuadra Agrado","article_published_time":"2025-01-07T18:08:38+00:00","article_modified_time":"2025-01-08T07:26:33+00:00","og_image":[{"width":1176,"height":876,"url":"https:\/\/cuadra-agrado.es\/wp-content\/uploads\/2024\/02\/alwin2.jpg","type":"image\/jpeg"}],"author":"Miguel Redondo","twitter_card":"summary_large_image","twitter_creator":"@AGRADOracing","twitter_site":"@AGRADOracing","twitter_misc":{"Escrito por":"Miguel Redondo","Tiempo de lectura":"3 minutos"},"schema":{"@context":"https:\/\/schema.org","@graph":[{"@type":"Article","@id":"https:\/\/cuadra-agrado.es\/?p=15667#article","isPartOf":{"@id":"https:\/\/cuadra-agrado.es\/?p=15667"},"author":{"name":"Miguel Redondo","@id":"https:\/\/cuadra-agrado.es\/#\/schema\/person\/3aa4f8d2373cf756d93a5526bc72f31b"},"headline":"Alwin Bram inicia la temporada 2025","datePublished":"2025-01-07T18:08:38+00:00","dateModified":"2025-01-08T07:26:33+00:00","mainEntityOfPage":{"@id":"https:\/\/cuadra-agrado.es\/?p=15667"},"wordCount":484,"image":{"@id":"https:\/\/cuadra-agrado.es\/?p=15667#primaryimage"},"thumbnailUrl":"https:\/\/cuadra-agrado.es\/wp-content\/uploads\/2024\/02\/alwin2.jpg","articleSection":["Actualidad"],"inLanguage":"es"},{"@type":"WebPage","@id":"https:\/\/cuadra-agrado.es\/?p=15667","url":"https:\/\/cuadra-agrado.es\/?p=15667","name":"Alwin Bram inicia la temporada 2025 - Cuadra Agrado","isPartOf":{"@id":"https:\/\/cuadra-agrado.es\/#website"},"primaryImageOfPage":{"@id":"https:\/\/cuadra-agrado.es\/?p=15667#primaryimage"},"image":{"@id":"https:\/\/cuadra-agrado.es\/?p=15667#primaryimage"},"thumbnailUrl":"https:\/\/cuadra-agrado.es\/wp-content\/uploads\/2024\/02\/alwin2.jpg","datePublished":"2025-01-07T18:08:38+00:00","dateModified":"2025-01-08T07:26:33+00:00","author":{"@id":"https:\/\/cuadra-agrado.es\/#\/schema\/person\/3aa4f8d2373cf756d93a5526bc72f31b"},"breadcrumb":{"@id":"https:\/\/cuadra-agrado.es\/?p=15667#breadcrumb"},"inLanguage":"es","potentialAction":[{"@type":"ReadAction","target":["https:\/\/cuadra-agrado.es\/?p=15667"]}]},{"@type":"ImageObject","inLanguage":"es","@id":"https:\/\/cuadra-agrado.es\/?p=15667#primaryimage","url":"https:\/\/cuadra-agrado.es\/wp-content\/uploads\/2024\/02\/alwin2.jpg","contentUrl":"https:\/\/cuadra-agrado.es\/wp-content\/uploads\/2024\/02\/alwin2.jpg","width":1176,"height":876},{"@type":"BreadcrumbList","@id":"https:\/\/cuadra-agrado.es\/?p=15667#breadcrumb","itemListElement":[{"@type":"ListItem","position":1,"name":"Portada","item":"https:\/\/cuadra-agrado.es\/"},{"@type":"ListItem","position":2,"name":"Alwin Bram inicia la temporada 2025"}]},{"@type":"WebSite","@id":"https:\/\/cuadra-agrado.es\/#website","url":"https:\/\/cuadra-agrado.es\/","name":"Cuadra Agrado","description":"En el mundo del Turf desde 2008","potentialAction":[{"@type":"SearchAction","target":{"@type":"EntryPoint","urlTemplate":"https:\/\/cuadra-agrado.es\/?s={search_term_string}"},"query-input":{"@type":"PropertyValueSpecification","valueRequired":true,"valueName":"search_term_string"}}],"inLanguage":"es"},{"@type":"Person","@id":"https:\/\/cuadra-agrado.es\/#\/schema\/person\/3aa4f8d2373cf756d93a5526bc72f31b","name":"Miguel Redondo","image":{"@type":"ImageObject","inLanguage":"es","@id":"https:\/\/secure.gravatar.com\/avatar\/85704fceb4fa34017e3c1344d182da00dbf772fb8856ba2b7726a2df926415b4?s=96&d=mm&r=g","url":"https:\/\/secure.gravatar.com\/avatar\/85704fceb4fa34017e3c1344d182da00dbf772fb8856ba2b7726a2df926415b4?s=96&d=mm&r=g","contentUrl":"https:\/\/secure.gravatar.com\/avatar\/85704fceb4fa34017e3c1344d182da00dbf772fb8856ba2b7726a2df926415b4?s=96&d=mm&r=g","caption":"Miguel Redondo"},"sameAs":["https:\/\/cuadra-agrado.es"],"url":"https:\/\/cuadra-agrado.es\/?author=5"}]}},"_links":{"self":[{"href":"https:\/\/cuadra-agrado.es\/index.php?rest_route=\/wp\/v2\/posts\/15667","targetHints":{"allow":["GET"]}}],"collection":[{"href":"https:\/\/cuadra-agrado.es\/index.php?rest_route=\/wp\/v2\/posts"}],"about":[{"href":"https:\/\/cuadra-agrado.es\/index.php?rest_route=\/wp\/v2\/types\/post"}],"author":[{"embeddable":true,"href":"https:\/\/cuadra-agrado.es\/index.php?rest_route=\/wp\/v2\/users\/5"}],"replies":[{"embeddable":true,"href":"https:\/\/cuadra-agrado.es\/index.php?rest_route=%2Fwp%2Fv2%2Fcomments&post=15667"}],"version-history":[{"count":4,"href":"https:\/\/cuadra-agrado.es\/index.php?rest_route=\/wp\/v2\/posts\/15667\/revisions"}],"predecessor-version":[{"id":15671,"href":"https:\/\/cuadra-agrado.es\/index.php?rest_route=\/wp\/v2\/posts\/15667\/revisions\/15671"}],"wp:featuredmedia":[{"embeddable":true,"href":"https:\/\/cuadra-agrado.es\/index.php?rest_route=\/wp\/v2\/media\/15663"}],"wp:attachment":[{"href":"https:\/\/cuadra-agrado.es\/index.php?rest_route=%2Fwp%2Fv2%2Fmedia&parent=15667"}],"wp:term":[{"taxonomy":"category","embeddable":true,"href":"https:\/\/cuadra-agrado.es\/index.php?rest_route=%2Fwp%2Fv2%2Fcategories&post=15667"},{"taxonomy":"post_tag","embeddable":true,"href":"https:\/\/cuadra-agrado.es\/index.php?rest_route=%2Fwp%2Fv2%2Ftags&post=15667"}],"curies":[{"name":"wp","href":"https:\/\/api.w.org\/{rel}","templated":true}]}}