{"id":15647,"date":"2024-12-08T18:07:35","date_gmt":"2024-12-08T18:07:35","guid":{"rendered":"https:\/\/cuadra-agrado.es\/?p=15647"},"modified":"2024-12-09T08:45:29","modified_gmt":"2024-12-09T08:45:29","slug":"alwin-y-super-rafale-despiden-el-ano-por-sevillanas","status":"publish","type":"post","link":"https:\/\/cuadra-agrado.es\/?p=15647","title":{"rendered":"Alwin Bram y Super Rafale despiden el a\u00f1o por sevillanas"},"content":{"rendered":"<p style=\"text-align: justify;\">Finalizada la temporada oto\u00f1al en Hip\u00f3dromo de Madrid hace apenas dos semanas, terminamos tambi\u00e9n nuestra participaci\u00f3n en la temporada sevillana donde obtuvimos dos victorias con \u201c<strong>Alwin Bram<\/strong>\u201d y \u201c<strong>Super Rafale\u201d<\/strong> en un bonito fin de semana de \u00abmagnas\u00bb procesiones que endulz\u00f3 un a\u00f1o sin demasiada fortuna.<br \/>\nComo todos los a\u00f1os, es momento de hacer balance y reflexi\u00f3n en lo particular y en lo que en general se refiere.<\/p>\n<p style=\"text-align: justify;\">Un a\u00f1o en lo particular sin demasiada chicha en el caldero. Pusimos el guiso a fuego lento desde el inicio, conocedores de que un a\u00f1o de turf es \u201cmolto longo\u201d como dir\u00eda Carlo Ancelotti, pero los \u201cdosa\u00f1eros\u201d no terminaron de cocerse para poder debutar. Con los cuatro ejemplares de dos a\u00f1os sin entrar en escena, y con las dos hembras nacionales en edad cl\u00e1sica que finalmente salieron de la cuadra sin llegar a los m\u00ednimos establecidos, solo pudimos sumar con los dos caballos en liza que han soportado todo el peso de la cuadra este 2024.<\/p>\n<p style=\"text-align: justify;\">\u201c<strong>Kowalsky<\/strong>\u201d estuvo en una l\u00ednea ascendente de valor durante todo el a\u00f1o sumando en todas y cada una de sus salidas en pruebas de nivel y grandes premios. Se le fue el a\u00f1o sin obtener la recompensa de la victoria, pero un tercero del Memorial y un segundo del Rom\u00e1n Mart\u00edn para cerrar temporada, fueron resultados que invitan a confiar en su merecida victoria de cara al pr\u00f3ximo a\u00f1o donde ingresar\u00e1 con una edad perfecta para intentar sumar un nuevo gran premio a un historial cada vez m\u00e1s consolidado. Es, sin lugar a duda, el estandarte de la cuadra, y as\u00ed lo seguir\u00e1 siendo de cara al pr\u00f3ximo a\u00f1o. Ahora descansa en la yeguada alejado de la competici\u00f3n para resetear su cabeza.<\/p>\n<p style=\"text-align: justify;\"><strong>\u201cSuper Rafale\u201d<\/strong> no brill\u00f3 lo que esper\u00e1bamos a principio de a\u00f1o. Fue bueno su comienzo con su primera victoria ya en valores altos, pero se qued\u00f3 sin premio en un complicado recorrido en la Poule en la que esper\u00e1bamos mucho de \u00e9l. Posiblemente, nos equivocamos despu\u00e9s con su temporada estival en las tierras del norte donde, sin quererlo, condenamos su evoluci\u00f3n. Ya en sus dos \u00faltimas de oto\u00f1o parece volvimos a generar esa confianza necesaria. Dos colocaciones en oto\u00f1o y este bonito final en tierras nazarenas con victoria para terminar el a\u00f1o igual que lo empezara, sin duda ofrece mucha confianza de cara al pr\u00f3ximo a\u00f1o. En unos d\u00edas tendr\u00e1 tambi\u00e9n a un merecido descanso en la yeguada donde pasar\u00e1 las Navidades.<\/p>\n<p style=\"text-align: justify;\"><strong>\u201cAlwin Bram<\/strong>\u201d no tuvo opci\u00f3n a rendir este a\u00f1o como estaba en los planes. Muchos problemas de salud a dos a\u00f1os, que continuaron tambi\u00e9n en esta su edad cl\u00e1sica, provocaron un deshoje de meses en el calendario sin que en ninguno vi\u00e9ramos marcado su debut. Con la perseverancia como \u00fanico aliado, pudimos verlo vestido de luces a final de temporada oto\u00f1al y, tras un digno debut, pudo ya acercarse a premios remunerados en su siguiente. Decidimos extender su temporada a tierras del sur aprovechando su frescura y mejora en los trabajos, y en su presentaci\u00f3n en Dos Hermanas el pasado viernes, logr\u00f3 salir de \u201cmaiden\u201d con gran autoridad. Una larga espera donde la incertidumbre parece haber tocado a su fin, y donde la ilusi\u00f3n a cuatro a\u00f1os comienza a coger mucha m\u00e1s fuerza, como as\u00ed marcaban sus or\u00edgenes. Sin carga de carreras durante el a\u00f1o, ser\u00e1 el \u00fanico que se mantenga en competici\u00f3n y, muy posiblemente, vuelva a tierras sevillanas en la pr\u00f3xima temporada invernal.<\/p>\n<p style=\"text-align: justify;\">Toca ahora disfrutar de la siempre bienvenida Navidad, y desconectar lo m\u00e1ximo posible de la competici\u00f3n manteniendo un ojo en la temporada de Dos Hermanas. Quiz\u00e1s no sea el exuberante postre para dar por terminada una larga cena, pero siempre deja ese dulzor especial que necesitamos para abrir el champagne y despedir el a\u00f1o. Necesitamos Dos Hermanas cuando el fr\u00edo invierno cubre Castilla, al igual que necesitamos Lasarte cuando la sofocante calorina envuelve la vieja Castilla y la Hispania ulterior. Todos nuestros mejores deseos a la temporada nazarena, y que esa afici\u00f3n sevillana aprecie el esfuerzo por mantener uno de los mejores hip\u00f3dromos europeos en cuanto a infraestructura.<\/p>\n<p style=\"text-align: justify;\">Ponemos rumbo a lo que ser\u00e1 nuestro 17\u00ba a\u00f1o en el turf con la misma ilusi\u00f3n que el primero. Con una bonita apuesta a dos a\u00f1os cargada de mucha dinamita que en breve presentaremos, cuatro efectivos de calidad inmersos en esa bonita edad cl\u00e1sica donde, ahora s\u00ed, esperamos verlos debutar en las primeras jornadas primaverales, y con los tres viejos que esperamos sigan sumando cada uno en su nivel, iniciaremos una nueva temporada que esperamos depare nuevos triunfos y, ojal\u00e1, d\u00edas de esos se\u00f1alados que queden marcados en nuestra historia.<\/p>\n<p style=\"text-align: justify;\">Por lo que respecta a la situaci\u00f3n general de nuestro turf, continuamos un a\u00f1o m\u00e1s en un arroyo estancado sin que fluya demasiada agua por un cauce cada vez m\u00e1s angosto.<br \/>\nUn turf de la mano del color pol\u00edtico de turno que gobierne, tiene pocos recursos que generen confianza, y el desarrollo est\u00e1 supeditado a \u2026 \u00a1 Vaya usted a saber !. El entorno es demasiado pol\u00edtico y eso nunca es bueno cuando va de la mano con el deporte, pero al menos, parece ser que hay cierta estabilidad, o as\u00ed cre\u00edmos todos entender al presidente de Hip\u00f3dromo de la Zarzuela en su \u201cspeach\u201d de la pasada subasta Acpsie; \u201cCompromiso y estabilidad hasta 2030\u201d fueron sus palabras de aliento a un sector que lo agradece, pero que no entiende c\u00f3mo puede ser noticia llevando (desde la reapertura) m\u00e1s de 20 a\u00f1os de pura estabilidad, pero sin un \u00e1pice de crecimiento. Ni tenemos mejores premios que anta\u00f1o, ni tenemos m\u00e1s caballos en la caba\u00f1a, ni tenemos m\u00e1s nacimientos en cr\u00eda, ni tenemos m\u00e1s aficionados, ni tenemos m\u00e1s profesionales, ni tenemos m\u00e1s ayudas, ni propietarios, ni tenemos m\u00e1s de nada. Triste, pero quien quiera rebatir esto, ah\u00ed dejo la pelota botando \u2026.<\/p>\n<p style=\"text-align: justify;\">Las ayudas a la cr\u00eda que cre\u00edamos consolidadas, se resolvieron en el \u00faltimo suspiro del a\u00f1o, y da miedo preguntar por las del pr\u00f3ximo, no vaya a ser que nos den el disgusto antes de tiempo.<br \/>\nTampoco la confirmaci\u00f3n del programa 2025 de nuestro hip\u00f3dromo referente suscita demasiado anhelo de mejora. Una reducci\u00f3n de dotaciones y jornadas no es precisamente la mejor forma de ofrecer certidumbre y \u00e1nimo al sector. Y si a eso le a\u00f1adimos tambi\u00e9n una irrebatible bajada de aficionados al recinto madrile\u00f1o durante las tres temporadas del a\u00f1o por motivos evidentes de gesti\u00f3n interna discutible, adem\u00e1s de una mala relaci\u00f3n y correspondencia con las diferentes Asociaciones que intervienen en nuestro mundo, todo parece indicar que no precisamente estamos en la mejor linea para anhelar ese mejor estado de nuestra industria el pr\u00f3ximo a\u00f1o.<\/p>\n<p style=\"text-align: justify;\">Somos conocedores de que esta nuestra industria y afici\u00f3n carecen de la fortaleza necesaria para afrontar esos retos que se iniciaron muchos a\u00f1os atr\u00e1s, pero no es de recibo que, adicionalmente, pongamos palos en las ruedas a un carro del que poca gente tira al mismo tiempo. Necesitamos esa palabra tan bonita y tan poco corriente en nuestro turf como es la <strong>\u201cunidad\u201d, <\/strong>y a la que tanto hacen referencia los m\u00e1ximos responsables que a\u00f1o a a\u00f1o aparecen en nuestro estamento reci\u00e9n llegados a su distinguido puesto. Est\u00e9riles quedan los discursos de todos los presidentes que han pasado por nuestro hip\u00f3dromo, y no son pocos en tan solo cuatro a\u00f1os, haciendo referencia a esa bandera de \u201cunidad\u201d que ondea a media asta domingo tras domingo en lugar demasiado visible como para tapar las verg\u00fcenzas. No hay unidad entre propietarios, entre Asociaciones, estamentos, hip\u00f3dromos, profesionales, etc\u2026 y as\u00ed es complicado voltear la tortilla. Necesitamos mucha m\u00e1s unidad y menos \u201csalvadores del turf\u201d para colgarse medallas de un metal que carecen de valor.<\/p>\n<p style=\"text-align: justify;\">En definitiva, creo que este \u00faltimo a\u00f1o hemos dado otro paso atr\u00e1s en todo lo que envuelve este bonito espect\u00e1culo y afici\u00f3n. Todo es vol\u00e1til, todo es cambiante, no hay unidad entre los estamentos que sujetan el circo, no hay una firme apuesta, no hemos logrado la visibilidad esperada, hemos cerrado puertas a familias enteras que acud\u00edan los domingos a pasar un bonito d\u00eda, jockeys que emigran a otros pa\u00edses buscando mejor futuro o mejores contratos, o que simplemente tiran la toalla, propietarios funambulistas sin red que apuestan su dinero con la inconsciencia apoyada solo en su afici\u00f3n y v\u00eda de escape, cr\u00eda sin futuro\u2026. Y no sigo porque ser\u00eda doloso no seguir creyendo que alg\u00fan d\u00eda despertaremos de este mal sue\u00f1o antes de convertirse en pesadilla. Dicho esto, y por poner en escena algo de positivismo, no queda otra que seguir confiando en los responsables de nuestros distintos estamentos a la espera de que podamos ver que el arroyo comienza a fluir, y poco a poco vaya ensanchando el cauce.<\/p>\n<p style=\"text-align: justify;\">Para terminar, me quedo con una frase de uno de nuestros propietarios referentes con muchos a\u00f1os de experiencia en el mundo del turf, y que resume con aguda iron\u00eda la situaci\u00f3n de nuestro turf; <em>\u201cla prueba m\u00e1s fehaciente de que Dios existe es que sigue habiendo carreras de caballos en nuestro pa\u00eds.\u201d<\/em><\/p>\n<p style=\"text-align: justify;\">Feliz Navidad a todos, y que los mejores deseos de cada uno se hagan realidad en 2025.<\/p>\n<!-- AddThis Advanced Settings generic via filter on the_content --><!-- AddThis Share Buttons generic via filter on the_content -->","protected":false},"excerpt":{"rendered":"<p>Finalizada la temporada oto\u00f1al en Hip\u00f3dromo de Madrid hace apenas dos semanas, terminamos tambi\u00e9n nuestra participaci\u00f3n en la temporada sevillana donde obtuvimos dos victorias con \u201cAlwin Bram\u201d y \u201cSuper Rafale\u201d en un bonito fin de semana de \u00abmagnas\u00bb procesiones que endulz\u00f3 un a\u00f1o sin demasiada fortuna. Como todos los a\u00f1os, es momento de hacer balance [&hellip;]<!-- AddThis Advanced Settings generic via filter on get_the_excerpt --><!-- AddThis Share Buttons generic via filter on get_the_excerpt --><\/p>\n","protected":false},"author":5,"featured_media":15650,"comment_status":"closed","ping_status":"open","sticky":false,"template":"","format":"standard","meta":{"_acf_changed":false,"_et_pb_use_builder":"","_et_pb_old_content":"","_et_gb_content_width":"","footnotes":""},"categories":[3],"tags":[],"class_list":["post-15647","post","type-post","status-publish","format-standard","has-post-thumbnail","hentry","category-noticias-cuadra-agrado"],"acf":[],"yoast_head":"<!-- This site is optimized with the Yoast SEO plugin v27.4 - https:\/\/yoast.com\/product\/yoast-seo-wordpress\/ -->\n<title>Alwin Bram y Super Rafale despiden el a\u00f1o por sevillanas - Cuadra Agrado<\/title>\n<meta name=\"robots\" content=\"index, follow, max-snippet:-1, max-image-preview:large, max-video-preview:-1\" \/>\n<link rel=\"canonical\" href=\"https:\/\/cuadra-agrado.es\/?p=15647\" \/>\n<meta property=\"og:locale\" content=\"es_ES\" \/>\n<meta property=\"og:type\" content=\"article\" \/>\n<meta property=\"og:title\" content=\"Alwin Bram y Super Rafale despiden el a\u00f1o por sevillanas - Cuadra Agrado\" \/>\n<meta property=\"og:description\" content=\"Finalizada la temporada oto\u00f1al en Hip\u00f3dromo de Madrid hace apenas dos semanas, terminamos tambi\u00e9n nuestra participaci\u00f3n en la temporada sevillana donde obtuvimos dos victorias con \u201cAlwin Bram\u201d y \u201cSuper Rafale\u201d en un bonito fin de semana de \u00abmagnas\u00bb procesiones que endulz\u00f3 un a\u00f1o sin demasiada fortuna. Como todos los a\u00f1os, es momento de hacer balance [&hellip;]\" \/>\n<meta property=\"og:url\" content=\"https:\/\/cuadra-agrado.es\/?p=15647\" \/>\n<meta property=\"og:site_name\" content=\"Cuadra Agrado\" \/>\n<meta property=\"article:published_time\" content=\"2024-12-08T18:07:35+00:00\" \/>\n<meta property=\"article:modified_time\" content=\"2024-12-09T08:45:29+00:00\" \/>\n<meta property=\"og:image\" content=\"https:\/\/cuadra-agrado.es\/wp-content\/uploads\/2024\/12\/GeSRdtFXcAEsjhJ.jpeg\" \/>\n\t<meta property=\"og:image:width\" content=\"1600\" \/>\n\t<meta property=\"og:image:height\" content=\"720\" \/>\n\t<meta property=\"og:image:type\" content=\"image\/jpeg\" \/>\n<meta name=\"author\" content=\"Miguel Redondo\" \/>\n<meta name=\"twitter:card\" content=\"summary_large_image\" \/>\n<meta name=\"twitter:creator\" content=\"@AGRADOracing\" \/>\n<meta name=\"twitter:site\" content=\"@AGRADOracing\" \/>\n<meta name=\"twitter:label1\" content=\"Escrito por\" \/>\n\t<meta name=\"twitter:data1\" content=\"Miguel Redondo\" \/>\n\t<meta name=\"twitter:label2\" content=\"Tiempo de lectura\" \/>\n\t<meta name=\"twitter:data2\" content=\"8 minutos\" \/>\n<script type=\"application\/ld+json\" class=\"yoast-schema-graph\">{\"@context\":\"https:\\\/\\\/schema.org\",\"@graph\":[{\"@type\":\"Article\",\"@id\":\"https:\\\/\\\/cuadra-agrado.es\\\/?p=15647#article\",\"isPartOf\":{\"@id\":\"https:\\\/\\\/cuadra-agrado.es\\\/?p=15647\"},\"author\":{\"name\":\"Miguel Redondo\",\"@id\":\"https:\\\/\\\/cuadra-agrado.es\\\/#\\\/schema\\\/person\\\/3aa4f8d2373cf756d93a5526bc72f31b\"},\"headline\":\"Alwin Bram y Super Rafale despiden el a\u00f1o por sevillanas\",\"datePublished\":\"2024-12-08T18:07:35+00:00\",\"dateModified\":\"2024-12-09T08:45:29+00:00\",\"mainEntityOfPage\":{\"@id\":\"https:\\\/\\\/cuadra-agrado.es\\\/?p=15647\"},\"wordCount\":1653,\"image\":{\"@id\":\"https:\\\/\\\/cuadra-agrado.es\\\/?p=15647#primaryimage\"},\"thumbnailUrl\":\"https:\\\/\\\/cuadra-agrado.es\\\/wp-content\\\/uploads\\\/2024\\\/12\\\/GeSRdtFXcAEsjhJ.jpeg\",\"articleSection\":[\"Actualidad\"],\"inLanguage\":\"es\"},{\"@type\":\"WebPage\",\"@id\":\"https:\\\/\\\/cuadra-agrado.es\\\/?p=15647\",\"url\":\"https:\\\/\\\/cuadra-agrado.es\\\/?p=15647\",\"name\":\"Alwin Bram y Super Rafale despiden el a\u00f1o por sevillanas - Cuadra Agrado\",\"isPartOf\":{\"@id\":\"https:\\\/\\\/cuadra-agrado.es\\\/#website\"},\"primaryImageOfPage\":{\"@id\":\"https:\\\/\\\/cuadra-agrado.es\\\/?p=15647#primaryimage\"},\"image\":{\"@id\":\"https:\\\/\\\/cuadra-agrado.es\\\/?p=15647#primaryimage\"},\"thumbnailUrl\":\"https:\\\/\\\/cuadra-agrado.es\\\/wp-content\\\/uploads\\\/2024\\\/12\\\/GeSRdtFXcAEsjhJ.jpeg\",\"datePublished\":\"2024-12-08T18:07:35+00:00\",\"dateModified\":\"2024-12-09T08:45:29+00:00\",\"author\":{\"@id\":\"https:\\\/\\\/cuadra-agrado.es\\\/#\\\/schema\\\/person\\\/3aa4f8d2373cf756d93a5526bc72f31b\"},\"breadcrumb\":{\"@id\":\"https:\\\/\\\/cuadra-agrado.es\\\/?p=15647#breadcrumb\"},\"inLanguage\":\"es\",\"potentialAction\":[{\"@type\":\"ReadAction\",\"target\":[\"https:\\\/\\\/cuadra-agrado.es\\\/?p=15647\"]}]},{\"@type\":\"ImageObject\",\"inLanguage\":\"es\",\"@id\":\"https:\\\/\\\/cuadra-agrado.es\\\/?p=15647#primaryimage\",\"url\":\"https:\\\/\\\/cuadra-agrado.es\\\/wp-content\\\/uploads\\\/2024\\\/12\\\/GeSRdtFXcAEsjhJ.jpeg\",\"contentUrl\":\"https:\\\/\\\/cuadra-agrado.es\\\/wp-content\\\/uploads\\\/2024\\\/12\\\/GeSRdtFXcAEsjhJ.jpeg\",\"width\":1600,\"height\":720},{\"@type\":\"BreadcrumbList\",\"@id\":\"https:\\\/\\\/cuadra-agrado.es\\\/?p=15647#breadcrumb\",\"itemListElement\":[{\"@type\":\"ListItem\",\"position\":1,\"name\":\"Portada\",\"item\":\"https:\\\/\\\/cuadra-agrado.es\\\/\"},{\"@type\":\"ListItem\",\"position\":2,\"name\":\"Alwin Bram y Super Rafale despiden el a\u00f1o por sevillanas\"}]},{\"@type\":\"WebSite\",\"@id\":\"https:\\\/\\\/cuadra-agrado.es\\\/#website\",\"url\":\"https:\\\/\\\/cuadra-agrado.es\\\/\",\"name\":\"Cuadra Agrado\",\"description\":\"En el mundo del Turf desde 2008\",\"potentialAction\":[{\"@type\":\"SearchAction\",\"target\":{\"@type\":\"EntryPoint\",\"urlTemplate\":\"https:\\\/\\\/cuadra-agrado.es\\\/?s={search_term_string}\"},\"query-input\":{\"@type\":\"PropertyValueSpecification\",\"valueRequired\":true,\"valueName\":\"search_term_string\"}}],\"inLanguage\":\"es\"},{\"@type\":\"Person\",\"@id\":\"https:\\\/\\\/cuadra-agrado.es\\\/#\\\/schema\\\/person\\\/3aa4f8d2373cf756d93a5526bc72f31b\",\"name\":\"Miguel Redondo\",\"image\":{\"@type\":\"ImageObject\",\"inLanguage\":\"es\",\"@id\":\"https:\\\/\\\/secure.gravatar.com\\\/avatar\\\/85704fceb4fa34017e3c1344d182da00dbf772fb8856ba2b7726a2df926415b4?s=96&d=mm&r=g\",\"url\":\"https:\\\/\\\/secure.gravatar.com\\\/avatar\\\/85704fceb4fa34017e3c1344d182da00dbf772fb8856ba2b7726a2df926415b4?s=96&d=mm&r=g\",\"contentUrl\":\"https:\\\/\\\/secure.gravatar.com\\\/avatar\\\/85704fceb4fa34017e3c1344d182da00dbf772fb8856ba2b7726a2df926415b4?s=96&d=mm&r=g\",\"caption\":\"Miguel Redondo\"},\"sameAs\":[\"https:\\\/\\\/cuadra-agrado.es\"],\"url\":\"https:\\\/\\\/cuadra-agrado.es\\\/?author=5\"}]}<\/script>\n<!-- \/ Yoast SEO plugin. -->","yoast_head_json":{"title":"Alwin Bram y Super Rafale despiden el a\u00f1o por sevillanas - Cuadra Agrado","robots":{"index":"index","follow":"follow","max-snippet":"max-snippet:-1","max-image-preview":"max-image-preview:large","max-video-preview":"max-video-preview:-1"},"canonical":"https:\/\/cuadra-agrado.es\/?p=15647","og_locale":"es_ES","og_type":"article","og_title":"Alwin Bram y Super Rafale despiden el a\u00f1o por sevillanas - Cuadra Agrado","og_description":"Finalizada la temporada oto\u00f1al en Hip\u00f3dromo de Madrid hace apenas dos semanas, terminamos tambi\u00e9n nuestra participaci\u00f3n en la temporada sevillana donde obtuvimos dos victorias con \u201cAlwin Bram\u201d y \u201cSuper Rafale\u201d en un bonito fin de semana de \u00abmagnas\u00bb procesiones que endulz\u00f3 un a\u00f1o sin demasiada fortuna. Como todos los a\u00f1os, es momento de hacer balance [&hellip;]","og_url":"https:\/\/cuadra-agrado.es\/?p=15647","og_site_name":"Cuadra Agrado","article_published_time":"2024-12-08T18:07:35+00:00","article_modified_time":"2024-12-09T08:45:29+00:00","og_image":[{"width":1600,"height":720,"url":"https:\/\/cuadra-agrado.es\/wp-content\/uploads\/2024\/12\/GeSRdtFXcAEsjhJ.jpeg","type":"image\/jpeg"}],"author":"Miguel Redondo","twitter_card":"summary_large_image","twitter_creator":"@AGRADOracing","twitter_site":"@AGRADOracing","twitter_misc":{"Escrito por":"Miguel Redondo","Tiempo de lectura":"8 minutos"},"schema":{"@context":"https:\/\/schema.org","@graph":[{"@type":"Article","@id":"https:\/\/cuadra-agrado.es\/?p=15647#article","isPartOf":{"@id":"https:\/\/cuadra-agrado.es\/?p=15647"},"author":{"name":"Miguel Redondo","@id":"https:\/\/cuadra-agrado.es\/#\/schema\/person\/3aa4f8d2373cf756d93a5526bc72f31b"},"headline":"Alwin Bram y Super Rafale despiden el a\u00f1o por sevillanas","datePublished":"2024-12-08T18:07:35+00:00","dateModified":"2024-12-09T08:45:29+00:00","mainEntityOfPage":{"@id":"https:\/\/cuadra-agrado.es\/?p=15647"},"wordCount":1653,"image":{"@id":"https:\/\/cuadra-agrado.es\/?p=15647#primaryimage"},"thumbnailUrl":"https:\/\/cuadra-agrado.es\/wp-content\/uploads\/2024\/12\/GeSRdtFXcAEsjhJ.jpeg","articleSection":["Actualidad"],"inLanguage":"es"},{"@type":"WebPage","@id":"https:\/\/cuadra-agrado.es\/?p=15647","url":"https:\/\/cuadra-agrado.es\/?p=15647","name":"Alwin Bram y Super Rafale despiden el a\u00f1o por sevillanas - Cuadra Agrado","isPartOf":{"@id":"https:\/\/cuadra-agrado.es\/#website"},"primaryImageOfPage":{"@id":"https:\/\/cuadra-agrado.es\/?p=15647#primaryimage"},"image":{"@id":"https:\/\/cuadra-agrado.es\/?p=15647#primaryimage"},"thumbnailUrl":"https:\/\/cuadra-agrado.es\/wp-content\/uploads\/2024\/12\/GeSRdtFXcAEsjhJ.jpeg","datePublished":"2024-12-08T18:07:35+00:00","dateModified":"2024-12-09T08:45:29+00:00","author":{"@id":"https:\/\/cuadra-agrado.es\/#\/schema\/person\/3aa4f8d2373cf756d93a5526bc72f31b"},"breadcrumb":{"@id":"https:\/\/cuadra-agrado.es\/?p=15647#breadcrumb"},"inLanguage":"es","potentialAction":[{"@type":"ReadAction","target":["https:\/\/cuadra-agrado.es\/?p=15647"]}]},{"@type":"ImageObject","inLanguage":"es","@id":"https:\/\/cuadra-agrado.es\/?p=15647#primaryimage","url":"https:\/\/cuadra-agrado.es\/wp-content\/uploads\/2024\/12\/GeSRdtFXcAEsjhJ.jpeg","contentUrl":"https:\/\/cuadra-agrado.es\/wp-content\/uploads\/2024\/12\/GeSRdtFXcAEsjhJ.jpeg","width":1600,"height":720},{"@type":"BreadcrumbList","@id":"https:\/\/cuadra-agrado.es\/?p=15647#breadcrumb","itemListElement":[{"@type":"ListItem","position":1,"name":"Portada","item":"https:\/\/cuadra-agrado.es\/"},{"@type":"ListItem","position":2,"name":"Alwin Bram y Super Rafale despiden el a\u00f1o por sevillanas"}]},{"@type":"WebSite","@id":"https:\/\/cuadra-agrado.es\/#website","url":"https:\/\/cuadra-agrado.es\/","name":"Cuadra Agrado","description":"En el mundo del Turf desde 2008","potentialAction":[{"@type":"SearchAction","target":{"@type":"EntryPoint","urlTemplate":"https:\/\/cuadra-agrado.es\/?s={search_term_string}"},"query-input":{"@type":"PropertyValueSpecification","valueRequired":true,"valueName":"search_term_string"}}],"inLanguage":"es"},{"@type":"Person","@id":"https:\/\/cuadra-agrado.es\/#\/schema\/person\/3aa4f8d2373cf756d93a5526bc72f31b","name":"Miguel Redondo","image":{"@type":"ImageObject","inLanguage":"es","@id":"https:\/\/secure.gravatar.com\/avatar\/85704fceb4fa34017e3c1344d182da00dbf772fb8856ba2b7726a2df926415b4?s=96&d=mm&r=g","url":"https:\/\/secure.gravatar.com\/avatar\/85704fceb4fa34017e3c1344d182da00dbf772fb8856ba2b7726a2df926415b4?s=96&d=mm&r=g","contentUrl":"https:\/\/secure.gravatar.com\/avatar\/85704fceb4fa34017e3c1344d182da00dbf772fb8856ba2b7726a2df926415b4?s=96&d=mm&r=g","caption":"Miguel Redondo"},"sameAs":["https:\/\/cuadra-agrado.es"],"url":"https:\/\/cuadra-agrado.es\/?author=5"}]}},"_links":{"self":[{"href":"https:\/\/cuadra-agrado.es\/index.php?rest_route=\/wp\/v2\/posts\/15647","targetHints":{"allow":["GET"]}}],"collection":[{"href":"https:\/\/cuadra-agrado.es\/index.php?rest_route=\/wp\/v2\/posts"}],"about":[{"href":"https:\/\/cuadra-agrado.es\/index.php?rest_route=\/wp\/v2\/types\/post"}],"author":[{"embeddable":true,"href":"https:\/\/cuadra-agrado.es\/index.php?rest_route=\/wp\/v2\/users\/5"}],"replies":[{"embeddable":true,"href":"https:\/\/cuadra-agrado.es\/index.php?rest_route=%2Fwp%2Fv2%2Fcomments&post=15647"}],"version-history":[{"count":10,"href":"https:\/\/cuadra-agrado.es\/index.php?rest_route=\/wp\/v2\/posts\/15647\/revisions"}],"predecessor-version":[{"id":15662,"href":"https:\/\/cuadra-agrado.es\/index.php?rest_route=\/wp\/v2\/posts\/15647\/revisions\/15662"}],"wp:featuredmedia":[{"embeddable":true,"href":"https:\/\/cuadra-agrado.es\/index.php?rest_route=\/wp\/v2\/media\/15650"}],"wp:attachment":[{"href":"https:\/\/cuadra-agrado.es\/index.php?rest_route=%2Fwp%2Fv2%2Fmedia&parent=15647"}],"wp:term":[{"taxonomy":"category","embeddable":true,"href":"https:\/\/cuadra-agrado.es\/index.php?rest_route=%2Fwp%2Fv2%2Fcategories&post=15647"},{"taxonomy":"post_tag","embeddable":true,"href":"https:\/\/cuadra-agrado.es\/index.php?rest_route=%2Fwp%2Fv2%2Ftags&post=15647"}],"curies":[{"name":"wp","href":"https:\/\/api.w.org\/{rel}","templated":true}]}}