{"id":15604,"date":"2024-11-04T15:12:53","date_gmt":"2024-11-04T15:12:53","guid":{"rendered":"https:\/\/cuadra-agrado.es\/?p=15604"},"modified":"2024-11-11T07:45:02","modified_gmt":"2024-11-11T07:45:02","slug":"kowalsky-y-super-rafale-cierran-el-otono","status":"publish","type":"post","link":"https:\/\/cuadra-agrado.es\/?p=15604","title":{"rendered":"Kowalsky y Super Rafale cierran un triste oto\u00f1o"},"content":{"rendered":"<p style=\"text-align: justify;\">Tras la devastadora y cruel realidad que ha dejado la \u00abDANA\u00bb en territorio de la Comunidad Valenciana, pocas ganas quedan para escribir cr\u00f3nicas turf\u00edsticas, o de cualquier otra \u00edndole que no sirvan para prestar una m\u00ednima ayuda a una poblaci\u00f3n desconsolada que lo est\u00e1 pasando realmente mal. Desde la Cuadra Agrado queremos enviar todo nuestro apoyo y deseos a una pronta vuelta a la normalidad que, lamentablemente en estos momentos, se hace dif\u00edcil de pronosticar en el tiempo. Queremos tambi\u00e9n enviar nuestro cari\u00f1o y apoyo a todas aquellas personas y familias que han perdido gran parte de su vida en sus hogares, empresas, o puestos de trabajos y, por supuesto, hacer llegar nuestras m\u00e1s sinceras condolencias a todos aquellos que han perdido algo mucho m\u00e1s importante como son familiares o amigos en esta cruel pesadilla.<br \/>\nAunque ahora mismo no sirva de mucho, queremos tambi\u00e9n anticipar que el 25% del montante de premios que podamos obtener este pr\u00f3ximo domingo ser\u00e1n donados directamente a una familia elegida al azar de entre todos los damnificados de las zonas m\u00e1s castigadas. De igual forma, en el caso de no recibir ninguna cuant\u00eda en premios, realizaremos una donaci\u00f3n econ\u00f3mica de manera particular. Para ello, una vez pasen estos primeros d\u00edas de caos, nos desplazaremos personalmente a la zona afectada para destinar nuestra ayuda de manera directa a quien consideremos m\u00e1s vulnerable o necesitado.<\/p>\n<p style=\"text-align: justify;\">Pasamos con tristeza a la cr\u00f3nica de una triste jornada de oto\u00f1o.<br \/>\nAntepen\u00faltima jornada oto\u00f1al la que podremos presenciar el pr\u00f3ximo domingo en el recinto madrile\u00f1o en la que se disputar\u00e1 el pen\u00faltimo Gran Premio de la temporada en memoria del gran Rom\u00e1n Mart\u00edn. Un Gran Premio sobre distancia de 2.000 metros en el que seremos protagonistas con la \u00faltima participaci\u00f3n de la temporada de \u201c<strong>Kowalsky<\/strong>\u201d, y en la que intentaremos buscar esa \u00faltima oportunidad del a\u00f1o.<\/p>\n<p style=\"text-align: justify;\">Sin haber pasado por ganadores, sabe algo amargo el a\u00f1o de \u201c<strong>Kowalsky<\/strong>\u201d en este su inicio en su edad adulta, pero echando la vista atr\u00e1s, tampoco tenemos reproche alguno a sus seis actuaciones durante el a\u00f1o, donde ha sumado premios en cada una de las exigentes pruebas que ha disputado. Despu\u00e9s de un duro oto\u00f1o cl\u00e1sico del pasado a\u00f1o donde termin\u00f3 con la reserva encendida, comenzaba esta su edad adulta con un tercero en su reaparici\u00f3n primaveral con una forma m\u00ednima para competir. En su segunda salida ya mucho m\u00e1s puesto, solo un exultante \u201c<strong>Lisicles<\/strong>\u201d en plena forma pudo con \u00e9l para cerrar la gemela en una prueba de mucha calidad. Su tercera un mes despu\u00e9s en el premio Jose Luis Mart\u00ednez ante un lote tambi\u00e9n de mucho nivel se colg\u00f3 un nuevo bronce por detr\u00e1s nuevamente de \u201c<strong>Lisicles<\/strong>\u201d y de un \u201c<strong>Alcaraz<\/strong>\u201d en su mejor momento. Con la primavera completada con buenas expectativas, pusimos en marcha el objetivo marcado a principios de a\u00f1o con la aventura de la Copa de Oro donostiarra. Generaba l\u00f3gicas dudas su adaptaci\u00f3n, y quisimos estar en la preparatoria para verificar su condici\u00f3n a una pista siempre compleja, que finalmente no fue positiva. Un viaje complicado y un trazado en el que se vio perdido y desbordado desde el inicio, para terminar con un lejano cuarto puesto, nos oblig\u00f3 a desechar definitivamente el objetivo marcado durante el a\u00f1o y cambiar su ruta. Con un breve descanso estival, ya inmerso en la temporada oto\u00f1al disput\u00f3 la preparatoria al Memorial con nuevo bronce, gan\u00e1ndose billete para la gran final del oto\u00f1o que culmin\u00f3 en un bonito GP Memorial cargado de mucha p\u00f3lvora y en el que se supo ganar por m\u00e9ritos propios otro fant\u00e1stico bronce de gran valor que le sirvi\u00f3 para recuperar sus mejores valores del Derby.<\/p>\n<p style=\"text-align: justify;\">\u201c<strong>Kowasky<\/strong>\u201d llega a esta nueva edici\u00f3n del Rom\u00e1n Martin en su \u00faltima prueba del a\u00f1o sin su merecida victoria en el a\u00f1o, pero con la confianza y condici\u00f3n de los mejores de nuestro turf.<br \/>\nSu actual valor 43 le concede nuevamente una probabilidad de lucha y, quien sabe, si el caprichoso destino le tiene guardado esa bonita recompensa en su \u00faltima carrera despu\u00e9s de tanto trabajo en un a\u00f1o desierto de victorias. Llega en esa mejor condici\u00f3n que demostrara en el pasado memorial, y teniendo claro que aqu\u00ed debemos ser mucho m\u00e1s valientes que en todas sus anteriores. Ya no valen recorridos a la espera. Ahora toca viajar con valent\u00eda durante todo el recorrido, y extraer desde la curva con coraje y confianza ese sprint largo y tendido que le sirva para poner dura la recta final a sus rivales y luchar esa victoria que merece. Ha demostrado que es un caballo de mucho aliento, y por ello en esta distancia de 2.000 metros es necesario multiplicar los metros haci\u00e9ndolos lo m\u00e1s duros posibles.<\/p>\n<p style=\"text-align: justify;\">Para ello, hemos decidido contar con la en\u00e9rgica monta del franc\u00e9s Guillaume Guedj-Gay que se subir\u00e1 en \u201c<strong>Kowalsky<\/strong>\u201d por primera vez con la m\u00e1s firme intenci\u00f3n de poner toda esa carne en el asador y competir nuevamente con los grandes de un partant donde se encontrar\u00e1 nuevamente con los viejos de valor <strong>\u00a0\u201cNaranco\u201d, \u201cWar of Dance\u201d y \u201cAlcara<\/strong>z\u201d como principales enemigos de la contienda, y un valiente \u201c<strong>Velerin<\/strong>\u201d como \u00fanico tres a\u00f1os de un bonito gran premio de ocho participantes.<\/p>\n<p style=\"text-align: justify;\">En esta misma jornada, despediremos tambi\u00e9n a \u201c<strong>Super Rafale<\/strong>\u201d de la temporada oto\u00f1al. Con muchas esperanzas depositadas en su edad cl\u00e1sica desde que inici\u00e1ramos la competici\u00f3n a finales de sus dos a\u00f1os, finalmente no ha podido relucir tanto como esper\u00e1bamos. Reapareci\u00f3 bien en el Savater de inicios de primavera con una cuarta plaza que le sirvi\u00f3 para coger forma y darnos la primera victoria ya en su segunda salida. La ilusi\u00f3n y confianza ya ten\u00eda una base solida. El principal objetivo de la Poule a la que acud\u00edamos con esa misma confianza se convirti\u00f3 en un varapalo inesperado con muchos problemas de tr\u00e1fico en la recta que le impidieron luchar una carrera a la que llegaba en plenitud de forma. Un mes despu\u00e9s de aquel desafortunado d\u00eda, su gran segundo puesto en la preparatoria al Carudel de los de su edad a una nariz de \u201c<strong>X Ray<\/strong>s\u201d volvi\u00f3 a llenarnos de confianza y, sobre todo, desmentir su mal resultado en la Poule. Pero desgraciadamente, nos equivocamos en afrontar su verano en tierras del norte donde nos demostr\u00f3 en su preparatoria al Gobierno Vasco que aquella pista no era de su agrado, ni tampoco le gustaban los viajes. Una mala lecci\u00f3n que pas\u00f3 factura todav\u00eda en su primera de Madrid sobre una pista blanda que tampoco ayud\u00f3 a su reencuentro, pero que hemos podido ir recuperando en sus dos precedentes oto\u00f1ales de vuelta al dinero sin hacer demasiado ruido.<\/p>\n<p style=\"text-align: justify;\">Llega a este su segundo h\u00e1ndicap de valor muy bien situado y con muy buenas opciones para luchar contra los pesos pesados de la prueba en plena expansi\u00f3n de valor como es el caso de <strong>\u201cLose your Wad<\/strong>\u201d. Necesitamos aprovechar esa ventaja de peso que nos concedieron sus malas actuaciones estivales, y aprovechar tambi\u00e9n la misma monta francesa para afrontar el reto con garant\u00edas y en una distancia millera mucho m\u00e1s acorde a su condici\u00f3n, en la que igual que su compa\u00f1ero, deber\u00e1 afrontarla con confianza y valent\u00eda. Solo un h\u00e1ndicap en contra a tener muy en cuenta, y no es otro que el posible estado del terreno. Sus actuaciones en blando son realmente malas, y eso provoca dudas y resta opciones, si finalmente se encuentra con una pista en condiciones parecidas a estas \u00faltimas jornadas. No hay previsiones de lluvia durante la semana, y eso es buena se\u00f1al, pero el terreno en esta \u00e9poca del a\u00f1o con todo lo llovido hasta la fecha casi es seguro nos podremos encontrar con una pista blanda o muy blanda, y este dato no incita a que est\u00e9 en la mejor condici\u00f3n que requiere este hijo de \u201c<strong>Holy Roman Emperor<\/strong>\u201d. A\u00fan as\u00ed, trataremos de buscar nuestra opci\u00f3n y concluir con esas buenas sensaciones que siempre vienen muy bien de cara al descanso invernal.<\/p>\n<p style=\"text-align: justify;\">Mucha suerte equipo y mucha fuerza VALENCIA!!<\/p>\n<!-- AddThis Advanced Settings generic via filter on the_content --><!-- AddThis Share Buttons generic via filter on the_content -->","protected":false},"excerpt":{"rendered":"<p>Tras la devastadora y cruel realidad que ha dejado la \u00abDANA\u00bb en territorio de la Comunidad Valenciana, pocas ganas quedan para escribir cr\u00f3nicas turf\u00edsticas, o de cualquier otra \u00edndole que no sirvan para prestar una m\u00ednima ayuda a una poblaci\u00f3n desconsolada que lo est\u00e1 pasando realmente mal. Desde la Cuadra Agrado queremos enviar todo nuestro [&hellip;]<!-- AddThis Advanced Settings generic via filter on get_the_excerpt --><!-- AddThis Share Buttons generic via filter on get_the_excerpt --><\/p>\n","protected":false},"author":5,"featured_media":15526,"comment_status":"closed","ping_status":"open","sticky":false,"template":"","format":"standard","meta":{"_acf_changed":false,"_et_pb_use_builder":"","_et_pb_old_content":"","_et_gb_content_width":"","footnotes":""},"categories":[3],"tags":[],"class_list":["post-15604","post","type-post","status-publish","format-standard","has-post-thumbnail","hentry","category-noticias-cuadra-agrado"],"acf":[],"yoast_head":"<!-- This site is optimized with the Yoast SEO plugin v27.4 - https:\/\/yoast.com\/product\/yoast-seo-wordpress\/ -->\n<title>Kowalsky y Super Rafale cierran un triste oto\u00f1o - Cuadra Agrado<\/title>\n<meta name=\"robots\" content=\"index, follow, max-snippet:-1, max-image-preview:large, max-video-preview:-1\" \/>\n<link rel=\"canonical\" href=\"https:\/\/cuadra-agrado.es\/?p=15604\" \/>\n<meta property=\"og:locale\" content=\"es_ES\" \/>\n<meta property=\"og:type\" content=\"article\" \/>\n<meta property=\"og:title\" content=\"Kowalsky y Super Rafale cierran un triste oto\u00f1o - Cuadra Agrado\" \/>\n<meta property=\"og:description\" content=\"Tras la devastadora y cruel realidad que ha dejado la \u00abDANA\u00bb en territorio de la Comunidad Valenciana, pocas ganas quedan para escribir cr\u00f3nicas turf\u00edsticas, o de cualquier otra \u00edndole que no sirvan para prestar una m\u00ednima ayuda a una poblaci\u00f3n desconsolada que lo est\u00e1 pasando realmente mal. Desde la Cuadra Agrado queremos enviar todo nuestro [&hellip;]\" \/>\n<meta property=\"og:url\" content=\"https:\/\/cuadra-agrado.es\/?p=15604\" \/>\n<meta property=\"og:site_name\" content=\"Cuadra Agrado\" \/>\n<meta property=\"article:published_time\" content=\"2024-11-04T15:12:53+00:00\" \/>\n<meta property=\"article:modified_time\" content=\"2024-11-11T07:45:02+00:00\" \/>\n<meta property=\"og:image\" content=\"https:\/\/cuadra-agrado.es\/wp-content\/uploads\/2024\/10\/Kowaslky.jpeg\" \/>\n\t<meta property=\"og:image:width\" content=\"2048\" \/>\n\t<meta property=\"og:image:height\" content=\"1152\" \/>\n\t<meta property=\"og:image:type\" content=\"image\/jpeg\" \/>\n<meta name=\"author\" content=\"Miguel Redondo\" \/>\n<meta name=\"twitter:card\" content=\"summary_large_image\" \/>\n<meta name=\"twitter:creator\" content=\"@AGRADOracing\" \/>\n<meta name=\"twitter:site\" content=\"@AGRADOracing\" \/>\n<meta name=\"twitter:label1\" content=\"Escrito por\" \/>\n\t<meta name=\"twitter:data1\" content=\"Miguel Redondo\" \/>\n\t<meta name=\"twitter:label2\" content=\"Tiempo de lectura\" \/>\n\t<meta name=\"twitter:data2\" content=\"7 minutos\" \/>\n<script type=\"application\/ld+json\" class=\"yoast-schema-graph\">{\"@context\":\"https:\\\/\\\/schema.org\",\"@graph\":[{\"@type\":\"Article\",\"@id\":\"https:\\\/\\\/cuadra-agrado.es\\\/?p=15604#article\",\"isPartOf\":{\"@id\":\"https:\\\/\\\/cuadra-agrado.es\\\/?p=15604\"},\"author\":{\"name\":\"Miguel Redondo\",\"@id\":\"https:\\\/\\\/cuadra-agrado.es\\\/#\\\/schema\\\/person\\\/3aa4f8d2373cf756d93a5526bc72f31b\"},\"headline\":\"Kowalsky y Super Rafale cierran un triste oto\u00f1o\",\"datePublished\":\"2024-11-04T15:12:53+00:00\",\"dateModified\":\"2024-11-11T07:45:02+00:00\",\"mainEntityOfPage\":{\"@id\":\"https:\\\/\\\/cuadra-agrado.es\\\/?p=15604\"},\"wordCount\":1431,\"image\":{\"@id\":\"https:\\\/\\\/cuadra-agrado.es\\\/?p=15604#primaryimage\"},\"thumbnailUrl\":\"https:\\\/\\\/cuadra-agrado.es\\\/wp-content\\\/uploads\\\/2024\\\/10\\\/Kowaslky.jpeg\",\"articleSection\":[\"Actualidad\"],\"inLanguage\":\"es\"},{\"@type\":\"WebPage\",\"@id\":\"https:\\\/\\\/cuadra-agrado.es\\\/?p=15604\",\"url\":\"https:\\\/\\\/cuadra-agrado.es\\\/?p=15604\",\"name\":\"Kowalsky y Super Rafale cierran un triste oto\u00f1o - Cuadra Agrado\",\"isPartOf\":{\"@id\":\"https:\\\/\\\/cuadra-agrado.es\\\/#website\"},\"primaryImageOfPage\":{\"@id\":\"https:\\\/\\\/cuadra-agrado.es\\\/?p=15604#primaryimage\"},\"image\":{\"@id\":\"https:\\\/\\\/cuadra-agrado.es\\\/?p=15604#primaryimage\"},\"thumbnailUrl\":\"https:\\\/\\\/cuadra-agrado.es\\\/wp-content\\\/uploads\\\/2024\\\/10\\\/Kowaslky.jpeg\",\"datePublished\":\"2024-11-04T15:12:53+00:00\",\"dateModified\":\"2024-11-11T07:45:02+00:00\",\"author\":{\"@id\":\"https:\\\/\\\/cuadra-agrado.es\\\/#\\\/schema\\\/person\\\/3aa4f8d2373cf756d93a5526bc72f31b\"},\"breadcrumb\":{\"@id\":\"https:\\\/\\\/cuadra-agrado.es\\\/?p=15604#breadcrumb\"},\"inLanguage\":\"es\",\"potentialAction\":[{\"@type\":\"ReadAction\",\"target\":[\"https:\\\/\\\/cuadra-agrado.es\\\/?p=15604\"]}]},{\"@type\":\"ImageObject\",\"inLanguage\":\"es\",\"@id\":\"https:\\\/\\\/cuadra-agrado.es\\\/?p=15604#primaryimage\",\"url\":\"https:\\\/\\\/cuadra-agrado.es\\\/wp-content\\\/uploads\\\/2024\\\/10\\\/Kowaslky.jpeg\",\"contentUrl\":\"https:\\\/\\\/cuadra-agrado.es\\\/wp-content\\\/uploads\\\/2024\\\/10\\\/Kowaslky.jpeg\",\"width\":2048,\"height\":1152},{\"@type\":\"BreadcrumbList\",\"@id\":\"https:\\\/\\\/cuadra-agrado.es\\\/?p=15604#breadcrumb\",\"itemListElement\":[{\"@type\":\"ListItem\",\"position\":1,\"name\":\"Portada\",\"item\":\"https:\\\/\\\/cuadra-agrado.es\\\/\"},{\"@type\":\"ListItem\",\"position\":2,\"name\":\"Kowalsky y Super Rafale cierran un triste oto\u00f1o\"}]},{\"@type\":\"WebSite\",\"@id\":\"https:\\\/\\\/cuadra-agrado.es\\\/#website\",\"url\":\"https:\\\/\\\/cuadra-agrado.es\\\/\",\"name\":\"Cuadra Agrado\",\"description\":\"En el mundo del Turf desde 2008\",\"potentialAction\":[{\"@type\":\"SearchAction\",\"target\":{\"@type\":\"EntryPoint\",\"urlTemplate\":\"https:\\\/\\\/cuadra-agrado.es\\\/?s={search_term_string}\"},\"query-input\":{\"@type\":\"PropertyValueSpecification\",\"valueRequired\":true,\"valueName\":\"search_term_string\"}}],\"inLanguage\":\"es\"},{\"@type\":\"Person\",\"@id\":\"https:\\\/\\\/cuadra-agrado.es\\\/#\\\/schema\\\/person\\\/3aa4f8d2373cf756d93a5526bc72f31b\",\"name\":\"Miguel Redondo\",\"image\":{\"@type\":\"ImageObject\",\"inLanguage\":\"es\",\"@id\":\"https:\\\/\\\/secure.gravatar.com\\\/avatar\\\/85704fceb4fa34017e3c1344d182da00dbf772fb8856ba2b7726a2df926415b4?s=96&d=mm&r=g\",\"url\":\"https:\\\/\\\/secure.gravatar.com\\\/avatar\\\/85704fceb4fa34017e3c1344d182da00dbf772fb8856ba2b7726a2df926415b4?s=96&d=mm&r=g\",\"contentUrl\":\"https:\\\/\\\/secure.gravatar.com\\\/avatar\\\/85704fceb4fa34017e3c1344d182da00dbf772fb8856ba2b7726a2df926415b4?s=96&d=mm&r=g\",\"caption\":\"Miguel Redondo\"},\"sameAs\":[\"https:\\\/\\\/cuadra-agrado.es\"],\"url\":\"https:\\\/\\\/cuadra-agrado.es\\\/?author=5\"}]}<\/script>\n<!-- \/ Yoast SEO plugin. -->","yoast_head_json":{"title":"Kowalsky y Super Rafale cierran un triste oto\u00f1o - Cuadra Agrado","robots":{"index":"index","follow":"follow","max-snippet":"max-snippet:-1","max-image-preview":"max-image-preview:large","max-video-preview":"max-video-preview:-1"},"canonical":"https:\/\/cuadra-agrado.es\/?p=15604","og_locale":"es_ES","og_type":"article","og_title":"Kowalsky y Super Rafale cierran un triste oto\u00f1o - Cuadra Agrado","og_description":"Tras la devastadora y cruel realidad que ha dejado la \u00abDANA\u00bb en territorio de la Comunidad Valenciana, pocas ganas quedan para escribir cr\u00f3nicas turf\u00edsticas, o de cualquier otra \u00edndole que no sirvan para prestar una m\u00ednima ayuda a una poblaci\u00f3n desconsolada que lo est\u00e1 pasando realmente mal. Desde la Cuadra Agrado queremos enviar todo nuestro [&hellip;]","og_url":"https:\/\/cuadra-agrado.es\/?p=15604","og_site_name":"Cuadra Agrado","article_published_time":"2024-11-04T15:12:53+00:00","article_modified_time":"2024-11-11T07:45:02+00:00","og_image":[{"width":2048,"height":1152,"url":"https:\/\/cuadra-agrado.es\/wp-content\/uploads\/2024\/10\/Kowaslky.jpeg","type":"image\/jpeg"}],"author":"Miguel Redondo","twitter_card":"summary_large_image","twitter_creator":"@AGRADOracing","twitter_site":"@AGRADOracing","twitter_misc":{"Escrito por":"Miguel Redondo","Tiempo de lectura":"7 minutos"},"schema":{"@context":"https:\/\/schema.org","@graph":[{"@type":"Article","@id":"https:\/\/cuadra-agrado.es\/?p=15604#article","isPartOf":{"@id":"https:\/\/cuadra-agrado.es\/?p=15604"},"author":{"name":"Miguel Redondo","@id":"https:\/\/cuadra-agrado.es\/#\/schema\/person\/3aa4f8d2373cf756d93a5526bc72f31b"},"headline":"Kowalsky y Super Rafale cierran un triste oto\u00f1o","datePublished":"2024-11-04T15:12:53+00:00","dateModified":"2024-11-11T07:45:02+00:00","mainEntityOfPage":{"@id":"https:\/\/cuadra-agrado.es\/?p=15604"},"wordCount":1431,"image":{"@id":"https:\/\/cuadra-agrado.es\/?p=15604#primaryimage"},"thumbnailUrl":"https:\/\/cuadra-agrado.es\/wp-content\/uploads\/2024\/10\/Kowaslky.jpeg","articleSection":["Actualidad"],"inLanguage":"es"},{"@type":"WebPage","@id":"https:\/\/cuadra-agrado.es\/?p=15604","url":"https:\/\/cuadra-agrado.es\/?p=15604","name":"Kowalsky y Super Rafale cierran un triste oto\u00f1o - Cuadra Agrado","isPartOf":{"@id":"https:\/\/cuadra-agrado.es\/#website"},"primaryImageOfPage":{"@id":"https:\/\/cuadra-agrado.es\/?p=15604#primaryimage"},"image":{"@id":"https:\/\/cuadra-agrado.es\/?p=15604#primaryimage"},"thumbnailUrl":"https:\/\/cuadra-agrado.es\/wp-content\/uploads\/2024\/10\/Kowaslky.jpeg","datePublished":"2024-11-04T15:12:53+00:00","dateModified":"2024-11-11T07:45:02+00:00","author":{"@id":"https:\/\/cuadra-agrado.es\/#\/schema\/person\/3aa4f8d2373cf756d93a5526bc72f31b"},"breadcrumb":{"@id":"https:\/\/cuadra-agrado.es\/?p=15604#breadcrumb"},"inLanguage":"es","potentialAction":[{"@type":"ReadAction","target":["https:\/\/cuadra-agrado.es\/?p=15604"]}]},{"@type":"ImageObject","inLanguage":"es","@id":"https:\/\/cuadra-agrado.es\/?p=15604#primaryimage","url":"https:\/\/cuadra-agrado.es\/wp-content\/uploads\/2024\/10\/Kowaslky.jpeg","contentUrl":"https:\/\/cuadra-agrado.es\/wp-content\/uploads\/2024\/10\/Kowaslky.jpeg","width":2048,"height":1152},{"@type":"BreadcrumbList","@id":"https:\/\/cuadra-agrado.es\/?p=15604#breadcrumb","itemListElement":[{"@type":"ListItem","position":1,"name":"Portada","item":"https:\/\/cuadra-agrado.es\/"},{"@type":"ListItem","position":2,"name":"Kowalsky y Super Rafale cierran un triste oto\u00f1o"}]},{"@type":"WebSite","@id":"https:\/\/cuadra-agrado.es\/#website","url":"https:\/\/cuadra-agrado.es\/","name":"Cuadra Agrado","description":"En el mundo del Turf desde 2008","potentialAction":[{"@type":"SearchAction","target":{"@type":"EntryPoint","urlTemplate":"https:\/\/cuadra-agrado.es\/?s={search_term_string}"},"query-input":{"@type":"PropertyValueSpecification","valueRequired":true,"valueName":"search_term_string"}}],"inLanguage":"es"},{"@type":"Person","@id":"https:\/\/cuadra-agrado.es\/#\/schema\/person\/3aa4f8d2373cf756d93a5526bc72f31b","name":"Miguel Redondo","image":{"@type":"ImageObject","inLanguage":"es","@id":"https:\/\/secure.gravatar.com\/avatar\/85704fceb4fa34017e3c1344d182da00dbf772fb8856ba2b7726a2df926415b4?s=96&d=mm&r=g","url":"https:\/\/secure.gravatar.com\/avatar\/85704fceb4fa34017e3c1344d182da00dbf772fb8856ba2b7726a2df926415b4?s=96&d=mm&r=g","contentUrl":"https:\/\/secure.gravatar.com\/avatar\/85704fceb4fa34017e3c1344d182da00dbf772fb8856ba2b7726a2df926415b4?s=96&d=mm&r=g","caption":"Miguel Redondo"},"sameAs":["https:\/\/cuadra-agrado.es"],"url":"https:\/\/cuadra-agrado.es\/?author=5"}]}},"_links":{"self":[{"href":"https:\/\/cuadra-agrado.es\/index.php?rest_route=\/wp\/v2\/posts\/15604","targetHints":{"allow":["GET"]}}],"collection":[{"href":"https:\/\/cuadra-agrado.es\/index.php?rest_route=\/wp\/v2\/posts"}],"about":[{"href":"https:\/\/cuadra-agrado.es\/index.php?rest_route=\/wp\/v2\/types\/post"}],"author":[{"embeddable":true,"href":"https:\/\/cuadra-agrado.es\/index.php?rest_route=\/wp\/v2\/users\/5"}],"replies":[{"embeddable":true,"href":"https:\/\/cuadra-agrado.es\/index.php?rest_route=%2Fwp%2Fv2%2Fcomments&post=15604"}],"version-history":[{"count":17,"href":"https:\/\/cuadra-agrado.es\/index.php?rest_route=\/wp\/v2\/posts\/15604\/revisions"}],"predecessor-version":[{"id":15622,"href":"https:\/\/cuadra-agrado.es\/index.php?rest_route=\/wp\/v2\/posts\/15604\/revisions\/15622"}],"wp:featuredmedia":[{"embeddable":true,"href":"https:\/\/cuadra-agrado.es\/index.php?rest_route=\/wp\/v2\/media\/15526"}],"wp:attachment":[{"href":"https:\/\/cuadra-agrado.es\/index.php?rest_route=%2Fwp%2Fv2%2Fmedia&parent=15604"}],"wp:term":[{"taxonomy":"category","embeddable":true,"href":"https:\/\/cuadra-agrado.es\/index.php?rest_route=%2Fwp%2Fv2%2Fcategories&post=15604"},{"taxonomy":"post_tag","embeddable":true,"href":"https:\/\/cuadra-agrado.es\/index.php?rest_route=%2Fwp%2Fv2%2Ftags&post=15604"}],"curies":[{"name":"wp","href":"https:\/\/api.w.org\/{rel}","templated":true}]}}