{"id":1557,"date":"2014-12-05T16:59:01","date_gmt":"2014-12-05T15:59:01","guid":{"rendered":"https:\/\/cuadra-agrado.es\/?p=1557"},"modified":"2024-02-27T09:31:51","modified_gmt":"2024-02-27T09:31:51","slug":"ranyan-de-vuelta-hz","status":"publish","type":"post","link":"https:\/\/cuadra-agrado.es\/?p=1557","title":{"rendered":"Rany\u00e1n de vuelta a HZ!!!"},"content":{"rendered":"<p style=\"text-align: justify;\"><a href=\"http:\/\/cuadra-agrado.es\/wp-content\/uploads\/2014\/12\/ranyan.jpg\" target=\"_blank\" rel=\"noopener noreferrer\"><img loading=\"lazy\" decoding=\"async\" class=\"alignleft  wp-image-1558\" alt=\"ranyan\" src=\"http:\/\/cuadra-agrado.es\/wp-content\/uploads\/2014\/12\/ranyan.jpg\" width=\"300\" height=\"200\" \/><\/a>Despu\u00e9s de un largo descanso en nuestra finca, &#8216;Rany\u00e1n&#8217; ha hecho de nuevo su entrada en el Hip\u00f3dromo de la Zarzuela de Madrid para ponerse nuevamente a las \u00f3rdenes de su preparador &#8216;Eduardo Buz\u00f3n. Han sido 6 largos meses de descanso desde el pasado mes de Junio donde, tras ganar en su reaparici\u00f3n en el mes de Febrero, nuevamente se resinti\u00f3 de su maltrecha rodilla en las dos siguientes por lo que decidimos apartarle nuevamente de las pistas. Viene con mucho m\u00e1s volumen, tranquilo y fortalecido por haber estado pastando en el prado todo el verano y gran parte del oto\u00f1o. Sin duda, le hemos dado todo el cari\u00f1o que merece, y seguro nos recompensar\u00e1 con nuevas victorias.<\/p>\n<p style=\"text-align: justify;\">Nuestro objetivo con \u00e9l ser\u00e1 ponerle en forma lo antes posible durante Diciembre y Enero y reaparecer nuevamente a comienzos de la pr\u00f3xima temporada de primavera en Madrid para intentar buscar su victoria en el mes de Marzo. La lesi\u00f3n sigue estando ah\u00ed, y lamentablemente seguir\u00e1 de por vida, pero creemos que el largo descanso le habr\u00e1 venido bien como para aguantar el envite inicial de competici\u00f3n. Buscaremos por tanto una reaparici\u00f3n en las primeras jornadas de primavera en una distancia de 1.800 metros y continuaremos con \u00e9l en funci\u00f3n de c\u00f3mo se vaya encontrando con el paso del trabajo diario, pero nuestra intenci\u00f3n inicial es volver a darle descanso nuevamente el verano pr\u00f3ximo. Su problema de rodilla tarde o temprano volver\u00e1 a aflorar.<\/p>\n<p style=\"text-align: justify;\">Rany\u00e1n fue nuestro talism\u00e1n a tres a\u00f1os donde nos brindo cinco carreras y un espl\u00e9ndido segundo puesto en el Villamejor 2013. Caballo ganador que solo su problema de rodilla le limita para ser uno de los mejores medio-fondistas de nuestro turf. Seguiremos confiando en \u00e9l como hoy nuevamente lo hacemos, y seguiremos ofreci\u00e9ndole descansos cada vez que nos lo pida.<\/p>\n<hr \/>\n<p style=\"text-align: justify;\">\n<!-- AddThis Advanced Settings generic via filter on the_content --><!-- AddThis Share Buttons generic via filter on the_content -->","protected":false},"excerpt":{"rendered":"<p>Despu\u00e9s de un largo descanso en nuestra finca, &#8216;Rany\u00e1n&#8217; ha hecho de nuevo su entrada en el Hip\u00f3dromo de la Zarzuela de Madrid para ponerse nuevamente a las \u00f3rdenes de su preparador &#8216;Eduardo Buz\u00f3n. Han sido 6 largos meses de descanso desde el pasado mes de Junio donde, tras ganar en su reaparici\u00f3n en el [&hellip;]<!-- AddThis Advanced Settings generic via filter on get_the_excerpt --><!-- AddThis Share Buttons generic via filter on get_the_excerpt --><\/p>\n","protected":false},"author":5,"featured_media":0,"comment_status":"closed","ping_status":"closed","sticky":false,"template":"","format":"gallery","meta":{"_acf_changed":false,"_et_pb_use_builder":"","_et_pb_old_content":"","_et_gb_content_width":"","footnotes":""},"categories":[3],"tags":[],"class_list":["post-1557","post","type-post","status-publish","format-gallery","hentry","category-noticias-cuadra-agrado","post_format-post-format-gallery"],"acf":[],"yoast_head":"<!-- This site is optimized with the Yoast SEO plugin v27.4 - https:\/\/yoast.com\/product\/yoast-seo-wordpress\/ -->\n<title>Rany\u00e1n de vuelta a HZ!!! - Cuadra Agrado<\/title>\n<meta name=\"robots\" content=\"index, follow, max-snippet:-1, max-image-preview:large, max-video-preview:-1\" \/>\n<link rel=\"canonical\" href=\"https:\/\/cuadra-agrado.es\/?p=1557\" \/>\n<meta property=\"og:locale\" content=\"es_ES\" \/>\n<meta property=\"og:type\" content=\"article\" \/>\n<meta property=\"og:title\" content=\"Rany\u00e1n de vuelta a HZ!!! - Cuadra Agrado\" \/>\n<meta property=\"og:description\" content=\"Despu\u00e9s de un largo descanso en nuestra finca, &#8216;Rany\u00e1n&#8217; ha hecho de nuevo su entrada en el Hip\u00f3dromo de la Zarzuela de Madrid para ponerse nuevamente a las \u00f3rdenes de su preparador &#8216;Eduardo Buz\u00f3n. Han sido 6 largos meses de descanso desde el pasado mes de Junio donde, tras ganar en su reaparici\u00f3n en el [&hellip;]\" \/>\n<meta property=\"og:url\" content=\"https:\/\/cuadra-agrado.es\/?p=1557\" \/>\n<meta property=\"og:site_name\" content=\"Cuadra Agrado\" \/>\n<meta property=\"article:published_time\" content=\"2014-12-05T15:59:01+00:00\" \/>\n<meta property=\"article:modified_time\" content=\"2024-02-27T09:31:51+00:00\" \/>\n<meta property=\"og:image\" content=\"http:\/\/cuadra-agrado.es\/wp-content\/uploads\/2014\/12\/ranyan.jpg\" \/>\n<meta name=\"author\" content=\"Miguel Redondo\" \/>\n<meta name=\"twitter:card\" content=\"summary_large_image\" \/>\n<meta name=\"twitter:creator\" content=\"@AGRADOracing\" \/>\n<meta name=\"twitter:site\" content=\"@AGRADOracing\" \/>\n<meta name=\"twitter:label1\" content=\"Escrito por\" \/>\n\t<meta name=\"twitter:data1\" content=\"Miguel Redondo\" \/>\n\t<meta name=\"twitter:label2\" content=\"Tiempo de lectura\" \/>\n\t<meta name=\"twitter:data2\" content=\"2 minutos\" \/>\n<script type=\"application\/ld+json\" class=\"yoast-schema-graph\">{\"@context\":\"https:\\\/\\\/schema.org\",\"@graph\":[{\"@type\":\"Article\",\"@id\":\"https:\\\/\\\/cuadra-agrado.es\\\/?p=1557#article\",\"isPartOf\":{\"@id\":\"https:\\\/\\\/cuadra-agrado.es\\\/?p=1557\"},\"author\":{\"name\":\"Miguel Redondo\",\"@id\":\"https:\\\/\\\/cuadra-agrado.es\\\/#\\\/schema\\\/person\\\/3aa4f8d2373cf756d93a5526bc72f31b\"},\"headline\":\"Rany\u00e1n de vuelta a HZ!!!\",\"datePublished\":\"2014-12-05T15:59:01+00:00\",\"dateModified\":\"2024-02-27T09:31:51+00:00\",\"mainEntityOfPage\":{\"@id\":\"https:\\\/\\\/cuadra-agrado.es\\\/?p=1557\"},\"wordCount\":326,\"image\":{\"@id\":\"https:\\\/\\\/cuadra-agrado.es\\\/?p=1557#primaryimage\"},\"thumbnailUrl\":\"http:\\\/\\\/cuadra-agrado.es\\\/wp-content\\\/uploads\\\/2014\\\/12\\\/ranyan.jpg\",\"articleSection\":[\"Actualidad\"],\"inLanguage\":\"es\"},{\"@type\":\"WebPage\",\"@id\":\"https:\\\/\\\/cuadra-agrado.es\\\/?p=1557\",\"url\":\"https:\\\/\\\/cuadra-agrado.es\\\/?p=1557\",\"name\":\"Rany\u00e1n de vuelta a HZ!!! - Cuadra Agrado\",\"isPartOf\":{\"@id\":\"https:\\\/\\\/cuadra-agrado.es\\\/#website\"},\"primaryImageOfPage\":{\"@id\":\"https:\\\/\\\/cuadra-agrado.es\\\/?p=1557#primaryimage\"},\"image\":{\"@id\":\"https:\\\/\\\/cuadra-agrado.es\\\/?p=1557#primaryimage\"},\"thumbnailUrl\":\"http:\\\/\\\/cuadra-agrado.es\\\/wp-content\\\/uploads\\\/2014\\\/12\\\/ranyan.jpg\",\"datePublished\":\"2014-12-05T15:59:01+00:00\",\"dateModified\":\"2024-02-27T09:31:51+00:00\",\"author\":{\"@id\":\"https:\\\/\\\/cuadra-agrado.es\\\/#\\\/schema\\\/person\\\/3aa4f8d2373cf756d93a5526bc72f31b\"},\"breadcrumb\":{\"@id\":\"https:\\\/\\\/cuadra-agrado.es\\\/?p=1557#breadcrumb\"},\"inLanguage\":\"es\",\"potentialAction\":[{\"@type\":\"ReadAction\",\"target\":[\"https:\\\/\\\/cuadra-agrado.es\\\/?p=1557\"]}]},{\"@type\":\"ImageObject\",\"inLanguage\":\"es\",\"@id\":\"https:\\\/\\\/cuadra-agrado.es\\\/?p=1557#primaryimage\",\"url\":\"http:\\\/\\\/cuadra-agrado.es\\\/wp-content\\\/uploads\\\/2014\\\/12\\\/ranyan.jpg\",\"contentUrl\":\"http:\\\/\\\/cuadra-agrado.es\\\/wp-content\\\/uploads\\\/2014\\\/12\\\/ranyan.jpg\"},{\"@type\":\"BreadcrumbList\",\"@id\":\"https:\\\/\\\/cuadra-agrado.es\\\/?p=1557#breadcrumb\",\"itemListElement\":[{\"@type\":\"ListItem\",\"position\":1,\"name\":\"Portada\",\"item\":\"https:\\\/\\\/cuadra-agrado.es\\\/\"},{\"@type\":\"ListItem\",\"position\":2,\"name\":\"Rany\u00e1n de vuelta a HZ!!!\"}]},{\"@type\":\"WebSite\",\"@id\":\"https:\\\/\\\/cuadra-agrado.es\\\/#website\",\"url\":\"https:\\\/\\\/cuadra-agrado.es\\\/\",\"name\":\"Cuadra Agrado\",\"description\":\"En el mundo del Turf desde 2008\",\"potentialAction\":[{\"@type\":\"SearchAction\",\"target\":{\"@type\":\"EntryPoint\",\"urlTemplate\":\"https:\\\/\\\/cuadra-agrado.es\\\/?s={search_term_string}\"},\"query-input\":{\"@type\":\"PropertyValueSpecification\",\"valueRequired\":true,\"valueName\":\"search_term_string\"}}],\"inLanguage\":\"es\"},{\"@type\":\"Person\",\"@id\":\"https:\\\/\\\/cuadra-agrado.es\\\/#\\\/schema\\\/person\\\/3aa4f8d2373cf756d93a5526bc72f31b\",\"name\":\"Miguel Redondo\",\"image\":{\"@type\":\"ImageObject\",\"inLanguage\":\"es\",\"@id\":\"https:\\\/\\\/secure.gravatar.com\\\/avatar\\\/85704fceb4fa34017e3c1344d182da00dbf772fb8856ba2b7726a2df926415b4?s=96&d=mm&r=g\",\"url\":\"https:\\\/\\\/secure.gravatar.com\\\/avatar\\\/85704fceb4fa34017e3c1344d182da00dbf772fb8856ba2b7726a2df926415b4?s=96&d=mm&r=g\",\"contentUrl\":\"https:\\\/\\\/secure.gravatar.com\\\/avatar\\\/85704fceb4fa34017e3c1344d182da00dbf772fb8856ba2b7726a2df926415b4?s=96&d=mm&r=g\",\"caption\":\"Miguel Redondo\"},\"sameAs\":[\"https:\\\/\\\/cuadra-agrado.es\"],\"url\":\"https:\\\/\\\/cuadra-agrado.es\\\/?author=5\"}]}<\/script>\n<!-- \/ Yoast SEO plugin. -->","yoast_head_json":{"title":"Rany\u00e1n de vuelta a HZ!!! - Cuadra Agrado","robots":{"index":"index","follow":"follow","max-snippet":"max-snippet:-1","max-image-preview":"max-image-preview:large","max-video-preview":"max-video-preview:-1"},"canonical":"https:\/\/cuadra-agrado.es\/?p=1557","og_locale":"es_ES","og_type":"article","og_title":"Rany\u00e1n de vuelta a HZ!!! - Cuadra Agrado","og_description":"Despu\u00e9s de un largo descanso en nuestra finca, &#8216;Rany\u00e1n&#8217; ha hecho de nuevo su entrada en el Hip\u00f3dromo de la Zarzuela de Madrid para ponerse nuevamente a las \u00f3rdenes de su preparador &#8216;Eduardo Buz\u00f3n. Han sido 6 largos meses de descanso desde el pasado mes de Junio donde, tras ganar en su reaparici\u00f3n en el [&hellip;]","og_url":"https:\/\/cuadra-agrado.es\/?p=1557","og_site_name":"Cuadra Agrado","article_published_time":"2014-12-05T15:59:01+00:00","article_modified_time":"2024-02-27T09:31:51+00:00","og_image":[{"url":"http:\/\/cuadra-agrado.es\/wp-content\/uploads\/2014\/12\/ranyan.jpg","type":"","width":"","height":""}],"author":"Miguel Redondo","twitter_card":"summary_large_image","twitter_creator":"@AGRADOracing","twitter_site":"@AGRADOracing","twitter_misc":{"Escrito por":"Miguel Redondo","Tiempo de lectura":"2 minutos"},"schema":{"@context":"https:\/\/schema.org","@graph":[{"@type":"Article","@id":"https:\/\/cuadra-agrado.es\/?p=1557#article","isPartOf":{"@id":"https:\/\/cuadra-agrado.es\/?p=1557"},"author":{"name":"Miguel Redondo","@id":"https:\/\/cuadra-agrado.es\/#\/schema\/person\/3aa4f8d2373cf756d93a5526bc72f31b"},"headline":"Rany\u00e1n de vuelta a HZ!!!","datePublished":"2014-12-05T15:59:01+00:00","dateModified":"2024-02-27T09:31:51+00:00","mainEntityOfPage":{"@id":"https:\/\/cuadra-agrado.es\/?p=1557"},"wordCount":326,"image":{"@id":"https:\/\/cuadra-agrado.es\/?p=1557#primaryimage"},"thumbnailUrl":"http:\/\/cuadra-agrado.es\/wp-content\/uploads\/2014\/12\/ranyan.jpg","articleSection":["Actualidad"],"inLanguage":"es"},{"@type":"WebPage","@id":"https:\/\/cuadra-agrado.es\/?p=1557","url":"https:\/\/cuadra-agrado.es\/?p=1557","name":"Rany\u00e1n de vuelta a HZ!!! - Cuadra Agrado","isPartOf":{"@id":"https:\/\/cuadra-agrado.es\/#website"},"primaryImageOfPage":{"@id":"https:\/\/cuadra-agrado.es\/?p=1557#primaryimage"},"image":{"@id":"https:\/\/cuadra-agrado.es\/?p=1557#primaryimage"},"thumbnailUrl":"http:\/\/cuadra-agrado.es\/wp-content\/uploads\/2014\/12\/ranyan.jpg","datePublished":"2014-12-05T15:59:01+00:00","dateModified":"2024-02-27T09:31:51+00:00","author":{"@id":"https:\/\/cuadra-agrado.es\/#\/schema\/person\/3aa4f8d2373cf756d93a5526bc72f31b"},"breadcrumb":{"@id":"https:\/\/cuadra-agrado.es\/?p=1557#breadcrumb"},"inLanguage":"es","potentialAction":[{"@type":"ReadAction","target":["https:\/\/cuadra-agrado.es\/?p=1557"]}]},{"@type":"ImageObject","inLanguage":"es","@id":"https:\/\/cuadra-agrado.es\/?p=1557#primaryimage","url":"http:\/\/cuadra-agrado.es\/wp-content\/uploads\/2014\/12\/ranyan.jpg","contentUrl":"http:\/\/cuadra-agrado.es\/wp-content\/uploads\/2014\/12\/ranyan.jpg"},{"@type":"BreadcrumbList","@id":"https:\/\/cuadra-agrado.es\/?p=1557#breadcrumb","itemListElement":[{"@type":"ListItem","position":1,"name":"Portada","item":"https:\/\/cuadra-agrado.es\/"},{"@type":"ListItem","position":2,"name":"Rany\u00e1n de vuelta a HZ!!!"}]},{"@type":"WebSite","@id":"https:\/\/cuadra-agrado.es\/#website","url":"https:\/\/cuadra-agrado.es\/","name":"Cuadra Agrado","description":"En el mundo del Turf desde 2008","potentialAction":[{"@type":"SearchAction","target":{"@type":"EntryPoint","urlTemplate":"https:\/\/cuadra-agrado.es\/?s={search_term_string}"},"query-input":{"@type":"PropertyValueSpecification","valueRequired":true,"valueName":"search_term_string"}}],"inLanguage":"es"},{"@type":"Person","@id":"https:\/\/cuadra-agrado.es\/#\/schema\/person\/3aa4f8d2373cf756d93a5526bc72f31b","name":"Miguel Redondo","image":{"@type":"ImageObject","inLanguage":"es","@id":"https:\/\/secure.gravatar.com\/avatar\/85704fceb4fa34017e3c1344d182da00dbf772fb8856ba2b7726a2df926415b4?s=96&d=mm&r=g","url":"https:\/\/secure.gravatar.com\/avatar\/85704fceb4fa34017e3c1344d182da00dbf772fb8856ba2b7726a2df926415b4?s=96&d=mm&r=g","contentUrl":"https:\/\/secure.gravatar.com\/avatar\/85704fceb4fa34017e3c1344d182da00dbf772fb8856ba2b7726a2df926415b4?s=96&d=mm&r=g","caption":"Miguel Redondo"},"sameAs":["https:\/\/cuadra-agrado.es"],"url":"https:\/\/cuadra-agrado.es\/?author=5"}]}},"_links":{"self":[{"href":"https:\/\/cuadra-agrado.es\/index.php?rest_route=\/wp\/v2\/posts\/1557","targetHints":{"allow":["GET"]}}],"collection":[{"href":"https:\/\/cuadra-agrado.es\/index.php?rest_route=\/wp\/v2\/posts"}],"about":[{"href":"https:\/\/cuadra-agrado.es\/index.php?rest_route=\/wp\/v2\/types\/post"}],"author":[{"embeddable":true,"href":"https:\/\/cuadra-agrado.es\/index.php?rest_route=\/wp\/v2\/users\/5"}],"replies":[{"embeddable":true,"href":"https:\/\/cuadra-agrado.es\/index.php?rest_route=%2Fwp%2Fv2%2Fcomments&post=1557"}],"version-history":[{"count":0,"href":"https:\/\/cuadra-agrado.es\/index.php?rest_route=\/wp\/v2\/posts\/1557\/revisions"}],"wp:attachment":[{"href":"https:\/\/cuadra-agrado.es\/index.php?rest_route=%2Fwp%2Fv2%2Fmedia&parent=1557"}],"wp:term":[{"taxonomy":"category","embeddable":true,"href":"https:\/\/cuadra-agrado.es\/index.php?rest_route=%2Fwp%2Fv2%2Fcategories&post=1557"},{"taxonomy":"post_tag","embeddable":true,"href":"https:\/\/cuadra-agrado.es\/index.php?rest_route=%2Fwp%2Fv2%2Ftags&post=1557"}],"curies":[{"name":"wp","href":"https:\/\/api.w.org\/{rel}","templated":true}]}}