{"id":15527,"date":"2024-10-21T09:45:29","date_gmt":"2024-10-21T09:45:29","guid":{"rendered":"https:\/\/cuadra-agrado.es\/?p=15527"},"modified":"2024-10-22T13:14:17","modified_gmt":"2024-10-22T13:14:17","slug":"memorial-bronce-para-kowalsky","status":"publish","type":"post","link":"https:\/\/cuadra-agrado.es\/?p=15527","title":{"rendered":"Memorial Bronce para Kowalsky"},"content":{"rendered":"<p style=\"text-align: justify;\">Bonita jornada la que disfrutamos ayer en el d\u00eda de los campeones acompa\u00f1ados de suave temperatura y algo m\u00e1s de ambiente en las gradas, aunque seguimos inmersos en un problema de asistencia al recinto madrile\u00f1o desde que los precios en taquilla se convirtieran en inaccesibles, y en muchos casos prohibitivos, para esas familias que acud\u00edan no hace demasiado tiempo a pasar un domingo en nuestro hip\u00f3dromo. Salimos con cabeza y nota alta en un d\u00eda de examen que bien pod\u00eda haberse quedado para recuperar en Navidades. El notable alto que obtuvo \u201c<strong>Kowalsky<\/strong>\u201d se vio afectado por las d\u00e9cimas que le quit\u00f3 su compa\u00f1ero de cuadra \u201c<strong>Alwin Bram<\/strong>\u201d, pero a\u00fan as\u00ed, ese notable bajo del d\u00eda mereci\u00f3 la pena y quedar\u00e1 ya en el ba\u00fal de los buenos recuerdos de nuestra cuadra.<\/p>\n<p style=\"text-align: justify;\">Antes de proseguir en nuestra cr\u00f3nica, queremos transmitir de manera p\u00fablica nuestras m\u00e1s sinceras felicitaciones al equipo de Tsereteli y a una cuadra multipropiedad que aprovech\u00f3 la fortuna de adquirir un caballo en \u201cstandby\u201d que, por caprichos del destino, lleg\u00f3 a sus nuevos propietarios para convertirse en el referente de nuestro turf. La cuadra multipropiedad \u201c<em>Cum Laude\u201d<\/em>, como su propio nombre indica en lat\u00edn, ha obtenido su grado universitario m\u00e1ximo con honores y elogios en este su primer Gran Premio con el gran \u00ab<strong>Sirjan<\/strong>\u00bb que con esta descarada victoria entra en la historia de nuestro turf por la memorial puerta grande. Much\u00edsimas Felicidades y much\u00edsimos \u00e9xitos para el futuro con \u00e9l y con todos los que vengan&#8230;<\/p>\n<p style=\"text-align: justify;\">\u201c<strong>Alwin Bram<\/strong>\u201d aparec\u00eda en la primera escena con la \u00fanica intenci\u00f3n de mejorar su debut. As\u00ed lo hizo de manera tenue ante un lote muy numeroso, pero de bajo valor. Suma lo justo para seguir confiando en su futuro, aunque ya se hace evidente que ser\u00e1 un caballo puro de h\u00e1ndicap, donde nos costar\u00e1 sacarle un par de victorias al a\u00f1o a partir del pr\u00f3ximo a\u00f1o. Sin calendario ya en Madrid, tendr\u00e1 que ganarse el pienso en la pr\u00f3xima temporada oto\u00f1al e invernal de Sevilla donde esperamos seguir evolucionado con \u00e9l, y confirmar que sus mejores valores se recogen a cuatro a\u00f1os como dictan sus or\u00edgenes. Vamos en paulatina linea ascendente y, mientras no haya un tropiezo de salud o resultados, seguiremos contando con \u00e9l para pruebas adaptadas a su nivel.<\/p>\n<p style=\"text-align: justify;\">Llegaba el momento de \u201c<strong>Kowalsky<\/strong>\u201d en la prueba magna del d\u00eda y del a\u00f1o. No es nada f\u00e1cil tener un partant en todo un Gran Premio Memorial Duque de Toledo, y el Derbywinner 2023 se hab\u00eda ganado por m\u00e9ritos propios estar en cajones en su primera tentativa de su edad adulta, muy a pesar de la desconfianza mostrada por parte de algunos gur\u00fas y pronosticadores que ten\u00edan la osad\u00eda de tildarle como \u201c<em>Descartable<\/em>\u201d de una prueba donde solamente estar ah\u00ed merece mucho m\u00e1s respeto que el banal calificativo. Nuestro objetivo, a pesar de los inconvenientes que siempre afectan la confianza de estos comentarios que poco aportan y mucho duelen, era estar en el tr\u00edo y luchar la carrera, y as\u00ed lo pusimos a rodar durante los 2.400 metros para tratar de lograrlo. Al final, una meritoria medalla de bronce de las caras y lustrosas que finalmente consigui\u00f3 en un bonito final de infarto, y que nos sirve para seguir manteniendo su estatus de gran caballo de valor y, si es posible, ganarse definitivamente ese respeto que bien merece y ha demostrado en sus dos a\u00f1os en competici\u00f3n. Una tercera plaza que podemos decir que es su sitio ante los mejores caballos de nuestro turf y que bien pudiera haber sido plata si el bueno de Guillaume no hubiera abandonado los palos para invitar a \u201c<strong>Tetu\u00e1n<\/strong>\u201d y su dupla a pasar por dentro sin obst\u00e1culo alguno. Magn\u00edfica fue tambi\u00e9n la actuaci\u00f3n del \u00fanico tres a\u00f1os que dio enorme valor para enfrentarse a los viejos, y que vuelve a demostrar su val\u00eda y su condici\u00f3n incluso con la carga de duras pruebas durante el a\u00f1o.<br \/>\n\u201c<strong>Kowalsky<\/strong>\u201d comi\u00f3 tranquilo su cena despu\u00e9s de un duro d\u00eda de trabajo, y hoy se ha levantado con ganas de seguir demostrando su val\u00eda, por lo que ponemos desde este momento su punto de mira en el siguiente Gran Premio Rom\u00e1n Mart\u00edn para poner fin a su 2024 con la firme intenci\u00f3n de encontrar esa victoria que se le ha negado durante el a\u00f1o.<\/p>\n<p style=\"text-align: justify;\">Con la confianza que supone una gran jornada de \u00e9xito del patio de Christian Delcher con dos bonitas y solidas victorias, y un enorme tercero en la prueba grande, ponemos en pista este pr\u00f3ximo domingo a \u201c<strong>Super Rafale<\/strong>\u201d en uno de esos grandes Handicaps de oto\u00f1o exclusivo para los tres a\u00f1os. Ser\u00e1 en el Premio Victoria Eugenia sobre 1.800 metros ante un lote de 9 participantes y en la sexta y \u00faltima de la jornada, donde la gran mayor\u00eda del gent\u00edo est\u00e9 sentada ya para degustar el primer plato del almuerzo dominical. Buenas son tambi\u00e9n las probabilidades de \u00e9xito de \u201c<strong>Super Rafale\u201d<\/strong> para esta \u00faltima salida del a\u00f1o para \u00e9l, por lo que demoraremos almuerzo el domingo para poder verlo en pista. Llega a esta \u00faltima de la temporada\u00a0 despu\u00e9s de un a\u00f1o de altibajos que se inici\u00f3 con una buena victoria que nos llenaba de confianza para llegar a una Poule, donde se encontr\u00f3 cuerpos solidos en un recorrido muy mejorable y que caus\u00f3 su primer borr\u00f3n del a\u00f1o. Una tercera salida en el Satrustegui, donde dio su mejor valor que deriv\u00f3 posteriormente en ca\u00edda en libre en Lasarte poniendo de manifiesto su inadaptaci\u00f3n al terreno y que, desgraciadamente, pas\u00f3 factura tambi\u00e9n en su siguiente en Madrid. En su \u00faltima volvi\u00f3 a coger la buena senda en una carrera donde hab\u00eda m\u00e1s miedo que disputa y, tras disipar serias dudas con una buena actuaci\u00f3n, ahora s\u00ed nos ofrece la confianza para rematar en esta su \u00faltima prueba oto\u00f1al donde creemos que llega con el peso a favor que le otorg\u00f3 su mal verano, y la buena forma con la que cuenta hoy para poner broche final y tratar de terminar tal y como comenz\u00f3 el a\u00f1o.<br \/>\nPara ello, es necesario batir al que para nosotros ser\u00e1 el favorito de la prueba y otros dos buenos acompa\u00f1antes que bien deber\u00edan acaparar la dotaci\u00f3n de la carrera. \u00ab<strong>Bruno<\/strong>\u00bb borda la distancia de los 1,800 donde es doble ganador en el a\u00f1o y con valores ascendentes durante toda la temporada. Quiz\u00e1s este 38,5 con el que llega sea su techo, o quiz\u00e1s tenga todav\u00eda kilos extras guardados. Buenas opciones tambi\u00e9n para otro descendiente de \u00ab<strong>Noozhoh<\/strong>\u00bb que lo est\u00e1 bordando como semental nacional, \u00ab<strong>Ori\u00f3n<\/strong>\u00bb lleva sus siete salidas del a\u00f1o en el dinero, incluyendo sendas victorias en sus dos \u00faltimas salidas. Tampoco sabemos si este es su techo, o seguir\u00e1 ampliando valores. Y para terminar referentes de la carrera, incluimos tambi\u00e9n a otro nacional. \u00ab<strong>Khasian<\/strong>\u00bb que lleva tres victorias en el a\u00f1o con una progresi\u00f3n mete\u00f3rica desde su tard\u00edo debut en mayo de su edad cl\u00e1sica. Como en los dos anteriores, si todav\u00eda le queda p\u00f3lvora para seguir ganando valor, tiene sin duda una buena opci\u00f3n de llevarse un bonito y suculento gran h\u00e1ndicap como este.<\/p>\n<p style=\"text-align: justify;\">Monta para Ra\u00fal Ramos que se cita por primera vez con \u00e9l y que nos ofrece la garant\u00eda de un gran jockey con poderoso braceo, y que suele aprovechar las buenas montas que le caen en la nueva franja de peso donde ha decido estabilizarse este a\u00f1o en la que se encuentra c\u00f3modo, y que le ofrece una mejor fortaleza mental y f\u00edsica.<\/p>\n<p style=\"text-align: justify;\">Mucha suerte equipo!!!<\/p>\n<!-- AddThis Advanced Settings generic via filter on the_content --><!-- AddThis Share Buttons generic via filter on the_content -->","protected":false},"excerpt":{"rendered":"<p>Bonita jornada la que disfrutamos ayer en el d\u00eda de los campeones acompa\u00f1ados de suave temperatura y algo m\u00e1s de ambiente en las gradas, aunque seguimos inmersos en un problema de asistencia al recinto madrile\u00f1o desde que los precios en taquilla se convirtieran en inaccesibles, y en muchos casos prohibitivos, para esas familias que acud\u00edan [&hellip;]<!-- AddThis Advanced Settings generic via filter on get_the_excerpt --><!-- AddThis Share Buttons generic via filter on get_the_excerpt --><\/p>\n","protected":false},"author":5,"featured_media":15539,"comment_status":"closed","ping_status":"open","sticky":false,"template":"","format":"standard","meta":{"_acf_changed":false,"_et_pb_use_builder":"","_et_pb_old_content":"","_et_gb_content_width":"","footnotes":""},"categories":[3],"tags":[],"class_list":["post-15527","post","type-post","status-publish","format-standard","has-post-thumbnail","hentry","category-noticias-cuadra-agrado"],"acf":[],"yoast_head":"<!-- This site is optimized with the Yoast SEO plugin v27.4 - https:\/\/yoast.com\/product\/yoast-seo-wordpress\/ -->\n<title>Memorial Bronce para Kowalsky - Cuadra Agrado<\/title>\n<meta name=\"robots\" content=\"index, follow, max-snippet:-1, max-image-preview:large, max-video-preview:-1\" \/>\n<link rel=\"canonical\" href=\"https:\/\/cuadra-agrado.es\/?p=15527\" \/>\n<meta property=\"og:locale\" content=\"es_ES\" \/>\n<meta property=\"og:type\" content=\"article\" \/>\n<meta property=\"og:title\" content=\"Memorial Bronce para Kowalsky - Cuadra Agrado\" \/>\n<meta property=\"og:description\" content=\"Bonita jornada la que disfrutamos ayer en el d\u00eda de los campeones acompa\u00f1ados de suave temperatura y algo m\u00e1s de ambiente en las gradas, aunque seguimos inmersos en un problema de asistencia al recinto madrile\u00f1o desde que los precios en taquilla se convirtieran en inaccesibles, y en muchos casos prohibitivos, para esas familias que acud\u00edan [&hellip;]\" \/>\n<meta property=\"og:url\" content=\"https:\/\/cuadra-agrado.es\/?p=15527\" \/>\n<meta property=\"og:site_name\" content=\"Cuadra Agrado\" \/>\n<meta property=\"article:published_time\" content=\"2024-10-21T09:45:29+00:00\" \/>\n<meta property=\"article:modified_time\" content=\"2024-10-22T13:14:17+00:00\" \/>\n<meta property=\"og:image\" content=\"https:\/\/cuadra-agrado.es\/wp-content\/uploads\/2024\/10\/MEMORIAL.jpg\" \/>\n\t<meta property=\"og:image:width\" content=\"926\" \/>\n\t<meta property=\"og:image:height\" content=\"618\" \/>\n\t<meta property=\"og:image:type\" content=\"image\/jpeg\" \/>\n<meta name=\"author\" content=\"Miguel Redondo\" \/>\n<meta name=\"twitter:card\" content=\"summary_large_image\" \/>\n<meta name=\"twitter:creator\" content=\"@AGRADOracing\" \/>\n<meta name=\"twitter:site\" content=\"@AGRADOracing\" \/>\n<meta name=\"twitter:label1\" content=\"Escrito por\" \/>\n\t<meta name=\"twitter:data1\" content=\"Miguel Redondo\" \/>\n\t<meta name=\"twitter:label2\" content=\"Tiempo de lectura\" \/>\n\t<meta name=\"twitter:data2\" content=\"6 minutos\" \/>\n<script type=\"application\/ld+json\" class=\"yoast-schema-graph\">{\"@context\":\"https:\\\/\\\/schema.org\",\"@graph\":[{\"@type\":\"Article\",\"@id\":\"https:\\\/\\\/cuadra-agrado.es\\\/?p=15527#article\",\"isPartOf\":{\"@id\":\"https:\\\/\\\/cuadra-agrado.es\\\/?p=15527\"},\"author\":{\"name\":\"Miguel Redondo\",\"@id\":\"https:\\\/\\\/cuadra-agrado.es\\\/#\\\/schema\\\/person\\\/3aa4f8d2373cf756d93a5526bc72f31b\"},\"headline\":\"Memorial Bronce para Kowalsky\",\"datePublished\":\"2024-10-21T09:45:29+00:00\",\"dateModified\":\"2024-10-22T13:14:17+00:00\",\"mainEntityOfPage\":{\"@id\":\"https:\\\/\\\/cuadra-agrado.es\\\/?p=15527\"},\"wordCount\":1344,\"image\":{\"@id\":\"https:\\\/\\\/cuadra-agrado.es\\\/?p=15527#primaryimage\"},\"thumbnailUrl\":\"https:\\\/\\\/cuadra-agrado.es\\\/wp-content\\\/uploads\\\/2024\\\/10\\\/MEMORIAL.jpg\",\"articleSection\":[\"Actualidad\"],\"inLanguage\":\"es\"},{\"@type\":\"WebPage\",\"@id\":\"https:\\\/\\\/cuadra-agrado.es\\\/?p=15527\",\"url\":\"https:\\\/\\\/cuadra-agrado.es\\\/?p=15527\",\"name\":\"Memorial Bronce para Kowalsky - Cuadra Agrado\",\"isPartOf\":{\"@id\":\"https:\\\/\\\/cuadra-agrado.es\\\/#website\"},\"primaryImageOfPage\":{\"@id\":\"https:\\\/\\\/cuadra-agrado.es\\\/?p=15527#primaryimage\"},\"image\":{\"@id\":\"https:\\\/\\\/cuadra-agrado.es\\\/?p=15527#primaryimage\"},\"thumbnailUrl\":\"https:\\\/\\\/cuadra-agrado.es\\\/wp-content\\\/uploads\\\/2024\\\/10\\\/MEMORIAL.jpg\",\"datePublished\":\"2024-10-21T09:45:29+00:00\",\"dateModified\":\"2024-10-22T13:14:17+00:00\",\"author\":{\"@id\":\"https:\\\/\\\/cuadra-agrado.es\\\/#\\\/schema\\\/person\\\/3aa4f8d2373cf756d93a5526bc72f31b\"},\"breadcrumb\":{\"@id\":\"https:\\\/\\\/cuadra-agrado.es\\\/?p=15527#breadcrumb\"},\"inLanguage\":\"es\",\"potentialAction\":[{\"@type\":\"ReadAction\",\"target\":[\"https:\\\/\\\/cuadra-agrado.es\\\/?p=15527\"]}]},{\"@type\":\"ImageObject\",\"inLanguage\":\"es\",\"@id\":\"https:\\\/\\\/cuadra-agrado.es\\\/?p=15527#primaryimage\",\"url\":\"https:\\\/\\\/cuadra-agrado.es\\\/wp-content\\\/uploads\\\/2024\\\/10\\\/MEMORIAL.jpg\",\"contentUrl\":\"https:\\\/\\\/cuadra-agrado.es\\\/wp-content\\\/uploads\\\/2024\\\/10\\\/MEMORIAL.jpg\",\"width\":926,\"height\":618},{\"@type\":\"BreadcrumbList\",\"@id\":\"https:\\\/\\\/cuadra-agrado.es\\\/?p=15527#breadcrumb\",\"itemListElement\":[{\"@type\":\"ListItem\",\"position\":1,\"name\":\"Portada\",\"item\":\"https:\\\/\\\/cuadra-agrado.es\\\/\"},{\"@type\":\"ListItem\",\"position\":2,\"name\":\"Memorial Bronce para Kowalsky\"}]},{\"@type\":\"WebSite\",\"@id\":\"https:\\\/\\\/cuadra-agrado.es\\\/#website\",\"url\":\"https:\\\/\\\/cuadra-agrado.es\\\/\",\"name\":\"Cuadra Agrado\",\"description\":\"En el mundo del Turf desde 2008\",\"potentialAction\":[{\"@type\":\"SearchAction\",\"target\":{\"@type\":\"EntryPoint\",\"urlTemplate\":\"https:\\\/\\\/cuadra-agrado.es\\\/?s={search_term_string}\"},\"query-input\":{\"@type\":\"PropertyValueSpecification\",\"valueRequired\":true,\"valueName\":\"search_term_string\"}}],\"inLanguage\":\"es\"},{\"@type\":\"Person\",\"@id\":\"https:\\\/\\\/cuadra-agrado.es\\\/#\\\/schema\\\/person\\\/3aa4f8d2373cf756d93a5526bc72f31b\",\"name\":\"Miguel Redondo\",\"image\":{\"@type\":\"ImageObject\",\"inLanguage\":\"es\",\"@id\":\"https:\\\/\\\/secure.gravatar.com\\\/avatar\\\/85704fceb4fa34017e3c1344d182da00dbf772fb8856ba2b7726a2df926415b4?s=96&d=mm&r=g\",\"url\":\"https:\\\/\\\/secure.gravatar.com\\\/avatar\\\/85704fceb4fa34017e3c1344d182da00dbf772fb8856ba2b7726a2df926415b4?s=96&d=mm&r=g\",\"contentUrl\":\"https:\\\/\\\/secure.gravatar.com\\\/avatar\\\/85704fceb4fa34017e3c1344d182da00dbf772fb8856ba2b7726a2df926415b4?s=96&d=mm&r=g\",\"caption\":\"Miguel Redondo\"},\"sameAs\":[\"https:\\\/\\\/cuadra-agrado.es\"],\"url\":\"https:\\\/\\\/cuadra-agrado.es\\\/?author=5\"}]}<\/script>\n<!-- \/ Yoast SEO plugin. -->","yoast_head_json":{"title":"Memorial Bronce para Kowalsky - Cuadra Agrado","robots":{"index":"index","follow":"follow","max-snippet":"max-snippet:-1","max-image-preview":"max-image-preview:large","max-video-preview":"max-video-preview:-1"},"canonical":"https:\/\/cuadra-agrado.es\/?p=15527","og_locale":"es_ES","og_type":"article","og_title":"Memorial Bronce para Kowalsky - Cuadra Agrado","og_description":"Bonita jornada la que disfrutamos ayer en el d\u00eda de los campeones acompa\u00f1ados de suave temperatura y algo m\u00e1s de ambiente en las gradas, aunque seguimos inmersos en un problema de asistencia al recinto madrile\u00f1o desde que los precios en taquilla se convirtieran en inaccesibles, y en muchos casos prohibitivos, para esas familias que acud\u00edan [&hellip;]","og_url":"https:\/\/cuadra-agrado.es\/?p=15527","og_site_name":"Cuadra Agrado","article_published_time":"2024-10-21T09:45:29+00:00","article_modified_time":"2024-10-22T13:14:17+00:00","og_image":[{"width":926,"height":618,"url":"https:\/\/cuadra-agrado.es\/wp-content\/uploads\/2024\/10\/MEMORIAL.jpg","type":"image\/jpeg"}],"author":"Miguel Redondo","twitter_card":"summary_large_image","twitter_creator":"@AGRADOracing","twitter_site":"@AGRADOracing","twitter_misc":{"Escrito por":"Miguel Redondo","Tiempo de lectura":"6 minutos"},"schema":{"@context":"https:\/\/schema.org","@graph":[{"@type":"Article","@id":"https:\/\/cuadra-agrado.es\/?p=15527#article","isPartOf":{"@id":"https:\/\/cuadra-agrado.es\/?p=15527"},"author":{"name":"Miguel Redondo","@id":"https:\/\/cuadra-agrado.es\/#\/schema\/person\/3aa4f8d2373cf756d93a5526bc72f31b"},"headline":"Memorial Bronce para Kowalsky","datePublished":"2024-10-21T09:45:29+00:00","dateModified":"2024-10-22T13:14:17+00:00","mainEntityOfPage":{"@id":"https:\/\/cuadra-agrado.es\/?p=15527"},"wordCount":1344,"image":{"@id":"https:\/\/cuadra-agrado.es\/?p=15527#primaryimage"},"thumbnailUrl":"https:\/\/cuadra-agrado.es\/wp-content\/uploads\/2024\/10\/MEMORIAL.jpg","articleSection":["Actualidad"],"inLanguage":"es"},{"@type":"WebPage","@id":"https:\/\/cuadra-agrado.es\/?p=15527","url":"https:\/\/cuadra-agrado.es\/?p=15527","name":"Memorial Bronce para Kowalsky - Cuadra Agrado","isPartOf":{"@id":"https:\/\/cuadra-agrado.es\/#website"},"primaryImageOfPage":{"@id":"https:\/\/cuadra-agrado.es\/?p=15527#primaryimage"},"image":{"@id":"https:\/\/cuadra-agrado.es\/?p=15527#primaryimage"},"thumbnailUrl":"https:\/\/cuadra-agrado.es\/wp-content\/uploads\/2024\/10\/MEMORIAL.jpg","datePublished":"2024-10-21T09:45:29+00:00","dateModified":"2024-10-22T13:14:17+00:00","author":{"@id":"https:\/\/cuadra-agrado.es\/#\/schema\/person\/3aa4f8d2373cf756d93a5526bc72f31b"},"breadcrumb":{"@id":"https:\/\/cuadra-agrado.es\/?p=15527#breadcrumb"},"inLanguage":"es","potentialAction":[{"@type":"ReadAction","target":["https:\/\/cuadra-agrado.es\/?p=15527"]}]},{"@type":"ImageObject","inLanguage":"es","@id":"https:\/\/cuadra-agrado.es\/?p=15527#primaryimage","url":"https:\/\/cuadra-agrado.es\/wp-content\/uploads\/2024\/10\/MEMORIAL.jpg","contentUrl":"https:\/\/cuadra-agrado.es\/wp-content\/uploads\/2024\/10\/MEMORIAL.jpg","width":926,"height":618},{"@type":"BreadcrumbList","@id":"https:\/\/cuadra-agrado.es\/?p=15527#breadcrumb","itemListElement":[{"@type":"ListItem","position":1,"name":"Portada","item":"https:\/\/cuadra-agrado.es\/"},{"@type":"ListItem","position":2,"name":"Memorial Bronce para Kowalsky"}]},{"@type":"WebSite","@id":"https:\/\/cuadra-agrado.es\/#website","url":"https:\/\/cuadra-agrado.es\/","name":"Cuadra Agrado","description":"En el mundo del Turf desde 2008","potentialAction":[{"@type":"SearchAction","target":{"@type":"EntryPoint","urlTemplate":"https:\/\/cuadra-agrado.es\/?s={search_term_string}"},"query-input":{"@type":"PropertyValueSpecification","valueRequired":true,"valueName":"search_term_string"}}],"inLanguage":"es"},{"@type":"Person","@id":"https:\/\/cuadra-agrado.es\/#\/schema\/person\/3aa4f8d2373cf756d93a5526bc72f31b","name":"Miguel Redondo","image":{"@type":"ImageObject","inLanguage":"es","@id":"https:\/\/secure.gravatar.com\/avatar\/85704fceb4fa34017e3c1344d182da00dbf772fb8856ba2b7726a2df926415b4?s=96&d=mm&r=g","url":"https:\/\/secure.gravatar.com\/avatar\/85704fceb4fa34017e3c1344d182da00dbf772fb8856ba2b7726a2df926415b4?s=96&d=mm&r=g","contentUrl":"https:\/\/secure.gravatar.com\/avatar\/85704fceb4fa34017e3c1344d182da00dbf772fb8856ba2b7726a2df926415b4?s=96&d=mm&r=g","caption":"Miguel Redondo"},"sameAs":["https:\/\/cuadra-agrado.es"],"url":"https:\/\/cuadra-agrado.es\/?author=5"}]}},"_links":{"self":[{"href":"https:\/\/cuadra-agrado.es\/index.php?rest_route=\/wp\/v2\/posts\/15527","targetHints":{"allow":["GET"]}}],"collection":[{"href":"https:\/\/cuadra-agrado.es\/index.php?rest_route=\/wp\/v2\/posts"}],"about":[{"href":"https:\/\/cuadra-agrado.es\/index.php?rest_route=\/wp\/v2\/types\/post"}],"author":[{"embeddable":true,"href":"https:\/\/cuadra-agrado.es\/index.php?rest_route=\/wp\/v2\/users\/5"}],"replies":[{"embeddable":true,"href":"https:\/\/cuadra-agrado.es\/index.php?rest_route=%2Fwp%2Fv2%2Fcomments&post=15527"}],"version-history":[{"count":22,"href":"https:\/\/cuadra-agrado.es\/index.php?rest_route=\/wp\/v2\/posts\/15527\/revisions"}],"predecessor-version":[{"id":15554,"href":"https:\/\/cuadra-agrado.es\/index.php?rest_route=\/wp\/v2\/posts\/15527\/revisions\/15554"}],"wp:featuredmedia":[{"embeddable":true,"href":"https:\/\/cuadra-agrado.es\/index.php?rest_route=\/wp\/v2\/media\/15539"}],"wp:attachment":[{"href":"https:\/\/cuadra-agrado.es\/index.php?rest_route=%2Fwp%2Fv2%2Fmedia&parent=15527"}],"wp:term":[{"taxonomy":"category","embeddable":true,"href":"https:\/\/cuadra-agrado.es\/index.php?rest_route=%2Fwp%2Fv2%2Fcategories&post=15527"},{"taxonomy":"post_tag","embeddable":true,"href":"https:\/\/cuadra-agrado.es\/index.php?rest_route=%2Fwp%2Fv2%2Ftags&post=15527"}],"curies":[{"name":"wp","href":"https:\/\/api.w.org\/{rel}","templated":true}]}}