{"id":15508,"date":"2024-10-01T10:23:57","date_gmt":"2024-10-01T10:23:57","guid":{"rendered":"https:\/\/cuadra-agrado.es\/?p=15508"},"modified":"2024-10-01T10:23:57","modified_gmt":"2024-10-01T10:23:57","slug":"debut-para-alwin-bram-y-desquite-para-super-rafale","status":"publish","type":"post","link":"https:\/\/cuadra-agrado.es\/?p=15508","title":{"rendered":"Debut para Alwin Bram y desquite para Super Rafale"},"content":{"rendered":"<p style=\"text-align: justify;\">Tras una semana de descanso en este inicio de temporada oto\u00f1al, retornamos este pr\u00f3ximo domingo a la pista del Hip\u00f3dromo de Madrid para confirmar los dos partants de los dos cl\u00e1sicos de la cuadra.<br \/>\nDespu\u00e9s de larga espera y algunos cambios de \u00faltima hora llega el debut de \u201c<strong>Alwin Bram<\/strong>\u201d. Fue nuestra adquisici\u00f3n en la subasta Brezze Up de abril de 2023 en Madrid. Por aquel entonces, un dos a\u00f1os de capa alazana con potente f\u00edsico y origen alem\u00e1n adquirido como nueva ilusi\u00f3n macho para, por aquel entonces, un inminente futuro a dos a\u00f1os. Su padre \u00ab<strong>Brametot<\/strong>\u00bb doble ganador de grupo 1 (Poule de potros francesa 2017, y Prix de Jockey Club del mismo a\u00f1o) . La linea materna tiene en su madre alemana una colocada de Listed, y ha dado ya un par de hijos negritas de Listed.<br \/>\nF\u00edsicamente, el potro era un portento de fortaleza, bien hecho y con buen car\u00e1cter, pero todo se empez\u00f3 a torcer apenas en los primeros trabajos de la primavera de 2023.<br \/>\nUn principio de infosura en uno de sus cascos oblig\u00f3 a pasar por urgencia hospitalaria y oblig\u00f3 despu\u00e9s a pasar un largo periodo de recuperaci\u00f3n en la yeguada. Con los dos a\u00f1os ya perdidos, retornaba a entrenamiento a comienzos de este a\u00f1o, ya inmerso en su edad cl\u00e1sica, pero el serio problema requer\u00eda ir muy despacio en sus trabajos y el verano se ech\u00f3 encima. El domingo lo veremos por primera vez vestido con traje de luces. En un a\u00f1o ya muy avanzado, cualquier debut a tres a\u00f1os ser\u00e1 sin\u00f3nimo de tratar de ir empaquetado en el lote, e intentar seguir el paso de los ya curtidos compa\u00f1eros de edad en un lote asequible de no ganadores para estas alturas de a\u00f1o.<\/p>\n<p style=\"text-align: justify;\">Comenzaremos tentando el fondo que parece llevar en su sangre en esta prueba de 2.200 metros y, aunque no esperamos mucho m\u00e1s que un digno debut que nos devuelva una primera parte del esfuerzo a la larga espera, el potro ahora s\u00ed parece estar en su mejor condici\u00f3n para emprender su historial. Esperaremos por tanto resultado y, solo en el caso de ver progresi\u00f3n durante las dos o tres salidas programadas durante la temporada, guardar su bala en su pr\u00f3xima edad adulta que es donde parece su familia materna comienza a engranar valor.<\/p>\n<p style=\"text-align: justify;\">Monta para el joven G. Arguinzones con el que descarga 2 kilos extras y que tratar\u00e1 de ponerlo en carrera con atenci\u00f3n l\u00f3gica a su primera partida de cajones, e ir posteriormente en carrera arropado por el lote para buscar su mejor opci\u00f3n, siempre y cuando el potro tenga aliento suficiente para cubrir este primer metraje largo de su historial.<\/p>\n<p style=\"text-align: justify;\">En la quinta de la jornada, veremos expectantes una nueva salida de \u201c<strong>Super Rafale<\/strong>\u201d con la confianza de desmentir sus dos precedentes en San Sebasti\u00e1n y retorno a Madrid donde realmente saltaron las alarmas. Ha pasado por servicios veterinarios y, tras anal\u00edtica y pruebas respiratorias sin incidencia alguna, se vuelven a poner luces en verde para disputar esta prueba e intentar retornar cuanto antes a sus buenos valores de primavera. Su trabajo en la fibra el pasado s\u00e1bado nos dej\u00f3 buenas sensaciones, y solo queda que esa buena impresi\u00f3n sea refrendada en competici\u00f3n en una distancia quiz\u00e1s un poco m\u00e1s larga de lo habitual, pero que no deber\u00eda ser impedimento para completarla por or\u00edgenes, y ya avanzada su edad cl\u00e1sica donde es logico pensar que ha cogido algo m\u00e1s de pulm\u00f3n.<br \/>\nSe medir\u00e1 a un buen lote de diez participantes con varios rivales de entidad, entre los que caben menci\u00f3n especial los tres que reaparecen despu\u00e9s de largo tiempo. Siempre es un lujo ver en pista a dos hijos del gran \u201c<strong>Zarak<\/strong>\u201d, como son \u201c<strong>Valzac\u201d y \u201cZinayak<\/strong>\u201d acompa\u00f1ados de \u201c<strong>Magic Light<\/strong>\u201d, cuyos buenos valores a dos a\u00f1os ya fueron demostrados y que a buen seguro volver\u00e1n a coger la senda.<\/p>\n<p style=\"text-align: justify;\">Monta para V\u00edctor Valenzuela que ya form\u00f3 dupla en la primera de temporada primaveral, y que tendr\u00e1 una nueva opci\u00f3n para buscar mejorar esa cuarta plaza de entonces. En esta ocasi\u00f3n con el incremento de metraje, las \u00f3rdenes previsiblemente ser\u00e1n plantear una carrera mucho m\u00e1s conservadora en mitad del lote, y lanzar su ataque en los \u00faltimos 300 metros buscando calles sin demasiado obst\u00e1culos.<\/p>\n<p style=\"text-align: justify;\">Mucha suerte equipo!!<\/p>\n<!-- AddThis Advanced Settings generic via filter on the_content --><!-- AddThis Share Buttons generic via filter on the_content -->","protected":false},"excerpt":{"rendered":"<p>Tras una semana de descanso en este inicio de temporada oto\u00f1al, retornamos este pr\u00f3ximo domingo a la pista del Hip\u00f3dromo de Madrid para confirmar los dos partants de los dos cl\u00e1sicos de la cuadra. Despu\u00e9s de larga espera y algunos cambios de \u00faltima hora llega el debut de \u201cAlwin Bram\u201d. Fue nuestra adquisici\u00f3n en la [&hellip;]<!-- AddThis Advanced Settings generic via filter on get_the_excerpt --><!-- AddThis Share Buttons generic via filter on get_the_excerpt --><\/p>\n","protected":false},"author":5,"featured_media":15399,"comment_status":"closed","ping_status":"open","sticky":false,"template":"","format":"standard","meta":{"_acf_changed":false,"_et_pb_use_builder":"","_et_pb_old_content":"","_et_gb_content_width":"","footnotes":""},"categories":[3],"tags":[],"class_list":["post-15508","post","type-post","status-publish","format-standard","has-post-thumbnail","hentry","category-noticias-cuadra-agrado"],"acf":[],"yoast_head":"<!-- This site is optimized with the Yoast SEO plugin v27.4 - https:\/\/yoast.com\/product\/yoast-seo-wordpress\/ -->\n<title>Debut para Alwin Bram y desquite para Super Rafale - Cuadra Agrado<\/title>\n<meta name=\"robots\" content=\"index, follow, max-snippet:-1, max-image-preview:large, max-video-preview:-1\" \/>\n<link rel=\"canonical\" href=\"https:\/\/cuadra-agrado.es\/?p=15508\" \/>\n<meta property=\"og:locale\" content=\"es_ES\" \/>\n<meta property=\"og:type\" content=\"article\" \/>\n<meta property=\"og:title\" content=\"Debut para Alwin Bram y desquite para Super Rafale - Cuadra Agrado\" \/>\n<meta property=\"og:description\" content=\"Tras una semana de descanso en este inicio de temporada oto\u00f1al, retornamos este pr\u00f3ximo domingo a la pista del Hip\u00f3dromo de Madrid para confirmar los dos partants de los dos cl\u00e1sicos de la cuadra. Despu\u00e9s de larga espera y algunos cambios de \u00faltima hora llega el debut de \u201cAlwin Bram\u201d. Fue nuestra adquisici\u00f3n en la [&hellip;]\" \/>\n<meta property=\"og:url\" content=\"https:\/\/cuadra-agrado.es\/?p=15508\" \/>\n<meta property=\"og:site_name\" content=\"Cuadra Agrado\" \/>\n<meta property=\"article:published_time\" content=\"2024-10-01T10:23:57+00:00\" \/>\n<meta property=\"og:image\" content=\"https:\/\/cuadra-agrado.es\/wp-content\/uploads\/2024\/02\/super-rafale.jpg\" \/>\n\t<meta property=\"og:image:width\" content=\"1600\" \/>\n\t<meta property=\"og:image:height\" content=\"1066\" \/>\n\t<meta property=\"og:image:type\" content=\"image\/jpeg\" \/>\n<meta name=\"author\" content=\"Miguel Redondo\" \/>\n<meta name=\"twitter:card\" content=\"summary_large_image\" \/>\n<meta name=\"twitter:creator\" content=\"@AGRADOracing\" \/>\n<meta name=\"twitter:site\" content=\"@AGRADOracing\" \/>\n<meta name=\"twitter:label1\" content=\"Escrito por\" \/>\n\t<meta name=\"twitter:data1\" content=\"Miguel Redondo\" \/>\n\t<meta name=\"twitter:label2\" content=\"Tiempo de lectura\" \/>\n\t<meta name=\"twitter:data2\" content=\"4 minutos\" \/>\n<script type=\"application\/ld+json\" class=\"yoast-schema-graph\">{\"@context\":\"https:\\\/\\\/schema.org\",\"@graph\":[{\"@type\":\"Article\",\"@id\":\"https:\\\/\\\/cuadra-agrado.es\\\/?p=15508#article\",\"isPartOf\":{\"@id\":\"https:\\\/\\\/cuadra-agrado.es\\\/?p=15508\"},\"author\":{\"name\":\"Miguel Redondo\",\"@id\":\"https:\\\/\\\/cuadra-agrado.es\\\/#\\\/schema\\\/person\\\/3aa4f8d2373cf756d93a5526bc72f31b\"},\"headline\":\"Debut para Alwin Bram y desquite para Super Rafale\",\"datePublished\":\"2024-10-01T10:23:57+00:00\",\"mainEntityOfPage\":{\"@id\":\"https:\\\/\\\/cuadra-agrado.es\\\/?p=15508\"},\"wordCount\":767,\"image\":{\"@id\":\"https:\\\/\\\/cuadra-agrado.es\\\/?p=15508#primaryimage\"},\"thumbnailUrl\":\"https:\\\/\\\/cuadra-agrado.es\\\/wp-content\\\/uploads\\\/2024\\\/02\\\/super-rafale.jpg\",\"articleSection\":[\"Actualidad\"],\"inLanguage\":\"es\"},{\"@type\":\"WebPage\",\"@id\":\"https:\\\/\\\/cuadra-agrado.es\\\/?p=15508\",\"url\":\"https:\\\/\\\/cuadra-agrado.es\\\/?p=15508\",\"name\":\"Debut para Alwin Bram y desquite para Super Rafale - Cuadra Agrado\",\"isPartOf\":{\"@id\":\"https:\\\/\\\/cuadra-agrado.es\\\/#website\"},\"primaryImageOfPage\":{\"@id\":\"https:\\\/\\\/cuadra-agrado.es\\\/?p=15508#primaryimage\"},\"image\":{\"@id\":\"https:\\\/\\\/cuadra-agrado.es\\\/?p=15508#primaryimage\"},\"thumbnailUrl\":\"https:\\\/\\\/cuadra-agrado.es\\\/wp-content\\\/uploads\\\/2024\\\/02\\\/super-rafale.jpg\",\"datePublished\":\"2024-10-01T10:23:57+00:00\",\"author\":{\"@id\":\"https:\\\/\\\/cuadra-agrado.es\\\/#\\\/schema\\\/person\\\/3aa4f8d2373cf756d93a5526bc72f31b\"},\"breadcrumb\":{\"@id\":\"https:\\\/\\\/cuadra-agrado.es\\\/?p=15508#breadcrumb\"},\"inLanguage\":\"es\",\"potentialAction\":[{\"@type\":\"ReadAction\",\"target\":[\"https:\\\/\\\/cuadra-agrado.es\\\/?p=15508\"]}]},{\"@type\":\"ImageObject\",\"inLanguage\":\"es\",\"@id\":\"https:\\\/\\\/cuadra-agrado.es\\\/?p=15508#primaryimage\",\"url\":\"https:\\\/\\\/cuadra-agrado.es\\\/wp-content\\\/uploads\\\/2024\\\/02\\\/super-rafale.jpg\",\"contentUrl\":\"https:\\\/\\\/cuadra-agrado.es\\\/wp-content\\\/uploads\\\/2024\\\/02\\\/super-rafale.jpg\",\"width\":1600,\"height\":1066},{\"@type\":\"BreadcrumbList\",\"@id\":\"https:\\\/\\\/cuadra-agrado.es\\\/?p=15508#breadcrumb\",\"itemListElement\":[{\"@type\":\"ListItem\",\"position\":1,\"name\":\"Portada\",\"item\":\"https:\\\/\\\/cuadra-agrado.es\\\/\"},{\"@type\":\"ListItem\",\"position\":2,\"name\":\"Debut para Alwin Bram y desquite para Super Rafale\"}]},{\"@type\":\"WebSite\",\"@id\":\"https:\\\/\\\/cuadra-agrado.es\\\/#website\",\"url\":\"https:\\\/\\\/cuadra-agrado.es\\\/\",\"name\":\"Cuadra Agrado\",\"description\":\"En el mundo del Turf desde 2008\",\"potentialAction\":[{\"@type\":\"SearchAction\",\"target\":{\"@type\":\"EntryPoint\",\"urlTemplate\":\"https:\\\/\\\/cuadra-agrado.es\\\/?s={search_term_string}\"},\"query-input\":{\"@type\":\"PropertyValueSpecification\",\"valueRequired\":true,\"valueName\":\"search_term_string\"}}],\"inLanguage\":\"es\"},{\"@type\":\"Person\",\"@id\":\"https:\\\/\\\/cuadra-agrado.es\\\/#\\\/schema\\\/person\\\/3aa4f8d2373cf756d93a5526bc72f31b\",\"name\":\"Miguel Redondo\",\"image\":{\"@type\":\"ImageObject\",\"inLanguage\":\"es\",\"@id\":\"https:\\\/\\\/secure.gravatar.com\\\/avatar\\\/85704fceb4fa34017e3c1344d182da00dbf772fb8856ba2b7726a2df926415b4?s=96&d=mm&r=g\",\"url\":\"https:\\\/\\\/secure.gravatar.com\\\/avatar\\\/85704fceb4fa34017e3c1344d182da00dbf772fb8856ba2b7726a2df926415b4?s=96&d=mm&r=g\",\"contentUrl\":\"https:\\\/\\\/secure.gravatar.com\\\/avatar\\\/85704fceb4fa34017e3c1344d182da00dbf772fb8856ba2b7726a2df926415b4?s=96&d=mm&r=g\",\"caption\":\"Miguel Redondo\"},\"sameAs\":[\"https:\\\/\\\/cuadra-agrado.es\"],\"url\":\"https:\\\/\\\/cuadra-agrado.es\\\/?author=5\"}]}<\/script>\n<!-- \/ Yoast SEO plugin. -->","yoast_head_json":{"title":"Debut para Alwin Bram y desquite para Super Rafale - Cuadra Agrado","robots":{"index":"index","follow":"follow","max-snippet":"max-snippet:-1","max-image-preview":"max-image-preview:large","max-video-preview":"max-video-preview:-1"},"canonical":"https:\/\/cuadra-agrado.es\/?p=15508","og_locale":"es_ES","og_type":"article","og_title":"Debut para Alwin Bram y desquite para Super Rafale - Cuadra Agrado","og_description":"Tras una semana de descanso en este inicio de temporada oto\u00f1al, retornamos este pr\u00f3ximo domingo a la pista del Hip\u00f3dromo de Madrid para confirmar los dos partants de los dos cl\u00e1sicos de la cuadra. Despu\u00e9s de larga espera y algunos cambios de \u00faltima hora llega el debut de \u201cAlwin Bram\u201d. Fue nuestra adquisici\u00f3n en la [&hellip;]","og_url":"https:\/\/cuadra-agrado.es\/?p=15508","og_site_name":"Cuadra Agrado","article_published_time":"2024-10-01T10:23:57+00:00","og_image":[{"width":1600,"height":1066,"url":"https:\/\/cuadra-agrado.es\/wp-content\/uploads\/2024\/02\/super-rafale.jpg","type":"image\/jpeg"}],"author":"Miguel Redondo","twitter_card":"summary_large_image","twitter_creator":"@AGRADOracing","twitter_site":"@AGRADOracing","twitter_misc":{"Escrito por":"Miguel Redondo","Tiempo de lectura":"4 minutos"},"schema":{"@context":"https:\/\/schema.org","@graph":[{"@type":"Article","@id":"https:\/\/cuadra-agrado.es\/?p=15508#article","isPartOf":{"@id":"https:\/\/cuadra-agrado.es\/?p=15508"},"author":{"name":"Miguel Redondo","@id":"https:\/\/cuadra-agrado.es\/#\/schema\/person\/3aa4f8d2373cf756d93a5526bc72f31b"},"headline":"Debut para Alwin Bram y desquite para Super Rafale","datePublished":"2024-10-01T10:23:57+00:00","mainEntityOfPage":{"@id":"https:\/\/cuadra-agrado.es\/?p=15508"},"wordCount":767,"image":{"@id":"https:\/\/cuadra-agrado.es\/?p=15508#primaryimage"},"thumbnailUrl":"https:\/\/cuadra-agrado.es\/wp-content\/uploads\/2024\/02\/super-rafale.jpg","articleSection":["Actualidad"],"inLanguage":"es"},{"@type":"WebPage","@id":"https:\/\/cuadra-agrado.es\/?p=15508","url":"https:\/\/cuadra-agrado.es\/?p=15508","name":"Debut para Alwin Bram y desquite para Super Rafale - Cuadra Agrado","isPartOf":{"@id":"https:\/\/cuadra-agrado.es\/#website"},"primaryImageOfPage":{"@id":"https:\/\/cuadra-agrado.es\/?p=15508#primaryimage"},"image":{"@id":"https:\/\/cuadra-agrado.es\/?p=15508#primaryimage"},"thumbnailUrl":"https:\/\/cuadra-agrado.es\/wp-content\/uploads\/2024\/02\/super-rafale.jpg","datePublished":"2024-10-01T10:23:57+00:00","author":{"@id":"https:\/\/cuadra-agrado.es\/#\/schema\/person\/3aa4f8d2373cf756d93a5526bc72f31b"},"breadcrumb":{"@id":"https:\/\/cuadra-agrado.es\/?p=15508#breadcrumb"},"inLanguage":"es","potentialAction":[{"@type":"ReadAction","target":["https:\/\/cuadra-agrado.es\/?p=15508"]}]},{"@type":"ImageObject","inLanguage":"es","@id":"https:\/\/cuadra-agrado.es\/?p=15508#primaryimage","url":"https:\/\/cuadra-agrado.es\/wp-content\/uploads\/2024\/02\/super-rafale.jpg","contentUrl":"https:\/\/cuadra-agrado.es\/wp-content\/uploads\/2024\/02\/super-rafale.jpg","width":1600,"height":1066},{"@type":"BreadcrumbList","@id":"https:\/\/cuadra-agrado.es\/?p=15508#breadcrumb","itemListElement":[{"@type":"ListItem","position":1,"name":"Portada","item":"https:\/\/cuadra-agrado.es\/"},{"@type":"ListItem","position":2,"name":"Debut para Alwin Bram y desquite para Super Rafale"}]},{"@type":"WebSite","@id":"https:\/\/cuadra-agrado.es\/#website","url":"https:\/\/cuadra-agrado.es\/","name":"Cuadra Agrado","description":"En el mundo del Turf desde 2008","potentialAction":[{"@type":"SearchAction","target":{"@type":"EntryPoint","urlTemplate":"https:\/\/cuadra-agrado.es\/?s={search_term_string}"},"query-input":{"@type":"PropertyValueSpecification","valueRequired":true,"valueName":"search_term_string"}}],"inLanguage":"es"},{"@type":"Person","@id":"https:\/\/cuadra-agrado.es\/#\/schema\/person\/3aa4f8d2373cf756d93a5526bc72f31b","name":"Miguel Redondo","image":{"@type":"ImageObject","inLanguage":"es","@id":"https:\/\/secure.gravatar.com\/avatar\/85704fceb4fa34017e3c1344d182da00dbf772fb8856ba2b7726a2df926415b4?s=96&d=mm&r=g","url":"https:\/\/secure.gravatar.com\/avatar\/85704fceb4fa34017e3c1344d182da00dbf772fb8856ba2b7726a2df926415b4?s=96&d=mm&r=g","contentUrl":"https:\/\/secure.gravatar.com\/avatar\/85704fceb4fa34017e3c1344d182da00dbf772fb8856ba2b7726a2df926415b4?s=96&d=mm&r=g","caption":"Miguel Redondo"},"sameAs":["https:\/\/cuadra-agrado.es"],"url":"https:\/\/cuadra-agrado.es\/?author=5"}]}},"_links":{"self":[{"href":"https:\/\/cuadra-agrado.es\/index.php?rest_route=\/wp\/v2\/posts\/15508","targetHints":{"allow":["GET"]}}],"collection":[{"href":"https:\/\/cuadra-agrado.es\/index.php?rest_route=\/wp\/v2\/posts"}],"about":[{"href":"https:\/\/cuadra-agrado.es\/index.php?rest_route=\/wp\/v2\/types\/post"}],"author":[{"embeddable":true,"href":"https:\/\/cuadra-agrado.es\/index.php?rest_route=\/wp\/v2\/users\/5"}],"replies":[{"embeddable":true,"href":"https:\/\/cuadra-agrado.es\/index.php?rest_route=%2Fwp%2Fv2%2Fcomments&post=15508"}],"version-history":[{"count":2,"href":"https:\/\/cuadra-agrado.es\/index.php?rest_route=\/wp\/v2\/posts\/15508\/revisions"}],"predecessor-version":[{"id":15510,"href":"https:\/\/cuadra-agrado.es\/index.php?rest_route=\/wp\/v2\/posts\/15508\/revisions\/15510"}],"wp:featuredmedia":[{"embeddable":true,"href":"https:\/\/cuadra-agrado.es\/index.php?rest_route=\/wp\/v2\/media\/15399"}],"wp:attachment":[{"href":"https:\/\/cuadra-agrado.es\/index.php?rest_route=%2Fwp%2Fv2%2Fmedia&parent=15508"}],"wp:term":[{"taxonomy":"category","embeddable":true,"href":"https:\/\/cuadra-agrado.es\/index.php?rest_route=%2Fwp%2Fv2%2Fcategories&post=15508"},{"taxonomy":"post_tag","embeddable":true,"href":"https:\/\/cuadra-agrado.es\/index.php?rest_route=%2Fwp%2Fv2%2Ftags&post=15508"}],"curies":[{"name":"wp","href":"https:\/\/api.w.org\/{rel}","templated":true}]}}