{"id":15498,"date":"2024-09-16T13:16:23","date_gmt":"2024-09-16T13:16:23","guid":{"rendered":"https:\/\/cuadra-agrado.es\/?p=15498"},"modified":"2024-09-16T13:16:23","modified_gmt":"2024-09-16T13:16:23","slug":"primera-cita-otonal-para-super-rafale-y-kowalsky","status":"publish","type":"post","link":"https:\/\/cuadra-agrado.es\/?p=15498","title":{"rendered":"Primera cita oto\u00f1al para Super Rafale y Kowalsky."},"content":{"rendered":"<p style=\"text-align: justify;\">Ya inmersos en plena temporada oto\u00f1al, dejando atr\u00e1s un verano en el que poco pudimos disfrutar con los nuestros, retornamos a casa para comenzar estas dos pr\u00f3ximas jornadas de viernes y domingo con los actuales dos puntales de la cuadra.<\/p>\n<p style=\"text-align: justify;\">Primera cita oto\u00f1al para \u201c<strong>Super Rafale<\/strong>\u201d que el viernes en horario de tarde se medir\u00e1 a siete potros de su misma edad en una prueba de condici\u00f3n sobre 1.500 metros. Tras la preparatoria al Gobierno Vasco donde no se sinti\u00f3 a gusto en ning\u00fan momento con trazado, pista, y un viaje complicado, decidimos dejarlo fresco para Madrid y reorganizar su programa. El caballo llega con buena forma y condici\u00f3n a esta primera de la temporada, y sobre el papel, cuenta con una buena chance ante un buen lote donde tendr\u00eda a todos batidos, si tenemos en cuenta los precedentes de primavera. Las medallas se reparten nuevamente y, a igualdad de pesos, salvo los dos kilos de recargo de \u201c<strong>Gimme Love<\/strong>\u201d, ser\u00e1 sin duda una nueva prueba que nos sirva para confirmar valores primaverales por encima del 40, y desmentir de un plumazo su floja salida donostiarra.<\/p>\n<p style=\"text-align: justify;\">Mucha confianza por tanto para sumar otra medalla en su haber, que esperamos sea de valor, e iniciar la temporada con pie derecho y firme. La milla corta de la prueba no debe afectar a su mejor condici\u00f3n, e incluso podr\u00eda ser beneficiosa en esta primera vuelta a competici\u00f3n. Si a\u00f1adimos que cuenta con una monta de confianza, no deber\u00edan existir demasiados argumentos en contra para no estar en un trio de valor.<\/p>\n<p style=\"text-align: justify;\">Con un d\u00eda de relax en medio para digerir lo que \u00ab<strong>Super Rafale<\/strong>\u00bb nos muestre, el domingo volvemos a pista con la vuelta de \u201c<strong>Kowalsky<\/strong>\u201d tambi\u00e9n a su casa. Al igual que su compa\u00f1ero de viaje veraniego, no tuvo su mejor actuaci\u00f3n en la preparatoria a la Copa de Oro y, de igual forma, decidimos reprogramar su programa y dejarlo fresco para Madrid salt\u00e1ndonos esa Copa de Oro en la que vimos pocas posibilidades de \u00e9xito tras su debut en la pista donostiarra. Sin victoria todav\u00eda en el a\u00f1o, necesita el ganador del Derby 2023 buscar su opci\u00f3n para reencontrase con la victoria en esta su edad adulta. En el tr\u00edo en sus tres salidas primaverales, a\u00fan no hemos podido devolver la moral que necesita un caballo de valor con el que seguimos contando para grandes premios, y que sin duda encontrar\u00e1 esa victoria en oto\u00f1o. Llega con buena condici\u00f3n y m\u00e1s fresco que algunos de sus rivales. Si a\u00f1adimos tambi\u00e9n una monta de garant\u00edas, est\u00e1 en condici\u00f3n de volver a luchar por las medallas de valor en esta primera comparecencia. Se medir\u00e1 a caballos de entidad en esta preparatoria al Memorial, donde hemos marcado como objetivo oto\u00f1al, aunque para ello, es necesario estar luchando con los grandes en esta primera salida y buscar nuestro caj\u00f3n en el partant de la gran final. Con el partant provisional en la mano, nos enfrentaremos a un lote con rivales de gran valor donde destaca por encima de todos el colocado y posterior ganador de G3 el pasado a\u00f1o, \u201c<strong>Naranco<\/strong>\u201d, con un valor estratosf\u00e9rico 50. Recuperado del problema de salud que le ha tenido alejado de competici\u00f3n casi un a\u00f1o y, reaparecido ya en Francia a comienzos de agosto, su entorno conf\u00eda en la vuelta a competici\u00f3n con suficiente valor como para llevarse esta primera carrera en su retorno a casa y volver a volar\u2026.<\/p>\n<p style=\"text-align: justify;\">Tras la salida de nuestro turf de nuestra primera monta Borja Fayos, al que le deseamos toda la suerte que merece en esta nueva aventura en tierras catar\u00edes, confiamos nuestros dos mejores caballos en esta primera salida a Jaime Gelabert, que est\u00e1 viviendo uno de sus mejores momentos profesionales y al que le deseamos que, tambi\u00e9n con los nuestros, siga con la buena racha. Para el caso de <strong>\u201cSuper Rafale<\/strong>\u201d, imaginamos que ser\u00e1 una carrera con un ritmo alto de partida, por lo que permanecer detr\u00e1s de los punteros bien tapado, relajado y no demasiado lejos, podr\u00eda ser una buena estrategia para lanzar por calles exteriores su ataque en los \u00faltimos 300. Para el caso de \u201c<strong>Kowalsky<\/strong>\u201d, el ritmo imaginamos que no sea elevado, y quiz\u00e1s necesitemos ir mucho m\u00e1s cerca del puntero para tratar de enfilar la recta definitiva lo m\u00e1s cerca posible. En cualquier caso, esperaremos paciente las \u00faltimas ordenes sobre el mismo paddock y confiaremos en las buenas manos de Jaime y la buena condici\u00f3n de <strong>\u201cSuper Rafale\u201d <\/strong>y <strong>\u201cKowalsky\u201d<\/strong><\/p>\n<p style=\"text-align: justify;\">Mucha suerte Equipo!!!<\/p>\n<!-- AddThis Advanced Settings generic via filter on the_content --><!-- AddThis Share Buttons generic via filter on the_content -->","protected":false},"excerpt":{"rendered":"<p>Ya inmersos en plena temporada oto\u00f1al, dejando atr\u00e1s un verano en el que poco pudimos disfrutar con los nuestros, retornamos a casa para comenzar estas dos pr\u00f3ximas jornadas de viernes y domingo con los actuales dos puntales de la cuadra. Primera cita oto\u00f1al para \u201cSuper Rafale\u201d que el viernes en horario de tarde se medir\u00e1 [&hellip;]<!-- AddThis Advanced Settings generic via filter on get_the_excerpt --><!-- AddThis Share Buttons generic via filter on get_the_excerpt --><\/p>\n","protected":false},"author":5,"featured_media":15399,"comment_status":"closed","ping_status":"open","sticky":false,"template":"","format":"standard","meta":{"_acf_changed":false,"_et_pb_use_builder":"","_et_pb_old_content":"","_et_gb_content_width":"","footnotes":""},"categories":[3],"tags":[],"class_list":["post-15498","post","type-post","status-publish","format-standard","has-post-thumbnail","hentry","category-noticias-cuadra-agrado"],"acf":[],"yoast_head":"<!-- This site is optimized with the Yoast SEO plugin v27.4 - https:\/\/yoast.com\/product\/yoast-seo-wordpress\/ -->\n<title>Primera cita oto\u00f1al para Super Rafale y Kowalsky. - Cuadra Agrado<\/title>\n<meta name=\"robots\" content=\"index, follow, max-snippet:-1, max-image-preview:large, max-video-preview:-1\" \/>\n<link rel=\"canonical\" href=\"https:\/\/cuadra-agrado.es\/?p=15498\" \/>\n<meta property=\"og:locale\" content=\"es_ES\" \/>\n<meta property=\"og:type\" content=\"article\" \/>\n<meta property=\"og:title\" content=\"Primera cita oto\u00f1al para Super Rafale y Kowalsky. - Cuadra Agrado\" \/>\n<meta property=\"og:description\" content=\"Ya inmersos en plena temporada oto\u00f1al, dejando atr\u00e1s un verano en el que poco pudimos disfrutar con los nuestros, retornamos a casa para comenzar estas dos pr\u00f3ximas jornadas de viernes y domingo con los actuales dos puntales de la cuadra. Primera cita oto\u00f1al para \u201cSuper Rafale\u201d que el viernes en horario de tarde se medir\u00e1 [&hellip;]\" \/>\n<meta property=\"og:url\" content=\"https:\/\/cuadra-agrado.es\/?p=15498\" \/>\n<meta property=\"og:site_name\" content=\"Cuadra Agrado\" \/>\n<meta property=\"article:published_time\" content=\"2024-09-16T13:16:23+00:00\" \/>\n<meta property=\"og:image\" content=\"https:\/\/cuadra-agrado.es\/wp-content\/uploads\/2024\/02\/super-rafale.jpg\" \/>\n\t<meta property=\"og:image:width\" content=\"1600\" \/>\n\t<meta property=\"og:image:height\" content=\"1066\" \/>\n\t<meta property=\"og:image:type\" content=\"image\/jpeg\" \/>\n<meta name=\"author\" content=\"Miguel Redondo\" \/>\n<meta name=\"twitter:card\" content=\"summary_large_image\" \/>\n<meta name=\"twitter:creator\" content=\"@AGRADOracing\" \/>\n<meta name=\"twitter:site\" content=\"@AGRADOracing\" \/>\n<meta name=\"twitter:label1\" content=\"Escrito por\" \/>\n\t<meta name=\"twitter:data1\" content=\"Miguel Redondo\" \/>\n\t<meta name=\"twitter:label2\" content=\"Tiempo de lectura\" \/>\n\t<meta name=\"twitter:data2\" content=\"4 minutos\" \/>\n<script type=\"application\/ld+json\" class=\"yoast-schema-graph\">{\"@context\":\"https:\\\/\\\/schema.org\",\"@graph\":[{\"@type\":\"Article\",\"@id\":\"https:\\\/\\\/cuadra-agrado.es\\\/?p=15498#article\",\"isPartOf\":{\"@id\":\"https:\\\/\\\/cuadra-agrado.es\\\/?p=15498\"},\"author\":{\"name\":\"Miguel Redondo\",\"@id\":\"https:\\\/\\\/cuadra-agrado.es\\\/#\\\/schema\\\/person\\\/3aa4f8d2373cf756d93a5526bc72f31b\"},\"headline\":\"Primera cita oto\u00f1al para Super Rafale y Kowalsky.\",\"datePublished\":\"2024-09-16T13:16:23+00:00\",\"mainEntityOfPage\":{\"@id\":\"https:\\\/\\\/cuadra-agrado.es\\\/?p=15498\"},\"wordCount\":797,\"image\":{\"@id\":\"https:\\\/\\\/cuadra-agrado.es\\\/?p=15498#primaryimage\"},\"thumbnailUrl\":\"https:\\\/\\\/cuadra-agrado.es\\\/wp-content\\\/uploads\\\/2024\\\/02\\\/super-rafale.jpg\",\"articleSection\":[\"Actualidad\"],\"inLanguage\":\"es\"},{\"@type\":\"WebPage\",\"@id\":\"https:\\\/\\\/cuadra-agrado.es\\\/?p=15498\",\"url\":\"https:\\\/\\\/cuadra-agrado.es\\\/?p=15498\",\"name\":\"Primera cita oto\u00f1al para Super Rafale y Kowalsky. - Cuadra Agrado\",\"isPartOf\":{\"@id\":\"https:\\\/\\\/cuadra-agrado.es\\\/#website\"},\"primaryImageOfPage\":{\"@id\":\"https:\\\/\\\/cuadra-agrado.es\\\/?p=15498#primaryimage\"},\"image\":{\"@id\":\"https:\\\/\\\/cuadra-agrado.es\\\/?p=15498#primaryimage\"},\"thumbnailUrl\":\"https:\\\/\\\/cuadra-agrado.es\\\/wp-content\\\/uploads\\\/2024\\\/02\\\/super-rafale.jpg\",\"datePublished\":\"2024-09-16T13:16:23+00:00\",\"author\":{\"@id\":\"https:\\\/\\\/cuadra-agrado.es\\\/#\\\/schema\\\/person\\\/3aa4f8d2373cf756d93a5526bc72f31b\"},\"breadcrumb\":{\"@id\":\"https:\\\/\\\/cuadra-agrado.es\\\/?p=15498#breadcrumb\"},\"inLanguage\":\"es\",\"potentialAction\":[{\"@type\":\"ReadAction\",\"target\":[\"https:\\\/\\\/cuadra-agrado.es\\\/?p=15498\"]}]},{\"@type\":\"ImageObject\",\"inLanguage\":\"es\",\"@id\":\"https:\\\/\\\/cuadra-agrado.es\\\/?p=15498#primaryimage\",\"url\":\"https:\\\/\\\/cuadra-agrado.es\\\/wp-content\\\/uploads\\\/2024\\\/02\\\/super-rafale.jpg\",\"contentUrl\":\"https:\\\/\\\/cuadra-agrado.es\\\/wp-content\\\/uploads\\\/2024\\\/02\\\/super-rafale.jpg\",\"width\":1600,\"height\":1066},{\"@type\":\"BreadcrumbList\",\"@id\":\"https:\\\/\\\/cuadra-agrado.es\\\/?p=15498#breadcrumb\",\"itemListElement\":[{\"@type\":\"ListItem\",\"position\":1,\"name\":\"Portada\",\"item\":\"https:\\\/\\\/cuadra-agrado.es\\\/\"},{\"@type\":\"ListItem\",\"position\":2,\"name\":\"Primera cita oto\u00f1al para Super Rafale y Kowalsky.\"}]},{\"@type\":\"WebSite\",\"@id\":\"https:\\\/\\\/cuadra-agrado.es\\\/#website\",\"url\":\"https:\\\/\\\/cuadra-agrado.es\\\/\",\"name\":\"Cuadra Agrado\",\"description\":\"En el mundo del Turf desde 2008\",\"potentialAction\":[{\"@type\":\"SearchAction\",\"target\":{\"@type\":\"EntryPoint\",\"urlTemplate\":\"https:\\\/\\\/cuadra-agrado.es\\\/?s={search_term_string}\"},\"query-input\":{\"@type\":\"PropertyValueSpecification\",\"valueRequired\":true,\"valueName\":\"search_term_string\"}}],\"inLanguage\":\"es\"},{\"@type\":\"Person\",\"@id\":\"https:\\\/\\\/cuadra-agrado.es\\\/#\\\/schema\\\/person\\\/3aa4f8d2373cf756d93a5526bc72f31b\",\"name\":\"Miguel Redondo\",\"image\":{\"@type\":\"ImageObject\",\"inLanguage\":\"es\",\"@id\":\"https:\\\/\\\/secure.gravatar.com\\\/avatar\\\/85704fceb4fa34017e3c1344d182da00dbf772fb8856ba2b7726a2df926415b4?s=96&d=mm&r=g\",\"url\":\"https:\\\/\\\/secure.gravatar.com\\\/avatar\\\/85704fceb4fa34017e3c1344d182da00dbf772fb8856ba2b7726a2df926415b4?s=96&d=mm&r=g\",\"contentUrl\":\"https:\\\/\\\/secure.gravatar.com\\\/avatar\\\/85704fceb4fa34017e3c1344d182da00dbf772fb8856ba2b7726a2df926415b4?s=96&d=mm&r=g\",\"caption\":\"Miguel Redondo\"},\"sameAs\":[\"https:\\\/\\\/cuadra-agrado.es\"],\"url\":\"https:\\\/\\\/cuadra-agrado.es\\\/?author=5\"}]}<\/script>\n<!-- \/ Yoast SEO plugin. -->","yoast_head_json":{"title":"Primera cita oto\u00f1al para Super Rafale y Kowalsky. - Cuadra Agrado","robots":{"index":"index","follow":"follow","max-snippet":"max-snippet:-1","max-image-preview":"max-image-preview:large","max-video-preview":"max-video-preview:-1"},"canonical":"https:\/\/cuadra-agrado.es\/?p=15498","og_locale":"es_ES","og_type":"article","og_title":"Primera cita oto\u00f1al para Super Rafale y Kowalsky. - Cuadra Agrado","og_description":"Ya inmersos en plena temporada oto\u00f1al, dejando atr\u00e1s un verano en el que poco pudimos disfrutar con los nuestros, retornamos a casa para comenzar estas dos pr\u00f3ximas jornadas de viernes y domingo con los actuales dos puntales de la cuadra. Primera cita oto\u00f1al para \u201cSuper Rafale\u201d que el viernes en horario de tarde se medir\u00e1 [&hellip;]","og_url":"https:\/\/cuadra-agrado.es\/?p=15498","og_site_name":"Cuadra Agrado","article_published_time":"2024-09-16T13:16:23+00:00","og_image":[{"width":1600,"height":1066,"url":"https:\/\/cuadra-agrado.es\/wp-content\/uploads\/2024\/02\/super-rafale.jpg","type":"image\/jpeg"}],"author":"Miguel Redondo","twitter_card":"summary_large_image","twitter_creator":"@AGRADOracing","twitter_site":"@AGRADOracing","twitter_misc":{"Escrito por":"Miguel Redondo","Tiempo de lectura":"4 minutos"},"schema":{"@context":"https:\/\/schema.org","@graph":[{"@type":"Article","@id":"https:\/\/cuadra-agrado.es\/?p=15498#article","isPartOf":{"@id":"https:\/\/cuadra-agrado.es\/?p=15498"},"author":{"name":"Miguel Redondo","@id":"https:\/\/cuadra-agrado.es\/#\/schema\/person\/3aa4f8d2373cf756d93a5526bc72f31b"},"headline":"Primera cita oto\u00f1al para Super Rafale y Kowalsky.","datePublished":"2024-09-16T13:16:23+00:00","mainEntityOfPage":{"@id":"https:\/\/cuadra-agrado.es\/?p=15498"},"wordCount":797,"image":{"@id":"https:\/\/cuadra-agrado.es\/?p=15498#primaryimage"},"thumbnailUrl":"https:\/\/cuadra-agrado.es\/wp-content\/uploads\/2024\/02\/super-rafale.jpg","articleSection":["Actualidad"],"inLanguage":"es"},{"@type":"WebPage","@id":"https:\/\/cuadra-agrado.es\/?p=15498","url":"https:\/\/cuadra-agrado.es\/?p=15498","name":"Primera cita oto\u00f1al para Super Rafale y Kowalsky. - Cuadra Agrado","isPartOf":{"@id":"https:\/\/cuadra-agrado.es\/#website"},"primaryImageOfPage":{"@id":"https:\/\/cuadra-agrado.es\/?p=15498#primaryimage"},"image":{"@id":"https:\/\/cuadra-agrado.es\/?p=15498#primaryimage"},"thumbnailUrl":"https:\/\/cuadra-agrado.es\/wp-content\/uploads\/2024\/02\/super-rafale.jpg","datePublished":"2024-09-16T13:16:23+00:00","author":{"@id":"https:\/\/cuadra-agrado.es\/#\/schema\/person\/3aa4f8d2373cf756d93a5526bc72f31b"},"breadcrumb":{"@id":"https:\/\/cuadra-agrado.es\/?p=15498#breadcrumb"},"inLanguage":"es","potentialAction":[{"@type":"ReadAction","target":["https:\/\/cuadra-agrado.es\/?p=15498"]}]},{"@type":"ImageObject","inLanguage":"es","@id":"https:\/\/cuadra-agrado.es\/?p=15498#primaryimage","url":"https:\/\/cuadra-agrado.es\/wp-content\/uploads\/2024\/02\/super-rafale.jpg","contentUrl":"https:\/\/cuadra-agrado.es\/wp-content\/uploads\/2024\/02\/super-rafale.jpg","width":1600,"height":1066},{"@type":"BreadcrumbList","@id":"https:\/\/cuadra-agrado.es\/?p=15498#breadcrumb","itemListElement":[{"@type":"ListItem","position":1,"name":"Portada","item":"https:\/\/cuadra-agrado.es\/"},{"@type":"ListItem","position":2,"name":"Primera cita oto\u00f1al para Super Rafale y Kowalsky."}]},{"@type":"WebSite","@id":"https:\/\/cuadra-agrado.es\/#website","url":"https:\/\/cuadra-agrado.es\/","name":"Cuadra Agrado","description":"En el mundo del Turf desde 2008","potentialAction":[{"@type":"SearchAction","target":{"@type":"EntryPoint","urlTemplate":"https:\/\/cuadra-agrado.es\/?s={search_term_string}"},"query-input":{"@type":"PropertyValueSpecification","valueRequired":true,"valueName":"search_term_string"}}],"inLanguage":"es"},{"@type":"Person","@id":"https:\/\/cuadra-agrado.es\/#\/schema\/person\/3aa4f8d2373cf756d93a5526bc72f31b","name":"Miguel Redondo","image":{"@type":"ImageObject","inLanguage":"es","@id":"https:\/\/secure.gravatar.com\/avatar\/85704fceb4fa34017e3c1344d182da00dbf772fb8856ba2b7726a2df926415b4?s=96&d=mm&r=g","url":"https:\/\/secure.gravatar.com\/avatar\/85704fceb4fa34017e3c1344d182da00dbf772fb8856ba2b7726a2df926415b4?s=96&d=mm&r=g","contentUrl":"https:\/\/secure.gravatar.com\/avatar\/85704fceb4fa34017e3c1344d182da00dbf772fb8856ba2b7726a2df926415b4?s=96&d=mm&r=g","caption":"Miguel Redondo"},"sameAs":["https:\/\/cuadra-agrado.es"],"url":"https:\/\/cuadra-agrado.es\/?author=5"}]}},"_links":{"self":[{"href":"https:\/\/cuadra-agrado.es\/index.php?rest_route=\/wp\/v2\/posts\/15498","targetHints":{"allow":["GET"]}}],"collection":[{"href":"https:\/\/cuadra-agrado.es\/index.php?rest_route=\/wp\/v2\/posts"}],"about":[{"href":"https:\/\/cuadra-agrado.es\/index.php?rest_route=\/wp\/v2\/types\/post"}],"author":[{"embeddable":true,"href":"https:\/\/cuadra-agrado.es\/index.php?rest_route=\/wp\/v2\/users\/5"}],"replies":[{"embeddable":true,"href":"https:\/\/cuadra-agrado.es\/index.php?rest_route=%2Fwp%2Fv2%2Fcomments&post=15498"}],"version-history":[{"count":1,"href":"https:\/\/cuadra-agrado.es\/index.php?rest_route=\/wp\/v2\/posts\/15498\/revisions"}],"predecessor-version":[{"id":15499,"href":"https:\/\/cuadra-agrado.es\/index.php?rest_route=\/wp\/v2\/posts\/15498\/revisions\/15499"}],"wp:featuredmedia":[{"embeddable":true,"href":"https:\/\/cuadra-agrado.es\/index.php?rest_route=\/wp\/v2\/media\/15399"}],"wp:attachment":[{"href":"https:\/\/cuadra-agrado.es\/index.php?rest_route=%2Fwp%2Fv2%2Fmedia&parent=15498"}],"wp:term":[{"taxonomy":"category","embeddable":true,"href":"https:\/\/cuadra-agrado.es\/index.php?rest_route=%2Fwp%2Fv2%2Fcategories&post=15498"},{"taxonomy":"post_tag","embeddable":true,"href":"https:\/\/cuadra-agrado.es\/index.php?rest_route=%2Fwp%2Fv2%2Ftags&post=15498"}],"curies":[{"name":"wp","href":"https:\/\/api.w.org\/{rel}","templated":true}]}}