{"id":1548,"date":"2014-11-27T01:01:56","date_gmt":"2014-11-27T00:01:56","guid":{"rendered":"https:\/\/cuadra-agrado.es\/?p=1548"},"modified":"2024-02-27T09:31:52","modified_gmt":"2024-02-27T09:31:52","slug":"cuadra-agrado-apoyara-al-mejor-turf","status":"publish","type":"post","link":"https:\/\/cuadra-agrado.es\/?p=1548","title":{"rendered":"Cuadra Agrado apoyar\u00e1 al mejor turf"},"content":{"rendered":"<p style=\"text-align: justify;\"><a href=\"http:\/\/cuadra-agrado.es\/wp-content\/uploads\/2014\/01\/LOGO-CUADRA-AGRADO-JPG.jpg\"><img loading=\"lazy\" decoding=\"async\" class=\"alignleft  wp-image-541\" alt=\"LOGO-CUADRA-AGRADO-JPG.jpg\" src=\"http:\/\/cuadra-agrado.es\/wp-content\/uploads\/2014\/01\/LOGO-CUADRA-AGRADO-JPG.jpg\" width=\"250\" height=\"150\" \/><\/a>La presidenta de Hip\u00f3dromo de la Zarzuela \u2018Faina Zurita\u2019 nos convoc\u00f3 en el d\u00eda de ayer a todos los propietarios a participar en una reuni\u00f3n informativa para intentar explicar y esclarecer la dram\u00e1tica situaci\u00f3n actual de nuestro turf, el cual se ha visto dr\u00e1sticamente da\u00f1ado con la suspensi\u00f3n de las dos primeras jornadas de galope del programa de \u2018Dos Hermanas\u2019.<\/p>\n<p style=\"text-align: justify;\">Hasta dicha reuni\u00f3n nuestra postura m\u00e1s sensata era no tomar parte por ninguno de los dos estamentos en lucha encarnizada y sin sentido aparente, pero ayer pudimos presenciar que hubo una parte que intent\u00f3 buscar un camino estable y firme y otra muy distinta que prefiri\u00f3 continuar caminado por senderos pedregosos y arriesgados.<br \/>\nQuisimos estar presentes en dicha convocatoria para despejar nuestras fundadas dudas sobre el futuro del turf y obrar en consecuencia para nuestros intereses, y una vez digeridos los argumentos, hoy podemos pronunciarnos a favor de la parte que a d\u00eda de hoy nos ofrece una mayor garant\u00eda de supervivencia futura, y no puede ser otra que la que defiende la \u2018Asociaci\u00f3n de Hip\u00f3dromos de Espa\u00f1a\u2019.<\/p>\n<p style=\"text-align: justify;\">No fueron precisamente las palabras de nuestra presidenta las que me convencieron, si no las lamentables defensas del Sr. Felipe Hinojosa como actual presidente de la SFCCE. Sinceramente, no supo o no pudo rebatir o defender sus est\u00e9riles argumentos m\u00e1s propios del siglo pasado que de una Sociedad del presente. Tuvo ocasiones para explicar y defender su postura, de rebatir los argumentos de la parte contraria, de responder a preguntas coherentes y directas formuladas por muchos propietarios, de iniciar un consenso, pero no hubo forma, ni tan siquiera quiso escuchar a sus amigos de siempre que le invitaron de manera sutil a tirar definitivamente una toalla ya maloliente.<\/p>\n<p style=\"text-align: justify;\">Estoy seguro que me quitar\u00eda el sombrero si en un momento pasado hubiera sido part\u00edcipe de su trabajo, devoci\u00f3n y logros en el mundo del turf, como criador, como propietario y como gestor de aquel ya muy lejano turf, pero no hemos vivido ese momento y tampoco nos gustar\u00eda vivirlo ahora, preferimos vivir el presente con vistas al futuro y disfrutar de nuestro turf de hoy a color.<br \/>\nCreo sinceramente que por mucho que a algunos les cueste, y eso es del todo humano y entendible, la SFCCE debe morir dignamente y traspasar sus funciones a un nuevo \u00f3rgano regulador acorde a nuestro siglo. Ayer qued\u00f3 cristalino, al menos para mi entender, que SFCCE ya no tiene cabida en nuestro turf y que solamente intereses personales, bien sean econ\u00f3micos o de poder, hacen que siga agarrado a una soga ya demasiado deshilachada por el paso del tiempo. Han tenido tiempo suficiente para adaptar sus estatutos internos a las directrices que marcaba el \u2018Consejo Superior de Deportes\u2019, y no han querido o no han sabido darle la forma viable para que hubiesen continuado siendo el ente regulador que nuestro turf necesita.<\/p>\n<p style=\"text-align: justify;\">Hoy ya es demasiado tarde, el pr\u00f3ximo d\u00eda 2 de Diciembre se les habr\u00e1 agotado el tiempo despu\u00e9s de casi 10 a\u00f1os de convenio \u2018alegal\u2019 que hasta la fecha les amparaba, y lamentablemente es indefendible ahora que comprometan el futuro de nuestro turf por intentar mantener una postura irresponsable, arcaica y ya sin principios.<\/p>\n<p style=\"text-align: justify;\">Por todo ello, nuestra decisi\u00f3n final como propietarios de \u2018Cuadra Agrado\u2019 ser\u00e1 apoyar con todas sus consecuencias a la \u2018Asociaci\u00f3n de Hip\u00f3dromos de Espa\u00f1a\u2019 y en nuestro caso concreto a \u2018Hip\u00f3dromo de la Zarzuela\u2019 aportando nuestro peque\u00f1o grano de arena basado en la confianza de su gesti\u00f3n y manteniendo a todos nuestros caballos estabulados a la espera de que el conflicto llegue finalmente al mejor puerto posible, que no debe ser otro que la regulaci\u00f3n de competici\u00f3n por parte de un \u2018Jockey Club\u2019 que actualmente est\u00e1 en puertas. Debemos ser responsables y conscientes que es la Administraci\u00f3n del Estado qui\u00e9n nos subvenciona actualmente nuestra afici\u00f3n a trav\u00e9s de LAE, son ellos por mucho que estemos de acuerdo, o no los que nos permiten disfrutar del turf cada jornada y por ende debemos apoyar a la parte que pende del ellos hasta encontrar recursos propios que den viabilidad a nuevos proyectos futuros.<\/p>\n<p style=\"text-align: justify;\">Por todo ello, ruego a nuestra presidenta \u2018Faina Zurita\u2019 realice con m\u00e1xima urgencia todas las gestiones necesarias para confeccionar y aprobar los estatutos de este nuevo ente regulador y que, una vez finalizado este proceso, obligue al Sr. Felipe Hinojosa a cumplir con su promesa de liquidar SFCCE y traspasar los poderes de regulaci\u00f3n con el fin de garantizar las carreras de galope.<\/p>\n<p style=\"text-align: justify;\">Para terminar, queremos aprovechar para dar nuestro apoyo a las dos carreras de trote que se disputar\u00e1n en \u2018Dos Hermanas\u2019 los pr\u00f3ximos d\u00edas 7 y 14 de Diciembre, y desear que esta incursi\u00f3n de esta nueva modalidad h\u00edpica en la pen\u00ednsula tenga los \u00e9xitos que tambi\u00e9n merece y por ende tenga cabida en nuestros hip\u00f3dromos en un futuro. Pero nuestro mayor deseo es que a partir de la tercera jornada de \u2018Dos Hermanas\u2019 sea una jornada de turf donde podamos ver una de las cosas m\u00e1s elegantes\u00a0 que podemos presenciar en directo, y no es otra cosa que el \u2018galope\u2019 de un pura sangre ingl\u00e9s.<\/p>\n<p style=\"text-align: justify;\">CUADRA AGRADO<\/p>\n<hr \/>\n<p style=\"text-align: justify;\">\n<!-- AddThis Advanced Settings generic via filter on the_content --><!-- AddThis Share Buttons generic via filter on the_content -->","protected":false},"excerpt":{"rendered":"<p>La presidenta de Hip\u00f3dromo de la Zarzuela \u2018Faina Zurita\u2019 nos convoc\u00f3 en el d\u00eda de ayer a todos los propietarios a participar en una reuni\u00f3n informativa para intentar explicar y esclarecer la dram\u00e1tica situaci\u00f3n actual de nuestro turf, el cual se ha visto dr\u00e1sticamente da\u00f1ado con la suspensi\u00f3n de las dos primeras jornadas de galope [&hellip;]<!-- AddThis Advanced Settings generic via filter on get_the_excerpt --><!-- AddThis Share Buttons generic via filter on get_the_excerpt --><\/p>\n","protected":false},"author":5,"featured_media":0,"comment_status":"closed","ping_status":"closed","sticky":false,"template":"","format":"gallery","meta":{"_acf_changed":false,"_et_pb_use_builder":"","_et_pb_old_content":"","_et_gb_content_width":"","footnotes":""},"categories":[3],"tags":[],"class_list":["post-1548","post","type-post","status-publish","format-gallery","hentry","category-noticias-cuadra-agrado","post_format-post-format-gallery"],"acf":[],"yoast_head":"<!-- This site is optimized with the Yoast SEO plugin v27.4 - https:\/\/yoast.com\/product\/yoast-seo-wordpress\/ -->\n<title>Cuadra Agrado apoyar\u00e1 al mejor turf - Cuadra Agrado<\/title>\n<meta name=\"robots\" content=\"index, follow, max-snippet:-1, max-image-preview:large, max-video-preview:-1\" \/>\n<link rel=\"canonical\" href=\"https:\/\/cuadra-agrado.es\/?p=1548\" \/>\n<meta property=\"og:locale\" content=\"es_ES\" \/>\n<meta property=\"og:type\" content=\"article\" \/>\n<meta property=\"og:title\" content=\"Cuadra Agrado apoyar\u00e1 al mejor turf - Cuadra Agrado\" \/>\n<meta property=\"og:description\" content=\"La presidenta de Hip\u00f3dromo de la Zarzuela \u2018Faina Zurita\u2019 nos convoc\u00f3 en el d\u00eda de ayer a todos los propietarios a participar en una reuni\u00f3n informativa para intentar explicar y esclarecer la dram\u00e1tica situaci\u00f3n actual de nuestro turf, el cual se ha visto dr\u00e1sticamente da\u00f1ado con la suspensi\u00f3n de las dos primeras jornadas de galope [&hellip;]\" \/>\n<meta property=\"og:url\" content=\"https:\/\/cuadra-agrado.es\/?p=1548\" \/>\n<meta property=\"og:site_name\" content=\"Cuadra Agrado\" \/>\n<meta property=\"article:published_time\" content=\"2014-11-27T00:01:56+00:00\" \/>\n<meta property=\"article:modified_time\" content=\"2024-02-27T09:31:52+00:00\" \/>\n<meta property=\"og:image\" content=\"http:\/\/cuadra-agrado.es\/wp-content\/uploads\/2014\/01\/LOGO-CUADRA-AGRADO-JPG.jpg\" \/>\n<meta name=\"author\" content=\"Miguel Redondo\" \/>\n<meta name=\"twitter:card\" content=\"summary_large_image\" \/>\n<meta name=\"twitter:creator\" content=\"@AGRADOracing\" \/>\n<meta name=\"twitter:site\" content=\"@AGRADOracing\" \/>\n<meta name=\"twitter:label1\" content=\"Escrito por\" \/>\n\t<meta name=\"twitter:data1\" content=\"Miguel Redondo\" \/>\n\t<meta name=\"twitter:label2\" content=\"Tiempo de lectura\" \/>\n\t<meta name=\"twitter:data2\" content=\"4 minutos\" \/>\n<script type=\"application\/ld+json\" class=\"yoast-schema-graph\">{\"@context\":\"https:\\\/\\\/schema.org\",\"@graph\":[{\"@type\":\"Article\",\"@id\":\"https:\\\/\\\/cuadra-agrado.es\\\/?p=1548#article\",\"isPartOf\":{\"@id\":\"https:\\\/\\\/cuadra-agrado.es\\\/?p=1548\"},\"author\":{\"name\":\"Miguel Redondo\",\"@id\":\"https:\\\/\\\/cuadra-agrado.es\\\/#\\\/schema\\\/person\\\/3aa4f8d2373cf756d93a5526bc72f31b\"},\"headline\":\"Cuadra Agrado apoyar\u00e1 al mejor turf\",\"datePublished\":\"2014-11-27T00:01:56+00:00\",\"dateModified\":\"2024-02-27T09:31:52+00:00\",\"mainEntityOfPage\":{\"@id\":\"https:\\\/\\\/cuadra-agrado.es\\\/?p=1548\"},\"wordCount\":904,\"image\":{\"@id\":\"https:\\\/\\\/cuadra-agrado.es\\\/?p=1548#primaryimage\"},\"thumbnailUrl\":\"http:\\\/\\\/cuadra-agrado.es\\\/wp-content\\\/uploads\\\/2014\\\/01\\\/LOGO-CUADRA-AGRADO-JPG.jpg\",\"articleSection\":[\"Actualidad\"],\"inLanguage\":\"es\"},{\"@type\":\"WebPage\",\"@id\":\"https:\\\/\\\/cuadra-agrado.es\\\/?p=1548\",\"url\":\"https:\\\/\\\/cuadra-agrado.es\\\/?p=1548\",\"name\":\"Cuadra Agrado apoyar\u00e1 al mejor turf - Cuadra Agrado\",\"isPartOf\":{\"@id\":\"https:\\\/\\\/cuadra-agrado.es\\\/#website\"},\"primaryImageOfPage\":{\"@id\":\"https:\\\/\\\/cuadra-agrado.es\\\/?p=1548#primaryimage\"},\"image\":{\"@id\":\"https:\\\/\\\/cuadra-agrado.es\\\/?p=1548#primaryimage\"},\"thumbnailUrl\":\"http:\\\/\\\/cuadra-agrado.es\\\/wp-content\\\/uploads\\\/2014\\\/01\\\/LOGO-CUADRA-AGRADO-JPG.jpg\",\"datePublished\":\"2014-11-27T00:01:56+00:00\",\"dateModified\":\"2024-02-27T09:31:52+00:00\",\"author\":{\"@id\":\"https:\\\/\\\/cuadra-agrado.es\\\/#\\\/schema\\\/person\\\/3aa4f8d2373cf756d93a5526bc72f31b\"},\"breadcrumb\":{\"@id\":\"https:\\\/\\\/cuadra-agrado.es\\\/?p=1548#breadcrumb\"},\"inLanguage\":\"es\",\"potentialAction\":[{\"@type\":\"ReadAction\",\"target\":[\"https:\\\/\\\/cuadra-agrado.es\\\/?p=1548\"]}]},{\"@type\":\"ImageObject\",\"inLanguage\":\"es\",\"@id\":\"https:\\\/\\\/cuadra-agrado.es\\\/?p=1548#primaryimage\",\"url\":\"http:\\\/\\\/cuadra-agrado.es\\\/wp-content\\\/uploads\\\/2014\\\/01\\\/LOGO-CUADRA-AGRADO-JPG.jpg\",\"contentUrl\":\"http:\\\/\\\/cuadra-agrado.es\\\/wp-content\\\/uploads\\\/2014\\\/01\\\/LOGO-CUADRA-AGRADO-JPG.jpg\"},{\"@type\":\"BreadcrumbList\",\"@id\":\"https:\\\/\\\/cuadra-agrado.es\\\/?p=1548#breadcrumb\",\"itemListElement\":[{\"@type\":\"ListItem\",\"position\":1,\"name\":\"Portada\",\"item\":\"https:\\\/\\\/cuadra-agrado.es\\\/\"},{\"@type\":\"ListItem\",\"position\":2,\"name\":\"Cuadra Agrado apoyar\u00e1 al mejor turf\"}]},{\"@type\":\"WebSite\",\"@id\":\"https:\\\/\\\/cuadra-agrado.es\\\/#website\",\"url\":\"https:\\\/\\\/cuadra-agrado.es\\\/\",\"name\":\"Cuadra Agrado\",\"description\":\"En el mundo del Turf desde 2008\",\"potentialAction\":[{\"@type\":\"SearchAction\",\"target\":{\"@type\":\"EntryPoint\",\"urlTemplate\":\"https:\\\/\\\/cuadra-agrado.es\\\/?s={search_term_string}\"},\"query-input\":{\"@type\":\"PropertyValueSpecification\",\"valueRequired\":true,\"valueName\":\"search_term_string\"}}],\"inLanguage\":\"es\"},{\"@type\":\"Person\",\"@id\":\"https:\\\/\\\/cuadra-agrado.es\\\/#\\\/schema\\\/person\\\/3aa4f8d2373cf756d93a5526bc72f31b\",\"name\":\"Miguel Redondo\",\"image\":{\"@type\":\"ImageObject\",\"inLanguage\":\"es\",\"@id\":\"https:\\\/\\\/secure.gravatar.com\\\/avatar\\\/85704fceb4fa34017e3c1344d182da00dbf772fb8856ba2b7726a2df926415b4?s=96&d=mm&r=g\",\"url\":\"https:\\\/\\\/secure.gravatar.com\\\/avatar\\\/85704fceb4fa34017e3c1344d182da00dbf772fb8856ba2b7726a2df926415b4?s=96&d=mm&r=g\",\"contentUrl\":\"https:\\\/\\\/secure.gravatar.com\\\/avatar\\\/85704fceb4fa34017e3c1344d182da00dbf772fb8856ba2b7726a2df926415b4?s=96&d=mm&r=g\",\"caption\":\"Miguel Redondo\"},\"sameAs\":[\"https:\\\/\\\/cuadra-agrado.es\"],\"url\":\"https:\\\/\\\/cuadra-agrado.es\\\/?author=5\"}]}<\/script>\n<!-- \/ Yoast SEO plugin. -->","yoast_head_json":{"title":"Cuadra Agrado apoyar\u00e1 al mejor turf - Cuadra Agrado","robots":{"index":"index","follow":"follow","max-snippet":"max-snippet:-1","max-image-preview":"max-image-preview:large","max-video-preview":"max-video-preview:-1"},"canonical":"https:\/\/cuadra-agrado.es\/?p=1548","og_locale":"es_ES","og_type":"article","og_title":"Cuadra Agrado apoyar\u00e1 al mejor turf - Cuadra Agrado","og_description":"La presidenta de Hip\u00f3dromo de la Zarzuela \u2018Faina Zurita\u2019 nos convoc\u00f3 en el d\u00eda de ayer a todos los propietarios a participar en una reuni\u00f3n informativa para intentar explicar y esclarecer la dram\u00e1tica situaci\u00f3n actual de nuestro turf, el cual se ha visto dr\u00e1sticamente da\u00f1ado con la suspensi\u00f3n de las dos primeras jornadas de galope [&hellip;]","og_url":"https:\/\/cuadra-agrado.es\/?p=1548","og_site_name":"Cuadra Agrado","article_published_time":"2014-11-27T00:01:56+00:00","article_modified_time":"2024-02-27T09:31:52+00:00","og_image":[{"url":"http:\/\/cuadra-agrado.es\/wp-content\/uploads\/2014\/01\/LOGO-CUADRA-AGRADO-JPG.jpg","type":"","width":"","height":""}],"author":"Miguel Redondo","twitter_card":"summary_large_image","twitter_creator":"@AGRADOracing","twitter_site":"@AGRADOracing","twitter_misc":{"Escrito por":"Miguel Redondo","Tiempo de lectura":"4 minutos"},"schema":{"@context":"https:\/\/schema.org","@graph":[{"@type":"Article","@id":"https:\/\/cuadra-agrado.es\/?p=1548#article","isPartOf":{"@id":"https:\/\/cuadra-agrado.es\/?p=1548"},"author":{"name":"Miguel Redondo","@id":"https:\/\/cuadra-agrado.es\/#\/schema\/person\/3aa4f8d2373cf756d93a5526bc72f31b"},"headline":"Cuadra Agrado apoyar\u00e1 al mejor turf","datePublished":"2014-11-27T00:01:56+00:00","dateModified":"2024-02-27T09:31:52+00:00","mainEntityOfPage":{"@id":"https:\/\/cuadra-agrado.es\/?p=1548"},"wordCount":904,"image":{"@id":"https:\/\/cuadra-agrado.es\/?p=1548#primaryimage"},"thumbnailUrl":"http:\/\/cuadra-agrado.es\/wp-content\/uploads\/2014\/01\/LOGO-CUADRA-AGRADO-JPG.jpg","articleSection":["Actualidad"],"inLanguage":"es"},{"@type":"WebPage","@id":"https:\/\/cuadra-agrado.es\/?p=1548","url":"https:\/\/cuadra-agrado.es\/?p=1548","name":"Cuadra Agrado apoyar\u00e1 al mejor turf - Cuadra Agrado","isPartOf":{"@id":"https:\/\/cuadra-agrado.es\/#website"},"primaryImageOfPage":{"@id":"https:\/\/cuadra-agrado.es\/?p=1548#primaryimage"},"image":{"@id":"https:\/\/cuadra-agrado.es\/?p=1548#primaryimage"},"thumbnailUrl":"http:\/\/cuadra-agrado.es\/wp-content\/uploads\/2014\/01\/LOGO-CUADRA-AGRADO-JPG.jpg","datePublished":"2014-11-27T00:01:56+00:00","dateModified":"2024-02-27T09:31:52+00:00","author":{"@id":"https:\/\/cuadra-agrado.es\/#\/schema\/person\/3aa4f8d2373cf756d93a5526bc72f31b"},"breadcrumb":{"@id":"https:\/\/cuadra-agrado.es\/?p=1548#breadcrumb"},"inLanguage":"es","potentialAction":[{"@type":"ReadAction","target":["https:\/\/cuadra-agrado.es\/?p=1548"]}]},{"@type":"ImageObject","inLanguage":"es","@id":"https:\/\/cuadra-agrado.es\/?p=1548#primaryimage","url":"http:\/\/cuadra-agrado.es\/wp-content\/uploads\/2014\/01\/LOGO-CUADRA-AGRADO-JPG.jpg","contentUrl":"http:\/\/cuadra-agrado.es\/wp-content\/uploads\/2014\/01\/LOGO-CUADRA-AGRADO-JPG.jpg"},{"@type":"BreadcrumbList","@id":"https:\/\/cuadra-agrado.es\/?p=1548#breadcrumb","itemListElement":[{"@type":"ListItem","position":1,"name":"Portada","item":"https:\/\/cuadra-agrado.es\/"},{"@type":"ListItem","position":2,"name":"Cuadra Agrado apoyar\u00e1 al mejor turf"}]},{"@type":"WebSite","@id":"https:\/\/cuadra-agrado.es\/#website","url":"https:\/\/cuadra-agrado.es\/","name":"Cuadra Agrado","description":"En el mundo del Turf desde 2008","potentialAction":[{"@type":"SearchAction","target":{"@type":"EntryPoint","urlTemplate":"https:\/\/cuadra-agrado.es\/?s={search_term_string}"},"query-input":{"@type":"PropertyValueSpecification","valueRequired":true,"valueName":"search_term_string"}}],"inLanguage":"es"},{"@type":"Person","@id":"https:\/\/cuadra-agrado.es\/#\/schema\/person\/3aa4f8d2373cf756d93a5526bc72f31b","name":"Miguel Redondo","image":{"@type":"ImageObject","inLanguage":"es","@id":"https:\/\/secure.gravatar.com\/avatar\/85704fceb4fa34017e3c1344d182da00dbf772fb8856ba2b7726a2df926415b4?s=96&d=mm&r=g","url":"https:\/\/secure.gravatar.com\/avatar\/85704fceb4fa34017e3c1344d182da00dbf772fb8856ba2b7726a2df926415b4?s=96&d=mm&r=g","contentUrl":"https:\/\/secure.gravatar.com\/avatar\/85704fceb4fa34017e3c1344d182da00dbf772fb8856ba2b7726a2df926415b4?s=96&d=mm&r=g","caption":"Miguel Redondo"},"sameAs":["https:\/\/cuadra-agrado.es"],"url":"https:\/\/cuadra-agrado.es\/?author=5"}]}},"_links":{"self":[{"href":"https:\/\/cuadra-agrado.es\/index.php?rest_route=\/wp\/v2\/posts\/1548","targetHints":{"allow":["GET"]}}],"collection":[{"href":"https:\/\/cuadra-agrado.es\/index.php?rest_route=\/wp\/v2\/posts"}],"about":[{"href":"https:\/\/cuadra-agrado.es\/index.php?rest_route=\/wp\/v2\/types\/post"}],"author":[{"embeddable":true,"href":"https:\/\/cuadra-agrado.es\/index.php?rest_route=\/wp\/v2\/users\/5"}],"replies":[{"embeddable":true,"href":"https:\/\/cuadra-agrado.es\/index.php?rest_route=%2Fwp%2Fv2%2Fcomments&post=1548"}],"version-history":[{"count":0,"href":"https:\/\/cuadra-agrado.es\/index.php?rest_route=\/wp\/v2\/posts\/1548\/revisions"}],"wp:attachment":[{"href":"https:\/\/cuadra-agrado.es\/index.php?rest_route=%2Fwp%2Fv2%2Fmedia&parent=1548"}],"wp:term":[{"taxonomy":"category","embeddable":true,"href":"https:\/\/cuadra-agrado.es\/index.php?rest_route=%2Fwp%2Fv2%2Fcategories&post=1548"},{"taxonomy":"post_tag","embeddable":true,"href":"https:\/\/cuadra-agrado.es\/index.php?rest_route=%2Fwp%2Fv2%2Ftags&post=1548"}],"curies":[{"name":"wp","href":"https:\/\/api.w.org\/{rel}","templated":true}]}}