{"id":15317,"date":"2024-03-11T13:48:53","date_gmt":"2024-03-11T13:48:53","guid":{"rendered":"https:\/\/cuadra-agrado.es\/?p=15317"},"modified":"2024-03-11T13:48:53","modified_gmt":"2024-03-11T13:48:53","slug":"el-regreso-de-super-trip-a-la-competicion","status":"publish","type":"post","link":"https:\/\/cuadra-agrado.es\/?p=15317","title":{"rendered":"El regreso de Super Trip a la competici\u00f3n"},"content":{"rendered":"<p style=\"text-align: justify;\">Este pr\u00f3ximo domingo comenzamos nuestra particular andadura en el a\u00f1o coincidiendo con la segunda jornada de primavera en Hip\u00f3dromo de la Zarzuela.<\/p>\n<p style=\"text-align: justify;\">Ser\u00e1 \u201c<strong>Super Trip\u201d <\/strong>la primera en abrir fuego y quien regresa a competici\u00f3n despu\u00e9s de estar casi con dos patas fuera de la misma el pasado oto\u00f1o. Su victoria en su \u00faltima oto\u00f1al del \u201cRoyal Gait\u201d nos provoc\u00f3 la decisi\u00f3n de retirarla como bien merec\u00eda, y se fue a la yeguada a la espera de iniciar su camino como yegua madre. Su estancia all\u00ed nos hizo ver su impecable estado de salud dejando atr\u00e1s muchos problemas f\u00edsicos que hab\u00eda arrastrado desde edad temprana y, tras reunirnos con nuestra preparaci\u00f3n en una comida navide\u00f1a, decidimos aprovechar esta nueva etapa sin parches para regresarla a competici\u00f3n y disfrutar un \u00faltimo a\u00f1o m\u00e1s de ella. La yegua volvi\u00f3 a entrenamiento a finales de diciembre para ver su evoluci\u00f3n y, tras todo este tiempo, la \u00fanica constataci\u00f3n es que todos aquellos problemas f\u00edsicos parecen se fueron resolviendo hasta llegar a poder trabajar con ella en plenitud.<\/p>\n<p style=\"text-align: justify;\"><strong>\u201cSuper Trip\u201d<\/strong> se encuentra con una excepcional forma y muy probablemente saldr\u00e1 en esta primera tentativa con esos 10 puntos, tal y como le solicit\u00e1bamos a su responsable para esta primera cita, y resto de programa. Es una yegua que poco tiene que demostrar, y lo \u00fanico que queremos en esta \u00faltima etapa es que, las pocas veces que compita, lo haga con las bater\u00edas cargadas al 100%. A priori, hemos determinado un programa de yeguas muy definido, pero comenzaremos con este contra machos aprovechando su buen estado de forma que nos situar\u00e1 el list\u00f3n de partida.<\/p>\n<p style=\"text-align: justify;\">Esta reaparici\u00f3n en el Premio Bannaby contra buenos efectivos ser\u00e1 una buena base para diagnosticar si acertamos en su regreso a competici\u00f3n, o si nos equivocamos en la decisi\u00f3n. La yegua tiene la calidad suficiente tanto como para figurar en el tr\u00edo, como para incluso ganar en su primera tentativa a un buen lote de machos que, a falta del partant definitivo, cabe destacar a varios ejemplares. Por forma no hay duda de que, \u201c<strong>Stelvio<\/strong>\u201d con sus tres carreras en el trio en Dos Hermanas, incluyendo victoria, viene ya muy rodado como para luchar la carrera. \u201c<strong>Gran<\/strong> <strong>Belga<\/strong>\u201d es otro de esos contrastados caballos que tambi\u00e9n viene de competir en Dos Hermanas este pasado invierno y buscar\u00e1 tambi\u00e9n su opci\u00f3n junto con un debutante en nuestro pa\u00eds como es el caso de \u201c<strong>Quien Sabe<\/strong>\u201d con una buena actuaci\u00f3n en Cagnes Sur Mer en una prueba de nivel. \u201c<strong>Chenel<\/strong>\u201d se le tiene buena estima en el patio de Maroto y viene de apuntar en su \u00faltima nazarena. La evoluci\u00f3n que se espera le puede permitir meterse en zona remunerada. Carrera por tanto muy complicada de evaluar para los apostantes a estas alturas de temporada, y que nos servir\u00e1 para confirmar nuestra tentativa.<br \/>\nEn cuanto a la monta, estrenamos de nuevo nuestra relaci\u00f3n profesional con Borja Fayos este a\u00f1o, que vuelve a defender nuestros colores con la misma que consiguiera el Oaks de 2022. La confianza en su buen hacer es plena y tendr\u00e1 en su mano repetir \u00e9xitos pasados con ella y con los diferentes efectivos que tenga esa probabilidad de acuerdo con el contrato para segundas montas. Le deseamos mucha suerte en este reencuentro que significar\u00e1 mucho tanto para \u00e9l, como tambi\u00e9n para nosotros.<\/p>\n<p style=\"text-align: justify;\">Vamos por tanto con la misma confianza que alberg\u00e1bamos en su \u00faltima salida al recinto madrile\u00f1o donde obtuvo una implacable victoria de punta a punta. Quiz\u00e1s en esta ocasi\u00f3n seamos mucho m\u00e1s prudentes en su recorrido y busquemos esa victoria que de nuevo merece en los \u00faltimos metros de una prueba que se prev\u00e9 muy selectiva.<\/p>\n<p style=\"text-align: justify;\">Mucha suerte equipo!!!<\/p>\n<!-- AddThis Advanced Settings generic via filter on the_content --><!-- AddThis Share Buttons generic via filter on the_content -->","protected":false},"excerpt":{"rendered":"<p>Este pr\u00f3ximo domingo comenzamos nuestra particular andadura en el a\u00f1o coincidiendo con la segunda jornada de primavera en Hip\u00f3dromo de la Zarzuela. Ser\u00e1 \u201cSuper Trip\u201d la primera en abrir fuego y quien regresa a competici\u00f3n despu\u00e9s de estar casi con dos patas fuera de la misma el pasado oto\u00f1o. Su victoria en su \u00faltima oto\u00f1al [&hellip;]<!-- AddThis Advanced Settings generic via filter on get_the_excerpt --><!-- AddThis Share Buttons generic via filter on get_the_excerpt --><\/p>\n","protected":false},"author":5,"featured_media":10845,"comment_status":"closed","ping_status":"open","sticky":false,"template":"","format":"standard","meta":{"_acf_changed":false,"_et_pb_use_builder":"","_et_pb_old_content":"","_et_gb_content_width":"","footnotes":""},"categories":[3],"tags":[],"class_list":["post-15317","post","type-post","status-publish","format-standard","has-post-thumbnail","hentry","category-noticias-cuadra-agrado"],"acf":[],"yoast_head":"<!-- This site is optimized with the Yoast SEO plugin v27.4 - https:\/\/yoast.com\/product\/yoast-seo-wordpress\/ -->\n<title>El regreso de Super Trip a la competici\u00f3n - Cuadra Agrado<\/title>\n<meta name=\"robots\" content=\"index, follow, max-snippet:-1, max-image-preview:large, max-video-preview:-1\" \/>\n<link rel=\"canonical\" href=\"https:\/\/cuadra-agrado.es\/?p=15317\" \/>\n<meta property=\"og:locale\" content=\"es_ES\" \/>\n<meta property=\"og:type\" content=\"article\" \/>\n<meta property=\"og:title\" content=\"El regreso de Super Trip a la competici\u00f3n - Cuadra Agrado\" \/>\n<meta property=\"og:description\" content=\"Este pr\u00f3ximo domingo comenzamos nuestra particular andadura en el a\u00f1o coincidiendo con la segunda jornada de primavera en Hip\u00f3dromo de la Zarzuela. Ser\u00e1 \u201cSuper Trip\u201d la primera en abrir fuego y quien regresa a competici\u00f3n despu\u00e9s de estar casi con dos patas fuera de la misma el pasado oto\u00f1o. Su victoria en su \u00faltima oto\u00f1al [&hellip;]\" \/>\n<meta property=\"og:url\" content=\"https:\/\/cuadra-agrado.es\/?p=15317\" \/>\n<meta property=\"og:site_name\" content=\"Cuadra Agrado\" \/>\n<meta property=\"article:published_time\" content=\"2024-03-11T13:48:53+00:00\" \/>\n<meta property=\"og:image\" content=\"https:\/\/cuadra-agrado.es\/wp-content\/uploads\/2022\/10\/supertrip-oaks3.jpg\" \/>\n\t<meta property=\"og:image:width\" content=\"2048\" \/>\n\t<meta property=\"og:image:height\" content=\"1366\" \/>\n\t<meta property=\"og:image:type\" content=\"image\/jpeg\" \/>\n<meta name=\"author\" content=\"Miguel Redondo\" \/>\n<meta name=\"twitter:card\" content=\"summary_large_image\" \/>\n<meta name=\"twitter:creator\" content=\"@AGRADOracing\" \/>\n<meta name=\"twitter:site\" content=\"@AGRADOracing\" \/>\n<meta name=\"twitter:label1\" content=\"Escrito por\" \/>\n\t<meta name=\"twitter:data1\" content=\"Miguel Redondo\" \/>\n\t<meta name=\"twitter:label2\" content=\"Tiempo de lectura\" \/>\n\t<meta name=\"twitter:data2\" content=\"4 minutos\" \/>\n<script type=\"application\/ld+json\" class=\"yoast-schema-graph\">{\"@context\":\"https:\\\/\\\/schema.org\",\"@graph\":[{\"@type\":\"Article\",\"@id\":\"https:\\\/\\\/cuadra-agrado.es\\\/?p=15317#article\",\"isPartOf\":{\"@id\":\"https:\\\/\\\/cuadra-agrado.es\\\/?p=15317\"},\"author\":{\"name\":\"Miguel Redondo\",\"@id\":\"https:\\\/\\\/cuadra-agrado.es\\\/#\\\/schema\\\/person\\\/3aa4f8d2373cf756d93a5526bc72f31b\"},\"headline\":\"El regreso de Super Trip a la competici\u00f3n\",\"datePublished\":\"2024-03-11T13:48:53+00:00\",\"mainEntityOfPage\":{\"@id\":\"https:\\\/\\\/cuadra-agrado.es\\\/?p=15317\"},\"wordCount\":661,\"image\":{\"@id\":\"https:\\\/\\\/cuadra-agrado.es\\\/?p=15317#primaryimage\"},\"thumbnailUrl\":\"https:\\\/\\\/cuadra-agrado.es\\\/wp-content\\\/uploads\\\/2022\\\/10\\\/supertrip-oaks3.jpg\",\"articleSection\":[\"Actualidad\"],\"inLanguage\":\"es\"},{\"@type\":\"WebPage\",\"@id\":\"https:\\\/\\\/cuadra-agrado.es\\\/?p=15317\",\"url\":\"https:\\\/\\\/cuadra-agrado.es\\\/?p=15317\",\"name\":\"El regreso de Super Trip a la competici\u00f3n - Cuadra Agrado\",\"isPartOf\":{\"@id\":\"https:\\\/\\\/cuadra-agrado.es\\\/#website\"},\"primaryImageOfPage\":{\"@id\":\"https:\\\/\\\/cuadra-agrado.es\\\/?p=15317#primaryimage\"},\"image\":{\"@id\":\"https:\\\/\\\/cuadra-agrado.es\\\/?p=15317#primaryimage\"},\"thumbnailUrl\":\"https:\\\/\\\/cuadra-agrado.es\\\/wp-content\\\/uploads\\\/2022\\\/10\\\/supertrip-oaks3.jpg\",\"datePublished\":\"2024-03-11T13:48:53+00:00\",\"author\":{\"@id\":\"https:\\\/\\\/cuadra-agrado.es\\\/#\\\/schema\\\/person\\\/3aa4f8d2373cf756d93a5526bc72f31b\"},\"breadcrumb\":{\"@id\":\"https:\\\/\\\/cuadra-agrado.es\\\/?p=15317#breadcrumb\"},\"inLanguage\":\"es\",\"potentialAction\":[{\"@type\":\"ReadAction\",\"target\":[\"https:\\\/\\\/cuadra-agrado.es\\\/?p=15317\"]}]},{\"@type\":\"ImageObject\",\"inLanguage\":\"es\",\"@id\":\"https:\\\/\\\/cuadra-agrado.es\\\/?p=15317#primaryimage\",\"url\":\"https:\\\/\\\/cuadra-agrado.es\\\/wp-content\\\/uploads\\\/2022\\\/10\\\/supertrip-oaks3.jpg\",\"contentUrl\":\"https:\\\/\\\/cuadra-agrado.es\\\/wp-content\\\/uploads\\\/2022\\\/10\\\/supertrip-oaks3.jpg\",\"width\":2048,\"height\":1366},{\"@type\":\"BreadcrumbList\",\"@id\":\"https:\\\/\\\/cuadra-agrado.es\\\/?p=15317#breadcrumb\",\"itemListElement\":[{\"@type\":\"ListItem\",\"position\":1,\"name\":\"Portada\",\"item\":\"https:\\\/\\\/cuadra-agrado.es\\\/\"},{\"@type\":\"ListItem\",\"position\":2,\"name\":\"El regreso de Super Trip a la competici\u00f3n\"}]},{\"@type\":\"WebSite\",\"@id\":\"https:\\\/\\\/cuadra-agrado.es\\\/#website\",\"url\":\"https:\\\/\\\/cuadra-agrado.es\\\/\",\"name\":\"Cuadra Agrado\",\"description\":\"En el mundo del Turf desde 2008\",\"potentialAction\":[{\"@type\":\"SearchAction\",\"target\":{\"@type\":\"EntryPoint\",\"urlTemplate\":\"https:\\\/\\\/cuadra-agrado.es\\\/?s={search_term_string}\"},\"query-input\":{\"@type\":\"PropertyValueSpecification\",\"valueRequired\":true,\"valueName\":\"search_term_string\"}}],\"inLanguage\":\"es\"},{\"@type\":\"Person\",\"@id\":\"https:\\\/\\\/cuadra-agrado.es\\\/#\\\/schema\\\/person\\\/3aa4f8d2373cf756d93a5526bc72f31b\",\"name\":\"Miguel Redondo\",\"image\":{\"@type\":\"ImageObject\",\"inLanguage\":\"es\",\"@id\":\"https:\\\/\\\/secure.gravatar.com\\\/avatar\\\/85704fceb4fa34017e3c1344d182da00dbf772fb8856ba2b7726a2df926415b4?s=96&d=mm&r=g\",\"url\":\"https:\\\/\\\/secure.gravatar.com\\\/avatar\\\/85704fceb4fa34017e3c1344d182da00dbf772fb8856ba2b7726a2df926415b4?s=96&d=mm&r=g\",\"contentUrl\":\"https:\\\/\\\/secure.gravatar.com\\\/avatar\\\/85704fceb4fa34017e3c1344d182da00dbf772fb8856ba2b7726a2df926415b4?s=96&d=mm&r=g\",\"caption\":\"Miguel Redondo\"},\"sameAs\":[\"https:\\\/\\\/cuadra-agrado.es\"],\"url\":\"https:\\\/\\\/cuadra-agrado.es\\\/?author=5\"}]}<\/script>\n<!-- \/ Yoast SEO plugin. -->","yoast_head_json":{"title":"El regreso de Super Trip a la competici\u00f3n - Cuadra Agrado","robots":{"index":"index","follow":"follow","max-snippet":"max-snippet:-1","max-image-preview":"max-image-preview:large","max-video-preview":"max-video-preview:-1"},"canonical":"https:\/\/cuadra-agrado.es\/?p=15317","og_locale":"es_ES","og_type":"article","og_title":"El regreso de Super Trip a la competici\u00f3n - Cuadra Agrado","og_description":"Este pr\u00f3ximo domingo comenzamos nuestra particular andadura en el a\u00f1o coincidiendo con la segunda jornada de primavera en Hip\u00f3dromo de la Zarzuela. Ser\u00e1 \u201cSuper Trip\u201d la primera en abrir fuego y quien regresa a competici\u00f3n despu\u00e9s de estar casi con dos patas fuera de la misma el pasado oto\u00f1o. Su victoria en su \u00faltima oto\u00f1al [&hellip;]","og_url":"https:\/\/cuadra-agrado.es\/?p=15317","og_site_name":"Cuadra Agrado","article_published_time":"2024-03-11T13:48:53+00:00","og_image":[{"width":2048,"height":1366,"url":"https:\/\/cuadra-agrado.es\/wp-content\/uploads\/2022\/10\/supertrip-oaks3.jpg","type":"image\/jpeg"}],"author":"Miguel Redondo","twitter_card":"summary_large_image","twitter_creator":"@AGRADOracing","twitter_site":"@AGRADOracing","twitter_misc":{"Escrito por":"Miguel Redondo","Tiempo de lectura":"4 minutos"},"schema":{"@context":"https:\/\/schema.org","@graph":[{"@type":"Article","@id":"https:\/\/cuadra-agrado.es\/?p=15317#article","isPartOf":{"@id":"https:\/\/cuadra-agrado.es\/?p=15317"},"author":{"name":"Miguel Redondo","@id":"https:\/\/cuadra-agrado.es\/#\/schema\/person\/3aa4f8d2373cf756d93a5526bc72f31b"},"headline":"El regreso de Super Trip a la competici\u00f3n","datePublished":"2024-03-11T13:48:53+00:00","mainEntityOfPage":{"@id":"https:\/\/cuadra-agrado.es\/?p=15317"},"wordCount":661,"image":{"@id":"https:\/\/cuadra-agrado.es\/?p=15317#primaryimage"},"thumbnailUrl":"https:\/\/cuadra-agrado.es\/wp-content\/uploads\/2022\/10\/supertrip-oaks3.jpg","articleSection":["Actualidad"],"inLanguage":"es"},{"@type":"WebPage","@id":"https:\/\/cuadra-agrado.es\/?p=15317","url":"https:\/\/cuadra-agrado.es\/?p=15317","name":"El regreso de Super Trip a la competici\u00f3n - Cuadra Agrado","isPartOf":{"@id":"https:\/\/cuadra-agrado.es\/#website"},"primaryImageOfPage":{"@id":"https:\/\/cuadra-agrado.es\/?p=15317#primaryimage"},"image":{"@id":"https:\/\/cuadra-agrado.es\/?p=15317#primaryimage"},"thumbnailUrl":"https:\/\/cuadra-agrado.es\/wp-content\/uploads\/2022\/10\/supertrip-oaks3.jpg","datePublished":"2024-03-11T13:48:53+00:00","author":{"@id":"https:\/\/cuadra-agrado.es\/#\/schema\/person\/3aa4f8d2373cf756d93a5526bc72f31b"},"breadcrumb":{"@id":"https:\/\/cuadra-agrado.es\/?p=15317#breadcrumb"},"inLanguage":"es","potentialAction":[{"@type":"ReadAction","target":["https:\/\/cuadra-agrado.es\/?p=15317"]}]},{"@type":"ImageObject","inLanguage":"es","@id":"https:\/\/cuadra-agrado.es\/?p=15317#primaryimage","url":"https:\/\/cuadra-agrado.es\/wp-content\/uploads\/2022\/10\/supertrip-oaks3.jpg","contentUrl":"https:\/\/cuadra-agrado.es\/wp-content\/uploads\/2022\/10\/supertrip-oaks3.jpg","width":2048,"height":1366},{"@type":"BreadcrumbList","@id":"https:\/\/cuadra-agrado.es\/?p=15317#breadcrumb","itemListElement":[{"@type":"ListItem","position":1,"name":"Portada","item":"https:\/\/cuadra-agrado.es\/"},{"@type":"ListItem","position":2,"name":"El regreso de Super Trip a la competici\u00f3n"}]},{"@type":"WebSite","@id":"https:\/\/cuadra-agrado.es\/#website","url":"https:\/\/cuadra-agrado.es\/","name":"Cuadra Agrado","description":"En el mundo del Turf desde 2008","potentialAction":[{"@type":"SearchAction","target":{"@type":"EntryPoint","urlTemplate":"https:\/\/cuadra-agrado.es\/?s={search_term_string}"},"query-input":{"@type":"PropertyValueSpecification","valueRequired":true,"valueName":"search_term_string"}}],"inLanguage":"es"},{"@type":"Person","@id":"https:\/\/cuadra-agrado.es\/#\/schema\/person\/3aa4f8d2373cf756d93a5526bc72f31b","name":"Miguel Redondo","image":{"@type":"ImageObject","inLanguage":"es","@id":"https:\/\/secure.gravatar.com\/avatar\/85704fceb4fa34017e3c1344d182da00dbf772fb8856ba2b7726a2df926415b4?s=96&d=mm&r=g","url":"https:\/\/secure.gravatar.com\/avatar\/85704fceb4fa34017e3c1344d182da00dbf772fb8856ba2b7726a2df926415b4?s=96&d=mm&r=g","contentUrl":"https:\/\/secure.gravatar.com\/avatar\/85704fceb4fa34017e3c1344d182da00dbf772fb8856ba2b7726a2df926415b4?s=96&d=mm&r=g","caption":"Miguel Redondo"},"sameAs":["https:\/\/cuadra-agrado.es"],"url":"https:\/\/cuadra-agrado.es\/?author=5"}]}},"_links":{"self":[{"href":"https:\/\/cuadra-agrado.es\/index.php?rest_route=\/wp\/v2\/posts\/15317","targetHints":{"allow":["GET"]}}],"collection":[{"href":"https:\/\/cuadra-agrado.es\/index.php?rest_route=\/wp\/v2\/posts"}],"about":[{"href":"https:\/\/cuadra-agrado.es\/index.php?rest_route=\/wp\/v2\/types\/post"}],"author":[{"embeddable":true,"href":"https:\/\/cuadra-agrado.es\/index.php?rest_route=\/wp\/v2\/users\/5"}],"replies":[{"embeddable":true,"href":"https:\/\/cuadra-agrado.es\/index.php?rest_route=%2Fwp%2Fv2%2Fcomments&post=15317"}],"version-history":[{"count":1,"href":"https:\/\/cuadra-agrado.es\/index.php?rest_route=\/wp\/v2\/posts\/15317\/revisions"}],"predecessor-version":[{"id":15318,"href":"https:\/\/cuadra-agrado.es\/index.php?rest_route=\/wp\/v2\/posts\/15317\/revisions\/15318"}],"wp:featuredmedia":[{"embeddable":true,"href":"https:\/\/cuadra-agrado.es\/index.php?rest_route=\/wp\/v2\/media\/10845"}],"wp:attachment":[{"href":"https:\/\/cuadra-agrado.es\/index.php?rest_route=%2Fwp%2Fv2%2Fmedia&parent=15317"}],"wp:term":[{"taxonomy":"category","embeddable":true,"href":"https:\/\/cuadra-agrado.es\/index.php?rest_route=%2Fwp%2Fv2%2Fcategories&post=15317"},{"taxonomy":"post_tag","embeddable":true,"href":"https:\/\/cuadra-agrado.es\/index.php?rest_route=%2Fwp%2Fv2%2Ftags&post=15317"}],"curies":[{"name":"wp","href":"https:\/\/api.w.org\/{rel}","templated":true}]}}