{"id":1507,"date":"2014-10-27T10:10:51","date_gmt":"2014-10-27T09:10:51","guid":{"rendered":"https:\/\/cuadra-agrado.es\/?p=1507"},"modified":"2024-02-27T09:31:52","modified_gmt":"2024-02-27T09:31:52","slug":"valiant-dice-adios-hasta-el-proximo-ano","status":"publish","type":"post","link":"https:\/\/cuadra-agrado.es\/?p=1507","title":{"rendered":"Valiant se despide hasta el pr\u00f3ximo a\u00f1o!!!"},"content":{"rendered":"<p style=\"text-align: justify;\"><a href=\"http:\/\/cuadra-agrado.es\/wp-content\/uploads\/2014\/10\/dani-wallon.jpg\" target=\"_blank\" rel=\"noopener noreferrer\"><img loading=\"lazy\" decoding=\"async\" class=\"alignleft  wp-image-1508\" alt=\"dani wallon\" src=\"http:\/\/cuadra-agrado.es\/wp-content\/uploads\/2014\/10\/dani-wallon.jpg\" width=\"250\" height=\"120\" \/><\/a>Mal d\u00eda ayer para nuestra cuadra que pon\u00eda en pista a &#8216;Valiant Blue&#8217; con grandes expectativas para seguir imbatido en Madrid y despu\u00e9s con &#8216;Il Presuntuoso&#8217; que reaparec\u00eda tras cinco meses de inactividad.<br \/>\nEn el Premio Ruban, &#8216;Valiant&#8217; tom\u00f3 la cabeza desde el mismo golpe de cajones como en \u00e9l es habitual y puso un ritmo alto y selectivo. Todo parec\u00eda ir en orden hasta llegar al paso de la recta principal donde &#8216;Borja Fayos&#8217; not\u00f3 algo en el caballo que no era habitual en \u00e9l. Tuvo que mover muy pronto a falta de 500 metros y aunque lucho hasta el poste de los 300 en cabeza, finalmente le baj\u00f3 las manos en los \u00faltimos 200. El caballo parec\u00eda no tener ning\u00fan problema f\u00edsico pero 1 hora despu\u00e9s la inspecci\u00f3n veterinaria ya en el box nos despej\u00f3 las dudas de su ca\u00edda repentina, dos co\u00e1gulos de sangre en las v\u00edas respiratorias no permitieron a nuestro valiente luchar esta nueva salida a pista.<\/p>\n<p style=\"text-align: justify;\">&#8216;Valiant Blue&#8217; lleva desde el pasado 10 de Noviembre, fecha en el que reapareci\u00f3 en Madrid, pasando por Sevilla y continuando con el programa de Primavera y Oto\u00f1o en Madrid. Un total de doce salidas nacionales m\u00e1s 1 listed en tierras francesas que a\u00fan en su mejor forma, le han ido desgastando poco a poco hasta llegar a esta que tomamos como definitiva en este a\u00f1o.<\/p>\n<p style=\"text-align: justify;\">Seis victorias y tres colocaciones suman un total de 68.000 euros en el a\u00f1o, cifra que indica la fant\u00e1stica temporada de nuestro pupilo y que a partir de ahora dejamos descansar para iniciar nuevamente su andadura en la pr\u00f3xima temporada de primavera 2015 en Madrid. Muy grade Valiant!!!!<\/p>\n<p style=\"text-align: justify;\">Excepcional el programa y trabajo que &#8216;Eduardo Buz\u00f3n&#8217; ha conseguido con este hijo de &#8216;Moss Vale&#8217; que hace una a\u00f1o por estas fechas estaba casi m\u00e1s cerca del prado que en la competici\u00f3n. Para nosotros y para muchos de nuestros seguidores sigue siendo el mejor sprinter de nuestro turf y estamos seguros volver\u00e1 a dar su mejor valor en el pr\u00f3ximo a\u00f1o.<br \/>\nFelicitar a los responsables de &#8216;Dani Wallon&#8217; por su gran actuaci\u00f3n y su imbatibilidad en Madrid tras ganar el pasado a\u00f1o el &#8216;Gran Criterium&#8217;. Volvi\u00f3 desde Francia a tres a\u00f1os para llevarse una de las mejores pruebas de velocidad nacional. Enhorabuena!!!<\/p>\n<p style=\"text-align: justify;\">En la sexta del d\u00eda pon\u00edamos en pista a nuestro tres a\u00f1os &#8216;Il presuntuoso&#8217;. Ya advert\u00edamos de su reaparici\u00f3n todav\u00eda con muy poco fondo. Nuestra \u00fanica intenci\u00f3n en esta es que volviera a retomar contacto con la hierba y competici\u00f3n. Muy lejos en la llegada iremos despacio con \u00e9l, pero al igual que Valiant el pasado a\u00f1os por estas fechas, \u00e9l acaba de comenzar ahora su temporada 2015 a la que le seguir\u00e1 la temporada sevillana.<\/p>\n<p style=\"text-align: justify;\">El resto de la jornada se vio eclipsada por un tremendo &#8216;Arkaitz&#8217; que se impuso con una tremenda superioridad en el &#8216;Gran Premio Duque de Toledo&#8217;. Abdel quiso desde el principio poner el ritmo que mejor le ven\u00eda, pero su dura temporada y el gran momento de &#8216;Arkaitz&#8217; en mucha mejor condici\u00f3n f\u00edsica dej\u00f3 sentenciada la prueba. Impresionante caballo que con un poco de suerte para nuestro turf le veremos luchar seguro pruebas de grupo en el extranjero en el pr\u00f3ximo a\u00f1o.<\/p>\n<p style=\"text-align: justify;\">El &#8216;Gran Criterium&#8217; se fue tambi\u00e9n para M.Delcher con su &#8216;Ideal Aproach&#8217; y nada pudieron hacer los nuestros ante el franc\u00e9s. Nuestra generaci\u00f3n a dos a\u00f1os es muy buena, pero por mucho que nos cueste asumir seguimos jugando en segunda divisi\u00f3n, y salvo &#8216;casos excepcionales&#8217; dignos de alabanza, debemos mantener los pies en el suelo y continuar la progresi\u00f3n futura en la misma l\u00ednea.<\/p>\n<hr \/>\n<p style=\"text-align: justify;\">\n<!-- AddThis Advanced Settings generic via filter on the_content --><!-- AddThis Share Buttons generic via filter on the_content -->","protected":false},"excerpt":{"rendered":"<p>Mal d\u00eda ayer para nuestra cuadra que pon\u00eda en pista a &#8216;Valiant Blue&#8217; con grandes expectativas para seguir imbatido en Madrid y despu\u00e9s con &#8216;Il Presuntuoso&#8217; que reaparec\u00eda tras cinco meses de inactividad. En el Premio Ruban, &#8216;Valiant&#8217; tom\u00f3 la cabeza desde el mismo golpe de cajones como en \u00e9l es habitual y puso un [&hellip;]<!-- AddThis Advanced Settings generic via filter on get_the_excerpt --><!-- AddThis Share Buttons generic via filter on get_the_excerpt --><\/p>\n","protected":false},"author":5,"featured_media":0,"comment_status":"closed","ping_status":"closed","sticky":false,"template":"","format":"gallery","meta":{"_acf_changed":false,"_et_pb_use_builder":"","_et_pb_old_content":"","_et_gb_content_width":"","footnotes":""},"categories":[3],"tags":[],"class_list":["post-1507","post","type-post","status-publish","format-gallery","hentry","category-noticias-cuadra-agrado","post_format-post-format-gallery"],"acf":[],"yoast_head":"<!-- This site is optimized with the Yoast SEO plugin v27.4 - https:\/\/yoast.com\/product\/yoast-seo-wordpress\/ -->\n<title>Valiant se despide hasta el pr\u00f3ximo a\u00f1o!!! - Cuadra Agrado<\/title>\n<meta name=\"robots\" content=\"index, follow, max-snippet:-1, max-image-preview:large, max-video-preview:-1\" \/>\n<link rel=\"canonical\" href=\"https:\/\/cuadra-agrado.es\/?p=1507\" \/>\n<meta property=\"og:locale\" content=\"es_ES\" \/>\n<meta property=\"og:type\" content=\"article\" \/>\n<meta property=\"og:title\" content=\"Valiant se despide hasta el pr\u00f3ximo a\u00f1o!!! - Cuadra Agrado\" \/>\n<meta property=\"og:description\" content=\"Mal d\u00eda ayer para nuestra cuadra que pon\u00eda en pista a &#8216;Valiant Blue&#8217; con grandes expectativas para seguir imbatido en Madrid y despu\u00e9s con &#8216;Il Presuntuoso&#8217; que reaparec\u00eda tras cinco meses de inactividad. En el Premio Ruban, &#8216;Valiant&#8217; tom\u00f3 la cabeza desde el mismo golpe de cajones como en \u00e9l es habitual y puso un [&hellip;]\" \/>\n<meta property=\"og:url\" content=\"https:\/\/cuadra-agrado.es\/?p=1507\" \/>\n<meta property=\"og:site_name\" content=\"Cuadra Agrado\" \/>\n<meta property=\"article:published_time\" content=\"2014-10-27T09:10:51+00:00\" \/>\n<meta property=\"article:modified_time\" content=\"2024-02-27T09:31:52+00:00\" \/>\n<meta property=\"og:image\" content=\"http:\/\/cuadra-agrado.es\/wp-content\/uploads\/2014\/10\/dani-wallon.jpg\" \/>\n<meta name=\"author\" content=\"Miguel Redondo\" \/>\n<meta name=\"twitter:card\" content=\"summary_large_image\" \/>\n<meta name=\"twitter:creator\" content=\"@AGRADOracing\" \/>\n<meta name=\"twitter:site\" content=\"@AGRADOracing\" \/>\n<meta name=\"twitter:label1\" content=\"Escrito por\" \/>\n\t<meta name=\"twitter:data1\" content=\"Miguel Redondo\" \/>\n\t<meta name=\"twitter:label2\" content=\"Tiempo de lectura\" \/>\n\t<meta name=\"twitter:data2\" content=\"3 minutos\" \/>\n<script type=\"application\/ld+json\" class=\"yoast-schema-graph\">{\"@context\":\"https:\\\/\\\/schema.org\",\"@graph\":[{\"@type\":\"Article\",\"@id\":\"https:\\\/\\\/cuadra-agrado.es\\\/?p=1507#article\",\"isPartOf\":{\"@id\":\"https:\\\/\\\/cuadra-agrado.es\\\/?p=1507\"},\"author\":{\"name\":\"Miguel Redondo\",\"@id\":\"https:\\\/\\\/cuadra-agrado.es\\\/#\\\/schema\\\/person\\\/3aa4f8d2373cf756d93a5526bc72f31b\"},\"headline\":\"Valiant se despide hasta el pr\u00f3ximo a\u00f1o!!!\",\"datePublished\":\"2014-10-27T09:10:51+00:00\",\"dateModified\":\"2024-02-27T09:31:52+00:00\",\"mainEntityOfPage\":{\"@id\":\"https:\\\/\\\/cuadra-agrado.es\\\/?p=1507\"},\"wordCount\":652,\"image\":{\"@id\":\"https:\\\/\\\/cuadra-agrado.es\\\/?p=1507#primaryimage\"},\"thumbnailUrl\":\"http:\\\/\\\/cuadra-agrado.es\\\/wp-content\\\/uploads\\\/2014\\\/10\\\/dani-wallon.jpg\",\"articleSection\":[\"Actualidad\"],\"inLanguage\":\"es\"},{\"@type\":\"WebPage\",\"@id\":\"https:\\\/\\\/cuadra-agrado.es\\\/?p=1507\",\"url\":\"https:\\\/\\\/cuadra-agrado.es\\\/?p=1507\",\"name\":\"Valiant se despide hasta el pr\u00f3ximo a\u00f1o!!! - Cuadra Agrado\",\"isPartOf\":{\"@id\":\"https:\\\/\\\/cuadra-agrado.es\\\/#website\"},\"primaryImageOfPage\":{\"@id\":\"https:\\\/\\\/cuadra-agrado.es\\\/?p=1507#primaryimage\"},\"image\":{\"@id\":\"https:\\\/\\\/cuadra-agrado.es\\\/?p=1507#primaryimage\"},\"thumbnailUrl\":\"http:\\\/\\\/cuadra-agrado.es\\\/wp-content\\\/uploads\\\/2014\\\/10\\\/dani-wallon.jpg\",\"datePublished\":\"2014-10-27T09:10:51+00:00\",\"dateModified\":\"2024-02-27T09:31:52+00:00\",\"author\":{\"@id\":\"https:\\\/\\\/cuadra-agrado.es\\\/#\\\/schema\\\/person\\\/3aa4f8d2373cf756d93a5526bc72f31b\"},\"breadcrumb\":{\"@id\":\"https:\\\/\\\/cuadra-agrado.es\\\/?p=1507#breadcrumb\"},\"inLanguage\":\"es\",\"potentialAction\":[{\"@type\":\"ReadAction\",\"target\":[\"https:\\\/\\\/cuadra-agrado.es\\\/?p=1507\"]}]},{\"@type\":\"ImageObject\",\"inLanguage\":\"es\",\"@id\":\"https:\\\/\\\/cuadra-agrado.es\\\/?p=1507#primaryimage\",\"url\":\"http:\\\/\\\/cuadra-agrado.es\\\/wp-content\\\/uploads\\\/2014\\\/10\\\/dani-wallon.jpg\",\"contentUrl\":\"http:\\\/\\\/cuadra-agrado.es\\\/wp-content\\\/uploads\\\/2014\\\/10\\\/dani-wallon.jpg\"},{\"@type\":\"BreadcrumbList\",\"@id\":\"https:\\\/\\\/cuadra-agrado.es\\\/?p=1507#breadcrumb\",\"itemListElement\":[{\"@type\":\"ListItem\",\"position\":1,\"name\":\"Portada\",\"item\":\"https:\\\/\\\/cuadra-agrado.es\\\/\"},{\"@type\":\"ListItem\",\"position\":2,\"name\":\"Valiant se despide hasta el pr\u00f3ximo a\u00f1o!!!\"}]},{\"@type\":\"WebSite\",\"@id\":\"https:\\\/\\\/cuadra-agrado.es\\\/#website\",\"url\":\"https:\\\/\\\/cuadra-agrado.es\\\/\",\"name\":\"Cuadra Agrado\",\"description\":\"En el mundo del Turf desde 2008\",\"potentialAction\":[{\"@type\":\"SearchAction\",\"target\":{\"@type\":\"EntryPoint\",\"urlTemplate\":\"https:\\\/\\\/cuadra-agrado.es\\\/?s={search_term_string}\"},\"query-input\":{\"@type\":\"PropertyValueSpecification\",\"valueRequired\":true,\"valueName\":\"search_term_string\"}}],\"inLanguage\":\"es\"},{\"@type\":\"Person\",\"@id\":\"https:\\\/\\\/cuadra-agrado.es\\\/#\\\/schema\\\/person\\\/3aa4f8d2373cf756d93a5526bc72f31b\",\"name\":\"Miguel Redondo\",\"image\":{\"@type\":\"ImageObject\",\"inLanguage\":\"es\",\"@id\":\"https:\\\/\\\/secure.gravatar.com\\\/avatar\\\/85704fceb4fa34017e3c1344d182da00dbf772fb8856ba2b7726a2df926415b4?s=96&d=mm&r=g\",\"url\":\"https:\\\/\\\/secure.gravatar.com\\\/avatar\\\/85704fceb4fa34017e3c1344d182da00dbf772fb8856ba2b7726a2df926415b4?s=96&d=mm&r=g\",\"contentUrl\":\"https:\\\/\\\/secure.gravatar.com\\\/avatar\\\/85704fceb4fa34017e3c1344d182da00dbf772fb8856ba2b7726a2df926415b4?s=96&d=mm&r=g\",\"caption\":\"Miguel Redondo\"},\"sameAs\":[\"https:\\\/\\\/cuadra-agrado.es\"],\"url\":\"https:\\\/\\\/cuadra-agrado.es\\\/?author=5\"}]}<\/script>\n<!-- \/ Yoast SEO plugin. -->","yoast_head_json":{"title":"Valiant se despide hasta el pr\u00f3ximo a\u00f1o!!! - Cuadra Agrado","robots":{"index":"index","follow":"follow","max-snippet":"max-snippet:-1","max-image-preview":"max-image-preview:large","max-video-preview":"max-video-preview:-1"},"canonical":"https:\/\/cuadra-agrado.es\/?p=1507","og_locale":"es_ES","og_type":"article","og_title":"Valiant se despide hasta el pr\u00f3ximo a\u00f1o!!! - Cuadra Agrado","og_description":"Mal d\u00eda ayer para nuestra cuadra que pon\u00eda en pista a &#8216;Valiant Blue&#8217; con grandes expectativas para seguir imbatido en Madrid y despu\u00e9s con &#8216;Il Presuntuoso&#8217; que reaparec\u00eda tras cinco meses de inactividad. En el Premio Ruban, &#8216;Valiant&#8217; tom\u00f3 la cabeza desde el mismo golpe de cajones como en \u00e9l es habitual y puso un [&hellip;]","og_url":"https:\/\/cuadra-agrado.es\/?p=1507","og_site_name":"Cuadra Agrado","article_published_time":"2014-10-27T09:10:51+00:00","article_modified_time":"2024-02-27T09:31:52+00:00","og_image":[{"url":"http:\/\/cuadra-agrado.es\/wp-content\/uploads\/2014\/10\/dani-wallon.jpg","type":"","width":"","height":""}],"author":"Miguel Redondo","twitter_card":"summary_large_image","twitter_creator":"@AGRADOracing","twitter_site":"@AGRADOracing","twitter_misc":{"Escrito por":"Miguel Redondo","Tiempo de lectura":"3 minutos"},"schema":{"@context":"https:\/\/schema.org","@graph":[{"@type":"Article","@id":"https:\/\/cuadra-agrado.es\/?p=1507#article","isPartOf":{"@id":"https:\/\/cuadra-agrado.es\/?p=1507"},"author":{"name":"Miguel Redondo","@id":"https:\/\/cuadra-agrado.es\/#\/schema\/person\/3aa4f8d2373cf756d93a5526bc72f31b"},"headline":"Valiant se despide hasta el pr\u00f3ximo a\u00f1o!!!","datePublished":"2014-10-27T09:10:51+00:00","dateModified":"2024-02-27T09:31:52+00:00","mainEntityOfPage":{"@id":"https:\/\/cuadra-agrado.es\/?p=1507"},"wordCount":652,"image":{"@id":"https:\/\/cuadra-agrado.es\/?p=1507#primaryimage"},"thumbnailUrl":"http:\/\/cuadra-agrado.es\/wp-content\/uploads\/2014\/10\/dani-wallon.jpg","articleSection":["Actualidad"],"inLanguage":"es"},{"@type":"WebPage","@id":"https:\/\/cuadra-agrado.es\/?p=1507","url":"https:\/\/cuadra-agrado.es\/?p=1507","name":"Valiant se despide hasta el pr\u00f3ximo a\u00f1o!!! - Cuadra Agrado","isPartOf":{"@id":"https:\/\/cuadra-agrado.es\/#website"},"primaryImageOfPage":{"@id":"https:\/\/cuadra-agrado.es\/?p=1507#primaryimage"},"image":{"@id":"https:\/\/cuadra-agrado.es\/?p=1507#primaryimage"},"thumbnailUrl":"http:\/\/cuadra-agrado.es\/wp-content\/uploads\/2014\/10\/dani-wallon.jpg","datePublished":"2014-10-27T09:10:51+00:00","dateModified":"2024-02-27T09:31:52+00:00","author":{"@id":"https:\/\/cuadra-agrado.es\/#\/schema\/person\/3aa4f8d2373cf756d93a5526bc72f31b"},"breadcrumb":{"@id":"https:\/\/cuadra-agrado.es\/?p=1507#breadcrumb"},"inLanguage":"es","potentialAction":[{"@type":"ReadAction","target":["https:\/\/cuadra-agrado.es\/?p=1507"]}]},{"@type":"ImageObject","inLanguage":"es","@id":"https:\/\/cuadra-agrado.es\/?p=1507#primaryimage","url":"http:\/\/cuadra-agrado.es\/wp-content\/uploads\/2014\/10\/dani-wallon.jpg","contentUrl":"http:\/\/cuadra-agrado.es\/wp-content\/uploads\/2014\/10\/dani-wallon.jpg"},{"@type":"BreadcrumbList","@id":"https:\/\/cuadra-agrado.es\/?p=1507#breadcrumb","itemListElement":[{"@type":"ListItem","position":1,"name":"Portada","item":"https:\/\/cuadra-agrado.es\/"},{"@type":"ListItem","position":2,"name":"Valiant se despide hasta el pr\u00f3ximo a\u00f1o!!!"}]},{"@type":"WebSite","@id":"https:\/\/cuadra-agrado.es\/#website","url":"https:\/\/cuadra-agrado.es\/","name":"Cuadra Agrado","description":"En el mundo del Turf desde 2008","potentialAction":[{"@type":"SearchAction","target":{"@type":"EntryPoint","urlTemplate":"https:\/\/cuadra-agrado.es\/?s={search_term_string}"},"query-input":{"@type":"PropertyValueSpecification","valueRequired":true,"valueName":"search_term_string"}}],"inLanguage":"es"},{"@type":"Person","@id":"https:\/\/cuadra-agrado.es\/#\/schema\/person\/3aa4f8d2373cf756d93a5526bc72f31b","name":"Miguel Redondo","image":{"@type":"ImageObject","inLanguage":"es","@id":"https:\/\/secure.gravatar.com\/avatar\/85704fceb4fa34017e3c1344d182da00dbf772fb8856ba2b7726a2df926415b4?s=96&d=mm&r=g","url":"https:\/\/secure.gravatar.com\/avatar\/85704fceb4fa34017e3c1344d182da00dbf772fb8856ba2b7726a2df926415b4?s=96&d=mm&r=g","contentUrl":"https:\/\/secure.gravatar.com\/avatar\/85704fceb4fa34017e3c1344d182da00dbf772fb8856ba2b7726a2df926415b4?s=96&d=mm&r=g","caption":"Miguel Redondo"},"sameAs":["https:\/\/cuadra-agrado.es"],"url":"https:\/\/cuadra-agrado.es\/?author=5"}]}},"_links":{"self":[{"href":"https:\/\/cuadra-agrado.es\/index.php?rest_route=\/wp\/v2\/posts\/1507","targetHints":{"allow":["GET"]}}],"collection":[{"href":"https:\/\/cuadra-agrado.es\/index.php?rest_route=\/wp\/v2\/posts"}],"about":[{"href":"https:\/\/cuadra-agrado.es\/index.php?rest_route=\/wp\/v2\/types\/post"}],"author":[{"embeddable":true,"href":"https:\/\/cuadra-agrado.es\/index.php?rest_route=\/wp\/v2\/users\/5"}],"replies":[{"embeddable":true,"href":"https:\/\/cuadra-agrado.es\/index.php?rest_route=%2Fwp%2Fv2%2Fcomments&post=1507"}],"version-history":[{"count":0,"href":"https:\/\/cuadra-agrado.es\/index.php?rest_route=\/wp\/v2\/posts\/1507\/revisions"}],"wp:attachment":[{"href":"https:\/\/cuadra-agrado.es\/index.php?rest_route=%2Fwp%2Fv2%2Fmedia&parent=1507"}],"wp:term":[{"taxonomy":"category","embeddable":true,"href":"https:\/\/cuadra-agrado.es\/index.php?rest_route=%2Fwp%2Fv2%2Fcategories&post=1507"},{"taxonomy":"post_tag","embeddable":true,"href":"https:\/\/cuadra-agrado.es\/index.php?rest_route=%2Fwp%2Fv2%2Ftags&post=1507"}],"curies":[{"name":"wp","href":"https:\/\/api.w.org\/{rel}","templated":true}]}}