{"id":1434,"date":"2014-09-15T12:40:46","date_gmt":"2014-09-15T11:40:46","guid":{"rendered":"https:\/\/cuadra-agrado.es\/?p=1434"},"modified":"2024-02-27T09:31:54","modified_gmt":"2024-02-27T09:31:54","slug":"valiant-blue-y-zambeze-matriculados-para-la-3a-jornada-de-otono","status":"publish","type":"post","link":"https:\/\/cuadra-agrado.es\/?p=1434","title":{"rendered":"Valiant Blue y Zambeze matriculados para la 3\u00aa jornada de Oto\u00f1o"},"content":{"rendered":"<p style=\"text-align: justify;\"><a href=\"http:\/\/cuadra-agrado.es\/wp-content\/uploads\/2014\/05\/valiant-san-isidro.jpg\" target=\"_blank\" rel=\"noopener noreferrer\"><img loading=\"lazy\" decoding=\"async\" class=\"wp-image-1276 alignright\" alt=\"valiant-san isidro\" src=\"http:\/\/cuadra-agrado.es\/wp-content\/uploads\/2014\/05\/valiant-san-isidro.jpg\" width=\"250\" height=\"140\" \/><\/a>Hoy han quedado matriculados nuestros dos primeros pupilos para, si todo va bien, salir a pista el pr\u00f3ximo d\u00eda 28 de septiembre en esta reci\u00e9n inaugurada temporada de Oto\u00f1o en el Hip\u00f3dromo de la Zarzuela de Madrid.<\/p>\n<p style=\"text-align: justify;\">Valiant Blue, matriculado en el premio &#8216;Soudzou&#8217; con 12 matr\u00edculas, entre los que cabe destacar a &#8216;Otro GinTonic&#8217;, &#8216;Lolita Pluma&#8217; o &#8216;Camuray&#8217;.\u00a0 Es la primera cita despu\u00e9s del verano sobre su reconvertido programa en distancia de 1.200 metros con curva, donde necesitamos seguir trabajando en estas dos semanas para intentar llegar a un m\u00ednimo de forma que nos permita luchar por una siempre dif\u00edcil victoria. Y para intentar lograrlo, se va a incrementar su trabajo en esta semana, y decidir su participaci\u00f3n en base a lo que nos ofrezca. Valiant Blue, ha estado todo el verano descansando en la playa de Sanl\u00facar despu\u00e9s de una excepcional temporada de Primavera y llevar\u00e1 alg\u00fan tiempo volver a ponerle al 100% como lo estuvo durante su final de temporada de primavera, pero a\u00fan no estando en su mejor forma, esta primera viniendo muy fresco, le vendr\u00eda muy bien para ir ganando ese porcentaje que a d\u00eda de hoy le falta y afrontar un final de temporada para redondear un magn\u00edfico a\u00f1o.<\/p>\n<p style=\"text-align: justify;\">Zambeze, debut\u00f3 muy verde en San Sebastian el pasado 15 de Agosto en un mal recorrido. A\u00fan as\u00ed, debemos tener en cuenta que los que le batieron han resultado ser unos de los mejores productos a dos a\u00f1os; &#8216;Sir Andrew&#8217; mostr\u00f3 una superioridad asombrosa en esa cita y es posible que le veamos en la siguiente en el turf franc\u00e9s, y &#8216;El topo&#8217; ha sido posterior ganador del GP Milagro desclasando a todos sus rivales con record incluido. En esta nueva cita para No ganadores (Premio Villablanca) y con la cabeza algo m\u00e1s amueblada, podr\u00edamos tener una oportunidad de estar luchando una posible victoria en su segunda salida\u00a0 a pista, aunque como siempre, ser\u00e1 muy complicado. Gran n\u00famero de matr\u00edculas; 19 potros y potrancas, muchos de ellos con muy buena proyecci\u00f3n dejar\u00e1n seguro una concurrida participaci\u00f3n. La recuperaci\u00f3n total de un peque\u00f1o golpe en el box la semana pasada y lo que nos pueda ofrecer en los trabajos de esta, ser\u00e1 la clave para confirmar su partant en la pr\u00f3xima semana.<\/p>\n<hr \/>\n<p style=\"text-align: justify;\">\n<!-- AddThis Advanced Settings generic via filter on the_content --><!-- AddThis Share Buttons generic via filter on the_content -->","protected":false},"excerpt":{"rendered":"<p>Hoy han quedado matriculados nuestros dos primeros pupilos para, si todo va bien, salir a pista el pr\u00f3ximo d\u00eda 28 de septiembre en esta reci\u00e9n inaugurada temporada de Oto\u00f1o en el Hip\u00f3dromo de la Zarzuela de Madrid. Valiant Blue, matriculado en el premio &#8216;Soudzou&#8217; con 12 matr\u00edculas, entre los que cabe destacar a &#8216;Otro GinTonic&#8217;, [&hellip;]<!-- AddThis Advanced Settings generic via filter on get_the_excerpt --><!-- AddThis Share Buttons generic via filter on get_the_excerpt --><\/p>\n","protected":false},"author":5,"featured_media":0,"comment_status":"closed","ping_status":"closed","sticky":false,"template":"","format":"gallery","meta":{"_acf_changed":false,"_et_pb_use_builder":"","_et_pb_old_content":"","_et_gb_content_width":"","footnotes":""},"categories":[3],"tags":[],"class_list":["post-1434","post","type-post","status-publish","format-gallery","hentry","category-noticias-cuadra-agrado","post_format-post-format-gallery"],"acf":[],"yoast_head":"<!-- This site is optimized with the Yoast SEO plugin v27.4 - https:\/\/yoast.com\/product\/yoast-seo-wordpress\/ -->\n<title>Valiant Blue y Zambeze matriculados para la 3\u00aa jornada de Oto\u00f1o - Cuadra Agrado<\/title>\n<meta name=\"robots\" content=\"index, follow, max-snippet:-1, max-image-preview:large, max-video-preview:-1\" \/>\n<link rel=\"canonical\" href=\"https:\/\/cuadra-agrado.es\/?p=1434\" \/>\n<meta property=\"og:locale\" content=\"es_ES\" \/>\n<meta property=\"og:type\" content=\"article\" \/>\n<meta property=\"og:title\" content=\"Valiant Blue y Zambeze matriculados para la 3\u00aa jornada de Oto\u00f1o - Cuadra Agrado\" \/>\n<meta property=\"og:description\" content=\"Hoy han quedado matriculados nuestros dos primeros pupilos para, si todo va bien, salir a pista el pr\u00f3ximo d\u00eda 28 de septiembre en esta reci\u00e9n inaugurada temporada de Oto\u00f1o en el Hip\u00f3dromo de la Zarzuela de Madrid. Valiant Blue, matriculado en el premio &#8216;Soudzou&#8217; con 12 matr\u00edculas, entre los que cabe destacar a &#8216;Otro GinTonic&#8217;, [&hellip;]\" \/>\n<meta property=\"og:url\" content=\"https:\/\/cuadra-agrado.es\/?p=1434\" \/>\n<meta property=\"og:site_name\" content=\"Cuadra Agrado\" \/>\n<meta property=\"article:published_time\" content=\"2014-09-15T11:40:46+00:00\" \/>\n<meta property=\"article:modified_time\" content=\"2024-02-27T09:31:54+00:00\" \/>\n<meta property=\"og:image\" content=\"http:\/\/cuadra-agrado.es\/wp-content\/uploads\/2014\/05\/valiant-san-isidro.jpg\" \/>\n<meta name=\"author\" content=\"Miguel Redondo\" \/>\n<meta name=\"twitter:card\" content=\"summary_large_image\" \/>\n<meta name=\"twitter:creator\" content=\"@AGRADOracing\" \/>\n<meta name=\"twitter:site\" content=\"@AGRADOracing\" \/>\n<meta name=\"twitter:label1\" content=\"Escrito por\" \/>\n\t<meta name=\"twitter:data1\" content=\"Miguel Redondo\" \/>\n\t<meta name=\"twitter:label2\" content=\"Tiempo de lectura\" \/>\n\t<meta name=\"twitter:data2\" content=\"2 minutos\" \/>\n<script type=\"application\/ld+json\" class=\"yoast-schema-graph\">{\"@context\":\"https:\\\/\\\/schema.org\",\"@graph\":[{\"@type\":\"Article\",\"@id\":\"https:\\\/\\\/cuadra-agrado.es\\\/?p=1434#article\",\"isPartOf\":{\"@id\":\"https:\\\/\\\/cuadra-agrado.es\\\/?p=1434\"},\"author\":{\"name\":\"Miguel Redondo\",\"@id\":\"https:\\\/\\\/cuadra-agrado.es\\\/#\\\/schema\\\/person\\\/3aa4f8d2373cf756d93a5526bc72f31b\"},\"headline\":\"Valiant Blue y Zambeze matriculados para la 3\u00aa jornada de Oto\u00f1o\",\"datePublished\":\"2014-09-15T11:40:46+00:00\",\"dateModified\":\"2024-02-27T09:31:54+00:00\",\"mainEntityOfPage\":{\"@id\":\"https:\\\/\\\/cuadra-agrado.es\\\/?p=1434\"},\"wordCount\":412,\"image\":{\"@id\":\"https:\\\/\\\/cuadra-agrado.es\\\/?p=1434#primaryimage\"},\"thumbnailUrl\":\"http:\\\/\\\/cuadra-agrado.es\\\/wp-content\\\/uploads\\\/2014\\\/05\\\/valiant-san-isidro.jpg\",\"articleSection\":[\"Actualidad\"],\"inLanguage\":\"es\"},{\"@type\":\"WebPage\",\"@id\":\"https:\\\/\\\/cuadra-agrado.es\\\/?p=1434\",\"url\":\"https:\\\/\\\/cuadra-agrado.es\\\/?p=1434\",\"name\":\"Valiant Blue y Zambeze matriculados para la 3\u00aa jornada de Oto\u00f1o - Cuadra Agrado\",\"isPartOf\":{\"@id\":\"https:\\\/\\\/cuadra-agrado.es\\\/#website\"},\"primaryImageOfPage\":{\"@id\":\"https:\\\/\\\/cuadra-agrado.es\\\/?p=1434#primaryimage\"},\"image\":{\"@id\":\"https:\\\/\\\/cuadra-agrado.es\\\/?p=1434#primaryimage\"},\"thumbnailUrl\":\"http:\\\/\\\/cuadra-agrado.es\\\/wp-content\\\/uploads\\\/2014\\\/05\\\/valiant-san-isidro.jpg\",\"datePublished\":\"2014-09-15T11:40:46+00:00\",\"dateModified\":\"2024-02-27T09:31:54+00:00\",\"author\":{\"@id\":\"https:\\\/\\\/cuadra-agrado.es\\\/#\\\/schema\\\/person\\\/3aa4f8d2373cf756d93a5526bc72f31b\"},\"breadcrumb\":{\"@id\":\"https:\\\/\\\/cuadra-agrado.es\\\/?p=1434#breadcrumb\"},\"inLanguage\":\"es\",\"potentialAction\":[{\"@type\":\"ReadAction\",\"target\":[\"https:\\\/\\\/cuadra-agrado.es\\\/?p=1434\"]}]},{\"@type\":\"ImageObject\",\"inLanguage\":\"es\",\"@id\":\"https:\\\/\\\/cuadra-agrado.es\\\/?p=1434#primaryimage\",\"url\":\"http:\\\/\\\/cuadra-agrado.es\\\/wp-content\\\/uploads\\\/2014\\\/05\\\/valiant-san-isidro.jpg\",\"contentUrl\":\"http:\\\/\\\/cuadra-agrado.es\\\/wp-content\\\/uploads\\\/2014\\\/05\\\/valiant-san-isidro.jpg\"},{\"@type\":\"BreadcrumbList\",\"@id\":\"https:\\\/\\\/cuadra-agrado.es\\\/?p=1434#breadcrumb\",\"itemListElement\":[{\"@type\":\"ListItem\",\"position\":1,\"name\":\"Portada\",\"item\":\"https:\\\/\\\/cuadra-agrado.es\\\/\"},{\"@type\":\"ListItem\",\"position\":2,\"name\":\"Valiant Blue y Zambeze matriculados para la 3\u00aa jornada de Oto\u00f1o\"}]},{\"@type\":\"WebSite\",\"@id\":\"https:\\\/\\\/cuadra-agrado.es\\\/#website\",\"url\":\"https:\\\/\\\/cuadra-agrado.es\\\/\",\"name\":\"Cuadra Agrado\",\"description\":\"En el mundo del Turf desde 2008\",\"potentialAction\":[{\"@type\":\"SearchAction\",\"target\":{\"@type\":\"EntryPoint\",\"urlTemplate\":\"https:\\\/\\\/cuadra-agrado.es\\\/?s={search_term_string}\"},\"query-input\":{\"@type\":\"PropertyValueSpecification\",\"valueRequired\":true,\"valueName\":\"search_term_string\"}}],\"inLanguage\":\"es\"},{\"@type\":\"Person\",\"@id\":\"https:\\\/\\\/cuadra-agrado.es\\\/#\\\/schema\\\/person\\\/3aa4f8d2373cf756d93a5526bc72f31b\",\"name\":\"Miguel Redondo\",\"image\":{\"@type\":\"ImageObject\",\"inLanguage\":\"es\",\"@id\":\"https:\\\/\\\/secure.gravatar.com\\\/avatar\\\/85704fceb4fa34017e3c1344d182da00dbf772fb8856ba2b7726a2df926415b4?s=96&d=mm&r=g\",\"url\":\"https:\\\/\\\/secure.gravatar.com\\\/avatar\\\/85704fceb4fa34017e3c1344d182da00dbf772fb8856ba2b7726a2df926415b4?s=96&d=mm&r=g\",\"contentUrl\":\"https:\\\/\\\/secure.gravatar.com\\\/avatar\\\/85704fceb4fa34017e3c1344d182da00dbf772fb8856ba2b7726a2df926415b4?s=96&d=mm&r=g\",\"caption\":\"Miguel Redondo\"},\"sameAs\":[\"https:\\\/\\\/cuadra-agrado.es\"],\"url\":\"https:\\\/\\\/cuadra-agrado.es\\\/?author=5\"}]}<\/script>\n<!-- \/ Yoast SEO plugin. -->","yoast_head_json":{"title":"Valiant Blue y Zambeze matriculados para la 3\u00aa jornada de Oto\u00f1o - Cuadra Agrado","robots":{"index":"index","follow":"follow","max-snippet":"max-snippet:-1","max-image-preview":"max-image-preview:large","max-video-preview":"max-video-preview:-1"},"canonical":"https:\/\/cuadra-agrado.es\/?p=1434","og_locale":"es_ES","og_type":"article","og_title":"Valiant Blue y Zambeze matriculados para la 3\u00aa jornada de Oto\u00f1o - Cuadra Agrado","og_description":"Hoy han quedado matriculados nuestros dos primeros pupilos para, si todo va bien, salir a pista el pr\u00f3ximo d\u00eda 28 de septiembre en esta reci\u00e9n inaugurada temporada de Oto\u00f1o en el Hip\u00f3dromo de la Zarzuela de Madrid. Valiant Blue, matriculado en el premio &#8216;Soudzou&#8217; con 12 matr\u00edculas, entre los que cabe destacar a &#8216;Otro GinTonic&#8217;, [&hellip;]","og_url":"https:\/\/cuadra-agrado.es\/?p=1434","og_site_name":"Cuadra Agrado","article_published_time":"2014-09-15T11:40:46+00:00","article_modified_time":"2024-02-27T09:31:54+00:00","og_image":[{"url":"http:\/\/cuadra-agrado.es\/wp-content\/uploads\/2014\/05\/valiant-san-isidro.jpg","type":"","width":"","height":""}],"author":"Miguel Redondo","twitter_card":"summary_large_image","twitter_creator":"@AGRADOracing","twitter_site":"@AGRADOracing","twitter_misc":{"Escrito por":"Miguel Redondo","Tiempo de lectura":"2 minutos"},"schema":{"@context":"https:\/\/schema.org","@graph":[{"@type":"Article","@id":"https:\/\/cuadra-agrado.es\/?p=1434#article","isPartOf":{"@id":"https:\/\/cuadra-agrado.es\/?p=1434"},"author":{"name":"Miguel Redondo","@id":"https:\/\/cuadra-agrado.es\/#\/schema\/person\/3aa4f8d2373cf756d93a5526bc72f31b"},"headline":"Valiant Blue y Zambeze matriculados para la 3\u00aa jornada de Oto\u00f1o","datePublished":"2014-09-15T11:40:46+00:00","dateModified":"2024-02-27T09:31:54+00:00","mainEntityOfPage":{"@id":"https:\/\/cuadra-agrado.es\/?p=1434"},"wordCount":412,"image":{"@id":"https:\/\/cuadra-agrado.es\/?p=1434#primaryimage"},"thumbnailUrl":"http:\/\/cuadra-agrado.es\/wp-content\/uploads\/2014\/05\/valiant-san-isidro.jpg","articleSection":["Actualidad"],"inLanguage":"es"},{"@type":"WebPage","@id":"https:\/\/cuadra-agrado.es\/?p=1434","url":"https:\/\/cuadra-agrado.es\/?p=1434","name":"Valiant Blue y Zambeze matriculados para la 3\u00aa jornada de Oto\u00f1o - Cuadra Agrado","isPartOf":{"@id":"https:\/\/cuadra-agrado.es\/#website"},"primaryImageOfPage":{"@id":"https:\/\/cuadra-agrado.es\/?p=1434#primaryimage"},"image":{"@id":"https:\/\/cuadra-agrado.es\/?p=1434#primaryimage"},"thumbnailUrl":"http:\/\/cuadra-agrado.es\/wp-content\/uploads\/2014\/05\/valiant-san-isidro.jpg","datePublished":"2014-09-15T11:40:46+00:00","dateModified":"2024-02-27T09:31:54+00:00","author":{"@id":"https:\/\/cuadra-agrado.es\/#\/schema\/person\/3aa4f8d2373cf756d93a5526bc72f31b"},"breadcrumb":{"@id":"https:\/\/cuadra-agrado.es\/?p=1434#breadcrumb"},"inLanguage":"es","potentialAction":[{"@type":"ReadAction","target":["https:\/\/cuadra-agrado.es\/?p=1434"]}]},{"@type":"ImageObject","inLanguage":"es","@id":"https:\/\/cuadra-agrado.es\/?p=1434#primaryimage","url":"http:\/\/cuadra-agrado.es\/wp-content\/uploads\/2014\/05\/valiant-san-isidro.jpg","contentUrl":"http:\/\/cuadra-agrado.es\/wp-content\/uploads\/2014\/05\/valiant-san-isidro.jpg"},{"@type":"BreadcrumbList","@id":"https:\/\/cuadra-agrado.es\/?p=1434#breadcrumb","itemListElement":[{"@type":"ListItem","position":1,"name":"Portada","item":"https:\/\/cuadra-agrado.es\/"},{"@type":"ListItem","position":2,"name":"Valiant Blue y Zambeze matriculados para la 3\u00aa jornada de Oto\u00f1o"}]},{"@type":"WebSite","@id":"https:\/\/cuadra-agrado.es\/#website","url":"https:\/\/cuadra-agrado.es\/","name":"Cuadra Agrado","description":"En el mundo del Turf desde 2008","potentialAction":[{"@type":"SearchAction","target":{"@type":"EntryPoint","urlTemplate":"https:\/\/cuadra-agrado.es\/?s={search_term_string}"},"query-input":{"@type":"PropertyValueSpecification","valueRequired":true,"valueName":"search_term_string"}}],"inLanguage":"es"},{"@type":"Person","@id":"https:\/\/cuadra-agrado.es\/#\/schema\/person\/3aa4f8d2373cf756d93a5526bc72f31b","name":"Miguel Redondo","image":{"@type":"ImageObject","inLanguage":"es","@id":"https:\/\/secure.gravatar.com\/avatar\/85704fceb4fa34017e3c1344d182da00dbf772fb8856ba2b7726a2df926415b4?s=96&d=mm&r=g","url":"https:\/\/secure.gravatar.com\/avatar\/85704fceb4fa34017e3c1344d182da00dbf772fb8856ba2b7726a2df926415b4?s=96&d=mm&r=g","contentUrl":"https:\/\/secure.gravatar.com\/avatar\/85704fceb4fa34017e3c1344d182da00dbf772fb8856ba2b7726a2df926415b4?s=96&d=mm&r=g","caption":"Miguel Redondo"},"sameAs":["https:\/\/cuadra-agrado.es"],"url":"https:\/\/cuadra-agrado.es\/?author=5"}]}},"_links":{"self":[{"href":"https:\/\/cuadra-agrado.es\/index.php?rest_route=\/wp\/v2\/posts\/1434","targetHints":{"allow":["GET"]}}],"collection":[{"href":"https:\/\/cuadra-agrado.es\/index.php?rest_route=\/wp\/v2\/posts"}],"about":[{"href":"https:\/\/cuadra-agrado.es\/index.php?rest_route=\/wp\/v2\/types\/post"}],"author":[{"embeddable":true,"href":"https:\/\/cuadra-agrado.es\/index.php?rest_route=\/wp\/v2\/users\/5"}],"replies":[{"embeddable":true,"href":"https:\/\/cuadra-agrado.es\/index.php?rest_route=%2Fwp%2Fv2%2Fcomments&post=1434"}],"version-history":[{"count":0,"href":"https:\/\/cuadra-agrado.es\/index.php?rest_route=\/wp\/v2\/posts\/1434\/revisions"}],"wp:attachment":[{"href":"https:\/\/cuadra-agrado.es\/index.php?rest_route=%2Fwp%2Fv2%2Fmedia&parent=1434"}],"wp:term":[{"taxonomy":"category","embeddable":true,"href":"https:\/\/cuadra-agrado.es\/index.php?rest_route=%2Fwp%2Fv2%2Fcategories&post=1434"},{"taxonomy":"post_tag","embeddable":true,"href":"https:\/\/cuadra-agrado.es\/index.php?rest_route=%2Fwp%2Fv2%2Ftags&post=1434"}],"curies":[{"name":"wp","href":"https:\/\/api.w.org\/{rel}","templated":true}]}}