{"id":1425,"date":"2014-09-04T16:06:23","date_gmt":"2014-09-04T15:06:23","guid":{"rendered":"https:\/\/cuadra-agrado.es\/?p=1425"},"modified":"2024-02-27T09:31:54","modified_gmt":"2024-02-27T09:31:54","slug":"matriculas-para-los-grandes-premios-de-otono","status":"publish","type":"post","link":"https:\/\/cuadra-agrado.es\/?p=1425","title":{"rendered":"Matr\u00edculas para los Grandes Premios de Oto\u00f1o!!!!"},"content":{"rendered":"<p style=\"text-align: justify;\"><a href=\"http:\/\/cuadra-agrado.es\/wp-content\/uploads\/2014\/07\/HZ.jpg\" target=\"_blank\" rel=\"noopener noreferrer\"><img loading=\"lazy\" decoding=\"async\" class=\"alignleft  wp-image-1364\" alt=\"HZ\" src=\"http:\/\/cuadra-agrado.es\/wp-content\/uploads\/2014\/07\/HZ.jpg\" width=\"200\" height=\"140\" \/><\/a>Hoy han quedado matriculados los primeros protagonistas para los Grandes Premios de Oto\u00f1o que comenzar\u00e1 con el &#8216;Premio Hispanidad&#8217; (Cat. Listed) el d\u00eda 12 de Octubre, el &#8216;Gran Criterium de potros y potrancas&#8217; (Cat. A) \u00a0y el &#8216;Memorial Duque de Toledo&#8217; (Cat. Listed) ambos el d\u00eda 26 de Octubre, y el &#8216;Premio Villamejor&#8217; (Cat. A) que ser\u00e1 el que cierre el calendario 2014 en Madrid el d\u00eda 30 de Noviembre.<\/p>\n<p style=\"text-align: justify;\">Para el &#8216;Hispanidad&#8217; contamos con 16 inscripciones donde nos alegra ver de nuevo batallando a &#8216;Abdel&#8217; y &#8216;Celtic Rock&#8217;. Sorprende que a &#8216;Celtic&#8217; le bajen a 1.600 metros, pero cuando lo hacen seguro sus razones tendr\u00e1n y querr\u00e1n desquitarse de su \u00faltima en la &#8216;Copa de Oro&#8217; donostiarra. Aparecen los tres franceses de &#8216;C.Delcher&#8217; con &#8216;Dani Wallon&#8217; (ganador del criterium el pasado a\u00f1o), &#8216;Frankyfourfinguers&#8217; (2\u00ba en el pasado Hispanidad, y sin bajarse del dinero en Francia durante todo el a\u00f1o con 3 victorias), y &#8216;Filly Medi&#8217; que no parece estar en su mejor forma despu\u00e9s de ver su \u00faltima, pero que hay que recordar fue ganadora de la poule\u00b413, del Kutxa y segunda del pasado &#8216;Carudel&#8217;. Nos gustan tambi\u00e9n las matr\u00edculas de &#8216;Diego Valor&#8217;, &#8216;Risby&#8217; y la gran &#8216;Ketala&#8217;. D\u00eda Grande de Espa\u00f1a donde no puede faltar nadie a HZ.<\/p>\n<p style=\"text-align: justify;\">Para el &#8216;Gran Criterium&#8217; nos gusta sobre todo que haya 29 matriculas. Un n\u00famero muy alto para una generaci\u00f3n que parece no ha sido la mejor en nuestro turf. Con muchos de ellos a\u00fan sin debutar, seguramente habr\u00e1 que esperar al primer forfait para avistar a los posibles que vayan a estar en la lucha este a\u00f1o. 4 caballos for\u00e1neos de &#8216;Delcher&#8217; matriculados entre los que destaca &#8216;Wag\u00b4n Tail, reciente ganador del Criterium Internacional en Lasarte este verano.\u00a0 Tambi\u00e9n tenemos al nacional &#8216;Quevedo&#8217; que ya tiene su negrita como segundo de Listed en Francia y con un flojo sexto en todo un grupo 1. Por la parte que nos toca, este a\u00f1o nos representar\u00e1 &#8216;Zambeze&#8217; que ya debut\u00f3 el pasado Agosto a\u00fan muy verde, pero que nuestro trainer lo preparar\u00e1 con vistas a hacer un gran papel en este GP.<\/p>\n<p style=\"text-align: justify;\">Con vistas al &#8216;GP Memorial Duque de Toledo&#8217; nos sorprende que en todo un &#8216;Listed&#8217; haya solamente 12 matr\u00edculas, pero creemos que ser\u00e1n muy pocos los que tiren la toalla. Es muy posible que el lote quede encuadrado entre 7 y 10 participantes por lo que sin duda ser\u00e1 una de las mejores carreras para ver en directo. Nuestro favorito como no puede ser de otra forma ser\u00e1 &#8216;Abdel&#8217;, pero si nos falla, hay muchos que tienen serias opciones para estar arriba. Destacar al siempre batallador &#8216;Achtung&#8217;, al ganador del Villamejor\u00b413 &#8216;Andry Brusselles, o al mejor 3 a\u00f1os matriculado &#8216;Arkaitz&#8217;, pero sin descuidar a los dem\u00e1s&#8230; Navarra, Fortun, Monsieur Opera, etc&#8230;&#8230; \u00a0todos ellos con gran valor. Sin duda, una de las mejores carreras que podremos ver&#8230;.<\/p>\n<p style=\"text-align: justify;\">Y para terminar la temporada 2014 en HZ tendremos como \u00faltima carrera el &#8216;Premio Villamejor&#8217;. Un plato fuerte donde la edad cl\u00e1sica toma fuerza con el handicap de final de temporada y en una pista casi seguro muy blanda. 18 son los matriculados y el favorito si sigue en buena lid no debe ser otro que un tal &#8216;Arkaitz&#8217;. Los dem\u00e1s tendremos que esperar su fallo, y digo tendremos porque en esta tambi\u00e9n podr\u00edamos ser protagonistas con la matr\u00edcula de nuesto &#8216;Il Presuntuoso&#8217; que despu\u00e9s de una lesi\u00f3n que le ha tenido parado tres meses, \u00a0todo el trabajo est\u00e1 siendo enfocado a participar en esta prueba. Carrera que seguro ser\u00e1 muy disputada y todo depender\u00e1 del estado de forma que lleguen los aspirantes despu\u00e9s de un duro a\u00f1o.<\/p>\n<p><a href=\"http:\/\/www.sfcce.es\/wp-content\/uploads\/MATRICULAS-GRANDES-PREMIOS-OTO%C3%91O-2014.pdf\" target=\"_blank\" rel=\"noopener noreferrer\"><\/p>\n<p style=\"text-align: justify;\">Enlace a las matr\u00edculas de los Grandes premios<\/p>\n<p><\/a><\/p>\n<hr \/>\n<p>&nbsp;<\/p>\n<!-- AddThis Advanced Settings generic via filter on the_content --><!-- AddThis Share Buttons generic via filter on the_content -->","protected":false},"excerpt":{"rendered":"<p>Hoy han quedado matriculados los primeros protagonistas para los Grandes Premios de Oto\u00f1o que comenzar\u00e1 con el &#8216;Premio Hispanidad&#8217; (Cat. Listed) el d\u00eda 12 de Octubre, el &#8216;Gran Criterium de potros y potrancas&#8217; (Cat. A) \u00a0y el &#8216;Memorial Duque de Toledo&#8217; (Cat. Listed) ambos el d\u00eda 26 de Octubre, y el &#8216;Premio Villamejor&#8217; (Cat. A) [&hellip;]<!-- AddThis Advanced Settings generic via filter on get_the_excerpt --><!-- AddThis Share Buttons generic via filter on get_the_excerpt --><\/p>\n","protected":false},"author":5,"featured_media":0,"comment_status":"closed","ping_status":"closed","sticky":false,"template":"","format":"gallery","meta":{"_acf_changed":false,"_et_pb_use_builder":"","_et_pb_old_content":"","_et_gb_content_width":"","footnotes":""},"categories":[3],"tags":[],"class_list":["post-1425","post","type-post","status-publish","format-gallery","hentry","category-noticias-cuadra-agrado","post_format-post-format-gallery"],"acf":[],"yoast_head":"<!-- This site is optimized with the Yoast SEO plugin v27.4 - https:\/\/yoast.com\/product\/yoast-seo-wordpress\/ -->\n<title>Matr\u00edculas para los Grandes Premios de Oto\u00f1o!!!! - Cuadra Agrado<\/title>\n<meta name=\"robots\" content=\"index, follow, max-snippet:-1, max-image-preview:large, max-video-preview:-1\" \/>\n<link rel=\"canonical\" href=\"https:\/\/cuadra-agrado.es\/?p=1425\" \/>\n<meta property=\"og:locale\" content=\"es_ES\" \/>\n<meta property=\"og:type\" content=\"article\" \/>\n<meta property=\"og:title\" content=\"Matr\u00edculas para los Grandes Premios de Oto\u00f1o!!!! - Cuadra Agrado\" \/>\n<meta property=\"og:description\" content=\"Hoy han quedado matriculados los primeros protagonistas para los Grandes Premios de Oto\u00f1o que comenzar\u00e1 con el &#8216;Premio Hispanidad&#8217; (Cat. Listed) el d\u00eda 12 de Octubre, el &#8216;Gran Criterium de potros y potrancas&#8217; (Cat. A) \u00a0y el &#8216;Memorial Duque de Toledo&#8217; (Cat. Listed) ambos el d\u00eda 26 de Octubre, y el &#8216;Premio Villamejor&#8217; (Cat. A) [&hellip;]\" \/>\n<meta property=\"og:url\" content=\"https:\/\/cuadra-agrado.es\/?p=1425\" \/>\n<meta property=\"og:site_name\" content=\"Cuadra Agrado\" \/>\n<meta property=\"article:published_time\" content=\"2014-09-04T15:06:23+00:00\" \/>\n<meta property=\"article:modified_time\" content=\"2024-02-27T09:31:54+00:00\" \/>\n<meta property=\"og:image\" content=\"http:\/\/cuadra-agrado.es\/wp-content\/uploads\/2014\/07\/HZ.jpg\" \/>\n<meta name=\"author\" content=\"Miguel Redondo\" \/>\n<meta name=\"twitter:card\" content=\"summary_large_image\" \/>\n<meta name=\"twitter:creator\" content=\"@AGRADOracing\" \/>\n<meta name=\"twitter:site\" content=\"@AGRADOracing\" \/>\n<meta name=\"twitter:label1\" content=\"Escrito por\" \/>\n\t<meta name=\"twitter:data1\" content=\"Miguel Redondo\" \/>\n\t<meta name=\"twitter:label2\" content=\"Tiempo de lectura\" \/>\n\t<meta name=\"twitter:data2\" content=\"3 minutos\" \/>\n<script type=\"application\/ld+json\" class=\"yoast-schema-graph\">{\"@context\":\"https:\\\/\\\/schema.org\",\"@graph\":[{\"@type\":\"Article\",\"@id\":\"https:\\\/\\\/cuadra-agrado.es\\\/?p=1425#article\",\"isPartOf\":{\"@id\":\"https:\\\/\\\/cuadra-agrado.es\\\/?p=1425\"},\"author\":{\"name\":\"Miguel Redondo\",\"@id\":\"https:\\\/\\\/cuadra-agrado.es\\\/#\\\/schema\\\/person\\\/3aa4f8d2373cf756d93a5526bc72f31b\"},\"headline\":\"Matr\u00edculas para los Grandes Premios de Oto\u00f1o!!!!\",\"datePublished\":\"2014-09-04T15:06:23+00:00\",\"dateModified\":\"2024-02-27T09:31:54+00:00\",\"mainEntityOfPage\":{\"@id\":\"https:\\\/\\\/cuadra-agrado.es\\\/?p=1425\"},\"wordCount\":642,\"image\":{\"@id\":\"https:\\\/\\\/cuadra-agrado.es\\\/?p=1425#primaryimage\"},\"thumbnailUrl\":\"http:\\\/\\\/cuadra-agrado.es\\\/wp-content\\\/uploads\\\/2014\\\/07\\\/HZ.jpg\",\"articleSection\":[\"Actualidad\"],\"inLanguage\":\"es\"},{\"@type\":\"WebPage\",\"@id\":\"https:\\\/\\\/cuadra-agrado.es\\\/?p=1425\",\"url\":\"https:\\\/\\\/cuadra-agrado.es\\\/?p=1425\",\"name\":\"Matr\u00edculas para los Grandes Premios de Oto\u00f1o!!!! - Cuadra Agrado\",\"isPartOf\":{\"@id\":\"https:\\\/\\\/cuadra-agrado.es\\\/#website\"},\"primaryImageOfPage\":{\"@id\":\"https:\\\/\\\/cuadra-agrado.es\\\/?p=1425#primaryimage\"},\"image\":{\"@id\":\"https:\\\/\\\/cuadra-agrado.es\\\/?p=1425#primaryimage\"},\"thumbnailUrl\":\"http:\\\/\\\/cuadra-agrado.es\\\/wp-content\\\/uploads\\\/2014\\\/07\\\/HZ.jpg\",\"datePublished\":\"2014-09-04T15:06:23+00:00\",\"dateModified\":\"2024-02-27T09:31:54+00:00\",\"author\":{\"@id\":\"https:\\\/\\\/cuadra-agrado.es\\\/#\\\/schema\\\/person\\\/3aa4f8d2373cf756d93a5526bc72f31b\"},\"breadcrumb\":{\"@id\":\"https:\\\/\\\/cuadra-agrado.es\\\/?p=1425#breadcrumb\"},\"inLanguage\":\"es\",\"potentialAction\":[{\"@type\":\"ReadAction\",\"target\":[\"https:\\\/\\\/cuadra-agrado.es\\\/?p=1425\"]}]},{\"@type\":\"ImageObject\",\"inLanguage\":\"es\",\"@id\":\"https:\\\/\\\/cuadra-agrado.es\\\/?p=1425#primaryimage\",\"url\":\"http:\\\/\\\/cuadra-agrado.es\\\/wp-content\\\/uploads\\\/2014\\\/07\\\/HZ.jpg\",\"contentUrl\":\"http:\\\/\\\/cuadra-agrado.es\\\/wp-content\\\/uploads\\\/2014\\\/07\\\/HZ.jpg\"},{\"@type\":\"BreadcrumbList\",\"@id\":\"https:\\\/\\\/cuadra-agrado.es\\\/?p=1425#breadcrumb\",\"itemListElement\":[{\"@type\":\"ListItem\",\"position\":1,\"name\":\"Portada\",\"item\":\"https:\\\/\\\/cuadra-agrado.es\\\/\"},{\"@type\":\"ListItem\",\"position\":2,\"name\":\"Matr\u00edculas para los Grandes Premios de Oto\u00f1o!!!!\"}]},{\"@type\":\"WebSite\",\"@id\":\"https:\\\/\\\/cuadra-agrado.es\\\/#website\",\"url\":\"https:\\\/\\\/cuadra-agrado.es\\\/\",\"name\":\"Cuadra Agrado\",\"description\":\"En el mundo del Turf desde 2008\",\"potentialAction\":[{\"@type\":\"SearchAction\",\"target\":{\"@type\":\"EntryPoint\",\"urlTemplate\":\"https:\\\/\\\/cuadra-agrado.es\\\/?s={search_term_string}\"},\"query-input\":{\"@type\":\"PropertyValueSpecification\",\"valueRequired\":true,\"valueName\":\"search_term_string\"}}],\"inLanguage\":\"es\"},{\"@type\":\"Person\",\"@id\":\"https:\\\/\\\/cuadra-agrado.es\\\/#\\\/schema\\\/person\\\/3aa4f8d2373cf756d93a5526bc72f31b\",\"name\":\"Miguel Redondo\",\"image\":{\"@type\":\"ImageObject\",\"inLanguage\":\"es\",\"@id\":\"https:\\\/\\\/secure.gravatar.com\\\/avatar\\\/85704fceb4fa34017e3c1344d182da00dbf772fb8856ba2b7726a2df926415b4?s=96&d=mm&r=g\",\"url\":\"https:\\\/\\\/secure.gravatar.com\\\/avatar\\\/85704fceb4fa34017e3c1344d182da00dbf772fb8856ba2b7726a2df926415b4?s=96&d=mm&r=g\",\"contentUrl\":\"https:\\\/\\\/secure.gravatar.com\\\/avatar\\\/85704fceb4fa34017e3c1344d182da00dbf772fb8856ba2b7726a2df926415b4?s=96&d=mm&r=g\",\"caption\":\"Miguel Redondo\"},\"sameAs\":[\"https:\\\/\\\/cuadra-agrado.es\"],\"url\":\"https:\\\/\\\/cuadra-agrado.es\\\/?author=5\"}]}<\/script>\n<!-- \/ Yoast SEO plugin. -->","yoast_head_json":{"title":"Matr\u00edculas para los Grandes Premios de Oto\u00f1o!!!! - Cuadra Agrado","robots":{"index":"index","follow":"follow","max-snippet":"max-snippet:-1","max-image-preview":"max-image-preview:large","max-video-preview":"max-video-preview:-1"},"canonical":"https:\/\/cuadra-agrado.es\/?p=1425","og_locale":"es_ES","og_type":"article","og_title":"Matr\u00edculas para los Grandes Premios de Oto\u00f1o!!!! - Cuadra Agrado","og_description":"Hoy han quedado matriculados los primeros protagonistas para los Grandes Premios de Oto\u00f1o que comenzar\u00e1 con el &#8216;Premio Hispanidad&#8217; (Cat. Listed) el d\u00eda 12 de Octubre, el &#8216;Gran Criterium de potros y potrancas&#8217; (Cat. A) \u00a0y el &#8216;Memorial Duque de Toledo&#8217; (Cat. Listed) ambos el d\u00eda 26 de Octubre, y el &#8216;Premio Villamejor&#8217; (Cat. A) [&hellip;]","og_url":"https:\/\/cuadra-agrado.es\/?p=1425","og_site_name":"Cuadra Agrado","article_published_time":"2014-09-04T15:06:23+00:00","article_modified_time":"2024-02-27T09:31:54+00:00","og_image":[{"url":"http:\/\/cuadra-agrado.es\/wp-content\/uploads\/2014\/07\/HZ.jpg","type":"","width":"","height":""}],"author":"Miguel Redondo","twitter_card":"summary_large_image","twitter_creator":"@AGRADOracing","twitter_site":"@AGRADOracing","twitter_misc":{"Escrito por":"Miguel Redondo","Tiempo de lectura":"3 minutos"},"schema":{"@context":"https:\/\/schema.org","@graph":[{"@type":"Article","@id":"https:\/\/cuadra-agrado.es\/?p=1425#article","isPartOf":{"@id":"https:\/\/cuadra-agrado.es\/?p=1425"},"author":{"name":"Miguel Redondo","@id":"https:\/\/cuadra-agrado.es\/#\/schema\/person\/3aa4f8d2373cf756d93a5526bc72f31b"},"headline":"Matr\u00edculas para los Grandes Premios de Oto\u00f1o!!!!","datePublished":"2014-09-04T15:06:23+00:00","dateModified":"2024-02-27T09:31:54+00:00","mainEntityOfPage":{"@id":"https:\/\/cuadra-agrado.es\/?p=1425"},"wordCount":642,"image":{"@id":"https:\/\/cuadra-agrado.es\/?p=1425#primaryimage"},"thumbnailUrl":"http:\/\/cuadra-agrado.es\/wp-content\/uploads\/2014\/07\/HZ.jpg","articleSection":["Actualidad"],"inLanguage":"es"},{"@type":"WebPage","@id":"https:\/\/cuadra-agrado.es\/?p=1425","url":"https:\/\/cuadra-agrado.es\/?p=1425","name":"Matr\u00edculas para los Grandes Premios de Oto\u00f1o!!!! - Cuadra Agrado","isPartOf":{"@id":"https:\/\/cuadra-agrado.es\/#website"},"primaryImageOfPage":{"@id":"https:\/\/cuadra-agrado.es\/?p=1425#primaryimage"},"image":{"@id":"https:\/\/cuadra-agrado.es\/?p=1425#primaryimage"},"thumbnailUrl":"http:\/\/cuadra-agrado.es\/wp-content\/uploads\/2014\/07\/HZ.jpg","datePublished":"2014-09-04T15:06:23+00:00","dateModified":"2024-02-27T09:31:54+00:00","author":{"@id":"https:\/\/cuadra-agrado.es\/#\/schema\/person\/3aa4f8d2373cf756d93a5526bc72f31b"},"breadcrumb":{"@id":"https:\/\/cuadra-agrado.es\/?p=1425#breadcrumb"},"inLanguage":"es","potentialAction":[{"@type":"ReadAction","target":["https:\/\/cuadra-agrado.es\/?p=1425"]}]},{"@type":"ImageObject","inLanguage":"es","@id":"https:\/\/cuadra-agrado.es\/?p=1425#primaryimage","url":"http:\/\/cuadra-agrado.es\/wp-content\/uploads\/2014\/07\/HZ.jpg","contentUrl":"http:\/\/cuadra-agrado.es\/wp-content\/uploads\/2014\/07\/HZ.jpg"},{"@type":"BreadcrumbList","@id":"https:\/\/cuadra-agrado.es\/?p=1425#breadcrumb","itemListElement":[{"@type":"ListItem","position":1,"name":"Portada","item":"https:\/\/cuadra-agrado.es\/"},{"@type":"ListItem","position":2,"name":"Matr\u00edculas para los Grandes Premios de Oto\u00f1o!!!!"}]},{"@type":"WebSite","@id":"https:\/\/cuadra-agrado.es\/#website","url":"https:\/\/cuadra-agrado.es\/","name":"Cuadra Agrado","description":"En el mundo del Turf desde 2008","potentialAction":[{"@type":"SearchAction","target":{"@type":"EntryPoint","urlTemplate":"https:\/\/cuadra-agrado.es\/?s={search_term_string}"},"query-input":{"@type":"PropertyValueSpecification","valueRequired":true,"valueName":"search_term_string"}}],"inLanguage":"es"},{"@type":"Person","@id":"https:\/\/cuadra-agrado.es\/#\/schema\/person\/3aa4f8d2373cf756d93a5526bc72f31b","name":"Miguel Redondo","image":{"@type":"ImageObject","inLanguage":"es","@id":"https:\/\/secure.gravatar.com\/avatar\/85704fceb4fa34017e3c1344d182da00dbf772fb8856ba2b7726a2df926415b4?s=96&d=mm&r=g","url":"https:\/\/secure.gravatar.com\/avatar\/85704fceb4fa34017e3c1344d182da00dbf772fb8856ba2b7726a2df926415b4?s=96&d=mm&r=g","contentUrl":"https:\/\/secure.gravatar.com\/avatar\/85704fceb4fa34017e3c1344d182da00dbf772fb8856ba2b7726a2df926415b4?s=96&d=mm&r=g","caption":"Miguel Redondo"},"sameAs":["https:\/\/cuadra-agrado.es"],"url":"https:\/\/cuadra-agrado.es\/?author=5"}]}},"_links":{"self":[{"href":"https:\/\/cuadra-agrado.es\/index.php?rest_route=\/wp\/v2\/posts\/1425","targetHints":{"allow":["GET"]}}],"collection":[{"href":"https:\/\/cuadra-agrado.es\/index.php?rest_route=\/wp\/v2\/posts"}],"about":[{"href":"https:\/\/cuadra-agrado.es\/index.php?rest_route=\/wp\/v2\/types\/post"}],"author":[{"embeddable":true,"href":"https:\/\/cuadra-agrado.es\/index.php?rest_route=\/wp\/v2\/users\/5"}],"replies":[{"embeddable":true,"href":"https:\/\/cuadra-agrado.es\/index.php?rest_route=%2Fwp%2Fv2%2Fcomments&post=1425"}],"version-history":[{"count":0,"href":"https:\/\/cuadra-agrado.es\/index.php?rest_route=\/wp\/v2\/posts\/1425\/revisions"}],"wp:attachment":[{"href":"https:\/\/cuadra-agrado.es\/index.php?rest_route=%2Fwp%2Fv2%2Fmedia&parent=1425"}],"wp:term":[{"taxonomy":"category","embeddable":true,"href":"https:\/\/cuadra-agrado.es\/index.php?rest_route=%2Fwp%2Fv2%2Fcategories&post=1425"},{"taxonomy":"post_tag","embeddable":true,"href":"https:\/\/cuadra-agrado.es\/index.php?rest_route=%2Fwp%2Fv2%2Ftags&post=1425"}],"curies":[{"name":"wp","href":"https:\/\/api.w.org\/{rel}","templated":true}]}}