{"id":1401,"date":"2014-08-22T22:58:37","date_gmt":"2014-08-22T21:58:37","guid":{"rendered":"https:\/\/cuadra-agrado.es\/?p=1401"},"modified":"2024-02-27T09:31:55","modified_gmt":"2024-02-27T09:31:55","slug":"la-playa-es-para-valiant","status":"publish","type":"post","link":"https:\/\/cuadra-agrado.es\/?p=1401","title":{"rendered":"La playa no es para Valiant"},"content":{"rendered":"<p style=\"text-align: justify;\"><a href=\"http:\/\/cuadra-agrado.es\/wp-content\/uploads\/2014\/08\/sanlucar1.jpg\" target=\"_blank\" rel=\"noopener noreferrer\"><img loading=\"lazy\" decoding=\"async\" class=\"alignleft  wp-image-1407\" alt=\"sanlucar\" src=\"http:\/\/cuadra-agrado.es\/wp-content\/uploads\/2014\/08\/sanlucar1.jpg\" width=\"300\" height=\"180\" \/><\/a>Ayer volv\u00eda de nuevo a pista &#8216;Valiant Blue&#8217; despu\u00e9s de m\u00e1s de dos meses de merecido descanso tras una impresionante primera parte del a\u00f1o. El escenario elegido para su reaparici\u00f3n fue uno de los que m\u00e1s encanto alberga en el mundo del turf nacional, y no es otro que el de la &#8216;playa de Sanl\u00facar de Barrameda&#8217;.<\/p>\n<p style=\"text-align: justify;\">A un 60% de su mejor forma, no era su distancia (1.600 m), no era su superficie, y tampoco acompa\u00f1aba el recargo con 62,5 kilos que portaba su inseparable amigo &#8216;Borja Fayos&#8217;, pero sus vacaciones en la playa estaban a punto de finalizar y hab\u00eda que comenzar ya a trabajar con vistas a la temporada de oto\u00f1o, por lo que &#8216;Eduardo Buz\u00f3n&#8217; no quiso perder ni una semana m\u00e1s y aprovecho para reaparecer con muchos handicaps en contra.<\/p>\n<p style=\"text-align: justify;\">Las \u00f3rdenes fueron claras en el padock: &#8216;Tranquilo, sin coger la punta en esta ocasi\u00f3n y sin castigo alguno. Si va c\u00f3modo apretamos, si no, nos quedamos en un trabajo&#8217;. Y as\u00ed fue, r\u00e1pidamente quiso coger la punta como en \u00e9l es habitual, pero esta vez &#8216;Borja&#8217; no le dej\u00f3 y tir\u00f3 de \u00e9l, y eso a &#8216;Valiant&#8217; no le gust\u00f3 nada. A partir de ah\u00ed, no se encontr\u00f3 c\u00f3modo en su acci\u00f3n en la arena y su monta vio ya desde lejos que no iba a luchar nada en esta, limit\u00e1ndose a llegar a meta sin contratiempo alguno. Decepci\u00f3n para muchos apostantes a los que desde aqu\u00ed pedimos disculpas, y tambi\u00e9n para nosotros como propietarios que nos desplazamos a Sanl\u00facar para verle luchar como siempre, pero las reapariciones en estas dif\u00edciles condiciones ofrecen muchas veces estos resultados.<br \/>\nUn amargo borr\u00f3n en su inmaculada tarjeta del a\u00f1o que nos duele, pero que no debemos tener en cuenta. El principal objetivo era ponerlo en marcha y volver a tenerle a tope a partir de septiembre, y eso es lo mejor del d\u00eda de ayer y con lo que nos debemos quedar. Confiamos que as\u00ed sea y que pronto te veamos en el lugar que te mereces &#8216;Valiente&#8217;.<\/p>\n<hr \/>\n<p style=\"text-align: justify;\">\n<!-- AddThis Advanced Settings generic via filter on the_content --><!-- AddThis Share Buttons generic via filter on the_content -->","protected":false},"excerpt":{"rendered":"<p>Ayer volv\u00eda de nuevo a pista &#8216;Valiant Blue&#8217; despu\u00e9s de m\u00e1s de dos meses de merecido descanso tras una impresionante primera parte del a\u00f1o. El escenario elegido para su reaparici\u00f3n fue uno de los que m\u00e1s encanto alberga en el mundo del turf nacional, y no es otro que el de la &#8216;playa de Sanl\u00facar [&hellip;]<!-- AddThis Advanced Settings generic via filter on get_the_excerpt --><!-- AddThis Share Buttons generic via filter on get_the_excerpt --><\/p>\n","protected":false},"author":5,"featured_media":0,"comment_status":"closed","ping_status":"closed","sticky":false,"template":"","format":"gallery","meta":{"_acf_changed":false,"_et_pb_use_builder":"","_et_pb_old_content":"","_et_gb_content_width":"","footnotes":""},"categories":[3],"tags":[],"class_list":["post-1401","post","type-post","status-publish","format-gallery","hentry","category-noticias-cuadra-agrado","post_format-post-format-gallery"],"acf":[],"yoast_head":"<!-- This site is optimized with the Yoast SEO plugin v27.4 - https:\/\/yoast.com\/product\/yoast-seo-wordpress\/ -->\n<title>La playa no es para Valiant - Cuadra Agrado<\/title>\n<meta name=\"robots\" content=\"index, follow, max-snippet:-1, max-image-preview:large, max-video-preview:-1\" \/>\n<link rel=\"canonical\" href=\"https:\/\/cuadra-agrado.es\/?p=1401\" \/>\n<meta property=\"og:locale\" content=\"es_ES\" \/>\n<meta property=\"og:type\" content=\"article\" \/>\n<meta property=\"og:title\" content=\"La playa no es para Valiant - Cuadra Agrado\" \/>\n<meta property=\"og:description\" content=\"Ayer volv\u00eda de nuevo a pista &#8216;Valiant Blue&#8217; despu\u00e9s de m\u00e1s de dos meses de merecido descanso tras una impresionante primera parte del a\u00f1o. El escenario elegido para su reaparici\u00f3n fue uno de los que m\u00e1s encanto alberga en el mundo del turf nacional, y no es otro que el de la &#8216;playa de Sanl\u00facar [&hellip;]\" \/>\n<meta property=\"og:url\" content=\"https:\/\/cuadra-agrado.es\/?p=1401\" \/>\n<meta property=\"og:site_name\" content=\"Cuadra Agrado\" \/>\n<meta property=\"article:published_time\" content=\"2014-08-22T21:58:37+00:00\" \/>\n<meta property=\"article:modified_time\" content=\"2024-02-27T09:31:55+00:00\" \/>\n<meta property=\"og:image\" content=\"http:\/\/cuadra-agrado.es\/wp-content\/uploads\/2014\/08\/sanlucar1.jpg\" \/>\n<meta name=\"author\" content=\"Miguel Redondo\" \/>\n<meta name=\"twitter:card\" content=\"summary_large_image\" \/>\n<meta name=\"twitter:creator\" content=\"@AGRADOracing\" \/>\n<meta name=\"twitter:site\" content=\"@AGRADOracing\" \/>\n<meta name=\"twitter:label1\" content=\"Escrito por\" \/>\n\t<meta name=\"twitter:data1\" content=\"Miguel Redondo\" \/>\n\t<meta name=\"twitter:label2\" content=\"Tiempo de lectura\" \/>\n\t<meta name=\"twitter:data2\" content=\"2 minutos\" \/>\n<script type=\"application\/ld+json\" class=\"yoast-schema-graph\">{\"@context\":\"https:\\\/\\\/schema.org\",\"@graph\":[{\"@type\":\"Article\",\"@id\":\"https:\\\/\\\/cuadra-agrado.es\\\/?p=1401#article\",\"isPartOf\":{\"@id\":\"https:\\\/\\\/cuadra-agrado.es\\\/?p=1401\"},\"author\":{\"name\":\"Miguel Redondo\",\"@id\":\"https:\\\/\\\/cuadra-agrado.es\\\/#\\\/schema\\\/person\\\/3aa4f8d2373cf756d93a5526bc72f31b\"},\"headline\":\"La playa no es para Valiant\",\"datePublished\":\"2014-08-22T21:58:37+00:00\",\"dateModified\":\"2024-02-27T09:31:55+00:00\",\"mainEntityOfPage\":{\"@id\":\"https:\\\/\\\/cuadra-agrado.es\\\/?p=1401\"},\"wordCount\":369,\"image\":{\"@id\":\"https:\\\/\\\/cuadra-agrado.es\\\/?p=1401#primaryimage\"},\"thumbnailUrl\":\"http:\\\/\\\/cuadra-agrado.es\\\/wp-content\\\/uploads\\\/2014\\\/08\\\/sanlucar1.jpg\",\"articleSection\":[\"Actualidad\"],\"inLanguage\":\"es\"},{\"@type\":\"WebPage\",\"@id\":\"https:\\\/\\\/cuadra-agrado.es\\\/?p=1401\",\"url\":\"https:\\\/\\\/cuadra-agrado.es\\\/?p=1401\",\"name\":\"La playa no es para Valiant - Cuadra Agrado\",\"isPartOf\":{\"@id\":\"https:\\\/\\\/cuadra-agrado.es\\\/#website\"},\"primaryImageOfPage\":{\"@id\":\"https:\\\/\\\/cuadra-agrado.es\\\/?p=1401#primaryimage\"},\"image\":{\"@id\":\"https:\\\/\\\/cuadra-agrado.es\\\/?p=1401#primaryimage\"},\"thumbnailUrl\":\"http:\\\/\\\/cuadra-agrado.es\\\/wp-content\\\/uploads\\\/2014\\\/08\\\/sanlucar1.jpg\",\"datePublished\":\"2014-08-22T21:58:37+00:00\",\"dateModified\":\"2024-02-27T09:31:55+00:00\",\"author\":{\"@id\":\"https:\\\/\\\/cuadra-agrado.es\\\/#\\\/schema\\\/person\\\/3aa4f8d2373cf756d93a5526bc72f31b\"},\"breadcrumb\":{\"@id\":\"https:\\\/\\\/cuadra-agrado.es\\\/?p=1401#breadcrumb\"},\"inLanguage\":\"es\",\"potentialAction\":[{\"@type\":\"ReadAction\",\"target\":[\"https:\\\/\\\/cuadra-agrado.es\\\/?p=1401\"]}]},{\"@type\":\"ImageObject\",\"inLanguage\":\"es\",\"@id\":\"https:\\\/\\\/cuadra-agrado.es\\\/?p=1401#primaryimage\",\"url\":\"http:\\\/\\\/cuadra-agrado.es\\\/wp-content\\\/uploads\\\/2014\\\/08\\\/sanlucar1.jpg\",\"contentUrl\":\"http:\\\/\\\/cuadra-agrado.es\\\/wp-content\\\/uploads\\\/2014\\\/08\\\/sanlucar1.jpg\"},{\"@type\":\"BreadcrumbList\",\"@id\":\"https:\\\/\\\/cuadra-agrado.es\\\/?p=1401#breadcrumb\",\"itemListElement\":[{\"@type\":\"ListItem\",\"position\":1,\"name\":\"Portada\",\"item\":\"https:\\\/\\\/cuadra-agrado.es\\\/\"},{\"@type\":\"ListItem\",\"position\":2,\"name\":\"La playa no es para Valiant\"}]},{\"@type\":\"WebSite\",\"@id\":\"https:\\\/\\\/cuadra-agrado.es\\\/#website\",\"url\":\"https:\\\/\\\/cuadra-agrado.es\\\/\",\"name\":\"Cuadra Agrado\",\"description\":\"En el mundo del Turf desde 2008\",\"potentialAction\":[{\"@type\":\"SearchAction\",\"target\":{\"@type\":\"EntryPoint\",\"urlTemplate\":\"https:\\\/\\\/cuadra-agrado.es\\\/?s={search_term_string}\"},\"query-input\":{\"@type\":\"PropertyValueSpecification\",\"valueRequired\":true,\"valueName\":\"search_term_string\"}}],\"inLanguage\":\"es\"},{\"@type\":\"Person\",\"@id\":\"https:\\\/\\\/cuadra-agrado.es\\\/#\\\/schema\\\/person\\\/3aa4f8d2373cf756d93a5526bc72f31b\",\"name\":\"Miguel Redondo\",\"image\":{\"@type\":\"ImageObject\",\"inLanguage\":\"es\",\"@id\":\"https:\\\/\\\/secure.gravatar.com\\\/avatar\\\/85704fceb4fa34017e3c1344d182da00dbf772fb8856ba2b7726a2df926415b4?s=96&d=mm&r=g\",\"url\":\"https:\\\/\\\/secure.gravatar.com\\\/avatar\\\/85704fceb4fa34017e3c1344d182da00dbf772fb8856ba2b7726a2df926415b4?s=96&d=mm&r=g\",\"contentUrl\":\"https:\\\/\\\/secure.gravatar.com\\\/avatar\\\/85704fceb4fa34017e3c1344d182da00dbf772fb8856ba2b7726a2df926415b4?s=96&d=mm&r=g\",\"caption\":\"Miguel Redondo\"},\"sameAs\":[\"https:\\\/\\\/cuadra-agrado.es\"],\"url\":\"https:\\\/\\\/cuadra-agrado.es\\\/?author=5\"}]}<\/script>\n<!-- \/ Yoast SEO plugin. -->","yoast_head_json":{"title":"La playa no es para Valiant - Cuadra Agrado","robots":{"index":"index","follow":"follow","max-snippet":"max-snippet:-1","max-image-preview":"max-image-preview:large","max-video-preview":"max-video-preview:-1"},"canonical":"https:\/\/cuadra-agrado.es\/?p=1401","og_locale":"es_ES","og_type":"article","og_title":"La playa no es para Valiant - Cuadra Agrado","og_description":"Ayer volv\u00eda de nuevo a pista &#8216;Valiant Blue&#8217; despu\u00e9s de m\u00e1s de dos meses de merecido descanso tras una impresionante primera parte del a\u00f1o. El escenario elegido para su reaparici\u00f3n fue uno de los que m\u00e1s encanto alberga en el mundo del turf nacional, y no es otro que el de la &#8216;playa de Sanl\u00facar [&hellip;]","og_url":"https:\/\/cuadra-agrado.es\/?p=1401","og_site_name":"Cuadra Agrado","article_published_time":"2014-08-22T21:58:37+00:00","article_modified_time":"2024-02-27T09:31:55+00:00","og_image":[{"url":"http:\/\/cuadra-agrado.es\/wp-content\/uploads\/2014\/08\/sanlucar1.jpg","type":"","width":"","height":""}],"author":"Miguel Redondo","twitter_card":"summary_large_image","twitter_creator":"@AGRADOracing","twitter_site":"@AGRADOracing","twitter_misc":{"Escrito por":"Miguel Redondo","Tiempo de lectura":"2 minutos"},"schema":{"@context":"https:\/\/schema.org","@graph":[{"@type":"Article","@id":"https:\/\/cuadra-agrado.es\/?p=1401#article","isPartOf":{"@id":"https:\/\/cuadra-agrado.es\/?p=1401"},"author":{"name":"Miguel Redondo","@id":"https:\/\/cuadra-agrado.es\/#\/schema\/person\/3aa4f8d2373cf756d93a5526bc72f31b"},"headline":"La playa no es para Valiant","datePublished":"2014-08-22T21:58:37+00:00","dateModified":"2024-02-27T09:31:55+00:00","mainEntityOfPage":{"@id":"https:\/\/cuadra-agrado.es\/?p=1401"},"wordCount":369,"image":{"@id":"https:\/\/cuadra-agrado.es\/?p=1401#primaryimage"},"thumbnailUrl":"http:\/\/cuadra-agrado.es\/wp-content\/uploads\/2014\/08\/sanlucar1.jpg","articleSection":["Actualidad"],"inLanguage":"es"},{"@type":"WebPage","@id":"https:\/\/cuadra-agrado.es\/?p=1401","url":"https:\/\/cuadra-agrado.es\/?p=1401","name":"La playa no es para Valiant - Cuadra Agrado","isPartOf":{"@id":"https:\/\/cuadra-agrado.es\/#website"},"primaryImageOfPage":{"@id":"https:\/\/cuadra-agrado.es\/?p=1401#primaryimage"},"image":{"@id":"https:\/\/cuadra-agrado.es\/?p=1401#primaryimage"},"thumbnailUrl":"http:\/\/cuadra-agrado.es\/wp-content\/uploads\/2014\/08\/sanlucar1.jpg","datePublished":"2014-08-22T21:58:37+00:00","dateModified":"2024-02-27T09:31:55+00:00","author":{"@id":"https:\/\/cuadra-agrado.es\/#\/schema\/person\/3aa4f8d2373cf756d93a5526bc72f31b"},"breadcrumb":{"@id":"https:\/\/cuadra-agrado.es\/?p=1401#breadcrumb"},"inLanguage":"es","potentialAction":[{"@type":"ReadAction","target":["https:\/\/cuadra-agrado.es\/?p=1401"]}]},{"@type":"ImageObject","inLanguage":"es","@id":"https:\/\/cuadra-agrado.es\/?p=1401#primaryimage","url":"http:\/\/cuadra-agrado.es\/wp-content\/uploads\/2014\/08\/sanlucar1.jpg","contentUrl":"http:\/\/cuadra-agrado.es\/wp-content\/uploads\/2014\/08\/sanlucar1.jpg"},{"@type":"BreadcrumbList","@id":"https:\/\/cuadra-agrado.es\/?p=1401#breadcrumb","itemListElement":[{"@type":"ListItem","position":1,"name":"Portada","item":"https:\/\/cuadra-agrado.es\/"},{"@type":"ListItem","position":2,"name":"La playa no es para Valiant"}]},{"@type":"WebSite","@id":"https:\/\/cuadra-agrado.es\/#website","url":"https:\/\/cuadra-agrado.es\/","name":"Cuadra Agrado","description":"En el mundo del Turf desde 2008","potentialAction":[{"@type":"SearchAction","target":{"@type":"EntryPoint","urlTemplate":"https:\/\/cuadra-agrado.es\/?s={search_term_string}"},"query-input":{"@type":"PropertyValueSpecification","valueRequired":true,"valueName":"search_term_string"}}],"inLanguage":"es"},{"@type":"Person","@id":"https:\/\/cuadra-agrado.es\/#\/schema\/person\/3aa4f8d2373cf756d93a5526bc72f31b","name":"Miguel Redondo","image":{"@type":"ImageObject","inLanguage":"es","@id":"https:\/\/secure.gravatar.com\/avatar\/85704fceb4fa34017e3c1344d182da00dbf772fb8856ba2b7726a2df926415b4?s=96&d=mm&r=g","url":"https:\/\/secure.gravatar.com\/avatar\/85704fceb4fa34017e3c1344d182da00dbf772fb8856ba2b7726a2df926415b4?s=96&d=mm&r=g","contentUrl":"https:\/\/secure.gravatar.com\/avatar\/85704fceb4fa34017e3c1344d182da00dbf772fb8856ba2b7726a2df926415b4?s=96&d=mm&r=g","caption":"Miguel Redondo"},"sameAs":["https:\/\/cuadra-agrado.es"],"url":"https:\/\/cuadra-agrado.es\/?author=5"}]}},"_links":{"self":[{"href":"https:\/\/cuadra-agrado.es\/index.php?rest_route=\/wp\/v2\/posts\/1401","targetHints":{"allow":["GET"]}}],"collection":[{"href":"https:\/\/cuadra-agrado.es\/index.php?rest_route=\/wp\/v2\/posts"}],"about":[{"href":"https:\/\/cuadra-agrado.es\/index.php?rest_route=\/wp\/v2\/types\/post"}],"author":[{"embeddable":true,"href":"https:\/\/cuadra-agrado.es\/index.php?rest_route=\/wp\/v2\/users\/5"}],"replies":[{"embeddable":true,"href":"https:\/\/cuadra-agrado.es\/index.php?rest_route=%2Fwp%2Fv2%2Fcomments&post=1401"}],"version-history":[{"count":0,"href":"https:\/\/cuadra-agrado.es\/index.php?rest_route=\/wp\/v2\/posts\/1401\/revisions"}],"wp:attachment":[{"href":"https:\/\/cuadra-agrado.es\/index.php?rest_route=%2Fwp%2Fv2%2Fmedia&parent=1401"}],"wp:term":[{"taxonomy":"category","embeddable":true,"href":"https:\/\/cuadra-agrado.es\/index.php?rest_route=%2Fwp%2Fv2%2Fcategories&post=1401"},{"taxonomy":"post_tag","embeddable":true,"href":"https:\/\/cuadra-agrado.es\/index.php?rest_route=%2Fwp%2Fv2%2Ftags&post=1401"}],"curies":[{"name":"wp","href":"https:\/\/api.w.org\/{rel}","templated":true}]}}