{"id":1396,"date":"2014-08-11T18:14:21","date_gmt":"2014-08-11T17:14:21","guid":{"rendered":"https:\/\/cuadra-agrado.es\/?p=1396"},"modified":"2024-02-27T09:31:55","modified_gmt":"2024-02-27T09:31:55","slug":"zambeze-el-nuevo-2-anos-debutara-en-san-sebastian","status":"publish","type":"post","link":"https:\/\/cuadra-agrado.es\/?p=1396","title":{"rendered":"&#8216;Zambeze&#8217;, el nuevo 2 a\u00f1os debutar\u00e1 en San Sebasti\u00e1n"},"content":{"rendered":"<p style=\"text-align: justify;\"><a href=\"http:\/\/cuadra-agrado.es\/wp-content\/uploads\/2014\/08\/zambeze.jpg\" target=\"_blank\" rel=\"noopener noreferrer\"><img loading=\"lazy\" decoding=\"async\" class=\"alignleft  wp-image-1397\" alt=\"zambeze\" src=\"http:\/\/cuadra-agrado.es\/wp-content\/uploads\/2014\/08\/zambeze.jpg\" width=\"290\" height=\"190\" \/><\/a>El dos a\u00f1os recientemente adquirido para nuestra cuadra est\u00e1 ya preparado para iniciar su carrera de competici\u00f3n y su debut ser\u00e1 este pr\u00f3ximo d\u00eda 15 de Agosto coincidiendo con la gran jornada de la &#8216;Copa de Oro&#8217; de San Sebasti\u00e1n en una prueba para potros de 2 a\u00f1os no ganadores.<\/p>\n<p style=\"text-align: justify;\">En un principio el nombre elegido para este hijo de &#8216;kheleyf&#8217; nacido en Febrero 2012 fue &#8216;Katmand\u00fa&#8217; y as\u00ed figur\u00f3 en su inscripci\u00f3n, pero el &#8216;Jockey Club Ingl\u00e9s&#8217; no dio autorizaci\u00f3n a este nombre y finalmente la segunda opci\u00f3n ser\u00e1 la que marque su futuro atendiendo al nombre de &#8216;Zambeze&#8217;, como se ha confirmado despu\u00e9s en el partant definitivo.<\/p>\n<p style=\"text-align: justify;\">&#8216;Zambeze&#8217; lleg\u00f3 al patio de &#8216;Eduardo Buz\u00f3n&#8217; desde la subasta de &#8216;Tattersall 2014&#8217; hace apenas dos meses, y tras unos primeros trabajos no demasiado buenos, decidimos esperar hasta su aclimataci\u00f3n definitiva para confirmar su adquisici\u00f3n. Durante el mes de Julio ha progresado muy r\u00e1pido y est\u00e1 en unas muy buenas condiciones de debutar y luchar en esta su primera carrera. Y qu\u00e9 mejor d\u00eda que ser protagonistas en el d\u00eda grande de &#8216;Lasarte&#8217; coincidiendo con la &#8216;Copa de Oro 2014&#8217; este pr\u00f3ximo viernes.<\/p>\n<hr \/>\n<p style=\"text-align: justify;\">\n<!-- AddThis Advanced Settings generic via filter on the_content --><!-- AddThis Share Buttons generic via filter on the_content -->","protected":false},"excerpt":{"rendered":"<p>El dos a\u00f1os recientemente adquirido para nuestra cuadra est\u00e1 ya preparado para iniciar su carrera de competici\u00f3n y su debut ser\u00e1 este pr\u00f3ximo d\u00eda 15 de Agosto coincidiendo con la gran jornada de la &#8216;Copa de Oro&#8217; de San Sebasti\u00e1n en una prueba para potros de 2 a\u00f1os no ganadores. En un principio el nombre [&hellip;]<!-- AddThis Advanced Settings generic via filter on get_the_excerpt --><!-- AddThis Share Buttons generic via filter on get_the_excerpt --><\/p>\n","protected":false},"author":5,"featured_media":0,"comment_status":"closed","ping_status":"closed","sticky":false,"template":"","format":"gallery","meta":{"_acf_changed":false,"_et_pb_use_builder":"","_et_pb_old_content":"","_et_gb_content_width":"","footnotes":""},"categories":[3],"tags":[],"class_list":["post-1396","post","type-post","status-publish","format-gallery","hentry","category-noticias-cuadra-agrado","post_format-post-format-gallery"],"acf":[],"yoast_head":"<!-- This site is optimized with the Yoast SEO plugin v27.4 - https:\/\/yoast.com\/product\/yoast-seo-wordpress\/ -->\n<title>&#039;Zambeze&#039;, el nuevo 2 a\u00f1os debutar\u00e1 en San Sebasti\u00e1n - Cuadra Agrado<\/title>\n<meta name=\"robots\" content=\"index, follow, max-snippet:-1, max-image-preview:large, max-video-preview:-1\" \/>\n<link rel=\"canonical\" href=\"https:\/\/cuadra-agrado.es\/?p=1396\" \/>\n<meta property=\"og:locale\" content=\"es_ES\" \/>\n<meta property=\"og:type\" content=\"article\" \/>\n<meta property=\"og:title\" content=\"&#039;Zambeze&#039;, el nuevo 2 a\u00f1os debutar\u00e1 en San Sebasti\u00e1n - Cuadra Agrado\" \/>\n<meta property=\"og:description\" content=\"El dos a\u00f1os recientemente adquirido para nuestra cuadra est\u00e1 ya preparado para iniciar su carrera de competici\u00f3n y su debut ser\u00e1 este pr\u00f3ximo d\u00eda 15 de Agosto coincidiendo con la gran jornada de la &#8216;Copa de Oro&#8217; de San Sebasti\u00e1n en una prueba para potros de 2 a\u00f1os no ganadores. En un principio el nombre [&hellip;]\" \/>\n<meta property=\"og:url\" content=\"https:\/\/cuadra-agrado.es\/?p=1396\" \/>\n<meta property=\"og:site_name\" content=\"Cuadra Agrado\" \/>\n<meta property=\"article:published_time\" content=\"2014-08-11T17:14:21+00:00\" \/>\n<meta property=\"article:modified_time\" content=\"2024-02-27T09:31:55+00:00\" \/>\n<meta property=\"og:image\" content=\"http:\/\/cuadra-agrado.es\/wp-content\/uploads\/2014\/08\/zambeze.jpg\" \/>\n<meta name=\"author\" content=\"Miguel Redondo\" \/>\n<meta name=\"twitter:card\" content=\"summary_large_image\" \/>\n<meta name=\"twitter:creator\" content=\"@AGRADOracing\" \/>\n<meta name=\"twitter:site\" content=\"@AGRADOracing\" \/>\n<meta name=\"twitter:label1\" content=\"Escrito por\" \/>\n\t<meta name=\"twitter:data1\" content=\"Miguel Redondo\" \/>\n\t<meta name=\"twitter:label2\" content=\"Tiempo de lectura\" \/>\n\t<meta name=\"twitter:data2\" content=\"1 minuto\" \/>\n<script type=\"application\/ld+json\" class=\"yoast-schema-graph\">{\"@context\":\"https:\\\/\\\/schema.org\",\"@graph\":[{\"@type\":\"Article\",\"@id\":\"https:\\\/\\\/cuadra-agrado.es\\\/?p=1396#article\",\"isPartOf\":{\"@id\":\"https:\\\/\\\/cuadra-agrado.es\\\/?p=1396\"},\"author\":{\"name\":\"Miguel Redondo\",\"@id\":\"https:\\\/\\\/cuadra-agrado.es\\\/#\\\/schema\\\/person\\\/3aa4f8d2373cf756d93a5526bc72f31b\"},\"headline\":\"&#8216;Zambeze&#8217;, el nuevo 2 a\u00f1os debutar\u00e1 en San Sebasti\u00e1n\",\"datePublished\":\"2014-08-11T17:14:21+00:00\",\"dateModified\":\"2024-02-27T09:31:55+00:00\",\"mainEntityOfPage\":{\"@id\":\"https:\\\/\\\/cuadra-agrado.es\\\/?p=1396\"},\"wordCount\":215,\"image\":{\"@id\":\"https:\\\/\\\/cuadra-agrado.es\\\/?p=1396#primaryimage\"},\"thumbnailUrl\":\"http:\\\/\\\/cuadra-agrado.es\\\/wp-content\\\/uploads\\\/2014\\\/08\\\/zambeze.jpg\",\"articleSection\":[\"Actualidad\"],\"inLanguage\":\"es\"},{\"@type\":\"WebPage\",\"@id\":\"https:\\\/\\\/cuadra-agrado.es\\\/?p=1396\",\"url\":\"https:\\\/\\\/cuadra-agrado.es\\\/?p=1396\",\"name\":\"'Zambeze', el nuevo 2 a\u00f1os debutar\u00e1 en San Sebasti\u00e1n - Cuadra Agrado\",\"isPartOf\":{\"@id\":\"https:\\\/\\\/cuadra-agrado.es\\\/#website\"},\"primaryImageOfPage\":{\"@id\":\"https:\\\/\\\/cuadra-agrado.es\\\/?p=1396#primaryimage\"},\"image\":{\"@id\":\"https:\\\/\\\/cuadra-agrado.es\\\/?p=1396#primaryimage\"},\"thumbnailUrl\":\"http:\\\/\\\/cuadra-agrado.es\\\/wp-content\\\/uploads\\\/2014\\\/08\\\/zambeze.jpg\",\"datePublished\":\"2014-08-11T17:14:21+00:00\",\"dateModified\":\"2024-02-27T09:31:55+00:00\",\"author\":{\"@id\":\"https:\\\/\\\/cuadra-agrado.es\\\/#\\\/schema\\\/person\\\/3aa4f8d2373cf756d93a5526bc72f31b\"},\"breadcrumb\":{\"@id\":\"https:\\\/\\\/cuadra-agrado.es\\\/?p=1396#breadcrumb\"},\"inLanguage\":\"es\",\"potentialAction\":[{\"@type\":\"ReadAction\",\"target\":[\"https:\\\/\\\/cuadra-agrado.es\\\/?p=1396\"]}]},{\"@type\":\"ImageObject\",\"inLanguage\":\"es\",\"@id\":\"https:\\\/\\\/cuadra-agrado.es\\\/?p=1396#primaryimage\",\"url\":\"http:\\\/\\\/cuadra-agrado.es\\\/wp-content\\\/uploads\\\/2014\\\/08\\\/zambeze.jpg\",\"contentUrl\":\"http:\\\/\\\/cuadra-agrado.es\\\/wp-content\\\/uploads\\\/2014\\\/08\\\/zambeze.jpg\"},{\"@type\":\"BreadcrumbList\",\"@id\":\"https:\\\/\\\/cuadra-agrado.es\\\/?p=1396#breadcrumb\",\"itemListElement\":[{\"@type\":\"ListItem\",\"position\":1,\"name\":\"Portada\",\"item\":\"https:\\\/\\\/cuadra-agrado.es\\\/\"},{\"@type\":\"ListItem\",\"position\":2,\"name\":\"&#8216;Zambeze&#8217;, el nuevo 2 a\u00f1os debutar\u00e1 en San Sebasti\u00e1n\"}]},{\"@type\":\"WebSite\",\"@id\":\"https:\\\/\\\/cuadra-agrado.es\\\/#website\",\"url\":\"https:\\\/\\\/cuadra-agrado.es\\\/\",\"name\":\"Cuadra Agrado\",\"description\":\"En el mundo del Turf desde 2008\",\"potentialAction\":[{\"@type\":\"SearchAction\",\"target\":{\"@type\":\"EntryPoint\",\"urlTemplate\":\"https:\\\/\\\/cuadra-agrado.es\\\/?s={search_term_string}\"},\"query-input\":{\"@type\":\"PropertyValueSpecification\",\"valueRequired\":true,\"valueName\":\"search_term_string\"}}],\"inLanguage\":\"es\"},{\"@type\":\"Person\",\"@id\":\"https:\\\/\\\/cuadra-agrado.es\\\/#\\\/schema\\\/person\\\/3aa4f8d2373cf756d93a5526bc72f31b\",\"name\":\"Miguel Redondo\",\"image\":{\"@type\":\"ImageObject\",\"inLanguage\":\"es\",\"@id\":\"https:\\\/\\\/secure.gravatar.com\\\/avatar\\\/85704fceb4fa34017e3c1344d182da00dbf772fb8856ba2b7726a2df926415b4?s=96&d=mm&r=g\",\"url\":\"https:\\\/\\\/secure.gravatar.com\\\/avatar\\\/85704fceb4fa34017e3c1344d182da00dbf772fb8856ba2b7726a2df926415b4?s=96&d=mm&r=g\",\"contentUrl\":\"https:\\\/\\\/secure.gravatar.com\\\/avatar\\\/85704fceb4fa34017e3c1344d182da00dbf772fb8856ba2b7726a2df926415b4?s=96&d=mm&r=g\",\"caption\":\"Miguel Redondo\"},\"sameAs\":[\"https:\\\/\\\/cuadra-agrado.es\"],\"url\":\"https:\\\/\\\/cuadra-agrado.es\\\/?author=5\"}]}<\/script>\n<!-- \/ Yoast SEO plugin. -->","yoast_head_json":{"title":"'Zambeze', el nuevo 2 a\u00f1os debutar\u00e1 en San Sebasti\u00e1n - Cuadra Agrado","robots":{"index":"index","follow":"follow","max-snippet":"max-snippet:-1","max-image-preview":"max-image-preview:large","max-video-preview":"max-video-preview:-1"},"canonical":"https:\/\/cuadra-agrado.es\/?p=1396","og_locale":"es_ES","og_type":"article","og_title":"'Zambeze', el nuevo 2 a\u00f1os debutar\u00e1 en San Sebasti\u00e1n - Cuadra Agrado","og_description":"El dos a\u00f1os recientemente adquirido para nuestra cuadra est\u00e1 ya preparado para iniciar su carrera de competici\u00f3n y su debut ser\u00e1 este pr\u00f3ximo d\u00eda 15 de Agosto coincidiendo con la gran jornada de la &#8216;Copa de Oro&#8217; de San Sebasti\u00e1n en una prueba para potros de 2 a\u00f1os no ganadores. En un principio el nombre [&hellip;]","og_url":"https:\/\/cuadra-agrado.es\/?p=1396","og_site_name":"Cuadra Agrado","article_published_time":"2014-08-11T17:14:21+00:00","article_modified_time":"2024-02-27T09:31:55+00:00","og_image":[{"url":"http:\/\/cuadra-agrado.es\/wp-content\/uploads\/2014\/08\/zambeze.jpg","type":"","width":"","height":""}],"author":"Miguel Redondo","twitter_card":"summary_large_image","twitter_creator":"@AGRADOracing","twitter_site":"@AGRADOracing","twitter_misc":{"Escrito por":"Miguel Redondo","Tiempo de lectura":"1 minuto"},"schema":{"@context":"https:\/\/schema.org","@graph":[{"@type":"Article","@id":"https:\/\/cuadra-agrado.es\/?p=1396#article","isPartOf":{"@id":"https:\/\/cuadra-agrado.es\/?p=1396"},"author":{"name":"Miguel Redondo","@id":"https:\/\/cuadra-agrado.es\/#\/schema\/person\/3aa4f8d2373cf756d93a5526bc72f31b"},"headline":"&#8216;Zambeze&#8217;, el nuevo 2 a\u00f1os debutar\u00e1 en San Sebasti\u00e1n","datePublished":"2014-08-11T17:14:21+00:00","dateModified":"2024-02-27T09:31:55+00:00","mainEntityOfPage":{"@id":"https:\/\/cuadra-agrado.es\/?p=1396"},"wordCount":215,"image":{"@id":"https:\/\/cuadra-agrado.es\/?p=1396#primaryimage"},"thumbnailUrl":"http:\/\/cuadra-agrado.es\/wp-content\/uploads\/2014\/08\/zambeze.jpg","articleSection":["Actualidad"],"inLanguage":"es"},{"@type":"WebPage","@id":"https:\/\/cuadra-agrado.es\/?p=1396","url":"https:\/\/cuadra-agrado.es\/?p=1396","name":"'Zambeze', el nuevo 2 a\u00f1os debutar\u00e1 en San Sebasti\u00e1n - Cuadra Agrado","isPartOf":{"@id":"https:\/\/cuadra-agrado.es\/#website"},"primaryImageOfPage":{"@id":"https:\/\/cuadra-agrado.es\/?p=1396#primaryimage"},"image":{"@id":"https:\/\/cuadra-agrado.es\/?p=1396#primaryimage"},"thumbnailUrl":"http:\/\/cuadra-agrado.es\/wp-content\/uploads\/2014\/08\/zambeze.jpg","datePublished":"2014-08-11T17:14:21+00:00","dateModified":"2024-02-27T09:31:55+00:00","author":{"@id":"https:\/\/cuadra-agrado.es\/#\/schema\/person\/3aa4f8d2373cf756d93a5526bc72f31b"},"breadcrumb":{"@id":"https:\/\/cuadra-agrado.es\/?p=1396#breadcrumb"},"inLanguage":"es","potentialAction":[{"@type":"ReadAction","target":["https:\/\/cuadra-agrado.es\/?p=1396"]}]},{"@type":"ImageObject","inLanguage":"es","@id":"https:\/\/cuadra-agrado.es\/?p=1396#primaryimage","url":"http:\/\/cuadra-agrado.es\/wp-content\/uploads\/2014\/08\/zambeze.jpg","contentUrl":"http:\/\/cuadra-agrado.es\/wp-content\/uploads\/2014\/08\/zambeze.jpg"},{"@type":"BreadcrumbList","@id":"https:\/\/cuadra-agrado.es\/?p=1396#breadcrumb","itemListElement":[{"@type":"ListItem","position":1,"name":"Portada","item":"https:\/\/cuadra-agrado.es\/"},{"@type":"ListItem","position":2,"name":"&#8216;Zambeze&#8217;, el nuevo 2 a\u00f1os debutar\u00e1 en San Sebasti\u00e1n"}]},{"@type":"WebSite","@id":"https:\/\/cuadra-agrado.es\/#website","url":"https:\/\/cuadra-agrado.es\/","name":"Cuadra Agrado","description":"En el mundo del Turf desde 2008","potentialAction":[{"@type":"SearchAction","target":{"@type":"EntryPoint","urlTemplate":"https:\/\/cuadra-agrado.es\/?s={search_term_string}"},"query-input":{"@type":"PropertyValueSpecification","valueRequired":true,"valueName":"search_term_string"}}],"inLanguage":"es"},{"@type":"Person","@id":"https:\/\/cuadra-agrado.es\/#\/schema\/person\/3aa4f8d2373cf756d93a5526bc72f31b","name":"Miguel Redondo","image":{"@type":"ImageObject","inLanguage":"es","@id":"https:\/\/secure.gravatar.com\/avatar\/85704fceb4fa34017e3c1344d182da00dbf772fb8856ba2b7726a2df926415b4?s=96&d=mm&r=g","url":"https:\/\/secure.gravatar.com\/avatar\/85704fceb4fa34017e3c1344d182da00dbf772fb8856ba2b7726a2df926415b4?s=96&d=mm&r=g","contentUrl":"https:\/\/secure.gravatar.com\/avatar\/85704fceb4fa34017e3c1344d182da00dbf772fb8856ba2b7726a2df926415b4?s=96&d=mm&r=g","caption":"Miguel Redondo"},"sameAs":["https:\/\/cuadra-agrado.es"],"url":"https:\/\/cuadra-agrado.es\/?author=5"}]}},"_links":{"self":[{"href":"https:\/\/cuadra-agrado.es\/index.php?rest_route=\/wp\/v2\/posts\/1396","targetHints":{"allow":["GET"]}}],"collection":[{"href":"https:\/\/cuadra-agrado.es\/index.php?rest_route=\/wp\/v2\/posts"}],"about":[{"href":"https:\/\/cuadra-agrado.es\/index.php?rest_route=\/wp\/v2\/types\/post"}],"author":[{"embeddable":true,"href":"https:\/\/cuadra-agrado.es\/index.php?rest_route=\/wp\/v2\/users\/5"}],"replies":[{"embeddable":true,"href":"https:\/\/cuadra-agrado.es\/index.php?rest_route=%2Fwp%2Fv2%2Fcomments&post=1396"}],"version-history":[{"count":0,"href":"https:\/\/cuadra-agrado.es\/index.php?rest_route=\/wp\/v2\/posts\/1396\/revisions"}],"wp:attachment":[{"href":"https:\/\/cuadra-agrado.es\/index.php?rest_route=%2Fwp%2Fv2%2Fmedia&parent=1396"}],"wp:term":[{"taxonomy":"category","embeddable":true,"href":"https:\/\/cuadra-agrado.es\/index.php?rest_route=%2Fwp%2Fv2%2Fcategories&post=1396"},{"taxonomy":"post_tag","embeddable":true,"href":"https:\/\/cuadra-agrado.es\/index.php?rest_route=%2Fwp%2Fv2%2Ftags&post=1396"}],"curies":[{"name":"wp","href":"https:\/\/api.w.org\/{rel}","templated":true}]}}