{"id":1391,"date":"2014-07-25T14:42:11","date_gmt":"2014-07-25T13:42:11","guid":{"rendered":"https:\/\/cuadra-agrado.es\/?p=1391"},"modified":"2024-02-27T09:31:56","modified_gmt":"2024-02-27T09:31:56","slug":"valiant-blue-matriculado-para-sanlucar","status":"publish","type":"post","link":"https:\/\/cuadra-agrado.es\/?p=1391","title":{"rendered":"Valiant Blue matriculado para Sanlucar!!!"},"content":{"rendered":"<p style=\"text-align: justify;\"><a href=\"http:\/\/cuadra-agrado.es\/wp-content\/uploads\/2014\/05\/valiant-san-isidro.jpg\" target=\"_blank\" rel=\"noopener noreferrer\"><img loading=\"lazy\" decoding=\"async\" class=\" wp-image-1276 alignright\" alt=\"valiant-san isidro\" src=\"http:\/\/cuadra-agrado.es\/wp-content\/uploads\/2014\/05\/valiant-san-isidro.jpg\" width=\"300\" height=\"180\" \/><\/a>&#8216;Valiant Blue&#8217; viajar\u00e1 la pr\u00f3xima semana a su lugar de vacaciones este a\u00f1o en tierras Sanluque\u00f1as para seguir con su merecido descanso veraniego. Eduardo Buz\u00f3n, natural de Sanl\u00facar de Barrameda, \u00a0ha querido este a\u00f1o compaginar su tambi\u00e9n merecido descanso en su tierra sin quitar la vista del trabajo, \u00a0por lo que se llevar\u00e1 a once de sus ejemplares a la playa para seguir con un programa especial de trabajo.<\/p>\n<p style=\"text-align: justify;\">De momento, el trainer ha cre\u00eddo oportuno matricular entre otros, a nuestro pupilo &#8216;Valiant Blue&#8217; en los dos Grandes Premios de velocidad a disputar en el segundo ciclo Sanluque\u00f1o los d\u00edas 21 y 22 de Agosto. En funci\u00f3n de la adaptaci\u00f3n del caballo y del programa a seguir, se confirmar\u00e1 su participaci\u00f3n en alguna de estas dos pruebas de velocidad. En el caso de que finalmente pudiera disputar alguna de las dos pruebas, se cumplir\u00eda as\u00ed uno de nuestros deseos desde hace tiempo, que no es otro que ver correr a uno de nuestros caballos sobre la playa de Sanl\u00facar.<\/p>\n<p style=\"text-align: justify;\">En cualquier caso, su actuaci\u00f3n o no estar\u00e1 del todo enfocada al siguiente gran reto que tenemos previsto en tierras francesas para disputar nuestro primer Grupo3 el d\u00eda 14 de Septiembre en &#8216;Longchamp&#8217; en el premio &#8216;Qatar Prix du Petit Couvert&#8217; sobre distancia de 1.000 metros en l\u00ednea recta.<\/p>\n<hr \/>\n<p style=\"text-align: justify;\">\n<!-- AddThis Advanced Settings generic via filter on the_content --><!-- AddThis Share Buttons generic via filter on the_content -->","protected":false},"excerpt":{"rendered":"<p>&#8216;Valiant Blue&#8217; viajar\u00e1 la pr\u00f3xima semana a su lugar de vacaciones este a\u00f1o en tierras Sanluque\u00f1as para seguir con su merecido descanso veraniego. Eduardo Buz\u00f3n, natural de Sanl\u00facar de Barrameda, \u00a0ha querido este a\u00f1o compaginar su tambi\u00e9n merecido descanso en su tierra sin quitar la vista del trabajo, \u00a0por lo que se llevar\u00e1 a once [&hellip;]<!-- AddThis Advanced Settings generic via filter on get_the_excerpt --><!-- AddThis Share Buttons generic via filter on get_the_excerpt --><\/p>\n","protected":false},"author":5,"featured_media":0,"comment_status":"closed","ping_status":"closed","sticky":false,"template":"","format":"gallery","meta":{"_acf_changed":false,"_et_pb_use_builder":"","_et_pb_old_content":"","_et_gb_content_width":"","footnotes":""},"categories":[3],"tags":[],"class_list":["post-1391","post","type-post","status-publish","format-gallery","hentry","category-noticias-cuadra-agrado","post_format-post-format-gallery"],"acf":[],"yoast_head":"<!-- This site is optimized with the Yoast SEO plugin v27.4 - https:\/\/yoast.com\/product\/yoast-seo-wordpress\/ -->\n<title>Valiant Blue matriculado para Sanlucar!!! - Cuadra Agrado<\/title>\n<meta name=\"robots\" content=\"index, follow, max-snippet:-1, max-image-preview:large, max-video-preview:-1\" \/>\n<link rel=\"canonical\" href=\"https:\/\/cuadra-agrado.es\/?p=1391\" \/>\n<meta property=\"og:locale\" content=\"es_ES\" \/>\n<meta property=\"og:type\" content=\"article\" \/>\n<meta property=\"og:title\" content=\"Valiant Blue matriculado para Sanlucar!!! - Cuadra Agrado\" \/>\n<meta property=\"og:description\" content=\"&#8216;Valiant Blue&#8217; viajar\u00e1 la pr\u00f3xima semana a su lugar de vacaciones este a\u00f1o en tierras Sanluque\u00f1as para seguir con su merecido descanso veraniego. Eduardo Buz\u00f3n, natural de Sanl\u00facar de Barrameda, \u00a0ha querido este a\u00f1o compaginar su tambi\u00e9n merecido descanso en su tierra sin quitar la vista del trabajo, \u00a0por lo que se llevar\u00e1 a once [&hellip;]\" \/>\n<meta property=\"og:url\" content=\"https:\/\/cuadra-agrado.es\/?p=1391\" \/>\n<meta property=\"og:site_name\" content=\"Cuadra Agrado\" \/>\n<meta property=\"article:published_time\" content=\"2014-07-25T13:42:11+00:00\" \/>\n<meta property=\"article:modified_time\" content=\"2024-02-27T09:31:56+00:00\" \/>\n<meta property=\"og:image\" content=\"http:\/\/cuadra-agrado.es\/wp-content\/uploads\/2014\/05\/valiant-san-isidro.jpg\" \/>\n<meta name=\"author\" content=\"Miguel Redondo\" \/>\n<meta name=\"twitter:card\" content=\"summary_large_image\" \/>\n<meta name=\"twitter:creator\" content=\"@AGRADOracing\" \/>\n<meta name=\"twitter:site\" content=\"@AGRADOracing\" \/>\n<meta name=\"twitter:label1\" content=\"Escrito por\" \/>\n\t<meta name=\"twitter:data1\" content=\"Miguel Redondo\" \/>\n\t<meta name=\"twitter:label2\" content=\"Tiempo de lectura\" \/>\n\t<meta name=\"twitter:data2\" content=\"1 minuto\" \/>\n<script type=\"application\/ld+json\" class=\"yoast-schema-graph\">{\"@context\":\"https:\\\/\\\/schema.org\",\"@graph\":[{\"@type\":\"Article\",\"@id\":\"https:\\\/\\\/cuadra-agrado.es\\\/?p=1391#article\",\"isPartOf\":{\"@id\":\"https:\\\/\\\/cuadra-agrado.es\\\/?p=1391\"},\"author\":{\"name\":\"Miguel Redondo\",\"@id\":\"https:\\\/\\\/cuadra-agrado.es\\\/#\\\/schema\\\/person\\\/3aa4f8d2373cf756d93a5526bc72f31b\"},\"headline\":\"Valiant Blue matriculado para Sanlucar!!!\",\"datePublished\":\"2014-07-25T13:42:11+00:00\",\"dateModified\":\"2024-02-27T09:31:56+00:00\",\"mainEntityOfPage\":{\"@id\":\"https:\\\/\\\/cuadra-agrado.es\\\/?p=1391\"},\"wordCount\":237,\"image\":{\"@id\":\"https:\\\/\\\/cuadra-agrado.es\\\/?p=1391#primaryimage\"},\"thumbnailUrl\":\"http:\\\/\\\/cuadra-agrado.es\\\/wp-content\\\/uploads\\\/2014\\\/05\\\/valiant-san-isidro.jpg\",\"articleSection\":[\"Actualidad\"],\"inLanguage\":\"es\"},{\"@type\":\"WebPage\",\"@id\":\"https:\\\/\\\/cuadra-agrado.es\\\/?p=1391\",\"url\":\"https:\\\/\\\/cuadra-agrado.es\\\/?p=1391\",\"name\":\"Valiant Blue matriculado para Sanlucar!!! - Cuadra Agrado\",\"isPartOf\":{\"@id\":\"https:\\\/\\\/cuadra-agrado.es\\\/#website\"},\"primaryImageOfPage\":{\"@id\":\"https:\\\/\\\/cuadra-agrado.es\\\/?p=1391#primaryimage\"},\"image\":{\"@id\":\"https:\\\/\\\/cuadra-agrado.es\\\/?p=1391#primaryimage\"},\"thumbnailUrl\":\"http:\\\/\\\/cuadra-agrado.es\\\/wp-content\\\/uploads\\\/2014\\\/05\\\/valiant-san-isidro.jpg\",\"datePublished\":\"2014-07-25T13:42:11+00:00\",\"dateModified\":\"2024-02-27T09:31:56+00:00\",\"author\":{\"@id\":\"https:\\\/\\\/cuadra-agrado.es\\\/#\\\/schema\\\/person\\\/3aa4f8d2373cf756d93a5526bc72f31b\"},\"breadcrumb\":{\"@id\":\"https:\\\/\\\/cuadra-agrado.es\\\/?p=1391#breadcrumb\"},\"inLanguage\":\"es\",\"potentialAction\":[{\"@type\":\"ReadAction\",\"target\":[\"https:\\\/\\\/cuadra-agrado.es\\\/?p=1391\"]}]},{\"@type\":\"ImageObject\",\"inLanguage\":\"es\",\"@id\":\"https:\\\/\\\/cuadra-agrado.es\\\/?p=1391#primaryimage\",\"url\":\"http:\\\/\\\/cuadra-agrado.es\\\/wp-content\\\/uploads\\\/2014\\\/05\\\/valiant-san-isidro.jpg\",\"contentUrl\":\"http:\\\/\\\/cuadra-agrado.es\\\/wp-content\\\/uploads\\\/2014\\\/05\\\/valiant-san-isidro.jpg\"},{\"@type\":\"BreadcrumbList\",\"@id\":\"https:\\\/\\\/cuadra-agrado.es\\\/?p=1391#breadcrumb\",\"itemListElement\":[{\"@type\":\"ListItem\",\"position\":1,\"name\":\"Portada\",\"item\":\"https:\\\/\\\/cuadra-agrado.es\\\/\"},{\"@type\":\"ListItem\",\"position\":2,\"name\":\"Valiant Blue matriculado para Sanlucar!!!\"}]},{\"@type\":\"WebSite\",\"@id\":\"https:\\\/\\\/cuadra-agrado.es\\\/#website\",\"url\":\"https:\\\/\\\/cuadra-agrado.es\\\/\",\"name\":\"Cuadra Agrado\",\"description\":\"En el mundo del Turf desde 2008\",\"potentialAction\":[{\"@type\":\"SearchAction\",\"target\":{\"@type\":\"EntryPoint\",\"urlTemplate\":\"https:\\\/\\\/cuadra-agrado.es\\\/?s={search_term_string}\"},\"query-input\":{\"@type\":\"PropertyValueSpecification\",\"valueRequired\":true,\"valueName\":\"search_term_string\"}}],\"inLanguage\":\"es\"},{\"@type\":\"Person\",\"@id\":\"https:\\\/\\\/cuadra-agrado.es\\\/#\\\/schema\\\/person\\\/3aa4f8d2373cf756d93a5526bc72f31b\",\"name\":\"Miguel Redondo\",\"image\":{\"@type\":\"ImageObject\",\"inLanguage\":\"es\",\"@id\":\"https:\\\/\\\/secure.gravatar.com\\\/avatar\\\/85704fceb4fa34017e3c1344d182da00dbf772fb8856ba2b7726a2df926415b4?s=96&d=mm&r=g\",\"url\":\"https:\\\/\\\/secure.gravatar.com\\\/avatar\\\/85704fceb4fa34017e3c1344d182da00dbf772fb8856ba2b7726a2df926415b4?s=96&d=mm&r=g\",\"contentUrl\":\"https:\\\/\\\/secure.gravatar.com\\\/avatar\\\/85704fceb4fa34017e3c1344d182da00dbf772fb8856ba2b7726a2df926415b4?s=96&d=mm&r=g\",\"caption\":\"Miguel Redondo\"},\"sameAs\":[\"https:\\\/\\\/cuadra-agrado.es\"],\"url\":\"https:\\\/\\\/cuadra-agrado.es\\\/?author=5\"}]}<\/script>\n<!-- \/ Yoast SEO plugin. -->","yoast_head_json":{"title":"Valiant Blue matriculado para Sanlucar!!! - Cuadra Agrado","robots":{"index":"index","follow":"follow","max-snippet":"max-snippet:-1","max-image-preview":"max-image-preview:large","max-video-preview":"max-video-preview:-1"},"canonical":"https:\/\/cuadra-agrado.es\/?p=1391","og_locale":"es_ES","og_type":"article","og_title":"Valiant Blue matriculado para Sanlucar!!! - Cuadra Agrado","og_description":"&#8216;Valiant Blue&#8217; viajar\u00e1 la pr\u00f3xima semana a su lugar de vacaciones este a\u00f1o en tierras Sanluque\u00f1as para seguir con su merecido descanso veraniego. Eduardo Buz\u00f3n, natural de Sanl\u00facar de Barrameda, \u00a0ha querido este a\u00f1o compaginar su tambi\u00e9n merecido descanso en su tierra sin quitar la vista del trabajo, \u00a0por lo que se llevar\u00e1 a once [&hellip;]","og_url":"https:\/\/cuadra-agrado.es\/?p=1391","og_site_name":"Cuadra Agrado","article_published_time":"2014-07-25T13:42:11+00:00","article_modified_time":"2024-02-27T09:31:56+00:00","og_image":[{"url":"http:\/\/cuadra-agrado.es\/wp-content\/uploads\/2014\/05\/valiant-san-isidro.jpg","type":"","width":"","height":""}],"author":"Miguel Redondo","twitter_card":"summary_large_image","twitter_creator":"@AGRADOracing","twitter_site":"@AGRADOracing","twitter_misc":{"Escrito por":"Miguel Redondo","Tiempo de lectura":"1 minuto"},"schema":{"@context":"https:\/\/schema.org","@graph":[{"@type":"Article","@id":"https:\/\/cuadra-agrado.es\/?p=1391#article","isPartOf":{"@id":"https:\/\/cuadra-agrado.es\/?p=1391"},"author":{"name":"Miguel Redondo","@id":"https:\/\/cuadra-agrado.es\/#\/schema\/person\/3aa4f8d2373cf756d93a5526bc72f31b"},"headline":"Valiant Blue matriculado para Sanlucar!!!","datePublished":"2014-07-25T13:42:11+00:00","dateModified":"2024-02-27T09:31:56+00:00","mainEntityOfPage":{"@id":"https:\/\/cuadra-agrado.es\/?p=1391"},"wordCount":237,"image":{"@id":"https:\/\/cuadra-agrado.es\/?p=1391#primaryimage"},"thumbnailUrl":"http:\/\/cuadra-agrado.es\/wp-content\/uploads\/2014\/05\/valiant-san-isidro.jpg","articleSection":["Actualidad"],"inLanguage":"es"},{"@type":"WebPage","@id":"https:\/\/cuadra-agrado.es\/?p=1391","url":"https:\/\/cuadra-agrado.es\/?p=1391","name":"Valiant Blue matriculado para Sanlucar!!! - Cuadra Agrado","isPartOf":{"@id":"https:\/\/cuadra-agrado.es\/#website"},"primaryImageOfPage":{"@id":"https:\/\/cuadra-agrado.es\/?p=1391#primaryimage"},"image":{"@id":"https:\/\/cuadra-agrado.es\/?p=1391#primaryimage"},"thumbnailUrl":"http:\/\/cuadra-agrado.es\/wp-content\/uploads\/2014\/05\/valiant-san-isidro.jpg","datePublished":"2014-07-25T13:42:11+00:00","dateModified":"2024-02-27T09:31:56+00:00","author":{"@id":"https:\/\/cuadra-agrado.es\/#\/schema\/person\/3aa4f8d2373cf756d93a5526bc72f31b"},"breadcrumb":{"@id":"https:\/\/cuadra-agrado.es\/?p=1391#breadcrumb"},"inLanguage":"es","potentialAction":[{"@type":"ReadAction","target":["https:\/\/cuadra-agrado.es\/?p=1391"]}]},{"@type":"ImageObject","inLanguage":"es","@id":"https:\/\/cuadra-agrado.es\/?p=1391#primaryimage","url":"http:\/\/cuadra-agrado.es\/wp-content\/uploads\/2014\/05\/valiant-san-isidro.jpg","contentUrl":"http:\/\/cuadra-agrado.es\/wp-content\/uploads\/2014\/05\/valiant-san-isidro.jpg"},{"@type":"BreadcrumbList","@id":"https:\/\/cuadra-agrado.es\/?p=1391#breadcrumb","itemListElement":[{"@type":"ListItem","position":1,"name":"Portada","item":"https:\/\/cuadra-agrado.es\/"},{"@type":"ListItem","position":2,"name":"Valiant Blue matriculado para Sanlucar!!!"}]},{"@type":"WebSite","@id":"https:\/\/cuadra-agrado.es\/#website","url":"https:\/\/cuadra-agrado.es\/","name":"Cuadra Agrado","description":"En el mundo del Turf desde 2008","potentialAction":[{"@type":"SearchAction","target":{"@type":"EntryPoint","urlTemplate":"https:\/\/cuadra-agrado.es\/?s={search_term_string}"},"query-input":{"@type":"PropertyValueSpecification","valueRequired":true,"valueName":"search_term_string"}}],"inLanguage":"es"},{"@type":"Person","@id":"https:\/\/cuadra-agrado.es\/#\/schema\/person\/3aa4f8d2373cf756d93a5526bc72f31b","name":"Miguel Redondo","image":{"@type":"ImageObject","inLanguage":"es","@id":"https:\/\/secure.gravatar.com\/avatar\/85704fceb4fa34017e3c1344d182da00dbf772fb8856ba2b7726a2df926415b4?s=96&d=mm&r=g","url":"https:\/\/secure.gravatar.com\/avatar\/85704fceb4fa34017e3c1344d182da00dbf772fb8856ba2b7726a2df926415b4?s=96&d=mm&r=g","contentUrl":"https:\/\/secure.gravatar.com\/avatar\/85704fceb4fa34017e3c1344d182da00dbf772fb8856ba2b7726a2df926415b4?s=96&d=mm&r=g","caption":"Miguel Redondo"},"sameAs":["https:\/\/cuadra-agrado.es"],"url":"https:\/\/cuadra-agrado.es\/?author=5"}]}},"_links":{"self":[{"href":"https:\/\/cuadra-agrado.es\/index.php?rest_route=\/wp\/v2\/posts\/1391","targetHints":{"allow":["GET"]}}],"collection":[{"href":"https:\/\/cuadra-agrado.es\/index.php?rest_route=\/wp\/v2\/posts"}],"about":[{"href":"https:\/\/cuadra-agrado.es\/index.php?rest_route=\/wp\/v2\/types\/post"}],"author":[{"embeddable":true,"href":"https:\/\/cuadra-agrado.es\/index.php?rest_route=\/wp\/v2\/users\/5"}],"replies":[{"embeddable":true,"href":"https:\/\/cuadra-agrado.es\/index.php?rest_route=%2Fwp%2Fv2%2Fcomments&post=1391"}],"version-history":[{"count":0,"href":"https:\/\/cuadra-agrado.es\/index.php?rest_route=\/wp\/v2\/posts\/1391\/revisions"}],"wp:attachment":[{"href":"https:\/\/cuadra-agrado.es\/index.php?rest_route=%2Fwp%2Fv2%2Fmedia&parent=1391"}],"wp:term":[{"taxonomy":"category","embeddable":true,"href":"https:\/\/cuadra-agrado.es\/index.php?rest_route=%2Fwp%2Fv2%2Fcategories&post=1391"},{"taxonomy":"post_tag","embeddable":true,"href":"https:\/\/cuadra-agrado.es\/index.php?rest_route=%2Fwp%2Fv2%2Ftags&post=1391"}],"curies":[{"name":"wp","href":"https:\/\/api.w.org\/{rel}","templated":true}]}}