{"id":1379,"date":"2014-07-14T12:16:25","date_gmt":"2014-07-14T11:16:25","guid":{"rendered":"https:\/\/cuadra-agrado.es\/?p=1379"},"modified":"2024-02-27T09:31:57","modified_gmt":"2024-02-27T09:31:57","slug":"noozhoh-canarias-las-ordenes-de-laffon","status":"publish","type":"post","link":"https:\/\/cuadra-agrado.es\/?p=1379","title":{"rendered":"Noozhoh Canarias a las ordenes de Laff\u00f3n"},"content":{"rendered":"<p style=\"text-align: justify;\"><a href=\"http:\/\/cuadra-agrado.es\/wp-content\/uploads\/2014\/07\/noozhoh.jpg\" target=\"_blank\" rel=\"noopener noreferrer\"><img loading=\"lazy\" decoding=\"async\" class=\"alignleft  wp-image-1380\" alt=\"noozhoh\" src=\"http:\/\/cuadra-agrado.es\/wp-content\/uploads\/2014\/07\/noozhoh.jpg\" width=\"280\" height=\"180\" \/><\/a>Nuestro Gran &#8216;Noozhoh Canarias&#8217; cambiar\u00e1 de aires y ma\u00f1ana llegar\u00e1 a las cuadras de Carlos Laff\u00f3n (ganador del Arco del triunfo 2012) en Chantilly (Par\u00eds). Parece que el acuerdo ha sido inminente por parte de sus propietarios (Grupo Bola\u00f1os), Enrique Le\u00f3n y el mismo Carlos Laff\u00f3n despu\u00e9s de disputar su \u00faltima (July Cup G.1) en tierras inglesas donde un terreno pesado le hizo mella para finalmente ser sexto en la lucha.<\/p>\n<p style=\"text-align: justify;\">El principal motivo para abandonar las instalaciones de &#8216;La Zarzuela&#8217; ha sido por tema log\u00edstico. Es tremendamente duro engranar a la perfecci\u00f3n un caballo como Noozhoh con largos viajes hac\u00eda tierras de Grupo. Las pruebas donde puede y debe correr este hijo de &#8216;Caradak&#8217; est\u00e1n lejos de nuestro gran hip\u00f3dromo, \u00a0por mucho que nos cueste asumirlo, y es por esto que un acercamiento a la \u00e9lite del turf europeo sin duda le ahorrar\u00e1 estos largos viajes.<\/p>\n<p style=\"text-align: justify;\">Otro de los motivos del cambio posiblemente se base en las tremendas instalaciones de entrenamiento que existen en Chantilly donde todo gira alrededor del pura sangre. Impresionantes campos abiertos para entrenar hasta donde la mirada ni tan siquiera alcanza. Su adiestramiento y mecanizaci\u00f3n en distancia en l\u00ednea recta entre 1.200 y 1.400 metros, \u00a0donde parece ir encaminado su futuro, es un h\u00e1ndicap que aqu\u00ed en Madrid dif\u00edcilmente podr\u00eda resolver a estos niveles de grupo.<\/p>\n<p style=\"text-align: justify;\">Fue muy bonito mientras dur\u00f3 en Madrid a las ordenes de un gran Enrique Le\u00f3n. Seguramente ser\u00e1 duro tambi\u00e9n para \u00e9l asumir este nuevo rol, pero es sin duda una muestra m\u00e1s de lo mucho que quiere a este caballo dej\u00e1ndole marchar donde realmente puede hacerse mucho m\u00e1s grande, Chapeau!!!!<\/p>\n<p style=\"text-align: justify;\">Por lo que conocemos a Carlos Laff\u00f3n, estamos seguros que har\u00e1 de \u00e9l a todo un campe\u00f3n de grupo y este es nuestro deseo para todo el gran equipo que rodea al que posiblemente sea el mejor caballo nacional de todos los tiempos. Por otro lado, no creemos que podamos volverlo a ver aqu\u00ed en Madrid, y de ah\u00ed que su \u00faltima en el &#8216;Torre Arias&#8217; tuviera esa inolvidable leyenda de&#8230; &#8216; yo vi correr a Noozhoh Canarias&#8217;. A partir de ahora sus movimientos ser\u00e1n mucho m\u00e1s cercanos y es posible que despu\u00e9s de su l\u00f3gica aclimataci\u00f3n le podamos ver en Octubre en el &#8216;meeting del arco 2014&#8217;.<\/p>\n<p style=\"text-align: justify;\">Mucha suerte a sus propietarios y responsables, sin duda se lo merecen!!!<\/p>\n<hr \/>\n<p style=\"text-align: justify;\">\n<p style=\"text-align: justify;\">\n<!-- AddThis Advanced Settings generic via filter on the_content --><!-- AddThis Share Buttons generic via filter on the_content -->","protected":false},"excerpt":{"rendered":"<p>Nuestro Gran &#8216;Noozhoh Canarias&#8217; cambiar\u00e1 de aires y ma\u00f1ana llegar\u00e1 a las cuadras de Carlos Laff\u00f3n (ganador del Arco del triunfo 2012) en Chantilly (Par\u00eds). Parece que el acuerdo ha sido inminente por parte de sus propietarios (Grupo Bola\u00f1os), Enrique Le\u00f3n y el mismo Carlos Laff\u00f3n despu\u00e9s de disputar su \u00faltima (July Cup G.1) en [&hellip;]<!-- AddThis Advanced Settings generic via filter on get_the_excerpt --><!-- AddThis Share Buttons generic via filter on get_the_excerpt --><\/p>\n","protected":false},"author":5,"featured_media":0,"comment_status":"closed","ping_status":"closed","sticky":false,"template":"","format":"gallery","meta":{"_acf_changed":false,"_et_pb_use_builder":"","_et_pb_old_content":"","_et_gb_content_width":"","footnotes":""},"categories":[3],"tags":[],"class_list":["post-1379","post","type-post","status-publish","format-gallery","hentry","category-noticias-cuadra-agrado","post_format-post-format-gallery"],"acf":[],"yoast_head":"<!-- This site is optimized with the Yoast SEO plugin v27.4 - https:\/\/yoast.com\/product\/yoast-seo-wordpress\/ -->\n<title>Noozhoh Canarias a las ordenes de Laff\u00f3n - Cuadra Agrado<\/title>\n<meta name=\"robots\" content=\"index, follow, max-snippet:-1, max-image-preview:large, max-video-preview:-1\" \/>\n<link rel=\"canonical\" href=\"https:\/\/cuadra-agrado.es\/?p=1379\" \/>\n<meta property=\"og:locale\" content=\"es_ES\" \/>\n<meta property=\"og:type\" content=\"article\" \/>\n<meta property=\"og:title\" content=\"Noozhoh Canarias a las ordenes de Laff\u00f3n - Cuadra Agrado\" \/>\n<meta property=\"og:description\" content=\"Nuestro Gran &#8216;Noozhoh Canarias&#8217; cambiar\u00e1 de aires y ma\u00f1ana llegar\u00e1 a las cuadras de Carlos Laff\u00f3n (ganador del Arco del triunfo 2012) en Chantilly (Par\u00eds). Parece que el acuerdo ha sido inminente por parte de sus propietarios (Grupo Bola\u00f1os), Enrique Le\u00f3n y el mismo Carlos Laff\u00f3n despu\u00e9s de disputar su \u00faltima (July Cup G.1) en [&hellip;]\" \/>\n<meta property=\"og:url\" content=\"https:\/\/cuadra-agrado.es\/?p=1379\" \/>\n<meta property=\"og:site_name\" content=\"Cuadra Agrado\" \/>\n<meta property=\"article:published_time\" content=\"2014-07-14T11:16:25+00:00\" \/>\n<meta property=\"article:modified_time\" content=\"2024-02-27T09:31:57+00:00\" \/>\n<meta property=\"og:image\" content=\"http:\/\/cuadra-agrado.es\/wp-content\/uploads\/2014\/07\/noozhoh.jpg\" \/>\n<meta name=\"author\" content=\"Miguel Redondo\" \/>\n<meta name=\"twitter:card\" content=\"summary_large_image\" \/>\n<meta name=\"twitter:creator\" content=\"@AGRADOracing\" \/>\n<meta name=\"twitter:site\" content=\"@AGRADOracing\" \/>\n<meta name=\"twitter:label1\" content=\"Escrito por\" \/>\n\t<meta name=\"twitter:data1\" content=\"Miguel Redondo\" \/>\n\t<meta name=\"twitter:label2\" content=\"Tiempo de lectura\" \/>\n\t<meta name=\"twitter:data2\" content=\"2 minutos\" \/>\n<script type=\"application\/ld+json\" class=\"yoast-schema-graph\">{\"@context\":\"https:\\\/\\\/schema.org\",\"@graph\":[{\"@type\":\"Article\",\"@id\":\"https:\\\/\\\/cuadra-agrado.es\\\/?p=1379#article\",\"isPartOf\":{\"@id\":\"https:\\\/\\\/cuadra-agrado.es\\\/?p=1379\"},\"author\":{\"name\":\"Miguel Redondo\",\"@id\":\"https:\\\/\\\/cuadra-agrado.es\\\/#\\\/schema\\\/person\\\/3aa4f8d2373cf756d93a5526bc72f31b\"},\"headline\":\"Noozhoh Canarias a las ordenes de Laff\u00f3n\",\"datePublished\":\"2014-07-14T11:16:25+00:00\",\"dateModified\":\"2024-02-27T09:31:57+00:00\",\"mainEntityOfPage\":{\"@id\":\"https:\\\/\\\/cuadra-agrado.es\\\/?p=1379\"},\"wordCount\":423,\"image\":{\"@id\":\"https:\\\/\\\/cuadra-agrado.es\\\/?p=1379#primaryimage\"},\"thumbnailUrl\":\"http:\\\/\\\/cuadra-agrado.es\\\/wp-content\\\/uploads\\\/2014\\\/07\\\/noozhoh.jpg\",\"articleSection\":[\"Actualidad\"],\"inLanguage\":\"es\"},{\"@type\":\"WebPage\",\"@id\":\"https:\\\/\\\/cuadra-agrado.es\\\/?p=1379\",\"url\":\"https:\\\/\\\/cuadra-agrado.es\\\/?p=1379\",\"name\":\"Noozhoh Canarias a las ordenes de Laff\u00f3n - Cuadra Agrado\",\"isPartOf\":{\"@id\":\"https:\\\/\\\/cuadra-agrado.es\\\/#website\"},\"primaryImageOfPage\":{\"@id\":\"https:\\\/\\\/cuadra-agrado.es\\\/?p=1379#primaryimage\"},\"image\":{\"@id\":\"https:\\\/\\\/cuadra-agrado.es\\\/?p=1379#primaryimage\"},\"thumbnailUrl\":\"http:\\\/\\\/cuadra-agrado.es\\\/wp-content\\\/uploads\\\/2014\\\/07\\\/noozhoh.jpg\",\"datePublished\":\"2014-07-14T11:16:25+00:00\",\"dateModified\":\"2024-02-27T09:31:57+00:00\",\"author\":{\"@id\":\"https:\\\/\\\/cuadra-agrado.es\\\/#\\\/schema\\\/person\\\/3aa4f8d2373cf756d93a5526bc72f31b\"},\"breadcrumb\":{\"@id\":\"https:\\\/\\\/cuadra-agrado.es\\\/?p=1379#breadcrumb\"},\"inLanguage\":\"es\",\"potentialAction\":[{\"@type\":\"ReadAction\",\"target\":[\"https:\\\/\\\/cuadra-agrado.es\\\/?p=1379\"]}]},{\"@type\":\"ImageObject\",\"inLanguage\":\"es\",\"@id\":\"https:\\\/\\\/cuadra-agrado.es\\\/?p=1379#primaryimage\",\"url\":\"http:\\\/\\\/cuadra-agrado.es\\\/wp-content\\\/uploads\\\/2014\\\/07\\\/noozhoh.jpg\",\"contentUrl\":\"http:\\\/\\\/cuadra-agrado.es\\\/wp-content\\\/uploads\\\/2014\\\/07\\\/noozhoh.jpg\"},{\"@type\":\"BreadcrumbList\",\"@id\":\"https:\\\/\\\/cuadra-agrado.es\\\/?p=1379#breadcrumb\",\"itemListElement\":[{\"@type\":\"ListItem\",\"position\":1,\"name\":\"Portada\",\"item\":\"https:\\\/\\\/cuadra-agrado.es\\\/\"},{\"@type\":\"ListItem\",\"position\":2,\"name\":\"Noozhoh Canarias a las ordenes de Laff\u00f3n\"}]},{\"@type\":\"WebSite\",\"@id\":\"https:\\\/\\\/cuadra-agrado.es\\\/#website\",\"url\":\"https:\\\/\\\/cuadra-agrado.es\\\/\",\"name\":\"Cuadra Agrado\",\"description\":\"En el mundo del Turf desde 2008\",\"potentialAction\":[{\"@type\":\"SearchAction\",\"target\":{\"@type\":\"EntryPoint\",\"urlTemplate\":\"https:\\\/\\\/cuadra-agrado.es\\\/?s={search_term_string}\"},\"query-input\":{\"@type\":\"PropertyValueSpecification\",\"valueRequired\":true,\"valueName\":\"search_term_string\"}}],\"inLanguage\":\"es\"},{\"@type\":\"Person\",\"@id\":\"https:\\\/\\\/cuadra-agrado.es\\\/#\\\/schema\\\/person\\\/3aa4f8d2373cf756d93a5526bc72f31b\",\"name\":\"Miguel Redondo\",\"image\":{\"@type\":\"ImageObject\",\"inLanguage\":\"es\",\"@id\":\"https:\\\/\\\/secure.gravatar.com\\\/avatar\\\/85704fceb4fa34017e3c1344d182da00dbf772fb8856ba2b7726a2df926415b4?s=96&d=mm&r=g\",\"url\":\"https:\\\/\\\/secure.gravatar.com\\\/avatar\\\/85704fceb4fa34017e3c1344d182da00dbf772fb8856ba2b7726a2df926415b4?s=96&d=mm&r=g\",\"contentUrl\":\"https:\\\/\\\/secure.gravatar.com\\\/avatar\\\/85704fceb4fa34017e3c1344d182da00dbf772fb8856ba2b7726a2df926415b4?s=96&d=mm&r=g\",\"caption\":\"Miguel Redondo\"},\"sameAs\":[\"https:\\\/\\\/cuadra-agrado.es\"],\"url\":\"https:\\\/\\\/cuadra-agrado.es\\\/?author=5\"}]}<\/script>\n<!-- \/ Yoast SEO plugin. -->","yoast_head_json":{"title":"Noozhoh Canarias a las ordenes de Laff\u00f3n - Cuadra Agrado","robots":{"index":"index","follow":"follow","max-snippet":"max-snippet:-1","max-image-preview":"max-image-preview:large","max-video-preview":"max-video-preview:-1"},"canonical":"https:\/\/cuadra-agrado.es\/?p=1379","og_locale":"es_ES","og_type":"article","og_title":"Noozhoh Canarias a las ordenes de Laff\u00f3n - Cuadra Agrado","og_description":"Nuestro Gran &#8216;Noozhoh Canarias&#8217; cambiar\u00e1 de aires y ma\u00f1ana llegar\u00e1 a las cuadras de Carlos Laff\u00f3n (ganador del Arco del triunfo 2012) en Chantilly (Par\u00eds). Parece que el acuerdo ha sido inminente por parte de sus propietarios (Grupo Bola\u00f1os), Enrique Le\u00f3n y el mismo Carlos Laff\u00f3n despu\u00e9s de disputar su \u00faltima (July Cup G.1) en [&hellip;]","og_url":"https:\/\/cuadra-agrado.es\/?p=1379","og_site_name":"Cuadra Agrado","article_published_time":"2014-07-14T11:16:25+00:00","article_modified_time":"2024-02-27T09:31:57+00:00","og_image":[{"url":"http:\/\/cuadra-agrado.es\/wp-content\/uploads\/2014\/07\/noozhoh.jpg","type":"","width":"","height":""}],"author":"Miguel Redondo","twitter_card":"summary_large_image","twitter_creator":"@AGRADOracing","twitter_site":"@AGRADOracing","twitter_misc":{"Escrito por":"Miguel Redondo","Tiempo de lectura":"2 minutos"},"schema":{"@context":"https:\/\/schema.org","@graph":[{"@type":"Article","@id":"https:\/\/cuadra-agrado.es\/?p=1379#article","isPartOf":{"@id":"https:\/\/cuadra-agrado.es\/?p=1379"},"author":{"name":"Miguel Redondo","@id":"https:\/\/cuadra-agrado.es\/#\/schema\/person\/3aa4f8d2373cf756d93a5526bc72f31b"},"headline":"Noozhoh Canarias a las ordenes de Laff\u00f3n","datePublished":"2014-07-14T11:16:25+00:00","dateModified":"2024-02-27T09:31:57+00:00","mainEntityOfPage":{"@id":"https:\/\/cuadra-agrado.es\/?p=1379"},"wordCount":423,"image":{"@id":"https:\/\/cuadra-agrado.es\/?p=1379#primaryimage"},"thumbnailUrl":"http:\/\/cuadra-agrado.es\/wp-content\/uploads\/2014\/07\/noozhoh.jpg","articleSection":["Actualidad"],"inLanguage":"es"},{"@type":"WebPage","@id":"https:\/\/cuadra-agrado.es\/?p=1379","url":"https:\/\/cuadra-agrado.es\/?p=1379","name":"Noozhoh Canarias a las ordenes de Laff\u00f3n - Cuadra Agrado","isPartOf":{"@id":"https:\/\/cuadra-agrado.es\/#website"},"primaryImageOfPage":{"@id":"https:\/\/cuadra-agrado.es\/?p=1379#primaryimage"},"image":{"@id":"https:\/\/cuadra-agrado.es\/?p=1379#primaryimage"},"thumbnailUrl":"http:\/\/cuadra-agrado.es\/wp-content\/uploads\/2014\/07\/noozhoh.jpg","datePublished":"2014-07-14T11:16:25+00:00","dateModified":"2024-02-27T09:31:57+00:00","author":{"@id":"https:\/\/cuadra-agrado.es\/#\/schema\/person\/3aa4f8d2373cf756d93a5526bc72f31b"},"breadcrumb":{"@id":"https:\/\/cuadra-agrado.es\/?p=1379#breadcrumb"},"inLanguage":"es","potentialAction":[{"@type":"ReadAction","target":["https:\/\/cuadra-agrado.es\/?p=1379"]}]},{"@type":"ImageObject","inLanguage":"es","@id":"https:\/\/cuadra-agrado.es\/?p=1379#primaryimage","url":"http:\/\/cuadra-agrado.es\/wp-content\/uploads\/2014\/07\/noozhoh.jpg","contentUrl":"http:\/\/cuadra-agrado.es\/wp-content\/uploads\/2014\/07\/noozhoh.jpg"},{"@type":"BreadcrumbList","@id":"https:\/\/cuadra-agrado.es\/?p=1379#breadcrumb","itemListElement":[{"@type":"ListItem","position":1,"name":"Portada","item":"https:\/\/cuadra-agrado.es\/"},{"@type":"ListItem","position":2,"name":"Noozhoh Canarias a las ordenes de Laff\u00f3n"}]},{"@type":"WebSite","@id":"https:\/\/cuadra-agrado.es\/#website","url":"https:\/\/cuadra-agrado.es\/","name":"Cuadra Agrado","description":"En el mundo del Turf desde 2008","potentialAction":[{"@type":"SearchAction","target":{"@type":"EntryPoint","urlTemplate":"https:\/\/cuadra-agrado.es\/?s={search_term_string}"},"query-input":{"@type":"PropertyValueSpecification","valueRequired":true,"valueName":"search_term_string"}}],"inLanguage":"es"},{"@type":"Person","@id":"https:\/\/cuadra-agrado.es\/#\/schema\/person\/3aa4f8d2373cf756d93a5526bc72f31b","name":"Miguel Redondo","image":{"@type":"ImageObject","inLanguage":"es","@id":"https:\/\/secure.gravatar.com\/avatar\/85704fceb4fa34017e3c1344d182da00dbf772fb8856ba2b7726a2df926415b4?s=96&d=mm&r=g","url":"https:\/\/secure.gravatar.com\/avatar\/85704fceb4fa34017e3c1344d182da00dbf772fb8856ba2b7726a2df926415b4?s=96&d=mm&r=g","contentUrl":"https:\/\/secure.gravatar.com\/avatar\/85704fceb4fa34017e3c1344d182da00dbf772fb8856ba2b7726a2df926415b4?s=96&d=mm&r=g","caption":"Miguel Redondo"},"sameAs":["https:\/\/cuadra-agrado.es"],"url":"https:\/\/cuadra-agrado.es\/?author=5"}]}},"_links":{"self":[{"href":"https:\/\/cuadra-agrado.es\/index.php?rest_route=\/wp\/v2\/posts\/1379","targetHints":{"allow":["GET"]}}],"collection":[{"href":"https:\/\/cuadra-agrado.es\/index.php?rest_route=\/wp\/v2\/posts"}],"about":[{"href":"https:\/\/cuadra-agrado.es\/index.php?rest_route=\/wp\/v2\/types\/post"}],"author":[{"embeddable":true,"href":"https:\/\/cuadra-agrado.es\/index.php?rest_route=\/wp\/v2\/users\/5"}],"replies":[{"embeddable":true,"href":"https:\/\/cuadra-agrado.es\/index.php?rest_route=%2Fwp%2Fv2%2Fcomments&post=1379"}],"version-history":[{"count":0,"href":"https:\/\/cuadra-agrado.es\/index.php?rest_route=\/wp\/v2\/posts\/1379\/revisions"}],"wp:attachment":[{"href":"https:\/\/cuadra-agrado.es\/index.php?rest_route=%2Fwp%2Fv2%2Fmedia&parent=1379"}],"wp:term":[{"taxonomy":"category","embeddable":true,"href":"https:\/\/cuadra-agrado.es\/index.php?rest_route=%2Fwp%2Fv2%2Fcategories&post=1379"},{"taxonomy":"post_tag","embeddable":true,"href":"https:\/\/cuadra-agrado.es\/index.php?rest_route=%2Fwp%2Fv2%2Ftags&post=1379"}],"curies":[{"name":"wp","href":"https:\/\/api.w.org\/{rel}","templated":true}]}}