{"id":1337,"date":"2014-06-24T12:22:35","date_gmt":"2014-06-24T11:22:35","guid":{"rendered":"https:\/\/cuadra-agrado.es\/?p=1337"},"modified":"2024-02-27T09:31:57","modified_gmt":"2024-02-27T09:31:57","slug":"gran-primavera-para-nuestros-colores","status":"publish","type":"post","link":"https:\/\/cuadra-agrado.es\/?p=1337","title":{"rendered":"Bonita Primavera para nuestros colores!!!"},"content":{"rendered":"<p style=\"text-align: justify;\"><a href=\"http:\/\/cuadra-agrado.es\/wp-content\/uploads\/2014\/05\/valiant-san-isidro.jpg\" target=\"_blank\" rel=\"noopener noreferrer\"><img loading=\"lazy\" decoding=\"async\" class=\"alignleft  wp-image-1276\" alt=\"valiant-san isidro\" src=\"http:\/\/cuadra-agrado.es\/wp-content\/uploads\/2014\/05\/valiant-san-isidro.jpg\" width=\"250\" height=\"150\" \/><\/a>Finalizada la temporada de Primavera, comenzaremos la temporada de verano donde &#8216;Valiant Blue&#8217; ha confirmado en todas sus salidas a pista su aumento de valor durante el primer semestre de 2014. Seis victorias en esta temporada (cinco de ellas de Valiant y una de Rany\u00e1n) nos han posicionado en el top-5 del ranking de propietarios en cuanto a ganancias se refiere.<br \/>\n<span style=\"color: #ffffff;\"><b style=\"font-size: 14px;\">&#8216;Valiant Blue&#8217;<\/b> <\/span>salv\u00f3 los n\u00fameros en este inicio de a\u00f1o y pag\u00f3 el pienso a casi todos sus compa\u00f1eros de cuadra con 56.800 euros obtenidos en premios en sus seis participaciones. Despu\u00e9s de esto, descanso merecido en Sanl\u00facar de Barrameda donde permanecer\u00e1 todo el mes de Agosto disfrutando del trabajo en la playa y prepar\u00e1ndose para Septiembre, donde volveremos a afrontar un nuevo reto en Francia y, si todo marcha bien, \u00a0es posible le podamos ver disputar el d\u00eda 14 de Septiembre un G3 sobre 1.000 metros en l\u00ednea recta.<\/p>\n<p style=\"text-align: justify;\"><b><a href=\"http:\/\/cuadra-agrado.es\/wp-content\/uploads\/2014\/02\/ranyan-Luis-Goyeneche-23-2-14-14.jpg\" target=\"_blank\" rel=\"noopener noreferrer\"><img loading=\"lazy\" decoding=\"async\" class=\" wp-image-1072 alignright\" alt=\"ranyan Luis Goyeneche-23-2-14-14\" src=\"http:\/\/cuadra-agrado.es\/wp-content\/uploads\/2014\/02\/ranyan-Luis-Goyeneche-23-2-14-14.jpg\" width=\"250\" height=\"150\" \/><\/a>&#8216;Rany\u00e1n&#8217;<\/b> comenz\u00f3 ganando en su reaparici\u00f3n despu\u00e9s de 192 d\u00edas sin correr, pero su viaje a Francia le hizo demasiada mella y tuvo que descansar nuevamente. En su nueva salida a Madrid en Abril sufri\u00f3 un problema de sangrado en sus pulmones y le hizo volver a descansar y a tratar. Su trabajo desde entonces va en progresi\u00f3n y es posible que le podamos ver en alguna prueba nocturna de Madrid y en funci\u00f3n de esta, tomar rumbo a Lasarte donde nunca estuvo fuera del dinero. En cualquier caso, le esperaremos m\u00e1s confiados para la temporada de Oto\u00f1o en Madrid donde buscaremos alguna victoria en pista blanda.<\/p>\n<p style=\"text-align: justify;\"><b><a href=\"http:\/\/cuadra-agrado.es\/wp-content\/uploads\/2014\/06\/il-presuntuoso1.jpg\" target=\"_blank\" rel=\"noopener noreferrer\"><img loading=\"lazy\" decoding=\"async\" class=\"alignleft  wp-image-1342\" alt=\"il presuntuoso1\" src=\"http:\/\/cuadra-agrado.es\/wp-content\/uploads\/2014\/06\/il-presuntuoso1.jpg\" width=\"200\" height=\"220\" \/><\/a>&#8216;IL Presuntuoso&#8217;<\/b> fue nuestra apuesta a tres a\u00f1os para disputar los diferentes premios de la edad cl\u00e1sica, pero se torcieron muy r\u00e1pido las cosas con \u00e9l. En su primera salida en Madrid disputaba la victoria en recta cuando se trag\u00f3 la lengua y &#8216;Fayos&#8217; tuvo que pararlo. Despu\u00e9s de esta, un peque\u00f1o problema \u00f3seo en su posterior izquierda le dej\u00f3 en periodo de descanso que aprovechamos para su castraci\u00f3n. De momento, sigue parado hasta Julio donde comenzar\u00e1 nuevamente su trabajo con vistas a afrontar confiado la temporada de Oto\u00f1o en Madrid.<\/p>\n<p style=\"text-align: justify;\"><b>&#8216;High Brooklyn&#8217;<\/b> fue nuestra m\u00e1xima apuesta en la subasta de Milagro del pasado a\u00f1o. Or\u00edgenes para so\u00f1ar y calidad m\u00e1s que demostrada en sus trabajos. Temperamento, fuerza, calidad y coraz\u00f3n hace que vayamos despacio con ella y el &#8216;trainer&#8217; no ha querido arriesgar lo m\u00e1s m\u00ednimo en su debut. Lo m\u00e1s seguro es que debute en tierras francesas este pr\u00f3ximo verano y pueda disputar el premio &#8216;Milagro&#8217; en Septiembre en Lasarte.<\/p>\n<p style=\"text-align: justify;\">En definitiva, grandes expectativas para nuestros colores con &#8216;Valiant Blue&#8217;, &#8216;High Brooklyn&#8217; e &#8216;Il Presuntuoso&#8217; a la espera de que &#8216;Rany\u00e1n&#8217; vuelva a dar el valor de anta\u00f1o a\u00fan con sus problemas de salud. Confianza plena en nuestro preparador que ha sabido aprovechar el momento del mejor caballo del patio y que sin duda sabr\u00e1 aprovechar los dem\u00e1s efectivos en la segunda parte del a\u00f1o. Nuestro objetivo&#8230;. superar las 10 victorias que conseguimos en nuestro mejor a\u00f1o hasta el momento (2012). Vamos camino de ello, a ver si seguimos en racha y la buena fortuna nos sigue acompa\u00f1ando.<\/p>\n<hr \/>\n<p style=\"text-align: justify;\">\n<!-- AddThis Advanced Settings generic via filter on the_content --><!-- AddThis Share Buttons generic via filter on the_content -->","protected":false},"excerpt":{"rendered":"<p>Finalizada la temporada de Primavera, comenzaremos la temporada de verano donde &#8216;Valiant Blue&#8217; ha confirmado en todas sus salidas a pista su aumento de valor durante el primer semestre de 2014. Seis victorias en esta temporada (cinco de ellas de Valiant y una de Rany\u00e1n) nos han posicionado en el top-5 del ranking de propietarios [&hellip;]<!-- AddThis Advanced Settings generic via filter on get_the_excerpt --><!-- AddThis Share Buttons generic via filter on get_the_excerpt --><\/p>\n","protected":false},"author":5,"featured_media":0,"comment_status":"closed","ping_status":"closed","sticky":false,"template":"","format":"gallery","meta":{"_acf_changed":false,"_et_pb_use_builder":"","_et_pb_old_content":"","_et_gb_content_width":"","footnotes":""},"categories":[3],"tags":[],"class_list":["post-1337","post","type-post","status-publish","format-gallery","hentry","category-noticias-cuadra-agrado","post_format-post-format-gallery"],"acf":[],"yoast_head":"<!-- This site is optimized with the Yoast SEO plugin v27.4 - https:\/\/yoast.com\/product\/yoast-seo-wordpress\/ -->\n<title>Bonita Primavera para nuestros colores!!! - Cuadra Agrado<\/title>\n<meta name=\"robots\" content=\"index, follow, max-snippet:-1, max-image-preview:large, max-video-preview:-1\" \/>\n<link rel=\"canonical\" href=\"https:\/\/cuadra-agrado.es\/?p=1337\" \/>\n<meta property=\"og:locale\" content=\"es_ES\" \/>\n<meta property=\"og:type\" content=\"article\" \/>\n<meta property=\"og:title\" content=\"Bonita Primavera para nuestros colores!!! - Cuadra Agrado\" \/>\n<meta property=\"og:description\" content=\"Finalizada la temporada de Primavera, comenzaremos la temporada de verano donde &#8216;Valiant Blue&#8217; ha confirmado en todas sus salidas a pista su aumento de valor durante el primer semestre de 2014. Seis victorias en esta temporada (cinco de ellas de Valiant y una de Rany\u00e1n) nos han posicionado en el top-5 del ranking de propietarios [&hellip;]\" \/>\n<meta property=\"og:url\" content=\"https:\/\/cuadra-agrado.es\/?p=1337\" \/>\n<meta property=\"og:site_name\" content=\"Cuadra Agrado\" \/>\n<meta property=\"article:published_time\" content=\"2014-06-24T11:22:35+00:00\" \/>\n<meta property=\"article:modified_time\" content=\"2024-02-27T09:31:57+00:00\" \/>\n<meta property=\"og:image\" content=\"http:\/\/cuadra-agrado.es\/wp-content\/uploads\/2014\/05\/valiant-san-isidro.jpg\" \/>\n<meta name=\"author\" content=\"Miguel Redondo\" \/>\n<meta name=\"twitter:card\" content=\"summary_large_image\" \/>\n<meta name=\"twitter:creator\" content=\"@AGRADOracing\" \/>\n<meta name=\"twitter:site\" content=\"@AGRADOracing\" \/>\n<meta name=\"twitter:label1\" content=\"Escrito por\" \/>\n\t<meta name=\"twitter:data1\" content=\"Miguel Redondo\" \/>\n\t<meta name=\"twitter:label2\" content=\"Tiempo de lectura\" \/>\n\t<meta name=\"twitter:data2\" content=\"3 minutos\" \/>\n<script type=\"application\/ld+json\" class=\"yoast-schema-graph\">{\"@context\":\"https:\\\/\\\/schema.org\",\"@graph\":[{\"@type\":\"Article\",\"@id\":\"https:\\\/\\\/cuadra-agrado.es\\\/?p=1337#article\",\"isPartOf\":{\"@id\":\"https:\\\/\\\/cuadra-agrado.es\\\/?p=1337\"},\"author\":{\"name\":\"Miguel Redondo\",\"@id\":\"https:\\\/\\\/cuadra-agrado.es\\\/#\\\/schema\\\/person\\\/3aa4f8d2373cf756d93a5526bc72f31b\"},\"headline\":\"Bonita Primavera para nuestros colores!!!\",\"datePublished\":\"2014-06-24T11:22:35+00:00\",\"dateModified\":\"2024-02-27T09:31:57+00:00\",\"mainEntityOfPage\":{\"@id\":\"https:\\\/\\\/cuadra-agrado.es\\\/?p=1337\"},\"wordCount\":557,\"image\":{\"@id\":\"https:\\\/\\\/cuadra-agrado.es\\\/?p=1337#primaryimage\"},\"thumbnailUrl\":\"http:\\\/\\\/cuadra-agrado.es\\\/wp-content\\\/uploads\\\/2014\\\/05\\\/valiant-san-isidro.jpg\",\"articleSection\":[\"Actualidad\"],\"inLanguage\":\"es\"},{\"@type\":\"WebPage\",\"@id\":\"https:\\\/\\\/cuadra-agrado.es\\\/?p=1337\",\"url\":\"https:\\\/\\\/cuadra-agrado.es\\\/?p=1337\",\"name\":\"Bonita Primavera para nuestros colores!!! - Cuadra Agrado\",\"isPartOf\":{\"@id\":\"https:\\\/\\\/cuadra-agrado.es\\\/#website\"},\"primaryImageOfPage\":{\"@id\":\"https:\\\/\\\/cuadra-agrado.es\\\/?p=1337#primaryimage\"},\"image\":{\"@id\":\"https:\\\/\\\/cuadra-agrado.es\\\/?p=1337#primaryimage\"},\"thumbnailUrl\":\"http:\\\/\\\/cuadra-agrado.es\\\/wp-content\\\/uploads\\\/2014\\\/05\\\/valiant-san-isidro.jpg\",\"datePublished\":\"2014-06-24T11:22:35+00:00\",\"dateModified\":\"2024-02-27T09:31:57+00:00\",\"author\":{\"@id\":\"https:\\\/\\\/cuadra-agrado.es\\\/#\\\/schema\\\/person\\\/3aa4f8d2373cf756d93a5526bc72f31b\"},\"breadcrumb\":{\"@id\":\"https:\\\/\\\/cuadra-agrado.es\\\/?p=1337#breadcrumb\"},\"inLanguage\":\"es\",\"potentialAction\":[{\"@type\":\"ReadAction\",\"target\":[\"https:\\\/\\\/cuadra-agrado.es\\\/?p=1337\"]}]},{\"@type\":\"ImageObject\",\"inLanguage\":\"es\",\"@id\":\"https:\\\/\\\/cuadra-agrado.es\\\/?p=1337#primaryimage\",\"url\":\"http:\\\/\\\/cuadra-agrado.es\\\/wp-content\\\/uploads\\\/2014\\\/05\\\/valiant-san-isidro.jpg\",\"contentUrl\":\"http:\\\/\\\/cuadra-agrado.es\\\/wp-content\\\/uploads\\\/2014\\\/05\\\/valiant-san-isidro.jpg\"},{\"@type\":\"BreadcrumbList\",\"@id\":\"https:\\\/\\\/cuadra-agrado.es\\\/?p=1337#breadcrumb\",\"itemListElement\":[{\"@type\":\"ListItem\",\"position\":1,\"name\":\"Portada\",\"item\":\"https:\\\/\\\/cuadra-agrado.es\\\/\"},{\"@type\":\"ListItem\",\"position\":2,\"name\":\"Bonita Primavera para nuestros colores!!!\"}]},{\"@type\":\"WebSite\",\"@id\":\"https:\\\/\\\/cuadra-agrado.es\\\/#website\",\"url\":\"https:\\\/\\\/cuadra-agrado.es\\\/\",\"name\":\"Cuadra Agrado\",\"description\":\"En el mundo del Turf desde 2008\",\"potentialAction\":[{\"@type\":\"SearchAction\",\"target\":{\"@type\":\"EntryPoint\",\"urlTemplate\":\"https:\\\/\\\/cuadra-agrado.es\\\/?s={search_term_string}\"},\"query-input\":{\"@type\":\"PropertyValueSpecification\",\"valueRequired\":true,\"valueName\":\"search_term_string\"}}],\"inLanguage\":\"es\"},{\"@type\":\"Person\",\"@id\":\"https:\\\/\\\/cuadra-agrado.es\\\/#\\\/schema\\\/person\\\/3aa4f8d2373cf756d93a5526bc72f31b\",\"name\":\"Miguel Redondo\",\"image\":{\"@type\":\"ImageObject\",\"inLanguage\":\"es\",\"@id\":\"https:\\\/\\\/secure.gravatar.com\\\/avatar\\\/85704fceb4fa34017e3c1344d182da00dbf772fb8856ba2b7726a2df926415b4?s=96&d=mm&r=g\",\"url\":\"https:\\\/\\\/secure.gravatar.com\\\/avatar\\\/85704fceb4fa34017e3c1344d182da00dbf772fb8856ba2b7726a2df926415b4?s=96&d=mm&r=g\",\"contentUrl\":\"https:\\\/\\\/secure.gravatar.com\\\/avatar\\\/85704fceb4fa34017e3c1344d182da00dbf772fb8856ba2b7726a2df926415b4?s=96&d=mm&r=g\",\"caption\":\"Miguel Redondo\"},\"sameAs\":[\"https:\\\/\\\/cuadra-agrado.es\"],\"url\":\"https:\\\/\\\/cuadra-agrado.es\\\/?author=5\"}]}<\/script>\n<!-- \/ Yoast SEO plugin. -->","yoast_head_json":{"title":"Bonita Primavera para nuestros colores!!! - Cuadra Agrado","robots":{"index":"index","follow":"follow","max-snippet":"max-snippet:-1","max-image-preview":"max-image-preview:large","max-video-preview":"max-video-preview:-1"},"canonical":"https:\/\/cuadra-agrado.es\/?p=1337","og_locale":"es_ES","og_type":"article","og_title":"Bonita Primavera para nuestros colores!!! - Cuadra Agrado","og_description":"Finalizada la temporada de Primavera, comenzaremos la temporada de verano donde &#8216;Valiant Blue&#8217; ha confirmado en todas sus salidas a pista su aumento de valor durante el primer semestre de 2014. Seis victorias en esta temporada (cinco de ellas de Valiant y una de Rany\u00e1n) nos han posicionado en el top-5 del ranking de propietarios [&hellip;]","og_url":"https:\/\/cuadra-agrado.es\/?p=1337","og_site_name":"Cuadra Agrado","article_published_time":"2014-06-24T11:22:35+00:00","article_modified_time":"2024-02-27T09:31:57+00:00","og_image":[{"url":"http:\/\/cuadra-agrado.es\/wp-content\/uploads\/2014\/05\/valiant-san-isidro.jpg","type":"","width":"","height":""}],"author":"Miguel Redondo","twitter_card":"summary_large_image","twitter_creator":"@AGRADOracing","twitter_site":"@AGRADOracing","twitter_misc":{"Escrito por":"Miguel Redondo","Tiempo de lectura":"3 minutos"},"schema":{"@context":"https:\/\/schema.org","@graph":[{"@type":"Article","@id":"https:\/\/cuadra-agrado.es\/?p=1337#article","isPartOf":{"@id":"https:\/\/cuadra-agrado.es\/?p=1337"},"author":{"name":"Miguel Redondo","@id":"https:\/\/cuadra-agrado.es\/#\/schema\/person\/3aa4f8d2373cf756d93a5526bc72f31b"},"headline":"Bonita Primavera para nuestros colores!!!","datePublished":"2014-06-24T11:22:35+00:00","dateModified":"2024-02-27T09:31:57+00:00","mainEntityOfPage":{"@id":"https:\/\/cuadra-agrado.es\/?p=1337"},"wordCount":557,"image":{"@id":"https:\/\/cuadra-agrado.es\/?p=1337#primaryimage"},"thumbnailUrl":"http:\/\/cuadra-agrado.es\/wp-content\/uploads\/2014\/05\/valiant-san-isidro.jpg","articleSection":["Actualidad"],"inLanguage":"es"},{"@type":"WebPage","@id":"https:\/\/cuadra-agrado.es\/?p=1337","url":"https:\/\/cuadra-agrado.es\/?p=1337","name":"Bonita Primavera para nuestros colores!!! - Cuadra Agrado","isPartOf":{"@id":"https:\/\/cuadra-agrado.es\/#website"},"primaryImageOfPage":{"@id":"https:\/\/cuadra-agrado.es\/?p=1337#primaryimage"},"image":{"@id":"https:\/\/cuadra-agrado.es\/?p=1337#primaryimage"},"thumbnailUrl":"http:\/\/cuadra-agrado.es\/wp-content\/uploads\/2014\/05\/valiant-san-isidro.jpg","datePublished":"2014-06-24T11:22:35+00:00","dateModified":"2024-02-27T09:31:57+00:00","author":{"@id":"https:\/\/cuadra-agrado.es\/#\/schema\/person\/3aa4f8d2373cf756d93a5526bc72f31b"},"breadcrumb":{"@id":"https:\/\/cuadra-agrado.es\/?p=1337#breadcrumb"},"inLanguage":"es","potentialAction":[{"@type":"ReadAction","target":["https:\/\/cuadra-agrado.es\/?p=1337"]}]},{"@type":"ImageObject","inLanguage":"es","@id":"https:\/\/cuadra-agrado.es\/?p=1337#primaryimage","url":"http:\/\/cuadra-agrado.es\/wp-content\/uploads\/2014\/05\/valiant-san-isidro.jpg","contentUrl":"http:\/\/cuadra-agrado.es\/wp-content\/uploads\/2014\/05\/valiant-san-isidro.jpg"},{"@type":"BreadcrumbList","@id":"https:\/\/cuadra-agrado.es\/?p=1337#breadcrumb","itemListElement":[{"@type":"ListItem","position":1,"name":"Portada","item":"https:\/\/cuadra-agrado.es\/"},{"@type":"ListItem","position":2,"name":"Bonita Primavera para nuestros colores!!!"}]},{"@type":"WebSite","@id":"https:\/\/cuadra-agrado.es\/#website","url":"https:\/\/cuadra-agrado.es\/","name":"Cuadra Agrado","description":"En el mundo del Turf desde 2008","potentialAction":[{"@type":"SearchAction","target":{"@type":"EntryPoint","urlTemplate":"https:\/\/cuadra-agrado.es\/?s={search_term_string}"},"query-input":{"@type":"PropertyValueSpecification","valueRequired":true,"valueName":"search_term_string"}}],"inLanguage":"es"},{"@type":"Person","@id":"https:\/\/cuadra-agrado.es\/#\/schema\/person\/3aa4f8d2373cf756d93a5526bc72f31b","name":"Miguel Redondo","image":{"@type":"ImageObject","inLanguage":"es","@id":"https:\/\/secure.gravatar.com\/avatar\/85704fceb4fa34017e3c1344d182da00dbf772fb8856ba2b7726a2df926415b4?s=96&d=mm&r=g","url":"https:\/\/secure.gravatar.com\/avatar\/85704fceb4fa34017e3c1344d182da00dbf772fb8856ba2b7726a2df926415b4?s=96&d=mm&r=g","contentUrl":"https:\/\/secure.gravatar.com\/avatar\/85704fceb4fa34017e3c1344d182da00dbf772fb8856ba2b7726a2df926415b4?s=96&d=mm&r=g","caption":"Miguel Redondo"},"sameAs":["https:\/\/cuadra-agrado.es"],"url":"https:\/\/cuadra-agrado.es\/?author=5"}]}},"_links":{"self":[{"href":"https:\/\/cuadra-agrado.es\/index.php?rest_route=\/wp\/v2\/posts\/1337","targetHints":{"allow":["GET"]}}],"collection":[{"href":"https:\/\/cuadra-agrado.es\/index.php?rest_route=\/wp\/v2\/posts"}],"about":[{"href":"https:\/\/cuadra-agrado.es\/index.php?rest_route=\/wp\/v2\/types\/post"}],"author":[{"embeddable":true,"href":"https:\/\/cuadra-agrado.es\/index.php?rest_route=\/wp\/v2\/users\/5"}],"replies":[{"embeddable":true,"href":"https:\/\/cuadra-agrado.es\/index.php?rest_route=%2Fwp%2Fv2%2Fcomments&post=1337"}],"version-history":[{"count":0,"href":"https:\/\/cuadra-agrado.es\/index.php?rest_route=\/wp\/v2\/posts\/1337\/revisions"}],"wp:attachment":[{"href":"https:\/\/cuadra-agrado.es\/index.php?rest_route=%2Fwp%2Fv2%2Fmedia&parent=1337"}],"wp:term":[{"taxonomy":"category","embeddable":true,"href":"https:\/\/cuadra-agrado.es\/index.php?rest_route=%2Fwp%2Fv2%2Fcategories&post=1337"},{"taxonomy":"post_tag","embeddable":true,"href":"https:\/\/cuadra-agrado.es\/index.php?rest_route=%2Fwp%2Fv2%2Ftags&post=1337"}],"curies":[{"name":"wp","href":"https:\/\/api.w.org\/{rel}","templated":true}]}}