{"id":1297,"date":"2014-05-26T08:16:42","date_gmt":"2014-05-26T07:16:42","guid":{"rendered":"https:\/\/cuadra-agrado.es\/?p=1297"},"modified":"2024-02-27T09:31:58","modified_gmt":"2024-02-27T09:31:58","slug":"nuevo-problema-de-salud-para-ranyan","status":"publish","type":"post","link":"https:\/\/cuadra-agrado.es\/?p=1297","title":{"rendered":"Nuevo problema de salud para Rany\u00e1n!!"},"content":{"rendered":"<p style=\"text-align: justify;\"><a href=\"http:\/\/cuadra-agrado.es\/wp-content\/uploads\/2014\/02\/ranyan-Luis-Goyeneche-23-2-14-14.jpg\"><img loading=\"lazy\" decoding=\"async\" class=\"alignleft  wp-image-1072\" alt=\"ranyan Luis Goyeneche-23-2-14-14\" src=\"http:\/\/cuadra-agrado.es\/wp-content\/uploads\/2014\/02\/ranyan-Luis-Goyeneche-23-2-14-14.jpg\" width=\"300\" height=\"200\" \/><\/a>Nuestro caballo de fondo Rany\u00e1n, sufri\u00f3 ayer m\u00e1s de lo que cab\u00eda esperar en 3.000 metros donde termin\u00f3 sangrando en la recta final despu\u00e9s de venir liderando la prueba durante todo su recorrido asumiendo una punta que parec\u00eda no quer\u00eda coger nadie desde cajones.<\/p>\n<p style=\"text-align: justify;\">Es un nuevo varapalo para este hijo de &#8216;Gold Away&#8217; que acumula un nuevo problema de salud a sus anteriores y que nos obliga a tomar otras direcciones de cara al programa. Ser\u00e1 tratado inmediatamente de este problema de hemorragia y despu\u00e9s veremos si finalmente puede acceder a tomar partida en alguna prueba de Lasarte de este pr\u00f3ximo verano o esperar al programa de oto\u00f1o en Madrid.<\/p>\n<p style=\"text-align: justify;\">\n<hr \/>\n<p style=\"text-align: justify;\">\n<!-- AddThis Advanced Settings generic via filter on the_content --><!-- AddThis Share Buttons generic via filter on the_content -->","protected":false},"excerpt":{"rendered":"<p>Nuestro caballo de fondo Rany\u00e1n, sufri\u00f3 ayer m\u00e1s de lo que cab\u00eda esperar en 3.000 metros donde termin\u00f3 sangrando en la recta final despu\u00e9s de venir liderando la prueba durante todo su recorrido asumiendo una punta que parec\u00eda no quer\u00eda coger nadie desde cajones. Es un nuevo varapalo para este hijo de &#8216;Gold Away&#8217; que [&hellip;]<!-- AddThis Advanced Settings generic via filter on get_the_excerpt --><!-- AddThis Share Buttons generic via filter on get_the_excerpt --><\/p>\n","protected":false},"author":5,"featured_media":0,"comment_status":"closed","ping_status":"closed","sticky":false,"template":"","format":"gallery","meta":{"_acf_changed":false,"_et_pb_use_builder":"","_et_pb_old_content":"","_et_gb_content_width":"","footnotes":""},"categories":[3],"tags":[],"class_list":["post-1297","post","type-post","status-publish","format-gallery","hentry","category-noticias-cuadra-agrado","post_format-post-format-gallery"],"acf":[],"yoast_head":"<!-- This site is optimized with the Yoast SEO plugin v27.4 - https:\/\/yoast.com\/product\/yoast-seo-wordpress\/ -->\n<title>Nuevo problema de salud para Rany\u00e1n!! - Cuadra Agrado<\/title>\n<meta name=\"robots\" content=\"index, follow, max-snippet:-1, max-image-preview:large, max-video-preview:-1\" \/>\n<link rel=\"canonical\" href=\"https:\/\/cuadra-agrado.es\/?p=1297\" \/>\n<meta property=\"og:locale\" content=\"es_ES\" \/>\n<meta property=\"og:type\" content=\"article\" \/>\n<meta property=\"og:title\" content=\"Nuevo problema de salud para Rany\u00e1n!! - Cuadra Agrado\" \/>\n<meta property=\"og:description\" content=\"Nuestro caballo de fondo Rany\u00e1n, sufri\u00f3 ayer m\u00e1s de lo que cab\u00eda esperar en 3.000 metros donde termin\u00f3 sangrando en la recta final despu\u00e9s de venir liderando la prueba durante todo su recorrido asumiendo una punta que parec\u00eda no quer\u00eda coger nadie desde cajones. Es un nuevo varapalo para este hijo de &#8216;Gold Away&#8217; que [&hellip;]\" \/>\n<meta property=\"og:url\" content=\"https:\/\/cuadra-agrado.es\/?p=1297\" \/>\n<meta property=\"og:site_name\" content=\"Cuadra Agrado\" \/>\n<meta property=\"article:published_time\" content=\"2014-05-26T07:16:42+00:00\" \/>\n<meta property=\"article:modified_time\" content=\"2024-02-27T09:31:58+00:00\" \/>\n<meta property=\"og:image\" content=\"http:\/\/cuadra-agrado.es\/wp-content\/uploads\/2014\/02\/ranyan-Luis-Goyeneche-23-2-14-14.jpg\" \/>\n<meta name=\"author\" content=\"Miguel Redondo\" \/>\n<meta name=\"twitter:card\" content=\"summary_large_image\" \/>\n<meta name=\"twitter:creator\" content=\"@AGRADOracing\" \/>\n<meta name=\"twitter:site\" content=\"@AGRADOracing\" \/>\n<meta name=\"twitter:label1\" content=\"Escrito por\" \/>\n\t<meta name=\"twitter:data1\" content=\"Miguel Redondo\" \/>\n\t<meta name=\"twitter:label2\" content=\"Tiempo de lectura\" \/>\n\t<meta name=\"twitter:data2\" content=\"1 minuto\" \/>\n<script type=\"application\/ld+json\" class=\"yoast-schema-graph\">{\"@context\":\"https:\\\/\\\/schema.org\",\"@graph\":[{\"@type\":\"Article\",\"@id\":\"https:\\\/\\\/cuadra-agrado.es\\\/?p=1297#article\",\"isPartOf\":{\"@id\":\"https:\\\/\\\/cuadra-agrado.es\\\/?p=1297\"},\"author\":{\"name\":\"Miguel Redondo\",\"@id\":\"https:\\\/\\\/cuadra-agrado.es\\\/#\\\/schema\\\/person\\\/3aa4f8d2373cf756d93a5526bc72f31b\"},\"headline\":\"Nuevo problema de salud para Rany\u00e1n!!\",\"datePublished\":\"2014-05-26T07:16:42+00:00\",\"dateModified\":\"2024-02-27T09:31:58+00:00\",\"mainEntityOfPage\":{\"@id\":\"https:\\\/\\\/cuadra-agrado.es\\\/?p=1297\"},\"wordCount\":126,\"image\":{\"@id\":\"https:\\\/\\\/cuadra-agrado.es\\\/?p=1297#primaryimage\"},\"thumbnailUrl\":\"http:\\\/\\\/cuadra-agrado.es\\\/wp-content\\\/uploads\\\/2014\\\/02\\\/ranyan-Luis-Goyeneche-23-2-14-14.jpg\",\"articleSection\":[\"Actualidad\"],\"inLanguage\":\"es\"},{\"@type\":\"WebPage\",\"@id\":\"https:\\\/\\\/cuadra-agrado.es\\\/?p=1297\",\"url\":\"https:\\\/\\\/cuadra-agrado.es\\\/?p=1297\",\"name\":\"Nuevo problema de salud para Rany\u00e1n!! - Cuadra Agrado\",\"isPartOf\":{\"@id\":\"https:\\\/\\\/cuadra-agrado.es\\\/#website\"},\"primaryImageOfPage\":{\"@id\":\"https:\\\/\\\/cuadra-agrado.es\\\/?p=1297#primaryimage\"},\"image\":{\"@id\":\"https:\\\/\\\/cuadra-agrado.es\\\/?p=1297#primaryimage\"},\"thumbnailUrl\":\"http:\\\/\\\/cuadra-agrado.es\\\/wp-content\\\/uploads\\\/2014\\\/02\\\/ranyan-Luis-Goyeneche-23-2-14-14.jpg\",\"datePublished\":\"2014-05-26T07:16:42+00:00\",\"dateModified\":\"2024-02-27T09:31:58+00:00\",\"author\":{\"@id\":\"https:\\\/\\\/cuadra-agrado.es\\\/#\\\/schema\\\/person\\\/3aa4f8d2373cf756d93a5526bc72f31b\"},\"breadcrumb\":{\"@id\":\"https:\\\/\\\/cuadra-agrado.es\\\/?p=1297#breadcrumb\"},\"inLanguage\":\"es\",\"potentialAction\":[{\"@type\":\"ReadAction\",\"target\":[\"https:\\\/\\\/cuadra-agrado.es\\\/?p=1297\"]}]},{\"@type\":\"ImageObject\",\"inLanguage\":\"es\",\"@id\":\"https:\\\/\\\/cuadra-agrado.es\\\/?p=1297#primaryimage\",\"url\":\"http:\\\/\\\/cuadra-agrado.es\\\/wp-content\\\/uploads\\\/2014\\\/02\\\/ranyan-Luis-Goyeneche-23-2-14-14.jpg\",\"contentUrl\":\"http:\\\/\\\/cuadra-agrado.es\\\/wp-content\\\/uploads\\\/2014\\\/02\\\/ranyan-Luis-Goyeneche-23-2-14-14.jpg\"},{\"@type\":\"BreadcrumbList\",\"@id\":\"https:\\\/\\\/cuadra-agrado.es\\\/?p=1297#breadcrumb\",\"itemListElement\":[{\"@type\":\"ListItem\",\"position\":1,\"name\":\"Portada\",\"item\":\"https:\\\/\\\/cuadra-agrado.es\\\/\"},{\"@type\":\"ListItem\",\"position\":2,\"name\":\"Nuevo problema de salud para Rany\u00e1n!!\"}]},{\"@type\":\"WebSite\",\"@id\":\"https:\\\/\\\/cuadra-agrado.es\\\/#website\",\"url\":\"https:\\\/\\\/cuadra-agrado.es\\\/\",\"name\":\"Cuadra Agrado\",\"description\":\"En el mundo del Turf desde 2008\",\"potentialAction\":[{\"@type\":\"SearchAction\",\"target\":{\"@type\":\"EntryPoint\",\"urlTemplate\":\"https:\\\/\\\/cuadra-agrado.es\\\/?s={search_term_string}\"},\"query-input\":{\"@type\":\"PropertyValueSpecification\",\"valueRequired\":true,\"valueName\":\"search_term_string\"}}],\"inLanguage\":\"es\"},{\"@type\":\"Person\",\"@id\":\"https:\\\/\\\/cuadra-agrado.es\\\/#\\\/schema\\\/person\\\/3aa4f8d2373cf756d93a5526bc72f31b\",\"name\":\"Miguel Redondo\",\"image\":{\"@type\":\"ImageObject\",\"inLanguage\":\"es\",\"@id\":\"https:\\\/\\\/secure.gravatar.com\\\/avatar\\\/85704fceb4fa34017e3c1344d182da00dbf772fb8856ba2b7726a2df926415b4?s=96&d=mm&r=g\",\"url\":\"https:\\\/\\\/secure.gravatar.com\\\/avatar\\\/85704fceb4fa34017e3c1344d182da00dbf772fb8856ba2b7726a2df926415b4?s=96&d=mm&r=g\",\"contentUrl\":\"https:\\\/\\\/secure.gravatar.com\\\/avatar\\\/85704fceb4fa34017e3c1344d182da00dbf772fb8856ba2b7726a2df926415b4?s=96&d=mm&r=g\",\"caption\":\"Miguel Redondo\"},\"sameAs\":[\"https:\\\/\\\/cuadra-agrado.es\"],\"url\":\"https:\\\/\\\/cuadra-agrado.es\\\/?author=5\"}]}<\/script>\n<!-- \/ Yoast SEO plugin. -->","yoast_head_json":{"title":"Nuevo problema de salud para Rany\u00e1n!! - Cuadra Agrado","robots":{"index":"index","follow":"follow","max-snippet":"max-snippet:-1","max-image-preview":"max-image-preview:large","max-video-preview":"max-video-preview:-1"},"canonical":"https:\/\/cuadra-agrado.es\/?p=1297","og_locale":"es_ES","og_type":"article","og_title":"Nuevo problema de salud para Rany\u00e1n!! - Cuadra Agrado","og_description":"Nuestro caballo de fondo Rany\u00e1n, sufri\u00f3 ayer m\u00e1s de lo que cab\u00eda esperar en 3.000 metros donde termin\u00f3 sangrando en la recta final despu\u00e9s de venir liderando la prueba durante todo su recorrido asumiendo una punta que parec\u00eda no quer\u00eda coger nadie desde cajones. Es un nuevo varapalo para este hijo de &#8216;Gold Away&#8217; que [&hellip;]","og_url":"https:\/\/cuadra-agrado.es\/?p=1297","og_site_name":"Cuadra Agrado","article_published_time":"2014-05-26T07:16:42+00:00","article_modified_time":"2024-02-27T09:31:58+00:00","og_image":[{"url":"http:\/\/cuadra-agrado.es\/wp-content\/uploads\/2014\/02\/ranyan-Luis-Goyeneche-23-2-14-14.jpg","type":"","width":"","height":""}],"author":"Miguel Redondo","twitter_card":"summary_large_image","twitter_creator":"@AGRADOracing","twitter_site":"@AGRADOracing","twitter_misc":{"Escrito por":"Miguel Redondo","Tiempo de lectura":"1 minuto"},"schema":{"@context":"https:\/\/schema.org","@graph":[{"@type":"Article","@id":"https:\/\/cuadra-agrado.es\/?p=1297#article","isPartOf":{"@id":"https:\/\/cuadra-agrado.es\/?p=1297"},"author":{"name":"Miguel Redondo","@id":"https:\/\/cuadra-agrado.es\/#\/schema\/person\/3aa4f8d2373cf756d93a5526bc72f31b"},"headline":"Nuevo problema de salud para Rany\u00e1n!!","datePublished":"2014-05-26T07:16:42+00:00","dateModified":"2024-02-27T09:31:58+00:00","mainEntityOfPage":{"@id":"https:\/\/cuadra-agrado.es\/?p=1297"},"wordCount":126,"image":{"@id":"https:\/\/cuadra-agrado.es\/?p=1297#primaryimage"},"thumbnailUrl":"http:\/\/cuadra-agrado.es\/wp-content\/uploads\/2014\/02\/ranyan-Luis-Goyeneche-23-2-14-14.jpg","articleSection":["Actualidad"],"inLanguage":"es"},{"@type":"WebPage","@id":"https:\/\/cuadra-agrado.es\/?p=1297","url":"https:\/\/cuadra-agrado.es\/?p=1297","name":"Nuevo problema de salud para Rany\u00e1n!! - Cuadra Agrado","isPartOf":{"@id":"https:\/\/cuadra-agrado.es\/#website"},"primaryImageOfPage":{"@id":"https:\/\/cuadra-agrado.es\/?p=1297#primaryimage"},"image":{"@id":"https:\/\/cuadra-agrado.es\/?p=1297#primaryimage"},"thumbnailUrl":"http:\/\/cuadra-agrado.es\/wp-content\/uploads\/2014\/02\/ranyan-Luis-Goyeneche-23-2-14-14.jpg","datePublished":"2014-05-26T07:16:42+00:00","dateModified":"2024-02-27T09:31:58+00:00","author":{"@id":"https:\/\/cuadra-agrado.es\/#\/schema\/person\/3aa4f8d2373cf756d93a5526bc72f31b"},"breadcrumb":{"@id":"https:\/\/cuadra-agrado.es\/?p=1297#breadcrumb"},"inLanguage":"es","potentialAction":[{"@type":"ReadAction","target":["https:\/\/cuadra-agrado.es\/?p=1297"]}]},{"@type":"ImageObject","inLanguage":"es","@id":"https:\/\/cuadra-agrado.es\/?p=1297#primaryimage","url":"http:\/\/cuadra-agrado.es\/wp-content\/uploads\/2014\/02\/ranyan-Luis-Goyeneche-23-2-14-14.jpg","contentUrl":"http:\/\/cuadra-agrado.es\/wp-content\/uploads\/2014\/02\/ranyan-Luis-Goyeneche-23-2-14-14.jpg"},{"@type":"BreadcrumbList","@id":"https:\/\/cuadra-agrado.es\/?p=1297#breadcrumb","itemListElement":[{"@type":"ListItem","position":1,"name":"Portada","item":"https:\/\/cuadra-agrado.es\/"},{"@type":"ListItem","position":2,"name":"Nuevo problema de salud para Rany\u00e1n!!"}]},{"@type":"WebSite","@id":"https:\/\/cuadra-agrado.es\/#website","url":"https:\/\/cuadra-agrado.es\/","name":"Cuadra Agrado","description":"En el mundo del Turf desde 2008","potentialAction":[{"@type":"SearchAction","target":{"@type":"EntryPoint","urlTemplate":"https:\/\/cuadra-agrado.es\/?s={search_term_string}"},"query-input":{"@type":"PropertyValueSpecification","valueRequired":true,"valueName":"search_term_string"}}],"inLanguage":"es"},{"@type":"Person","@id":"https:\/\/cuadra-agrado.es\/#\/schema\/person\/3aa4f8d2373cf756d93a5526bc72f31b","name":"Miguel Redondo","image":{"@type":"ImageObject","inLanguage":"es","@id":"https:\/\/secure.gravatar.com\/avatar\/85704fceb4fa34017e3c1344d182da00dbf772fb8856ba2b7726a2df926415b4?s=96&d=mm&r=g","url":"https:\/\/secure.gravatar.com\/avatar\/85704fceb4fa34017e3c1344d182da00dbf772fb8856ba2b7726a2df926415b4?s=96&d=mm&r=g","contentUrl":"https:\/\/secure.gravatar.com\/avatar\/85704fceb4fa34017e3c1344d182da00dbf772fb8856ba2b7726a2df926415b4?s=96&d=mm&r=g","caption":"Miguel Redondo"},"sameAs":["https:\/\/cuadra-agrado.es"],"url":"https:\/\/cuadra-agrado.es\/?author=5"}]}},"_links":{"self":[{"href":"https:\/\/cuadra-agrado.es\/index.php?rest_route=\/wp\/v2\/posts\/1297","targetHints":{"allow":["GET"]}}],"collection":[{"href":"https:\/\/cuadra-agrado.es\/index.php?rest_route=\/wp\/v2\/posts"}],"about":[{"href":"https:\/\/cuadra-agrado.es\/index.php?rest_route=\/wp\/v2\/types\/post"}],"author":[{"embeddable":true,"href":"https:\/\/cuadra-agrado.es\/index.php?rest_route=\/wp\/v2\/users\/5"}],"replies":[{"embeddable":true,"href":"https:\/\/cuadra-agrado.es\/index.php?rest_route=%2Fwp%2Fv2%2Fcomments&post=1297"}],"version-history":[{"count":0,"href":"https:\/\/cuadra-agrado.es\/index.php?rest_route=\/wp\/v2\/posts\/1297\/revisions"}],"wp:attachment":[{"href":"https:\/\/cuadra-agrado.es\/index.php?rest_route=%2Fwp%2Fv2%2Fmedia&parent=1297"}],"wp:term":[{"taxonomy":"category","embeddable":true,"href":"https:\/\/cuadra-agrado.es\/index.php?rest_route=%2Fwp%2Fv2%2Fcategories&post=1297"},{"taxonomy":"post_tag","embeddable":true,"href":"https:\/\/cuadra-agrado.es\/index.php?rest_route=%2Fwp%2Fv2%2Ftags&post=1297"}],"curies":[{"name":"wp","href":"https:\/\/api.w.org\/{rel}","templated":true}]}}