{"id":1293,"date":"2014-05-22T10:18:42","date_gmt":"2014-05-22T09:18:42","guid":{"rendered":"https:\/\/cuadra-agrado.es\/?p=1293"},"modified":"2024-02-27T09:31:58","modified_gmt":"2024-02-27T09:31:58","slug":"ranyan-disputara-su-segundo-corpa","status":"publish","type":"post","link":"https:\/\/cuadra-agrado.es\/?p=1293","title":{"rendered":"Rany\u00e1n disputar\u00e1 su segundo &#8216;Corpa&#8217;"},"content":{"rendered":"<p style=\"text-align: justify;\"><a href=\"http:\/\/cuadra-agrado.es\/wp-content\/uploads\/2014\/01\/Ranyan-164.jpg\" target=\"_blank\" rel=\"noopener noreferrer\"><img loading=\"lazy\" decoding=\"async\" class=\"alignleft  wp-image-711\" alt=\"Ranyan 16\" src=\"http:\/\/cuadra-agrado.es\/wp-content\/uploads\/2014\/01\/Ranyan-164.jpg\" width=\"300\" height=\"200\" \/><\/a>Nuestro caballo de fondo &#8216;Rany\u00e1n&#8217;, disputar\u00e1 finalmente este pr\u00f3ximo domingo su segundo &#8216;Corpa&#8217; sobre distancia de 3.000 metros. Estuvimos dudando hasta el \u00faltimo momento para confirmar, pero la probabilidad de lluvia nos empuj\u00f3 finalmente a participar de nuevo en este bonito premio donde el a\u00f1o pasado con s\u00edntomas ya de su problema de rodilla nos ofreci\u00f3 un quinto puesto a medio cuerpo de Atchtung.<br \/>\nMuchas caras conocidas en este &#8216;Corpa 2014&#8217; donde coincidimos nuevamente como el a\u00f1o pasado con el incombustible y rey de la distancia &#8216;Entre Copas&#8217;, el gran &#8216;Atchtung&#8217; que parece haber resuelto sus problemas de salud, y el muy en forma &#8216;Monsieur Opera&#8217; \u00a0reciente ganador sobre distancia de fondo.<br \/>\nA parte de estos tres, menci\u00f3n especial a &#8216;Biladi&#8217; que parece est\u00e1 atravesando un magn\u00edfico momento de forma con un segundo en el &#8216;Duque de Alburquerque&#8217; de hace apenas un mes solamente batido por un excepcional &#8216;Celtic Rock&#8217;. Otro de los que llega en muy buena forma es otro gran caballo del &#8216;Duque&#8217;. Neso, parte tambi\u00e9n con muy buenas opciones en este premio despu\u00e9s de su \u00faltima donde solamente fue batido por &#8216;Monsieur Opera&#8217;.<\/p>\n<p style=\"text-align: justify;\">Dif\u00edcil compromiso pues para el nuestro que tiene muchos y muy buenos rivales contrastados ya este a\u00f1o y que a priori parece no tenemos demasiada base para estar en la lucha final, pero las lluvias de esta semana le vienen como anillo al dedo para su recorrido y debemos tambi\u00e9n aprovechar este h\u00e1ndicap a favor. Por otro lado, aunque lentamente, parece haberse recuperado de su largo viaje a Par\u00eds el pasado mes de Abril que le ocasion\u00f3 un baj\u00f3n considerable.<\/p>\n<p style=\"text-align: justify;\">La monta la confiamos nuevamente a nuestro Jockey &#8216;Borja Fayos&#8217; que intentar\u00e1 tirar del gran coraz\u00f3n de &#8216;Rany\u00e1n&#8217; para buscar una dif\u00edcil, pero no por ello imposible colocaci\u00f3n, mucha suerte crack!!!<\/p>\n<hr \/>\n<p style=\"text-align: justify;\">\n<!-- AddThis Advanced Settings generic via filter on the_content --><!-- AddThis Share Buttons generic via filter on the_content -->","protected":false},"excerpt":{"rendered":"<p>Nuestro caballo de fondo &#8216;Rany\u00e1n&#8217;, disputar\u00e1 finalmente este pr\u00f3ximo domingo su segundo &#8216;Corpa&#8217; sobre distancia de 3.000 metros. Estuvimos dudando hasta el \u00faltimo momento para confirmar, pero la probabilidad de lluvia nos empuj\u00f3 finalmente a participar de nuevo en este bonito premio donde el a\u00f1o pasado con s\u00edntomas ya de su problema de rodilla nos [&hellip;]<!-- AddThis Advanced Settings generic via filter on get_the_excerpt --><!-- AddThis Share Buttons generic via filter on get_the_excerpt --><\/p>\n","protected":false},"author":5,"featured_media":0,"comment_status":"closed","ping_status":"closed","sticky":false,"template":"","format":"gallery","meta":{"_acf_changed":false,"_et_pb_use_builder":"","_et_pb_old_content":"","_et_gb_content_width":"","footnotes":""},"categories":[3],"tags":[],"class_list":["post-1293","post","type-post","status-publish","format-gallery","hentry","category-noticias-cuadra-agrado","post_format-post-format-gallery"],"acf":[],"yoast_head":"<!-- This site is optimized with the Yoast SEO plugin v27.4 - https:\/\/yoast.com\/product\/yoast-seo-wordpress\/ -->\n<title>Rany\u00e1n disputar\u00e1 su segundo &#039;Corpa&#039; - Cuadra Agrado<\/title>\n<meta name=\"robots\" content=\"index, follow, max-snippet:-1, max-image-preview:large, max-video-preview:-1\" \/>\n<link rel=\"canonical\" href=\"https:\/\/cuadra-agrado.es\/?p=1293\" \/>\n<meta property=\"og:locale\" content=\"es_ES\" \/>\n<meta property=\"og:type\" content=\"article\" \/>\n<meta property=\"og:title\" content=\"Rany\u00e1n disputar\u00e1 su segundo &#039;Corpa&#039; - Cuadra Agrado\" \/>\n<meta property=\"og:description\" content=\"Nuestro caballo de fondo &#8216;Rany\u00e1n&#8217;, disputar\u00e1 finalmente este pr\u00f3ximo domingo su segundo &#8216;Corpa&#8217; sobre distancia de 3.000 metros. Estuvimos dudando hasta el \u00faltimo momento para confirmar, pero la probabilidad de lluvia nos empuj\u00f3 finalmente a participar de nuevo en este bonito premio donde el a\u00f1o pasado con s\u00edntomas ya de su problema de rodilla nos [&hellip;]\" \/>\n<meta property=\"og:url\" content=\"https:\/\/cuadra-agrado.es\/?p=1293\" \/>\n<meta property=\"og:site_name\" content=\"Cuadra Agrado\" \/>\n<meta property=\"article:published_time\" content=\"2014-05-22T09:18:42+00:00\" \/>\n<meta property=\"article:modified_time\" content=\"2024-02-27T09:31:58+00:00\" \/>\n<meta property=\"og:image\" content=\"http:\/\/cuadra-agrado.es\/wp-content\/uploads\/2014\/01\/Ranyan-164.jpg\" \/>\n<meta name=\"author\" content=\"Miguel Redondo\" \/>\n<meta name=\"twitter:card\" content=\"summary_large_image\" \/>\n<meta name=\"twitter:creator\" content=\"@AGRADOracing\" \/>\n<meta name=\"twitter:site\" content=\"@AGRADOracing\" \/>\n<meta name=\"twitter:label1\" content=\"Escrito por\" \/>\n\t<meta name=\"twitter:data1\" content=\"Miguel Redondo\" \/>\n\t<meta name=\"twitter:label2\" content=\"Tiempo de lectura\" \/>\n\t<meta name=\"twitter:data2\" content=\"2 minutos\" \/>\n<script type=\"application\/ld+json\" class=\"yoast-schema-graph\">{\"@context\":\"https:\\\/\\\/schema.org\",\"@graph\":[{\"@type\":\"Article\",\"@id\":\"https:\\\/\\\/cuadra-agrado.es\\\/?p=1293#article\",\"isPartOf\":{\"@id\":\"https:\\\/\\\/cuadra-agrado.es\\\/?p=1293\"},\"author\":{\"name\":\"Miguel Redondo\",\"@id\":\"https:\\\/\\\/cuadra-agrado.es\\\/#\\\/schema\\\/person\\\/3aa4f8d2373cf756d93a5526bc72f31b\"},\"headline\":\"Rany\u00e1n disputar\u00e1 su segundo &#8216;Corpa&#8217;\",\"datePublished\":\"2014-05-22T09:18:42+00:00\",\"dateModified\":\"2024-02-27T09:31:58+00:00\",\"mainEntityOfPage\":{\"@id\":\"https:\\\/\\\/cuadra-agrado.es\\\/?p=1293\"},\"wordCount\":320,\"image\":{\"@id\":\"https:\\\/\\\/cuadra-agrado.es\\\/?p=1293#primaryimage\"},\"thumbnailUrl\":\"http:\\\/\\\/cuadra-agrado.es\\\/wp-content\\\/uploads\\\/2014\\\/01\\\/Ranyan-164.jpg\",\"articleSection\":[\"Actualidad\"],\"inLanguage\":\"es\"},{\"@type\":\"WebPage\",\"@id\":\"https:\\\/\\\/cuadra-agrado.es\\\/?p=1293\",\"url\":\"https:\\\/\\\/cuadra-agrado.es\\\/?p=1293\",\"name\":\"Rany\u00e1n disputar\u00e1 su segundo 'Corpa' - Cuadra Agrado\",\"isPartOf\":{\"@id\":\"https:\\\/\\\/cuadra-agrado.es\\\/#website\"},\"primaryImageOfPage\":{\"@id\":\"https:\\\/\\\/cuadra-agrado.es\\\/?p=1293#primaryimage\"},\"image\":{\"@id\":\"https:\\\/\\\/cuadra-agrado.es\\\/?p=1293#primaryimage\"},\"thumbnailUrl\":\"http:\\\/\\\/cuadra-agrado.es\\\/wp-content\\\/uploads\\\/2014\\\/01\\\/Ranyan-164.jpg\",\"datePublished\":\"2014-05-22T09:18:42+00:00\",\"dateModified\":\"2024-02-27T09:31:58+00:00\",\"author\":{\"@id\":\"https:\\\/\\\/cuadra-agrado.es\\\/#\\\/schema\\\/person\\\/3aa4f8d2373cf756d93a5526bc72f31b\"},\"breadcrumb\":{\"@id\":\"https:\\\/\\\/cuadra-agrado.es\\\/?p=1293#breadcrumb\"},\"inLanguage\":\"es\",\"potentialAction\":[{\"@type\":\"ReadAction\",\"target\":[\"https:\\\/\\\/cuadra-agrado.es\\\/?p=1293\"]}]},{\"@type\":\"ImageObject\",\"inLanguage\":\"es\",\"@id\":\"https:\\\/\\\/cuadra-agrado.es\\\/?p=1293#primaryimage\",\"url\":\"http:\\\/\\\/cuadra-agrado.es\\\/wp-content\\\/uploads\\\/2014\\\/01\\\/Ranyan-164.jpg\",\"contentUrl\":\"http:\\\/\\\/cuadra-agrado.es\\\/wp-content\\\/uploads\\\/2014\\\/01\\\/Ranyan-164.jpg\"},{\"@type\":\"BreadcrumbList\",\"@id\":\"https:\\\/\\\/cuadra-agrado.es\\\/?p=1293#breadcrumb\",\"itemListElement\":[{\"@type\":\"ListItem\",\"position\":1,\"name\":\"Portada\",\"item\":\"https:\\\/\\\/cuadra-agrado.es\\\/\"},{\"@type\":\"ListItem\",\"position\":2,\"name\":\"Rany\u00e1n disputar\u00e1 su segundo &#8216;Corpa&#8217;\"}]},{\"@type\":\"WebSite\",\"@id\":\"https:\\\/\\\/cuadra-agrado.es\\\/#website\",\"url\":\"https:\\\/\\\/cuadra-agrado.es\\\/\",\"name\":\"Cuadra Agrado\",\"description\":\"En el mundo del Turf desde 2008\",\"potentialAction\":[{\"@type\":\"SearchAction\",\"target\":{\"@type\":\"EntryPoint\",\"urlTemplate\":\"https:\\\/\\\/cuadra-agrado.es\\\/?s={search_term_string}\"},\"query-input\":{\"@type\":\"PropertyValueSpecification\",\"valueRequired\":true,\"valueName\":\"search_term_string\"}}],\"inLanguage\":\"es\"},{\"@type\":\"Person\",\"@id\":\"https:\\\/\\\/cuadra-agrado.es\\\/#\\\/schema\\\/person\\\/3aa4f8d2373cf756d93a5526bc72f31b\",\"name\":\"Miguel Redondo\",\"image\":{\"@type\":\"ImageObject\",\"inLanguage\":\"es\",\"@id\":\"https:\\\/\\\/secure.gravatar.com\\\/avatar\\\/85704fceb4fa34017e3c1344d182da00dbf772fb8856ba2b7726a2df926415b4?s=96&d=mm&r=g\",\"url\":\"https:\\\/\\\/secure.gravatar.com\\\/avatar\\\/85704fceb4fa34017e3c1344d182da00dbf772fb8856ba2b7726a2df926415b4?s=96&d=mm&r=g\",\"contentUrl\":\"https:\\\/\\\/secure.gravatar.com\\\/avatar\\\/85704fceb4fa34017e3c1344d182da00dbf772fb8856ba2b7726a2df926415b4?s=96&d=mm&r=g\",\"caption\":\"Miguel Redondo\"},\"sameAs\":[\"https:\\\/\\\/cuadra-agrado.es\"],\"url\":\"https:\\\/\\\/cuadra-agrado.es\\\/?author=5\"}]}<\/script>\n<!-- \/ Yoast SEO plugin. -->","yoast_head_json":{"title":"Rany\u00e1n disputar\u00e1 su segundo 'Corpa' - Cuadra Agrado","robots":{"index":"index","follow":"follow","max-snippet":"max-snippet:-1","max-image-preview":"max-image-preview:large","max-video-preview":"max-video-preview:-1"},"canonical":"https:\/\/cuadra-agrado.es\/?p=1293","og_locale":"es_ES","og_type":"article","og_title":"Rany\u00e1n disputar\u00e1 su segundo 'Corpa' - Cuadra Agrado","og_description":"Nuestro caballo de fondo &#8216;Rany\u00e1n&#8217;, disputar\u00e1 finalmente este pr\u00f3ximo domingo su segundo &#8216;Corpa&#8217; sobre distancia de 3.000 metros. Estuvimos dudando hasta el \u00faltimo momento para confirmar, pero la probabilidad de lluvia nos empuj\u00f3 finalmente a participar de nuevo en este bonito premio donde el a\u00f1o pasado con s\u00edntomas ya de su problema de rodilla nos [&hellip;]","og_url":"https:\/\/cuadra-agrado.es\/?p=1293","og_site_name":"Cuadra Agrado","article_published_time":"2014-05-22T09:18:42+00:00","article_modified_time":"2024-02-27T09:31:58+00:00","og_image":[{"url":"http:\/\/cuadra-agrado.es\/wp-content\/uploads\/2014\/01\/Ranyan-164.jpg","type":"","width":"","height":""}],"author":"Miguel Redondo","twitter_card":"summary_large_image","twitter_creator":"@AGRADOracing","twitter_site":"@AGRADOracing","twitter_misc":{"Escrito por":"Miguel Redondo","Tiempo de lectura":"2 minutos"},"schema":{"@context":"https:\/\/schema.org","@graph":[{"@type":"Article","@id":"https:\/\/cuadra-agrado.es\/?p=1293#article","isPartOf":{"@id":"https:\/\/cuadra-agrado.es\/?p=1293"},"author":{"name":"Miguel Redondo","@id":"https:\/\/cuadra-agrado.es\/#\/schema\/person\/3aa4f8d2373cf756d93a5526bc72f31b"},"headline":"Rany\u00e1n disputar\u00e1 su segundo &#8216;Corpa&#8217;","datePublished":"2014-05-22T09:18:42+00:00","dateModified":"2024-02-27T09:31:58+00:00","mainEntityOfPage":{"@id":"https:\/\/cuadra-agrado.es\/?p=1293"},"wordCount":320,"image":{"@id":"https:\/\/cuadra-agrado.es\/?p=1293#primaryimage"},"thumbnailUrl":"http:\/\/cuadra-agrado.es\/wp-content\/uploads\/2014\/01\/Ranyan-164.jpg","articleSection":["Actualidad"],"inLanguage":"es"},{"@type":"WebPage","@id":"https:\/\/cuadra-agrado.es\/?p=1293","url":"https:\/\/cuadra-agrado.es\/?p=1293","name":"Rany\u00e1n disputar\u00e1 su segundo 'Corpa' - Cuadra Agrado","isPartOf":{"@id":"https:\/\/cuadra-agrado.es\/#website"},"primaryImageOfPage":{"@id":"https:\/\/cuadra-agrado.es\/?p=1293#primaryimage"},"image":{"@id":"https:\/\/cuadra-agrado.es\/?p=1293#primaryimage"},"thumbnailUrl":"http:\/\/cuadra-agrado.es\/wp-content\/uploads\/2014\/01\/Ranyan-164.jpg","datePublished":"2014-05-22T09:18:42+00:00","dateModified":"2024-02-27T09:31:58+00:00","author":{"@id":"https:\/\/cuadra-agrado.es\/#\/schema\/person\/3aa4f8d2373cf756d93a5526bc72f31b"},"breadcrumb":{"@id":"https:\/\/cuadra-agrado.es\/?p=1293#breadcrumb"},"inLanguage":"es","potentialAction":[{"@type":"ReadAction","target":["https:\/\/cuadra-agrado.es\/?p=1293"]}]},{"@type":"ImageObject","inLanguage":"es","@id":"https:\/\/cuadra-agrado.es\/?p=1293#primaryimage","url":"http:\/\/cuadra-agrado.es\/wp-content\/uploads\/2014\/01\/Ranyan-164.jpg","contentUrl":"http:\/\/cuadra-agrado.es\/wp-content\/uploads\/2014\/01\/Ranyan-164.jpg"},{"@type":"BreadcrumbList","@id":"https:\/\/cuadra-agrado.es\/?p=1293#breadcrumb","itemListElement":[{"@type":"ListItem","position":1,"name":"Portada","item":"https:\/\/cuadra-agrado.es\/"},{"@type":"ListItem","position":2,"name":"Rany\u00e1n disputar\u00e1 su segundo &#8216;Corpa&#8217;"}]},{"@type":"WebSite","@id":"https:\/\/cuadra-agrado.es\/#website","url":"https:\/\/cuadra-agrado.es\/","name":"Cuadra Agrado","description":"En el mundo del Turf desde 2008","potentialAction":[{"@type":"SearchAction","target":{"@type":"EntryPoint","urlTemplate":"https:\/\/cuadra-agrado.es\/?s={search_term_string}"},"query-input":{"@type":"PropertyValueSpecification","valueRequired":true,"valueName":"search_term_string"}}],"inLanguage":"es"},{"@type":"Person","@id":"https:\/\/cuadra-agrado.es\/#\/schema\/person\/3aa4f8d2373cf756d93a5526bc72f31b","name":"Miguel Redondo","image":{"@type":"ImageObject","inLanguage":"es","@id":"https:\/\/secure.gravatar.com\/avatar\/85704fceb4fa34017e3c1344d182da00dbf772fb8856ba2b7726a2df926415b4?s=96&d=mm&r=g","url":"https:\/\/secure.gravatar.com\/avatar\/85704fceb4fa34017e3c1344d182da00dbf772fb8856ba2b7726a2df926415b4?s=96&d=mm&r=g","contentUrl":"https:\/\/secure.gravatar.com\/avatar\/85704fceb4fa34017e3c1344d182da00dbf772fb8856ba2b7726a2df926415b4?s=96&d=mm&r=g","caption":"Miguel Redondo"},"sameAs":["https:\/\/cuadra-agrado.es"],"url":"https:\/\/cuadra-agrado.es\/?author=5"}]}},"_links":{"self":[{"href":"https:\/\/cuadra-agrado.es\/index.php?rest_route=\/wp\/v2\/posts\/1293","targetHints":{"allow":["GET"]}}],"collection":[{"href":"https:\/\/cuadra-agrado.es\/index.php?rest_route=\/wp\/v2\/posts"}],"about":[{"href":"https:\/\/cuadra-agrado.es\/index.php?rest_route=\/wp\/v2\/types\/post"}],"author":[{"embeddable":true,"href":"https:\/\/cuadra-agrado.es\/index.php?rest_route=\/wp\/v2\/users\/5"}],"replies":[{"embeddable":true,"href":"https:\/\/cuadra-agrado.es\/index.php?rest_route=%2Fwp%2Fv2%2Fcomments&post=1293"}],"version-history":[{"count":0,"href":"https:\/\/cuadra-agrado.es\/index.php?rest_route=\/wp\/v2\/posts\/1293\/revisions"}],"wp:attachment":[{"href":"https:\/\/cuadra-agrado.es\/index.php?rest_route=%2Fwp%2Fv2%2Fmedia&parent=1293"}],"wp:term":[{"taxonomy":"category","embeddable":true,"href":"https:\/\/cuadra-agrado.es\/index.php?rest_route=%2Fwp%2Fv2%2Fcategories&post=1293"},{"taxonomy":"post_tag","embeddable":true,"href":"https:\/\/cuadra-agrado.es\/index.php?rest_route=%2Fwp%2Fv2%2Ftags&post=1293"}],"curies":[{"name":"wp","href":"https:\/\/api.w.org\/{rel}","templated":true}]}}