{"id":12868,"date":"2023-11-13T12:00:48","date_gmt":"2023-11-13T12:00:48","guid":{"rendered":"https:\/\/cuadra-agrado.es\/?p=12868"},"modified":"2024-02-27T09:14:29","modified_gmt":"2024-02-27T09:14:29","slug":"super-rafale-hace-su-presentacion-en-la-ultima-jornada-otonal","status":"publish","type":"post","link":"https:\/\/cuadra-agrado.es\/?p=12868","title":{"rendered":"Super Rafale hace su presentaci\u00f3n en la \u00faltima jornada oto\u00f1al"},"content":{"rendered":"<p style=\"text-align: justify;\">El pr\u00f3ximo domingo finalizar\u00e1 la temporada oto\u00f1al en el recinto madrile\u00f1o del Hip\u00f3dromo de la Zarzuela. Jugando en la divisi\u00f3n en la que actualmente juega Espa\u00f1a en este apasionante mundo del turf, los n\u00fameros finales los podemos considerar como exitosos para nuestra modesta y fr\u00e1gil liga. Durante 2023, hemos sido part\u00edcipes en Madrid de un total de 45 jornadas disputadas, donde hemos podido presenciar 240 carreras de galope con una dotaci\u00f3n repartida en premios de m\u00e1s de 3.700.000 euros. Por nuestra parte, como propietarios y criadores, solo nos queda agradecer a todos los responsables que, con su trabajo y dedicaci\u00f3n, han hecho posible finalizar un nuevo a\u00f1o de carreras en nuestro hip\u00f3dromo para beneficio de todos.<\/p>\n<p style=\"text-align: justify;\">En esta \u00faltima jornada oto\u00f1al nos despediremos tambi\u00e9n nosotros con la \u00faltima salida del a\u00f1o en el Premio Veil Picard. Prueba relevante en el calendario oto\u00f1al contemplada para potros y potrancas de dos a\u00f1os sobre la distancia de 2.000 metros. Ser\u00e1 la primera vara de medir para los potros \u201cdosa\u00f1eros\u201d que comienzan desde ya un largo camino hacia las cl\u00e1sicas del pr\u00f3ximo a\u00f1o, como es el Derby.<br \/>\nNuestra apuesta para volver a conquistar ese prestigioso galard\u00f3n que este a\u00f1o consiguiera \u201c<strong>Kowalsky<\/strong>\u201d, la hemos puesto en el reci\u00e9n llegado, <strong>\u201cSuper Rafale\u201d<\/strong>, un nuevo irland\u00e9s para nuestra cuadra que presentamos ante la afici\u00f3n, y que debutar\u00e1 en nuestro turf de la mano de Christian Delcher. <strong>\u201cSuper Rafale\u201d<\/strong> fue adquirido hace poco m\u00e1s de un mes en trato directo con el entrenador franc\u00e9s JC. Rouget, que hasta entonces lo ten\u00eda a su cargo. Este nuevo efectivo es hijo de \u201c<strong>Holy Roman Emperor<\/strong>\u201d (doble ganador de G1 en Irlanda y Francia) y primer producto de la madre por <strong>\u201cGolden Horn<\/strong>\u201d. Su linea materna tiene en su abuela \u201c<strong>Top Loss\u201d<\/strong> varios descendientes de nivel de grupo en Francia. Como primer producto de madre, siempre es un mel\u00f3n por abrir y, aunque ella no fue corredora por lesi\u00f3n prematura, parece que la linea cargada de enorme calidad, tiene buenos visos de aportar corredores de nivel. Nos enfrentamos a la siempre duda de la distancia en estos primeros pasos sobre el medio-fondo, pero su origen por \u201c<strong>Golden Horn<\/strong>\u201d debiera ser un comod\u00edn para asumir esta primera distancia intermedia, y comenzar a saber m\u00e1s de \u00e9l con vistas a su edad cl\u00e1sica. No en vano esta linea paterna americana de \u201c<strong>Super Rafale<\/strong>\u201d llega de la mano de una siempre excelente linea \u201c<strong>Danehill<\/strong>\u201d, ligada a una madre por aquel id\u00edlico caballo que fuera \u201c<strong>Secretariat<\/strong>\u201d.<\/p>\n<p style=\"text-align: justify;\"><strong>\u201cSuper Rafale<\/strong>\u201d se presenta en Espa\u00f1a con un valor 37FR que refrenda una victoria y dos colocaciones de sus cuatro salidas en 2023, siendo este debut en nuestro pa\u00eds, su primer intento sobre las dos curvas. El potro, aunque no de mucha alzada, s\u00ed est\u00e1 dotado con un potente f\u00edsico que lo hace especialmente atractivo, y su aclimataci\u00f3n en Espa\u00f1a en este tiempo ha sido fant\u00e1stica. Su entorno est\u00e1 muy ilusionado con \u00e9l y con un par de trabajos en progresi\u00f3n, aun sin los 10 puntos de forma, est\u00e1 listo para verlo debutar con nuestros colores este pr\u00f3ximo domingo. Nuestra intenci\u00f3n en esta primera carrera ser\u00e1 seguir sumando cheques a un historial en el que ya suma 17.650 euros. Para seguir sumando, necesitamos cotejar su valor FR con la linea de valor de los que ya han rodado en nuestro circuito. Sobre el papel, ante un lote provisional de 9 participantes, parece que podr\u00edamos tener una buena opci\u00f3n de lucha a igualdad de pesos junto con los tres efectivos que sobresalen en la carrera. Son los casos de \u201c<strong>Don Bosco<\/strong>\u201d que recientemente ganara con solvencia el duro premio Fabio de Turnes en 1.800 metros, <strong>\u201cIrish Breath\u201d<\/strong> que tambi\u00e9n viene de ganar con un valor 37ESP, y <strong>\u201cRev\u00e9s de Star<\/strong>\u201d, que sobre terreno pesado plant\u00f3 cara al anterior para completar la gemela. Como sorpresa nos quedamos con \u201c<strong>Urban Territory<\/strong>\u201d. Una potra que ha mejorado mucho desde su debut, y en su \u00faltima gust\u00f3 mucho el remate largo y en progresi\u00f3n que le dio la plata del Fabio de Turnes.<\/p>\n<p style=\"text-align: justify;\">Sus precedentes en Francia nos indican que es un potro al que le gusta ir en vanguardia, aunque posiblemente el preparador sea algo m\u00e1s conservador en esta primera tentativa sobre el fondo. Vamos a ver si se adapta bien al trazado de su nuevo hip\u00f3dromo, y asume bien ese incremento de distancia de la prueba. Su victoria en terreno suave coincide mucho con la previsi\u00f3n de la pista del pr\u00f3ximo domingo, por lo que este aspecto de pista no le deber\u00eda perjudicar en ning\u00fan caso.<\/p>\n<p style=\"text-align: justify;\">Sin partant en esta prueba del l\u00edder de la estad\u00edstica de entrenadores, no hay obligaci\u00f3n contractual para el que ser\u00e1 tambi\u00e9n l\u00edder de la estad\u00edstica de jockeys, Vaclav Janacek, que elige al nuestro para este Veil Picard. Nos hace especial ilusi\u00f3n porque data de septiembre de 2012 la \u00faltima vez que tuvimos el privilegio de contar con el checo con la victoria de \u00ab<strong>Valiant Blue<\/strong>\u00bb en el Premio Partripal. Han pasado m\u00e1s de 11 a\u00f1os desde entonces, y ser\u00e1 muy especial volver a verlo defendiendo nuestra chaquetilla. Le deseamos toda la suerte en este reencuentro.<\/p>\n<p style=\"text-align: justify;\">Mucha suerte equipo!!!<\/p>\n<!-- AddThis Advanced Settings generic via filter on the_content --><!-- AddThis Share Buttons generic via filter on the_content -->","protected":false},"excerpt":{"rendered":"<p>El pr\u00f3ximo domingo finalizar\u00e1 la temporada oto\u00f1al en el recinto madrile\u00f1o del Hip\u00f3dromo de la Zarzuela. Jugando en la divisi\u00f3n en la que actualmente juega Espa\u00f1a en este apasionante mundo del turf, los n\u00fameros finales los podemos considerar como exitosos para nuestra modesta y fr\u00e1gil liga. Durante 2023, hemos sido part\u00edcipes en Madrid de un [&hellip;]<!-- AddThis Advanced Settings generic via filter on get_the_excerpt --><!-- AddThis Share Buttons generic via filter on get_the_excerpt --><\/p>\n","protected":false},"author":5,"featured_media":12777,"comment_status":"closed","ping_status":"open","sticky":false,"template":"","format":"standard","meta":{"_acf_changed":false,"_et_pb_use_builder":"","_et_pb_old_content":"","_et_gb_content_width":"","footnotes":""},"categories":[3],"tags":[],"class_list":["post-12868","post","type-post","status-publish","format-standard","has-post-thumbnail","hentry","category-noticias-cuadra-agrado"],"acf":[],"yoast_head":"<!-- This site is optimized with the Yoast SEO plugin v27.4 - https:\/\/yoast.com\/product\/yoast-seo-wordpress\/ -->\n<title>Super Rafale hace su presentaci\u00f3n en la \u00faltima jornada oto\u00f1al - Cuadra Agrado<\/title>\n<meta name=\"robots\" content=\"index, follow, max-snippet:-1, max-image-preview:large, max-video-preview:-1\" \/>\n<link rel=\"canonical\" href=\"https:\/\/cuadra-agrado.es\/?p=12868\" \/>\n<meta property=\"og:locale\" content=\"es_ES\" \/>\n<meta property=\"og:type\" content=\"article\" \/>\n<meta property=\"og:title\" content=\"Super Rafale hace su presentaci\u00f3n en la \u00faltima jornada oto\u00f1al - Cuadra Agrado\" \/>\n<meta property=\"og:description\" content=\"El pr\u00f3ximo domingo finalizar\u00e1 la temporada oto\u00f1al en el recinto madrile\u00f1o del Hip\u00f3dromo de la Zarzuela. Jugando en la divisi\u00f3n en la que actualmente juega Espa\u00f1a en este apasionante mundo del turf, los n\u00fameros finales los podemos considerar como exitosos para nuestra modesta y fr\u00e1gil liga. Durante 2023, hemos sido part\u00edcipes en Madrid de un [&hellip;]\" \/>\n<meta property=\"og:url\" content=\"https:\/\/cuadra-agrado.es\/?p=12868\" \/>\n<meta property=\"og:site_name\" content=\"Cuadra Agrado\" \/>\n<meta property=\"article:published_time\" content=\"2023-11-13T12:00:48+00:00\" \/>\n<meta property=\"article:modified_time\" content=\"2024-02-27T09:14:29+00:00\" \/>\n<meta property=\"og:image\" content=\"https:\/\/cuadra-agrado.es\/wp-content\/uploads\/2023\/10\/super-rafale.jpg\" \/>\n\t<meta property=\"og:image:width\" content=\"1370\" \/>\n\t<meta property=\"og:image:height\" content=\"915\" \/>\n\t<meta property=\"og:image:type\" content=\"image\/jpeg\" \/>\n<meta name=\"author\" content=\"Miguel Redondo\" \/>\n<meta name=\"twitter:card\" content=\"summary_large_image\" \/>\n<meta name=\"twitter:creator\" content=\"@AGRADOracing\" \/>\n<meta name=\"twitter:site\" content=\"@AGRADOracing\" \/>\n<meta name=\"twitter:label1\" content=\"Escrito por\" \/>\n\t<meta name=\"twitter:data1\" content=\"Miguel Redondo\" \/>\n\t<meta name=\"twitter:label2\" content=\"Tiempo de lectura\" \/>\n\t<meta name=\"twitter:data2\" content=\"4 minutos\" \/>\n<script type=\"application\/ld+json\" class=\"yoast-schema-graph\">{\"@context\":\"https:\\\/\\\/schema.org\",\"@graph\":[{\"@type\":\"Article\",\"@id\":\"https:\\\/\\\/cuadra-agrado.es\\\/?p=12868#article\",\"isPartOf\":{\"@id\":\"https:\\\/\\\/cuadra-agrado.es\\\/?p=12868\"},\"author\":{\"name\":\"Miguel Redondo\",\"@id\":\"https:\\\/\\\/cuadra-agrado.es\\\/#\\\/schema\\\/person\\\/3aa4f8d2373cf756d93a5526bc72f31b\"},\"headline\":\"Super Rafale hace su presentaci\u00f3n en la \u00faltima jornada oto\u00f1al\",\"datePublished\":\"2023-11-13T12:00:48+00:00\",\"dateModified\":\"2024-02-27T09:14:29+00:00\",\"mainEntityOfPage\":{\"@id\":\"https:\\\/\\\/cuadra-agrado.es\\\/?p=12868\"},\"wordCount\":918,\"image\":{\"@id\":\"https:\\\/\\\/cuadra-agrado.es\\\/?p=12868#primaryimage\"},\"thumbnailUrl\":\"https:\\\/\\\/cuadra-agrado.es\\\/wp-content\\\/uploads\\\/2023\\\/10\\\/super-rafale.jpg\",\"articleSection\":[\"Actualidad\"],\"inLanguage\":\"es\"},{\"@type\":\"WebPage\",\"@id\":\"https:\\\/\\\/cuadra-agrado.es\\\/?p=12868\",\"url\":\"https:\\\/\\\/cuadra-agrado.es\\\/?p=12868\",\"name\":\"Super Rafale hace su presentaci\u00f3n en la \u00faltima jornada oto\u00f1al - Cuadra Agrado\",\"isPartOf\":{\"@id\":\"https:\\\/\\\/cuadra-agrado.es\\\/#website\"},\"primaryImageOfPage\":{\"@id\":\"https:\\\/\\\/cuadra-agrado.es\\\/?p=12868#primaryimage\"},\"image\":{\"@id\":\"https:\\\/\\\/cuadra-agrado.es\\\/?p=12868#primaryimage\"},\"thumbnailUrl\":\"https:\\\/\\\/cuadra-agrado.es\\\/wp-content\\\/uploads\\\/2023\\\/10\\\/super-rafale.jpg\",\"datePublished\":\"2023-11-13T12:00:48+00:00\",\"dateModified\":\"2024-02-27T09:14:29+00:00\",\"author\":{\"@id\":\"https:\\\/\\\/cuadra-agrado.es\\\/#\\\/schema\\\/person\\\/3aa4f8d2373cf756d93a5526bc72f31b\"},\"breadcrumb\":{\"@id\":\"https:\\\/\\\/cuadra-agrado.es\\\/?p=12868#breadcrumb\"},\"inLanguage\":\"es\",\"potentialAction\":[{\"@type\":\"ReadAction\",\"target\":[\"https:\\\/\\\/cuadra-agrado.es\\\/?p=12868\"]}]},{\"@type\":\"ImageObject\",\"inLanguage\":\"es\",\"@id\":\"https:\\\/\\\/cuadra-agrado.es\\\/?p=12868#primaryimage\",\"url\":\"https:\\\/\\\/cuadra-agrado.es\\\/wp-content\\\/uploads\\\/2023\\\/10\\\/super-rafale.jpg\",\"contentUrl\":\"https:\\\/\\\/cuadra-agrado.es\\\/wp-content\\\/uploads\\\/2023\\\/10\\\/super-rafale.jpg\",\"width\":1370,\"height\":915},{\"@type\":\"BreadcrumbList\",\"@id\":\"https:\\\/\\\/cuadra-agrado.es\\\/?p=12868#breadcrumb\",\"itemListElement\":[{\"@type\":\"ListItem\",\"position\":1,\"name\":\"Portada\",\"item\":\"https:\\\/\\\/cuadra-agrado.es\\\/\"},{\"@type\":\"ListItem\",\"position\":2,\"name\":\"Super Rafale hace su presentaci\u00f3n en la \u00faltima jornada oto\u00f1al\"}]},{\"@type\":\"WebSite\",\"@id\":\"https:\\\/\\\/cuadra-agrado.es\\\/#website\",\"url\":\"https:\\\/\\\/cuadra-agrado.es\\\/\",\"name\":\"Cuadra Agrado\",\"description\":\"En el mundo del Turf desde 2008\",\"potentialAction\":[{\"@type\":\"SearchAction\",\"target\":{\"@type\":\"EntryPoint\",\"urlTemplate\":\"https:\\\/\\\/cuadra-agrado.es\\\/?s={search_term_string}\"},\"query-input\":{\"@type\":\"PropertyValueSpecification\",\"valueRequired\":true,\"valueName\":\"search_term_string\"}}],\"inLanguage\":\"es\"},{\"@type\":\"Person\",\"@id\":\"https:\\\/\\\/cuadra-agrado.es\\\/#\\\/schema\\\/person\\\/3aa4f8d2373cf756d93a5526bc72f31b\",\"name\":\"Miguel Redondo\",\"image\":{\"@type\":\"ImageObject\",\"inLanguage\":\"es\",\"@id\":\"https:\\\/\\\/secure.gravatar.com\\\/avatar\\\/85704fceb4fa34017e3c1344d182da00dbf772fb8856ba2b7726a2df926415b4?s=96&d=mm&r=g\",\"url\":\"https:\\\/\\\/secure.gravatar.com\\\/avatar\\\/85704fceb4fa34017e3c1344d182da00dbf772fb8856ba2b7726a2df926415b4?s=96&d=mm&r=g\",\"contentUrl\":\"https:\\\/\\\/secure.gravatar.com\\\/avatar\\\/85704fceb4fa34017e3c1344d182da00dbf772fb8856ba2b7726a2df926415b4?s=96&d=mm&r=g\",\"caption\":\"Miguel Redondo\"},\"sameAs\":[\"https:\\\/\\\/cuadra-agrado.es\"],\"url\":\"https:\\\/\\\/cuadra-agrado.es\\\/?author=5\"}]}<\/script>\n<!-- \/ Yoast SEO plugin. -->","yoast_head_json":{"title":"Super Rafale hace su presentaci\u00f3n en la \u00faltima jornada oto\u00f1al - Cuadra Agrado","robots":{"index":"index","follow":"follow","max-snippet":"max-snippet:-1","max-image-preview":"max-image-preview:large","max-video-preview":"max-video-preview:-1"},"canonical":"https:\/\/cuadra-agrado.es\/?p=12868","og_locale":"es_ES","og_type":"article","og_title":"Super Rafale hace su presentaci\u00f3n en la \u00faltima jornada oto\u00f1al - Cuadra Agrado","og_description":"El pr\u00f3ximo domingo finalizar\u00e1 la temporada oto\u00f1al en el recinto madrile\u00f1o del Hip\u00f3dromo de la Zarzuela. Jugando en la divisi\u00f3n en la que actualmente juega Espa\u00f1a en este apasionante mundo del turf, los n\u00fameros finales los podemos considerar como exitosos para nuestra modesta y fr\u00e1gil liga. Durante 2023, hemos sido part\u00edcipes en Madrid de un [&hellip;]","og_url":"https:\/\/cuadra-agrado.es\/?p=12868","og_site_name":"Cuadra Agrado","article_published_time":"2023-11-13T12:00:48+00:00","article_modified_time":"2024-02-27T09:14:29+00:00","og_image":[{"width":1370,"height":915,"url":"https:\/\/cuadra-agrado.es\/wp-content\/uploads\/2023\/10\/super-rafale.jpg","type":"image\/jpeg"}],"author":"Miguel Redondo","twitter_card":"summary_large_image","twitter_creator":"@AGRADOracing","twitter_site":"@AGRADOracing","twitter_misc":{"Escrito por":"Miguel Redondo","Tiempo de lectura":"4 minutos"},"schema":{"@context":"https:\/\/schema.org","@graph":[{"@type":"Article","@id":"https:\/\/cuadra-agrado.es\/?p=12868#article","isPartOf":{"@id":"https:\/\/cuadra-agrado.es\/?p=12868"},"author":{"name":"Miguel Redondo","@id":"https:\/\/cuadra-agrado.es\/#\/schema\/person\/3aa4f8d2373cf756d93a5526bc72f31b"},"headline":"Super Rafale hace su presentaci\u00f3n en la \u00faltima jornada oto\u00f1al","datePublished":"2023-11-13T12:00:48+00:00","dateModified":"2024-02-27T09:14:29+00:00","mainEntityOfPage":{"@id":"https:\/\/cuadra-agrado.es\/?p=12868"},"wordCount":918,"image":{"@id":"https:\/\/cuadra-agrado.es\/?p=12868#primaryimage"},"thumbnailUrl":"https:\/\/cuadra-agrado.es\/wp-content\/uploads\/2023\/10\/super-rafale.jpg","articleSection":["Actualidad"],"inLanguage":"es"},{"@type":"WebPage","@id":"https:\/\/cuadra-agrado.es\/?p=12868","url":"https:\/\/cuadra-agrado.es\/?p=12868","name":"Super Rafale hace su presentaci\u00f3n en la \u00faltima jornada oto\u00f1al - Cuadra Agrado","isPartOf":{"@id":"https:\/\/cuadra-agrado.es\/#website"},"primaryImageOfPage":{"@id":"https:\/\/cuadra-agrado.es\/?p=12868#primaryimage"},"image":{"@id":"https:\/\/cuadra-agrado.es\/?p=12868#primaryimage"},"thumbnailUrl":"https:\/\/cuadra-agrado.es\/wp-content\/uploads\/2023\/10\/super-rafale.jpg","datePublished":"2023-11-13T12:00:48+00:00","dateModified":"2024-02-27T09:14:29+00:00","author":{"@id":"https:\/\/cuadra-agrado.es\/#\/schema\/person\/3aa4f8d2373cf756d93a5526bc72f31b"},"breadcrumb":{"@id":"https:\/\/cuadra-agrado.es\/?p=12868#breadcrumb"},"inLanguage":"es","potentialAction":[{"@type":"ReadAction","target":["https:\/\/cuadra-agrado.es\/?p=12868"]}]},{"@type":"ImageObject","inLanguage":"es","@id":"https:\/\/cuadra-agrado.es\/?p=12868#primaryimage","url":"https:\/\/cuadra-agrado.es\/wp-content\/uploads\/2023\/10\/super-rafale.jpg","contentUrl":"https:\/\/cuadra-agrado.es\/wp-content\/uploads\/2023\/10\/super-rafale.jpg","width":1370,"height":915},{"@type":"BreadcrumbList","@id":"https:\/\/cuadra-agrado.es\/?p=12868#breadcrumb","itemListElement":[{"@type":"ListItem","position":1,"name":"Portada","item":"https:\/\/cuadra-agrado.es\/"},{"@type":"ListItem","position":2,"name":"Super Rafale hace su presentaci\u00f3n en la \u00faltima jornada oto\u00f1al"}]},{"@type":"WebSite","@id":"https:\/\/cuadra-agrado.es\/#website","url":"https:\/\/cuadra-agrado.es\/","name":"Cuadra Agrado","description":"En el mundo del Turf desde 2008","potentialAction":[{"@type":"SearchAction","target":{"@type":"EntryPoint","urlTemplate":"https:\/\/cuadra-agrado.es\/?s={search_term_string}"},"query-input":{"@type":"PropertyValueSpecification","valueRequired":true,"valueName":"search_term_string"}}],"inLanguage":"es"},{"@type":"Person","@id":"https:\/\/cuadra-agrado.es\/#\/schema\/person\/3aa4f8d2373cf756d93a5526bc72f31b","name":"Miguel Redondo","image":{"@type":"ImageObject","inLanguage":"es","@id":"https:\/\/secure.gravatar.com\/avatar\/85704fceb4fa34017e3c1344d182da00dbf772fb8856ba2b7726a2df926415b4?s=96&d=mm&r=g","url":"https:\/\/secure.gravatar.com\/avatar\/85704fceb4fa34017e3c1344d182da00dbf772fb8856ba2b7726a2df926415b4?s=96&d=mm&r=g","contentUrl":"https:\/\/secure.gravatar.com\/avatar\/85704fceb4fa34017e3c1344d182da00dbf772fb8856ba2b7726a2df926415b4?s=96&d=mm&r=g","caption":"Miguel Redondo"},"sameAs":["https:\/\/cuadra-agrado.es"],"url":"https:\/\/cuadra-agrado.es\/?author=5"}]}},"_links":{"self":[{"href":"https:\/\/cuadra-agrado.es\/index.php?rest_route=\/wp\/v2\/posts\/12868","targetHints":{"allow":["GET"]}}],"collection":[{"href":"https:\/\/cuadra-agrado.es\/index.php?rest_route=\/wp\/v2\/posts"}],"about":[{"href":"https:\/\/cuadra-agrado.es\/index.php?rest_route=\/wp\/v2\/types\/post"}],"author":[{"embeddable":true,"href":"https:\/\/cuadra-agrado.es\/index.php?rest_route=\/wp\/v2\/users\/5"}],"replies":[{"embeddable":true,"href":"https:\/\/cuadra-agrado.es\/index.php?rest_route=%2Fwp%2Fv2%2Fcomments&post=12868"}],"version-history":[{"count":0,"href":"https:\/\/cuadra-agrado.es\/index.php?rest_route=\/wp\/v2\/posts\/12868\/revisions"}],"wp:featuredmedia":[{"embeddable":true,"href":"https:\/\/cuadra-agrado.es\/index.php?rest_route=\/wp\/v2\/media\/12777"}],"wp:attachment":[{"href":"https:\/\/cuadra-agrado.es\/index.php?rest_route=%2Fwp%2Fv2%2Fmedia&parent=12868"}],"wp:term":[{"taxonomy":"category","embeddable":true,"href":"https:\/\/cuadra-agrado.es\/index.php?rest_route=%2Fwp%2Fv2%2Fcategories&post=12868"},{"taxonomy":"post_tag","embeddable":true,"href":"https:\/\/cuadra-agrado.es\/index.php?rest_route=%2Fwp%2Fv2%2Ftags&post=12868"}],"curies":[{"name":"wp","href":"https:\/\/api.w.org\/{rel}","templated":true}]}}