{"id":12837,"date":"2023-10-31T19:34:51","date_gmt":"2023-10-31T19:34:51","guid":{"rendered":"https:\/\/cuadra-agrado.es\/?p=12837"},"modified":"2024-02-27T09:14:29","modified_gmt":"2024-02-27T09:14:29","slug":"despedida-de-kendaya-y-ultima-del-ano-para-kowalsky","status":"publish","type":"post","link":"https:\/\/cuadra-agrado.es\/?p=12837","title":{"rendered":"Despedida de Kendaya y fin de temporada para Kowalsky"},"content":{"rendered":"<p style=\"text-align: justify;\"><span data-contrast=\"auto\">Este pr\u00f3ximo domingo ser\u00e1 la \u00faltima salida del oto\u00f1o para \u201c<strong>Kowalsky<\/strong>\u201d y \u201c<strong>Kendaya<\/strong>\u201d. El primero se despide de 2023 en el GP Rom\u00e1n Martin ante un selecto lote de once participantes, todos ellos cargados de enorme valor. \u201c<strong>Kendaya<\/strong>\u201d, se despide no solo de la temporada, sino que tambi\u00e9n lo har\u00e1 de competici\u00f3n en un Gran H\u00e1ndicap ante un buen lote de trece participantes.<\/span><span data-ccp-props=\"{&quot;201341983&quot;:0,&quot;335559739&quot;:160,&quot;335559740&quot;:259}\"> Despu\u00e9s de esta, cambiar\u00e1 su residencia definitiva a nuestra yeguada, esperando paciente su pr\u00f3xima etapa como futura yegua madre.<\/span><\/p>\n<p style=\"text-align: justify;\"><span data-contrast=\"auto\">Comenzamos la cr\u00f3nica con \u201c<strong>Kendaya<\/strong>\u201d que disputar\u00e1 el Premio Infanta Beatriz sobre una distancia de 1.600 metros. Un gran h\u00e1ndicap referenciado para caballos y yeguas de valor donde tratar\u00e1 de despedirse de la mejor forma posible. Si \u201c<strong>Kendaya<\/strong>\u201d diera el magn\u00edfico valor que ofreci\u00f3 en su \u00faltima actuaci\u00f3n con un 41-42, sin duda estar\u00edamos hablando de muchas opciones de victoria aprovechando esos tres kilos que le concede este h\u00e1ndicap. Pero, son muchos a\u00f1os ya conoci\u00e9ndola y, hemos aprendido de ella que su valor no es constante y, simplemente, se adapta al valor de cada carrera. Puede luchar contra caballos de Gran Premio y estar con ellos, de la misma forma que puede luchar contra valores de reclamar, y estar de igual forma con ellos. Este es y ha sido el gran h\u00e1ndicap de \u201c<strong>Kendaya<\/strong>\u201d en su vida de competici\u00f3n. Una gran yegua poco ganadora que simplemente se adapta a lo que le echen sin la necesaria intenci\u00f3n de pasar primera por meta. Algo complicado y complejo de asumir, pero algo al fin y al cabo que ha estado siempre presente en nuestro bonito viaje con ella durante estos a\u00f1os. <\/span><span data-ccp-props=\"{&quot;201341983&quot;:0,&quot;335559739&quot;:160,&quot;335559740&quot;:259}\">\u00a0<\/span><\/p>\n<p style=\"text-align: justify;\"><span data-contrast=\"auto\">Su \u00faltima carrera se plantear\u00e1 de la misma forma que sus dos \u00faltimas en esta distancia millera, donde parece galopar m\u00e1s relajada que en su larga etapa como sprinter. Las previsibles \u00f3rdenes volver\u00e1n a ser llevarla en conserva, dejando pasar los metros, y buscando su opci\u00f3n en los \u00faltimos 300. Todo depender\u00e1 de la suerte que tenga en esos \u00faltimos metros con el tr\u00e1fico que llevar\u00e1 delante, y las ganas que le ponga hasta el \u00faltimo aliento de competici\u00f3n. Para ello, contar\u00e1 con la dupla que mejor la ha entendido en esta \u00faltima etapa. Ser\u00e1 la tercera consecutiva con Jos\u00e9 Luis Borrego a su lado. En sus dos precedentes, supo medir el recorrido llev\u00e1ndole a luchar las medallas en pruebas de nivel. En esta \u00faltima salida a pista, tratar\u00e1 de buscar ese gen ganador que permanece oculto desde hace ya demasiado tiempo para despedirse con esa victoria que tanto tiempo lleva mereciendo. No estar\u00eda nada mal que se uniera a las inolvidables despedidas de \u201c<strong>Barbarigo<\/strong>\u201d y \u201c<strong>Super Trip<\/strong>\u201d. Mucha suerte \u201c<strong>Kendaya<\/strong>\u201d y, pase lo que pase, un verdadero placer haberte tenido defendiendo nuestros colores.<\/span><\/p>\n<p style=\"text-align: justify;\"><span data-contrast=\"auto\">En la quinta de la jornada podremos disfrutar de una de las mejores carreras del oto\u00f1o con \u201c<strong>Kowalsky<\/strong>\u201d en el reparto. El Gran Premio Rom\u00e1n Mart\u00edn llega plagado de grandes caballos de edad, y los mejores tres a\u00f1os del momento. 11 participantes entre los que destacan \u201c<strong>Il Decamerone<\/strong>\u201d, como vigente ganador de la Copa de Oro de San Sebasti\u00e1n, \u201c<strong>Media Storm<\/strong>\u201d, ganador el pasado a\u00f1o del Gran Premio de Madrid, y \u201c<strong>Lisicles<\/strong>\u201d, segundo de la Copa de Oro este a\u00f1o, y tercero del reciente Gran Premio de la Hispanidad. De los tres a\u00f1os que tratar\u00e1n de pon\u00e9rselo dif\u00edcil a los viejos, podemos destacar a \u201c<strong>Sommersun<\/strong>\u201d reciente ganador en su \u00faltima salida, y que ya demostrara su enorme valor a dos a\u00f1os con la consecuci\u00f3n de la tripleta de la Santander Cup del pasado a\u00f1o y para mi, la mejor f\u00e9mina cl\u00e1sica del presenta a\u00f1o, \u201c<strong>War of Dance\u201d, <\/strong>que no se ha ca\u00eddo del tr\u00edo en todo el a\u00f1o, y que llega con una may\u00fascula vitola que le otorga ser la flamante ganadora de todo un Memorial Duque de Toledo en su \u00faltima actuaci\u00f3n. Sin duda, para nosotros la favorita de este Rom\u00e1n Mart\u00edn.<\/span><\/p>\n<p style=\"text-align: justify;\"><span data-contrast=\"auto\">Ser\u00e1 el tercer gran premio oto\u00f1al para<strong> \u201cKowalsky<\/strong>\u201d, y quinto grande del a\u00f1o. En el pasado Villamejor, los excesivos 2.800 metros, y una forma no demasiado afinada despu\u00e9s de 4 meses sin competir le pasaron l\u00f3gica factura, y solo se pudo colgar un meritorio bronce. En su \u00faltima actuaci\u00f3n en el Memorial, un recorrido a contra-estilo, y una monta francesa desastrosa de principio a fin, sentenciaron sus opciones. Al final, en ninguna de las dos salidas pudimos ver el valor demostrado como vigente ganador del Derby. Su forma estaba ya afinada para la anterior, por lo que sigue manteniendo gl\u00f3bulos rojos en cantidad y calidad para otro gran premio. Es verdad que llega a esta \u00faltima despu\u00e9s de una cargada edad cl\u00e1sica. Disputar Poule, Derby, Villamejor, Memorial y ahora Rom\u00e1n Mart\u00edn no es f\u00e1cil de asumir y manejar, pero el descanso estival, y el portento f\u00edsico con el que cuenta sigue avalando esta \u00faltima salida. En este fin de curso, esperamos volver a verle luchar la carrera y, para ello, confiamos plenamente en las buenas manos de Alejandro Guti\u00e9rrez Val, que se desplaza a Madrid con mucha confianza en las posibilidades del caballo. Los dos kil\u00f3metros de metraje se adaptan mucho mejor a su condici\u00f3n que los 2.400 del memorial que se encuentran en su l\u00edmite, e infinitamente mejor que los 2.800 del Villamejor, totalmente fuera de horquilla. No hay demasiada excusa para esta tercera oportunidad oto\u00f1al. Solo confiar que \u201c<strong>Kowalsky<\/strong>\u201d tenga un recorrido limpio, viaje en posiciones de vanguardia hasta su entrada a recta y que, al final del recorrido, vea esa pista libre que necesita para desplegar ese valor que, sin ninguna duda sigue manteniendo, aunque no hayamos podido presenciarlo este oto\u00f1o.<\/span><\/p>\n<p style=\"text-align: justify;\"><span data-contrast=\"auto\">Mucha suerte Equipo!!!<\/span><span data-ccp-props=\"{&quot;201341983&quot;:0,&quot;335559739&quot;:160,&quot;335559740&quot;:259}\">\u00a0<\/span><\/p>\n<!-- AddThis Advanced Settings generic via filter on the_content --><!-- AddThis Share Buttons generic via filter on the_content -->","protected":false},"excerpt":{"rendered":"<p>Este pr\u00f3ximo domingo ser\u00e1 la \u00faltima salida del oto\u00f1o para \u201cKowalsky\u201d y \u201cKendaya\u201d. El primero se despide de 2023 en el GP Rom\u00e1n Martin ante un selecto lote de once participantes, todos ellos cargados de enorme valor. \u201cKendaya\u201d, se despide no solo de la temporada, sino que tambi\u00e9n lo har\u00e1 de competici\u00f3n en un Gran [&hellip;]<!-- AddThis Advanced Settings generic via filter on get_the_excerpt --><!-- AddThis Share Buttons generic via filter on get_the_excerpt --><\/p>\n","protected":false},"author":5,"featured_media":12173,"comment_status":"closed","ping_status":"open","sticky":false,"template":"","format":"standard","meta":{"_acf_changed":false,"_et_pb_use_builder":"","_et_pb_old_content":"","_et_gb_content_width":"","footnotes":""},"categories":[3],"tags":[],"class_list":["post-12837","post","type-post","status-publish","format-standard","has-post-thumbnail","hentry","category-noticias-cuadra-agrado"],"acf":[],"yoast_head":"<!-- This site is optimized with the Yoast SEO plugin v27.4 - https:\/\/yoast.com\/product\/yoast-seo-wordpress\/ -->\n<title>Despedida de Kendaya y fin de temporada para Kowalsky - Cuadra Agrado<\/title>\n<meta name=\"robots\" content=\"index, follow, max-snippet:-1, max-image-preview:large, max-video-preview:-1\" \/>\n<link rel=\"canonical\" href=\"https:\/\/cuadra-agrado.es\/?p=12837\" \/>\n<meta property=\"og:locale\" content=\"es_ES\" \/>\n<meta property=\"og:type\" content=\"article\" \/>\n<meta property=\"og:title\" content=\"Despedida de Kendaya y fin de temporada para Kowalsky - Cuadra Agrado\" \/>\n<meta property=\"og:description\" content=\"Este pr\u00f3ximo domingo ser\u00e1 la \u00faltima salida del oto\u00f1o para \u201cKowalsky\u201d y \u201cKendaya\u201d. El primero se despide de 2023 en el GP Rom\u00e1n Martin ante un selecto lote de once participantes, todos ellos cargados de enorme valor. \u201cKendaya\u201d, se despide no solo de la temporada, sino que tambi\u00e9n lo har\u00e1 de competici\u00f3n en un Gran [&hellip;]\" \/>\n<meta property=\"og:url\" content=\"https:\/\/cuadra-agrado.es\/?p=12837\" \/>\n<meta property=\"og:site_name\" content=\"Cuadra Agrado\" \/>\n<meta property=\"article:published_time\" content=\"2023-10-31T19:34:51+00:00\" \/>\n<meta property=\"article:modified_time\" content=\"2024-02-27T09:14:29+00:00\" \/>\n<meta property=\"og:image\" content=\"https:\/\/cuadra-agrado.es\/wp-content\/uploads\/2023\/06\/Img_01-1-scaled.jpg\" \/>\n\t<meta property=\"og:image:width\" content=\"2560\" \/>\n\t<meta property=\"og:image:height\" content=\"1707\" \/>\n\t<meta property=\"og:image:type\" content=\"image\/jpeg\" \/>\n<meta name=\"author\" content=\"Miguel Redondo\" \/>\n<meta name=\"twitter:card\" content=\"summary_large_image\" \/>\n<meta name=\"twitter:creator\" content=\"@AGRADOracing\" \/>\n<meta name=\"twitter:site\" content=\"@AGRADOracing\" \/>\n<meta name=\"twitter:label1\" content=\"Escrito por\" \/>\n\t<meta name=\"twitter:data1\" content=\"Miguel Redondo\" \/>\n\t<meta name=\"twitter:label2\" content=\"Tiempo de lectura\" \/>\n\t<meta name=\"twitter:data2\" content=\"5 minutos\" \/>\n<script type=\"application\/ld+json\" class=\"yoast-schema-graph\">{\"@context\":\"https:\\\/\\\/schema.org\",\"@graph\":[{\"@type\":\"Article\",\"@id\":\"https:\\\/\\\/cuadra-agrado.es\\\/?p=12837#article\",\"isPartOf\":{\"@id\":\"https:\\\/\\\/cuadra-agrado.es\\\/?p=12837\"},\"author\":{\"name\":\"Miguel Redondo\",\"@id\":\"https:\\\/\\\/cuadra-agrado.es\\\/#\\\/schema\\\/person\\\/3aa4f8d2373cf756d93a5526bc72f31b\"},\"headline\":\"Despedida de Kendaya y fin de temporada para Kowalsky\",\"datePublished\":\"2023-10-31T19:34:51+00:00\",\"dateModified\":\"2024-02-27T09:14:29+00:00\",\"mainEntityOfPage\":{\"@id\":\"https:\\\/\\\/cuadra-agrado.es\\\/?p=12837\"},\"wordCount\":1005,\"image\":{\"@id\":\"https:\\\/\\\/cuadra-agrado.es\\\/?p=12837#primaryimage\"},\"thumbnailUrl\":\"https:\\\/\\\/cuadra-agrado.es\\\/wp-content\\\/uploads\\\/2023\\\/06\\\/Img_01-1-scaled.jpg\",\"articleSection\":[\"Actualidad\"],\"inLanguage\":\"es\"},{\"@type\":\"WebPage\",\"@id\":\"https:\\\/\\\/cuadra-agrado.es\\\/?p=12837\",\"url\":\"https:\\\/\\\/cuadra-agrado.es\\\/?p=12837\",\"name\":\"Despedida de Kendaya y fin de temporada para Kowalsky - Cuadra Agrado\",\"isPartOf\":{\"@id\":\"https:\\\/\\\/cuadra-agrado.es\\\/#website\"},\"primaryImageOfPage\":{\"@id\":\"https:\\\/\\\/cuadra-agrado.es\\\/?p=12837#primaryimage\"},\"image\":{\"@id\":\"https:\\\/\\\/cuadra-agrado.es\\\/?p=12837#primaryimage\"},\"thumbnailUrl\":\"https:\\\/\\\/cuadra-agrado.es\\\/wp-content\\\/uploads\\\/2023\\\/06\\\/Img_01-1-scaled.jpg\",\"datePublished\":\"2023-10-31T19:34:51+00:00\",\"dateModified\":\"2024-02-27T09:14:29+00:00\",\"author\":{\"@id\":\"https:\\\/\\\/cuadra-agrado.es\\\/#\\\/schema\\\/person\\\/3aa4f8d2373cf756d93a5526bc72f31b\"},\"breadcrumb\":{\"@id\":\"https:\\\/\\\/cuadra-agrado.es\\\/?p=12837#breadcrumb\"},\"inLanguage\":\"es\",\"potentialAction\":[{\"@type\":\"ReadAction\",\"target\":[\"https:\\\/\\\/cuadra-agrado.es\\\/?p=12837\"]}]},{\"@type\":\"ImageObject\",\"inLanguage\":\"es\",\"@id\":\"https:\\\/\\\/cuadra-agrado.es\\\/?p=12837#primaryimage\",\"url\":\"https:\\\/\\\/cuadra-agrado.es\\\/wp-content\\\/uploads\\\/2023\\\/06\\\/Img_01-1-scaled.jpg\",\"contentUrl\":\"https:\\\/\\\/cuadra-agrado.es\\\/wp-content\\\/uploads\\\/2023\\\/06\\\/Img_01-1-scaled.jpg\",\"width\":2560,\"height\":1707},{\"@type\":\"BreadcrumbList\",\"@id\":\"https:\\\/\\\/cuadra-agrado.es\\\/?p=12837#breadcrumb\",\"itemListElement\":[{\"@type\":\"ListItem\",\"position\":1,\"name\":\"Portada\",\"item\":\"https:\\\/\\\/cuadra-agrado.es\\\/\"},{\"@type\":\"ListItem\",\"position\":2,\"name\":\"Despedida de Kendaya y fin de temporada para Kowalsky\"}]},{\"@type\":\"WebSite\",\"@id\":\"https:\\\/\\\/cuadra-agrado.es\\\/#website\",\"url\":\"https:\\\/\\\/cuadra-agrado.es\\\/\",\"name\":\"Cuadra Agrado\",\"description\":\"En el mundo del Turf desde 2008\",\"potentialAction\":[{\"@type\":\"SearchAction\",\"target\":{\"@type\":\"EntryPoint\",\"urlTemplate\":\"https:\\\/\\\/cuadra-agrado.es\\\/?s={search_term_string}\"},\"query-input\":{\"@type\":\"PropertyValueSpecification\",\"valueRequired\":true,\"valueName\":\"search_term_string\"}}],\"inLanguage\":\"es\"},{\"@type\":\"Person\",\"@id\":\"https:\\\/\\\/cuadra-agrado.es\\\/#\\\/schema\\\/person\\\/3aa4f8d2373cf756d93a5526bc72f31b\",\"name\":\"Miguel Redondo\",\"image\":{\"@type\":\"ImageObject\",\"inLanguage\":\"es\",\"@id\":\"https:\\\/\\\/secure.gravatar.com\\\/avatar\\\/85704fceb4fa34017e3c1344d182da00dbf772fb8856ba2b7726a2df926415b4?s=96&d=mm&r=g\",\"url\":\"https:\\\/\\\/secure.gravatar.com\\\/avatar\\\/85704fceb4fa34017e3c1344d182da00dbf772fb8856ba2b7726a2df926415b4?s=96&d=mm&r=g\",\"contentUrl\":\"https:\\\/\\\/secure.gravatar.com\\\/avatar\\\/85704fceb4fa34017e3c1344d182da00dbf772fb8856ba2b7726a2df926415b4?s=96&d=mm&r=g\",\"caption\":\"Miguel Redondo\"},\"sameAs\":[\"https:\\\/\\\/cuadra-agrado.es\"],\"url\":\"https:\\\/\\\/cuadra-agrado.es\\\/?author=5\"}]}<\/script>\n<!-- \/ Yoast SEO plugin. -->","yoast_head_json":{"title":"Despedida de Kendaya y fin de temporada para Kowalsky - Cuadra Agrado","robots":{"index":"index","follow":"follow","max-snippet":"max-snippet:-1","max-image-preview":"max-image-preview:large","max-video-preview":"max-video-preview:-1"},"canonical":"https:\/\/cuadra-agrado.es\/?p=12837","og_locale":"es_ES","og_type":"article","og_title":"Despedida de Kendaya y fin de temporada para Kowalsky - Cuadra Agrado","og_description":"Este pr\u00f3ximo domingo ser\u00e1 la \u00faltima salida del oto\u00f1o para \u201cKowalsky\u201d y \u201cKendaya\u201d. El primero se despide de 2023 en el GP Rom\u00e1n Martin ante un selecto lote de once participantes, todos ellos cargados de enorme valor. \u201cKendaya\u201d, se despide no solo de la temporada, sino que tambi\u00e9n lo har\u00e1 de competici\u00f3n en un Gran [&hellip;]","og_url":"https:\/\/cuadra-agrado.es\/?p=12837","og_site_name":"Cuadra Agrado","article_published_time":"2023-10-31T19:34:51+00:00","article_modified_time":"2024-02-27T09:14:29+00:00","og_image":[{"width":2560,"height":1707,"url":"https:\/\/cuadra-agrado.es\/wp-content\/uploads\/2023\/06\/Img_01-1-scaled.jpg","type":"image\/jpeg"}],"author":"Miguel Redondo","twitter_card":"summary_large_image","twitter_creator":"@AGRADOracing","twitter_site":"@AGRADOracing","twitter_misc":{"Escrito por":"Miguel Redondo","Tiempo de lectura":"5 minutos"},"schema":{"@context":"https:\/\/schema.org","@graph":[{"@type":"Article","@id":"https:\/\/cuadra-agrado.es\/?p=12837#article","isPartOf":{"@id":"https:\/\/cuadra-agrado.es\/?p=12837"},"author":{"name":"Miguel Redondo","@id":"https:\/\/cuadra-agrado.es\/#\/schema\/person\/3aa4f8d2373cf756d93a5526bc72f31b"},"headline":"Despedida de Kendaya y fin de temporada para Kowalsky","datePublished":"2023-10-31T19:34:51+00:00","dateModified":"2024-02-27T09:14:29+00:00","mainEntityOfPage":{"@id":"https:\/\/cuadra-agrado.es\/?p=12837"},"wordCount":1005,"image":{"@id":"https:\/\/cuadra-agrado.es\/?p=12837#primaryimage"},"thumbnailUrl":"https:\/\/cuadra-agrado.es\/wp-content\/uploads\/2023\/06\/Img_01-1-scaled.jpg","articleSection":["Actualidad"],"inLanguage":"es"},{"@type":"WebPage","@id":"https:\/\/cuadra-agrado.es\/?p=12837","url":"https:\/\/cuadra-agrado.es\/?p=12837","name":"Despedida de Kendaya y fin de temporada para Kowalsky - Cuadra Agrado","isPartOf":{"@id":"https:\/\/cuadra-agrado.es\/#website"},"primaryImageOfPage":{"@id":"https:\/\/cuadra-agrado.es\/?p=12837#primaryimage"},"image":{"@id":"https:\/\/cuadra-agrado.es\/?p=12837#primaryimage"},"thumbnailUrl":"https:\/\/cuadra-agrado.es\/wp-content\/uploads\/2023\/06\/Img_01-1-scaled.jpg","datePublished":"2023-10-31T19:34:51+00:00","dateModified":"2024-02-27T09:14:29+00:00","author":{"@id":"https:\/\/cuadra-agrado.es\/#\/schema\/person\/3aa4f8d2373cf756d93a5526bc72f31b"},"breadcrumb":{"@id":"https:\/\/cuadra-agrado.es\/?p=12837#breadcrumb"},"inLanguage":"es","potentialAction":[{"@type":"ReadAction","target":["https:\/\/cuadra-agrado.es\/?p=12837"]}]},{"@type":"ImageObject","inLanguage":"es","@id":"https:\/\/cuadra-agrado.es\/?p=12837#primaryimage","url":"https:\/\/cuadra-agrado.es\/wp-content\/uploads\/2023\/06\/Img_01-1-scaled.jpg","contentUrl":"https:\/\/cuadra-agrado.es\/wp-content\/uploads\/2023\/06\/Img_01-1-scaled.jpg","width":2560,"height":1707},{"@type":"BreadcrumbList","@id":"https:\/\/cuadra-agrado.es\/?p=12837#breadcrumb","itemListElement":[{"@type":"ListItem","position":1,"name":"Portada","item":"https:\/\/cuadra-agrado.es\/"},{"@type":"ListItem","position":2,"name":"Despedida de Kendaya y fin de temporada para Kowalsky"}]},{"@type":"WebSite","@id":"https:\/\/cuadra-agrado.es\/#website","url":"https:\/\/cuadra-agrado.es\/","name":"Cuadra Agrado","description":"En el mundo del Turf desde 2008","potentialAction":[{"@type":"SearchAction","target":{"@type":"EntryPoint","urlTemplate":"https:\/\/cuadra-agrado.es\/?s={search_term_string}"},"query-input":{"@type":"PropertyValueSpecification","valueRequired":true,"valueName":"search_term_string"}}],"inLanguage":"es"},{"@type":"Person","@id":"https:\/\/cuadra-agrado.es\/#\/schema\/person\/3aa4f8d2373cf756d93a5526bc72f31b","name":"Miguel Redondo","image":{"@type":"ImageObject","inLanguage":"es","@id":"https:\/\/secure.gravatar.com\/avatar\/85704fceb4fa34017e3c1344d182da00dbf772fb8856ba2b7726a2df926415b4?s=96&d=mm&r=g","url":"https:\/\/secure.gravatar.com\/avatar\/85704fceb4fa34017e3c1344d182da00dbf772fb8856ba2b7726a2df926415b4?s=96&d=mm&r=g","contentUrl":"https:\/\/secure.gravatar.com\/avatar\/85704fceb4fa34017e3c1344d182da00dbf772fb8856ba2b7726a2df926415b4?s=96&d=mm&r=g","caption":"Miguel Redondo"},"sameAs":["https:\/\/cuadra-agrado.es"],"url":"https:\/\/cuadra-agrado.es\/?author=5"}]}},"_links":{"self":[{"href":"https:\/\/cuadra-agrado.es\/index.php?rest_route=\/wp\/v2\/posts\/12837","targetHints":{"allow":["GET"]}}],"collection":[{"href":"https:\/\/cuadra-agrado.es\/index.php?rest_route=\/wp\/v2\/posts"}],"about":[{"href":"https:\/\/cuadra-agrado.es\/index.php?rest_route=\/wp\/v2\/types\/post"}],"author":[{"embeddable":true,"href":"https:\/\/cuadra-agrado.es\/index.php?rest_route=\/wp\/v2\/users\/5"}],"replies":[{"embeddable":true,"href":"https:\/\/cuadra-agrado.es\/index.php?rest_route=%2Fwp%2Fv2%2Fcomments&post=12837"}],"version-history":[{"count":0,"href":"https:\/\/cuadra-agrado.es\/index.php?rest_route=\/wp\/v2\/posts\/12837\/revisions"}],"wp:featuredmedia":[{"embeddable":true,"href":"https:\/\/cuadra-agrado.es\/index.php?rest_route=\/wp\/v2\/media\/12173"}],"wp:attachment":[{"href":"https:\/\/cuadra-agrado.es\/index.php?rest_route=%2Fwp%2Fv2%2Fmedia&parent=12837"}],"wp:term":[{"taxonomy":"category","embeddable":true,"href":"https:\/\/cuadra-agrado.es\/index.php?rest_route=%2Fwp%2Fv2%2Fcategories&post=12837"},{"taxonomy":"post_tag","embeddable":true,"href":"https:\/\/cuadra-agrado.es\/index.php?rest_route=%2Fwp%2Fv2%2Ftags&post=12837"}],"curies":[{"name":"wp","href":"https:\/\/api.w.org\/{rel}","templated":true}]}}