{"id":1250,"date":"2014-04-29T10:09:42","date_gmt":"2014-04-29T09:09:42","guid":{"rendered":"https:\/\/cuadra-agrado.es\/?p=1250"},"modified":"2024-02-27T09:31:59","modified_gmt":"2024-02-27T09:31:59","slug":"il-presuntuoso-se-presenta-en-madrid","status":"publish","type":"post","link":"https:\/\/cuadra-agrado.es\/?p=1250","title":{"rendered":"IL Presuntuoso disputar\u00e1 el premio &#8216;Velayos&#8217;"},"content":{"rendered":"<p style=\"text-align: justify;\"><a href=\"http:\/\/cuadra-agrado.es\/wp-content\/uploads\/2014\/04\/ilpresuntuoso.jpeg\" target=\"_blank\" rel=\"noopener noreferrer\"><img loading=\"lazy\" decoding=\"async\" class=\" wp-image-1251 alignright\" alt=\"ilpresuntuoso\" src=\"http:\/\/cuadra-agrado.es\/wp-content\/uploads\/2014\/04\/ilpresuntuoso.jpeg\" width=\"300\" height=\"190\" \/><\/a>IL Presuntuoso, potro franc\u00e9s 3 a\u00f1os reclamado para nuestra cuadra el pasado mes de Marzo en Francia, debutar\u00e1 este pr\u00f3ximo domingo en &#8216;la Zarzuela&#8217; en el premio &#8216;Velayos&#8217; sobre distancia de 2.200 metros.<\/p>\n<p style=\"text-align: justify;\">Tras ser tratado durante este tiempo por un peque\u00f1o problema de dorso, hemos tenido la paciencia suficiente para dejar pasar la &#8216;Poule&#8217; (nuestro primer objetivo con \u00e9l) y el pasado &#8216;Nouvel An&#8217; para afrontar en mejores condiciones este &#8216;Velayos 2014&#8217; donde se tendr\u00e1 que medir con los mejores &#8216;no nacionales&#8217; de esta generaci\u00f3n como &#8216;Alfoz&#8217; (en el tr\u00edo en sus dos \u00faltimas salidas y muy en forma), &#8216;Barbill\u00f3n&#8217; (ganador del premio Vichisky), &#8216;Niquel&#8217; (reciente ganador en la misma distancia) y &#8216;Yuso&#8217; entre otros, tercero en la pasado Poule, sin desmerecer en absoluto a los restantes, &#8216;King Of Silence&#8217; y &#8216;Ferote&#8217;.<\/p>\n<p style=\"text-align: justify;\">Sus actuaciones precedentes nos animaron a echar papeleta por \u00e9l en su \u00faltima en Francia donde despu\u00e9s de ganar en distancia de 1.500 metros corri\u00f3 una semana despu\u00e9s sobre 2.400 metros obteniendo un segundo puesto. Es ganador a dos a\u00f1os de 2 carreras en Italia sobre hierba y una victoria m\u00e1s a tres a\u00f1os sobre la fibra francesa.<br \/>\nCreemos que su mejor superficie sigue siendo el verde, aunque sus \u00faltimas francesas hayan sido todas en fibra, al menos esto es lo que a priori parece determinar nuestra preparaci\u00f3n de acuerdo con los trabajos realizados.<\/p>\n<p style=\"text-align: justify;\">Nuevamente la monta la volvemos a confiar a &#8216;Borja Fayos&#8217; que trabaja con \u00e9l habitualmente en las ma\u00f1anas y que a falta de contrastar valor en pista, parece tiene puestos sus objetivos en luchar este &#8216;Velayos&#8217;. Sin duda, estar en el tr\u00edo despu\u00e9s de estos peque\u00f1os problemas de salud, ser\u00eda un magn\u00edfico resultado para confiar en su progresi\u00f3n de cara a temporada de verano y por qu\u00e9 no, a grandes premios de medio fondo en edad cl\u00e1sica!!!<\/p>\n<p>&nbsp;<\/p>\n<hr \/>\n<!-- AddThis Advanced Settings generic via filter on the_content --><!-- AddThis Share Buttons generic via filter on the_content -->","protected":false},"excerpt":{"rendered":"<p>IL Presuntuoso, potro franc\u00e9s 3 a\u00f1os reclamado para nuestra cuadra el pasado mes de Marzo en Francia, debutar\u00e1 este pr\u00f3ximo domingo en &#8216;la Zarzuela&#8217; en el premio &#8216;Velayos&#8217; sobre distancia de 2.200 metros. Tras ser tratado durante este tiempo por un peque\u00f1o problema de dorso, hemos tenido la paciencia suficiente para dejar pasar la &#8216;Poule&#8217; [&hellip;]<!-- AddThis Advanced Settings generic via filter on get_the_excerpt --><!-- AddThis Share Buttons generic via filter on get_the_excerpt --><\/p>\n","protected":false},"author":5,"featured_media":0,"comment_status":"closed","ping_status":"closed","sticky":false,"template":"","format":"gallery","meta":{"_acf_changed":false,"_et_pb_use_builder":"","_et_pb_old_content":"","_et_gb_content_width":"","footnotes":""},"categories":[3],"tags":[],"class_list":["post-1250","post","type-post","status-publish","format-gallery","hentry","category-noticias-cuadra-agrado","post_format-post-format-gallery"],"acf":[],"yoast_head":"<!-- This site is optimized with the Yoast SEO plugin v27.4 - https:\/\/yoast.com\/product\/yoast-seo-wordpress\/ -->\n<title>IL Presuntuoso disputar\u00e1 el premio &#039;Velayos&#039; - Cuadra Agrado<\/title>\n<meta name=\"robots\" content=\"index, follow, max-snippet:-1, max-image-preview:large, max-video-preview:-1\" \/>\n<link rel=\"canonical\" href=\"https:\/\/cuadra-agrado.es\/?p=1250\" \/>\n<meta property=\"og:locale\" content=\"es_ES\" \/>\n<meta property=\"og:type\" content=\"article\" \/>\n<meta property=\"og:title\" content=\"IL Presuntuoso disputar\u00e1 el premio &#039;Velayos&#039; - Cuadra Agrado\" \/>\n<meta property=\"og:description\" content=\"IL Presuntuoso, potro franc\u00e9s 3 a\u00f1os reclamado para nuestra cuadra el pasado mes de Marzo en Francia, debutar\u00e1 este pr\u00f3ximo domingo en &#8216;la Zarzuela&#8217; en el premio &#8216;Velayos&#8217; sobre distancia de 2.200 metros. Tras ser tratado durante este tiempo por un peque\u00f1o problema de dorso, hemos tenido la paciencia suficiente para dejar pasar la &#8216;Poule&#8217; [&hellip;]\" \/>\n<meta property=\"og:url\" content=\"https:\/\/cuadra-agrado.es\/?p=1250\" \/>\n<meta property=\"og:site_name\" content=\"Cuadra Agrado\" \/>\n<meta property=\"article:published_time\" content=\"2014-04-29T09:09:42+00:00\" \/>\n<meta property=\"article:modified_time\" content=\"2024-02-27T09:31:59+00:00\" \/>\n<meta property=\"og:image\" content=\"http:\/\/cuadra-agrado.es\/wp-content\/uploads\/2014\/04\/ilpresuntuoso.jpeg\" \/>\n<meta name=\"author\" content=\"Miguel Redondo\" \/>\n<meta name=\"twitter:card\" content=\"summary_large_image\" \/>\n<meta name=\"twitter:creator\" content=\"@AGRADOracing\" \/>\n<meta name=\"twitter:site\" content=\"@AGRADOracing\" \/>\n<meta name=\"twitter:label1\" content=\"Escrito por\" \/>\n\t<meta name=\"twitter:data1\" content=\"Miguel Redondo\" \/>\n\t<meta name=\"twitter:label2\" content=\"Tiempo de lectura\" \/>\n\t<meta name=\"twitter:data2\" content=\"2 minutos\" \/>\n<script type=\"application\/ld+json\" class=\"yoast-schema-graph\">{\"@context\":\"https:\\\/\\\/schema.org\",\"@graph\":[{\"@type\":\"Article\",\"@id\":\"https:\\\/\\\/cuadra-agrado.es\\\/?p=1250#article\",\"isPartOf\":{\"@id\":\"https:\\\/\\\/cuadra-agrado.es\\\/?p=1250\"},\"author\":{\"name\":\"Miguel Redondo\",\"@id\":\"https:\\\/\\\/cuadra-agrado.es\\\/#\\\/schema\\\/person\\\/3aa4f8d2373cf756d93a5526bc72f31b\"},\"headline\":\"IL Presuntuoso disputar\u00e1 el premio &#8216;Velayos&#8217;\",\"datePublished\":\"2014-04-29T09:09:42+00:00\",\"dateModified\":\"2024-02-27T09:31:59+00:00\",\"mainEntityOfPage\":{\"@id\":\"https:\\\/\\\/cuadra-agrado.es\\\/?p=1250\"},\"wordCount\":326,\"image\":{\"@id\":\"https:\\\/\\\/cuadra-agrado.es\\\/?p=1250#primaryimage\"},\"thumbnailUrl\":\"http:\\\/\\\/cuadra-agrado.es\\\/wp-content\\\/uploads\\\/2014\\\/04\\\/ilpresuntuoso.jpeg\",\"articleSection\":[\"Actualidad\"],\"inLanguage\":\"es\"},{\"@type\":\"WebPage\",\"@id\":\"https:\\\/\\\/cuadra-agrado.es\\\/?p=1250\",\"url\":\"https:\\\/\\\/cuadra-agrado.es\\\/?p=1250\",\"name\":\"IL Presuntuoso disputar\u00e1 el premio 'Velayos' - Cuadra Agrado\",\"isPartOf\":{\"@id\":\"https:\\\/\\\/cuadra-agrado.es\\\/#website\"},\"primaryImageOfPage\":{\"@id\":\"https:\\\/\\\/cuadra-agrado.es\\\/?p=1250#primaryimage\"},\"image\":{\"@id\":\"https:\\\/\\\/cuadra-agrado.es\\\/?p=1250#primaryimage\"},\"thumbnailUrl\":\"http:\\\/\\\/cuadra-agrado.es\\\/wp-content\\\/uploads\\\/2014\\\/04\\\/ilpresuntuoso.jpeg\",\"datePublished\":\"2014-04-29T09:09:42+00:00\",\"dateModified\":\"2024-02-27T09:31:59+00:00\",\"author\":{\"@id\":\"https:\\\/\\\/cuadra-agrado.es\\\/#\\\/schema\\\/person\\\/3aa4f8d2373cf756d93a5526bc72f31b\"},\"breadcrumb\":{\"@id\":\"https:\\\/\\\/cuadra-agrado.es\\\/?p=1250#breadcrumb\"},\"inLanguage\":\"es\",\"potentialAction\":[{\"@type\":\"ReadAction\",\"target\":[\"https:\\\/\\\/cuadra-agrado.es\\\/?p=1250\"]}]},{\"@type\":\"ImageObject\",\"inLanguage\":\"es\",\"@id\":\"https:\\\/\\\/cuadra-agrado.es\\\/?p=1250#primaryimage\",\"url\":\"http:\\\/\\\/cuadra-agrado.es\\\/wp-content\\\/uploads\\\/2014\\\/04\\\/ilpresuntuoso.jpeg\",\"contentUrl\":\"http:\\\/\\\/cuadra-agrado.es\\\/wp-content\\\/uploads\\\/2014\\\/04\\\/ilpresuntuoso.jpeg\"},{\"@type\":\"BreadcrumbList\",\"@id\":\"https:\\\/\\\/cuadra-agrado.es\\\/?p=1250#breadcrumb\",\"itemListElement\":[{\"@type\":\"ListItem\",\"position\":1,\"name\":\"Portada\",\"item\":\"https:\\\/\\\/cuadra-agrado.es\\\/\"},{\"@type\":\"ListItem\",\"position\":2,\"name\":\"IL Presuntuoso disputar\u00e1 el premio &#8216;Velayos&#8217;\"}]},{\"@type\":\"WebSite\",\"@id\":\"https:\\\/\\\/cuadra-agrado.es\\\/#website\",\"url\":\"https:\\\/\\\/cuadra-agrado.es\\\/\",\"name\":\"Cuadra Agrado\",\"description\":\"En el mundo del Turf desde 2008\",\"potentialAction\":[{\"@type\":\"SearchAction\",\"target\":{\"@type\":\"EntryPoint\",\"urlTemplate\":\"https:\\\/\\\/cuadra-agrado.es\\\/?s={search_term_string}\"},\"query-input\":{\"@type\":\"PropertyValueSpecification\",\"valueRequired\":true,\"valueName\":\"search_term_string\"}}],\"inLanguage\":\"es\"},{\"@type\":\"Person\",\"@id\":\"https:\\\/\\\/cuadra-agrado.es\\\/#\\\/schema\\\/person\\\/3aa4f8d2373cf756d93a5526bc72f31b\",\"name\":\"Miguel Redondo\",\"image\":{\"@type\":\"ImageObject\",\"inLanguage\":\"es\",\"@id\":\"https:\\\/\\\/secure.gravatar.com\\\/avatar\\\/85704fceb4fa34017e3c1344d182da00dbf772fb8856ba2b7726a2df926415b4?s=96&d=mm&r=g\",\"url\":\"https:\\\/\\\/secure.gravatar.com\\\/avatar\\\/85704fceb4fa34017e3c1344d182da00dbf772fb8856ba2b7726a2df926415b4?s=96&d=mm&r=g\",\"contentUrl\":\"https:\\\/\\\/secure.gravatar.com\\\/avatar\\\/85704fceb4fa34017e3c1344d182da00dbf772fb8856ba2b7726a2df926415b4?s=96&d=mm&r=g\",\"caption\":\"Miguel Redondo\"},\"sameAs\":[\"https:\\\/\\\/cuadra-agrado.es\"],\"url\":\"https:\\\/\\\/cuadra-agrado.es\\\/?author=5\"}]}<\/script>\n<!-- \/ Yoast SEO plugin. -->","yoast_head_json":{"title":"IL Presuntuoso disputar\u00e1 el premio 'Velayos' - Cuadra Agrado","robots":{"index":"index","follow":"follow","max-snippet":"max-snippet:-1","max-image-preview":"max-image-preview:large","max-video-preview":"max-video-preview:-1"},"canonical":"https:\/\/cuadra-agrado.es\/?p=1250","og_locale":"es_ES","og_type":"article","og_title":"IL Presuntuoso disputar\u00e1 el premio 'Velayos' - Cuadra Agrado","og_description":"IL Presuntuoso, potro franc\u00e9s 3 a\u00f1os reclamado para nuestra cuadra el pasado mes de Marzo en Francia, debutar\u00e1 este pr\u00f3ximo domingo en &#8216;la Zarzuela&#8217; en el premio &#8216;Velayos&#8217; sobre distancia de 2.200 metros. Tras ser tratado durante este tiempo por un peque\u00f1o problema de dorso, hemos tenido la paciencia suficiente para dejar pasar la &#8216;Poule&#8217; [&hellip;]","og_url":"https:\/\/cuadra-agrado.es\/?p=1250","og_site_name":"Cuadra Agrado","article_published_time":"2014-04-29T09:09:42+00:00","article_modified_time":"2024-02-27T09:31:59+00:00","og_image":[{"url":"http:\/\/cuadra-agrado.es\/wp-content\/uploads\/2014\/04\/ilpresuntuoso.jpeg","type":"","width":"","height":""}],"author":"Miguel Redondo","twitter_card":"summary_large_image","twitter_creator":"@AGRADOracing","twitter_site":"@AGRADOracing","twitter_misc":{"Escrito por":"Miguel Redondo","Tiempo de lectura":"2 minutos"},"schema":{"@context":"https:\/\/schema.org","@graph":[{"@type":"Article","@id":"https:\/\/cuadra-agrado.es\/?p=1250#article","isPartOf":{"@id":"https:\/\/cuadra-agrado.es\/?p=1250"},"author":{"name":"Miguel Redondo","@id":"https:\/\/cuadra-agrado.es\/#\/schema\/person\/3aa4f8d2373cf756d93a5526bc72f31b"},"headline":"IL Presuntuoso disputar\u00e1 el premio &#8216;Velayos&#8217;","datePublished":"2014-04-29T09:09:42+00:00","dateModified":"2024-02-27T09:31:59+00:00","mainEntityOfPage":{"@id":"https:\/\/cuadra-agrado.es\/?p=1250"},"wordCount":326,"image":{"@id":"https:\/\/cuadra-agrado.es\/?p=1250#primaryimage"},"thumbnailUrl":"http:\/\/cuadra-agrado.es\/wp-content\/uploads\/2014\/04\/ilpresuntuoso.jpeg","articleSection":["Actualidad"],"inLanguage":"es"},{"@type":"WebPage","@id":"https:\/\/cuadra-agrado.es\/?p=1250","url":"https:\/\/cuadra-agrado.es\/?p=1250","name":"IL Presuntuoso disputar\u00e1 el premio 'Velayos' - Cuadra Agrado","isPartOf":{"@id":"https:\/\/cuadra-agrado.es\/#website"},"primaryImageOfPage":{"@id":"https:\/\/cuadra-agrado.es\/?p=1250#primaryimage"},"image":{"@id":"https:\/\/cuadra-agrado.es\/?p=1250#primaryimage"},"thumbnailUrl":"http:\/\/cuadra-agrado.es\/wp-content\/uploads\/2014\/04\/ilpresuntuoso.jpeg","datePublished":"2014-04-29T09:09:42+00:00","dateModified":"2024-02-27T09:31:59+00:00","author":{"@id":"https:\/\/cuadra-agrado.es\/#\/schema\/person\/3aa4f8d2373cf756d93a5526bc72f31b"},"breadcrumb":{"@id":"https:\/\/cuadra-agrado.es\/?p=1250#breadcrumb"},"inLanguage":"es","potentialAction":[{"@type":"ReadAction","target":["https:\/\/cuadra-agrado.es\/?p=1250"]}]},{"@type":"ImageObject","inLanguage":"es","@id":"https:\/\/cuadra-agrado.es\/?p=1250#primaryimage","url":"http:\/\/cuadra-agrado.es\/wp-content\/uploads\/2014\/04\/ilpresuntuoso.jpeg","contentUrl":"http:\/\/cuadra-agrado.es\/wp-content\/uploads\/2014\/04\/ilpresuntuoso.jpeg"},{"@type":"BreadcrumbList","@id":"https:\/\/cuadra-agrado.es\/?p=1250#breadcrumb","itemListElement":[{"@type":"ListItem","position":1,"name":"Portada","item":"https:\/\/cuadra-agrado.es\/"},{"@type":"ListItem","position":2,"name":"IL Presuntuoso disputar\u00e1 el premio &#8216;Velayos&#8217;"}]},{"@type":"WebSite","@id":"https:\/\/cuadra-agrado.es\/#website","url":"https:\/\/cuadra-agrado.es\/","name":"Cuadra Agrado","description":"En el mundo del Turf desde 2008","potentialAction":[{"@type":"SearchAction","target":{"@type":"EntryPoint","urlTemplate":"https:\/\/cuadra-agrado.es\/?s={search_term_string}"},"query-input":{"@type":"PropertyValueSpecification","valueRequired":true,"valueName":"search_term_string"}}],"inLanguage":"es"},{"@type":"Person","@id":"https:\/\/cuadra-agrado.es\/#\/schema\/person\/3aa4f8d2373cf756d93a5526bc72f31b","name":"Miguel Redondo","image":{"@type":"ImageObject","inLanguage":"es","@id":"https:\/\/secure.gravatar.com\/avatar\/85704fceb4fa34017e3c1344d182da00dbf772fb8856ba2b7726a2df926415b4?s=96&d=mm&r=g","url":"https:\/\/secure.gravatar.com\/avatar\/85704fceb4fa34017e3c1344d182da00dbf772fb8856ba2b7726a2df926415b4?s=96&d=mm&r=g","contentUrl":"https:\/\/secure.gravatar.com\/avatar\/85704fceb4fa34017e3c1344d182da00dbf772fb8856ba2b7726a2df926415b4?s=96&d=mm&r=g","caption":"Miguel Redondo"},"sameAs":["https:\/\/cuadra-agrado.es"],"url":"https:\/\/cuadra-agrado.es\/?author=5"}]}},"_links":{"self":[{"href":"https:\/\/cuadra-agrado.es\/index.php?rest_route=\/wp\/v2\/posts\/1250","targetHints":{"allow":["GET"]}}],"collection":[{"href":"https:\/\/cuadra-agrado.es\/index.php?rest_route=\/wp\/v2\/posts"}],"about":[{"href":"https:\/\/cuadra-agrado.es\/index.php?rest_route=\/wp\/v2\/types\/post"}],"author":[{"embeddable":true,"href":"https:\/\/cuadra-agrado.es\/index.php?rest_route=\/wp\/v2\/users\/5"}],"replies":[{"embeddable":true,"href":"https:\/\/cuadra-agrado.es\/index.php?rest_route=%2Fwp%2Fv2%2Fcomments&post=1250"}],"version-history":[{"count":0,"href":"https:\/\/cuadra-agrado.es\/index.php?rest_route=\/wp\/v2\/posts\/1250\/revisions"}],"wp:attachment":[{"href":"https:\/\/cuadra-agrado.es\/index.php?rest_route=%2Fwp%2Fv2%2Fmedia&parent=1250"}],"wp:term":[{"taxonomy":"category","embeddable":true,"href":"https:\/\/cuadra-agrado.es\/index.php?rest_route=%2Fwp%2Fv2%2Fcategories&post=1250"},{"taxonomy":"post_tag","embeddable":true,"href":"https:\/\/cuadra-agrado.es\/index.php?rest_route=%2Fwp%2Fv2%2Ftags&post=1250"}],"curies":[{"name":"wp","href":"https:\/\/api.w.org\/{rel}","templated":true}]}}