{"id":1240,"date":"2014-04-23T08:21:03","date_gmt":"2014-04-23T07:21:03","guid":{"rendered":"https:\/\/cuadra-agrado.es\/?p=1240"},"modified":"2024-02-27T09:31:59","modified_gmt":"2024-02-27T09:31:59","slug":"la-mejor-carrera-de-valiant-blue-fue-un-septimo","status":"publish","type":"post","link":"https:\/\/cuadra-agrado.es\/?p=1240","title":{"rendered":"La mejor carrera de Valiant Blue fue un s\u00e9ptimo!!!"},"content":{"rendered":"<p style=\"text-align: justify;\"><a href=\"http:\/\/cuadra-agrado.es\/wp-content\/uploads\/2014\/04\/valiant.jpg\"><img loading=\"lazy\" decoding=\"async\" class=\"alignleft size-full wp-image-1241\" alt=\"valiant\" src=\"http:\/\/cuadra-agrado.es\/wp-content\/uploads\/2014\/04\/valiant.jpg\" width=\"410\" height=\"230\" \/><\/a>Parece raro decir que la mejor carrera de Valiant Blue haya sido un s\u00e9ptimo puesto, pero para muchos entendidos la suya de ayer en &#8216;Maisons Laffitte&#8217; arroj\u00f3 su mejor valor hasta la fecha. Luchar como luch\u00f3 hasta casi el poste de meta contra caballos ganadores de Listed y colocados de Grupo 2 y 3 con valores cercanos a 50, no es nada f\u00e1cil para un caballo que hasta hace apenas 4 meses estaba luchando handicaps nacionales.<\/p>\n<p style=\"text-align: justify;\">\u00cdbamos todo el equipo con la m\u00e1xima ilusi\u00f3n a disputar este primer &#8216;listed&#8217; para Valiant Blue sobre su mejor distancia (1.200 metros). Hab\u00eda muchos factores en contra&#8230;&#8230; era la primera vez que viajaba en trayecto largo, primera vez que corr\u00eda en linea recta, primera vez que se med\u00eda con portentos de la distancia corta, y primera vez tambi\u00e9n para &#8216;Borja Fayos&#8217; disputando carreras a un tal Soumillon, Peslier, Guy\u00f3n, etc&#8230; como visitante. Las cuotas de apuestas francesas PMU contemplaban todas estos handicaps que sin duda fueron fiel reflejo de su posici\u00f3n final, pero no as\u00ed de su gran carrera que despu\u00e9s hizo en pista&#8230;.<\/p>\n<p style=\"text-align: justify;\">Mala suerte tambi\u00e9n en el sorteo de cajones, el n\u00famero 9 estaba lejos de la calle por donde se deb\u00eda disputar la prueba y hab\u00eda que intentar salir r\u00e1pido y coger cabeza lo antes posible. As\u00ed lo hizo &#8216;Fayos&#8217; que le quit\u00f3 incluso la punta a un activo &#8216;Peslier&#8217; y se situ\u00f3 desde muy pronto comandando la cabeza junto con &#8216;Jarnet&#8217;. \u00a0Parece se resist\u00eda el nuestro y no iba demasiado c\u00f3modo al principio del recorrido, pero &#8216;Fayos&#8217; poco a poco se hizo con \u00e9l y aguant\u00f3 el envite de caballos que galopaban mucho. La recta se nos hac\u00eda interminable con &#8216;Valiant Blue&#8217; dando la cara durante m\u00e1s de un minuto en plena recta de &#8216;Maisons Laffitte&#8217;, pero en los \u00faltimos cincuenta metros salieron a relucir los valores altos y la experiencia de estos. Son todos ellos caballos experimentados y entrenados para la velocidad en centros de entrenamiento que desgraciadamente en Espa\u00f1a no tenemos, dif\u00edcil competir a este nivel&#8230;.<\/p>\n<p style=\"text-align: justify;\">Sin duda, la mejor carrera de &#8216;Valiant Blue&#8217; en su vida en competici\u00f3n y gran valent\u00eda de equipo. Eduardo Buz\u00f3n por intentar algo muy complicado, y Fayos por salir a por la carrera desde el principio. Terminamos s\u00e9ptimos s\u00ed, pero a 1 cuerpo y medio del ganador Dibajj y apenas 1\/2 cuerpo de &#8216;Myasun&#8217; que hace un mes ten\u00eda valor 50 (125 en Espa\u00f1a). Muy orgullosos de nuestro pupilo que ayer dio su mejor valor y que nos sirvi\u00f3 para ganar una gran experiencia y utilizarla para el pr\u00f3ximo intento que seguro afrontaremos. Lo peor, el s\u00e9ptimo puesto, quiz\u00e1s merecimos estar en el dinero, pero lo asumimos llev\u00e1ndonos lo mejor de todo, a parte de esa experiencia, una confirmaci\u00f3n plena de que tenemos caballo para el futuro en este tipo de pruebas.<\/p>\n<p style=\"text-align: justify;\">La decepci\u00f3n por la otra parte fue para el bueno de &#8216;Rany\u00e1n. Ten\u00edamos mucha m\u00e1s confianza en \u00e9l con una carrera m\u00e1s de su talla que la de Valiant Blue. Lote de caballos de gran nivel, pero quiz\u00e1s venidos a menos y que nos ofrec\u00eda serias opciones de lucha. Pero Rany\u00e1n ayer se durmi\u00f3 en los cajones y la carrera ya estaba perdida en los primeros 200 metros. Fayos quiz\u00e1s no se atrevi\u00f3 en la recta de enfrente a situarse mejor colocado avanzando por fuera y quiso guardar el caballo para la larga recta final una vez las \u00f3rdenes ya se hab\u00edan trastocado desde cajones.<br \/>\nPero saliendo \u00faltimo de la curva, o tienes un caballo de grupo, o simplemente no llegas!!! El ritmo en Francia es lento en este tipo de pruebas de fondo y todos se guardan mucho caballo para el final. Rany\u00e1n recorto muchos cuerpos en un largo remate por fuera viniendo desde el mism\u00edsimo infierno, pero no fue posible llegar m\u00e1s lejos que a este s\u00e9ptimo. Lo mejor de esta carrera es que es una m\u00e1s para poder handicapearlo y entrar en un programa galo mucho m\u00e1s abierto que el de aqu\u00ed. Nos queda solo una m\u00e1s para que pueda entrar, as\u00ed que seguro le veremos pronto en un nuevo intento.<\/p>\n<p style=\"text-align: justify;\">Agradecer a todos los turferos (via twitter) las numerosas muestras de apoyo y \u00e1nimo recibidas durante todo el d\u00eda de ayer, antes y despu\u00e9s de la carrera, y agradecer al equipo nuevamente habernos brindado esta gratificante experiencia, Gracias Eduardo y Borja, y gracias tambi\u00e9n a Bienvenido Moreno y Rom\u00e1n Mart\u00edn que hoy vienen de vuelta en cami\u00f3n trayendo a los nuestros, sin duda les toc\u00f3 la parte m\u00e1s dura esta vez!!!<\/p>\n<p style=\"text-align: justify;\">\n<!-- AddThis Advanced Settings generic via filter on the_content --><!-- AddThis Share Buttons generic via filter on the_content -->","protected":false},"excerpt":{"rendered":"<p>Parece raro decir que la mejor carrera de Valiant Blue haya sido un s\u00e9ptimo puesto, pero para muchos entendidos la suya de ayer en &#8216;Maisons Laffitte&#8217; arroj\u00f3 su mejor valor hasta la fecha. Luchar como luch\u00f3 hasta casi el poste de meta contra caballos ganadores de Listed y colocados de Grupo 2 y 3 con [&hellip;]<!-- AddThis Advanced Settings generic via filter on get_the_excerpt --><!-- AddThis Share Buttons generic via filter on get_the_excerpt --><\/p>\n","protected":false},"author":5,"featured_media":0,"comment_status":"closed","ping_status":"closed","sticky":false,"template":"","format":"gallery","meta":{"_acf_changed":false,"_et_pb_use_builder":"","_et_pb_old_content":"","_et_gb_content_width":"","footnotes":""},"categories":[3],"tags":[],"class_list":["post-1240","post","type-post","status-publish","format-gallery","hentry","category-noticias-cuadra-agrado","post_format-post-format-gallery"],"acf":[],"yoast_head":"<!-- This site is optimized with the Yoast SEO plugin v27.4 - https:\/\/yoast.com\/product\/yoast-seo-wordpress\/ -->\n<title>La mejor carrera de Valiant Blue fue un s\u00e9ptimo!!! - Cuadra Agrado<\/title>\n<meta name=\"robots\" content=\"index, follow, max-snippet:-1, max-image-preview:large, max-video-preview:-1\" \/>\n<link rel=\"canonical\" href=\"https:\/\/cuadra-agrado.es\/?p=1240\" \/>\n<meta property=\"og:locale\" content=\"es_ES\" \/>\n<meta property=\"og:type\" content=\"article\" \/>\n<meta property=\"og:title\" content=\"La mejor carrera de Valiant Blue fue un s\u00e9ptimo!!! - Cuadra Agrado\" \/>\n<meta property=\"og:description\" content=\"Parece raro decir que la mejor carrera de Valiant Blue haya sido un s\u00e9ptimo puesto, pero para muchos entendidos la suya de ayer en &#8216;Maisons Laffitte&#8217; arroj\u00f3 su mejor valor hasta la fecha. Luchar como luch\u00f3 hasta casi el poste de meta contra caballos ganadores de Listed y colocados de Grupo 2 y 3 con [&hellip;]\" \/>\n<meta property=\"og:url\" content=\"https:\/\/cuadra-agrado.es\/?p=1240\" \/>\n<meta property=\"og:site_name\" content=\"Cuadra Agrado\" \/>\n<meta property=\"article:published_time\" content=\"2014-04-23T07:21:03+00:00\" \/>\n<meta property=\"article:modified_time\" content=\"2024-02-27T09:31:59+00:00\" \/>\n<meta property=\"og:image\" content=\"http:\/\/cuadra-agrado.es\/wp-content\/uploads\/2014\/04\/valiant.jpg\" \/>\n<meta name=\"author\" content=\"Miguel Redondo\" \/>\n<meta name=\"twitter:card\" content=\"summary_large_image\" \/>\n<meta name=\"twitter:creator\" content=\"@AGRADOracing\" \/>\n<meta name=\"twitter:site\" content=\"@AGRADOracing\" \/>\n<meta name=\"twitter:label1\" content=\"Escrito por\" \/>\n\t<meta name=\"twitter:data1\" content=\"Miguel Redondo\" \/>\n\t<meta name=\"twitter:label2\" content=\"Tiempo de lectura\" \/>\n\t<meta name=\"twitter:data2\" content=\"4 minutos\" \/>\n<script type=\"application\/ld+json\" class=\"yoast-schema-graph\">{\"@context\":\"https:\\\/\\\/schema.org\",\"@graph\":[{\"@type\":\"Article\",\"@id\":\"https:\\\/\\\/cuadra-agrado.es\\\/?p=1240#article\",\"isPartOf\":{\"@id\":\"https:\\\/\\\/cuadra-agrado.es\\\/?p=1240\"},\"author\":{\"name\":\"Miguel Redondo\",\"@id\":\"https:\\\/\\\/cuadra-agrado.es\\\/#\\\/schema\\\/person\\\/3aa4f8d2373cf756d93a5526bc72f31b\"},\"headline\":\"La mejor carrera de Valiant Blue fue un s\u00e9ptimo!!!\",\"datePublished\":\"2014-04-23T07:21:03+00:00\",\"dateModified\":\"2024-02-27T09:31:59+00:00\",\"mainEntityOfPage\":{\"@id\":\"https:\\\/\\\/cuadra-agrado.es\\\/?p=1240\"},\"wordCount\":811,\"image\":{\"@id\":\"https:\\\/\\\/cuadra-agrado.es\\\/?p=1240#primaryimage\"},\"thumbnailUrl\":\"http:\\\/\\\/cuadra-agrado.es\\\/wp-content\\\/uploads\\\/2014\\\/04\\\/valiant.jpg\",\"articleSection\":[\"Actualidad\"],\"inLanguage\":\"es\"},{\"@type\":\"WebPage\",\"@id\":\"https:\\\/\\\/cuadra-agrado.es\\\/?p=1240\",\"url\":\"https:\\\/\\\/cuadra-agrado.es\\\/?p=1240\",\"name\":\"La mejor carrera de Valiant Blue fue un s\u00e9ptimo!!! - Cuadra Agrado\",\"isPartOf\":{\"@id\":\"https:\\\/\\\/cuadra-agrado.es\\\/#website\"},\"primaryImageOfPage\":{\"@id\":\"https:\\\/\\\/cuadra-agrado.es\\\/?p=1240#primaryimage\"},\"image\":{\"@id\":\"https:\\\/\\\/cuadra-agrado.es\\\/?p=1240#primaryimage\"},\"thumbnailUrl\":\"http:\\\/\\\/cuadra-agrado.es\\\/wp-content\\\/uploads\\\/2014\\\/04\\\/valiant.jpg\",\"datePublished\":\"2014-04-23T07:21:03+00:00\",\"dateModified\":\"2024-02-27T09:31:59+00:00\",\"author\":{\"@id\":\"https:\\\/\\\/cuadra-agrado.es\\\/#\\\/schema\\\/person\\\/3aa4f8d2373cf756d93a5526bc72f31b\"},\"breadcrumb\":{\"@id\":\"https:\\\/\\\/cuadra-agrado.es\\\/?p=1240#breadcrumb\"},\"inLanguage\":\"es\",\"potentialAction\":[{\"@type\":\"ReadAction\",\"target\":[\"https:\\\/\\\/cuadra-agrado.es\\\/?p=1240\"]}]},{\"@type\":\"ImageObject\",\"inLanguage\":\"es\",\"@id\":\"https:\\\/\\\/cuadra-agrado.es\\\/?p=1240#primaryimage\",\"url\":\"http:\\\/\\\/cuadra-agrado.es\\\/wp-content\\\/uploads\\\/2014\\\/04\\\/valiant.jpg\",\"contentUrl\":\"http:\\\/\\\/cuadra-agrado.es\\\/wp-content\\\/uploads\\\/2014\\\/04\\\/valiant.jpg\"},{\"@type\":\"BreadcrumbList\",\"@id\":\"https:\\\/\\\/cuadra-agrado.es\\\/?p=1240#breadcrumb\",\"itemListElement\":[{\"@type\":\"ListItem\",\"position\":1,\"name\":\"Portada\",\"item\":\"https:\\\/\\\/cuadra-agrado.es\\\/\"},{\"@type\":\"ListItem\",\"position\":2,\"name\":\"La mejor carrera de Valiant Blue fue un s\u00e9ptimo!!!\"}]},{\"@type\":\"WebSite\",\"@id\":\"https:\\\/\\\/cuadra-agrado.es\\\/#website\",\"url\":\"https:\\\/\\\/cuadra-agrado.es\\\/\",\"name\":\"Cuadra Agrado\",\"description\":\"En el mundo del Turf desde 2008\",\"potentialAction\":[{\"@type\":\"SearchAction\",\"target\":{\"@type\":\"EntryPoint\",\"urlTemplate\":\"https:\\\/\\\/cuadra-agrado.es\\\/?s={search_term_string}\"},\"query-input\":{\"@type\":\"PropertyValueSpecification\",\"valueRequired\":true,\"valueName\":\"search_term_string\"}}],\"inLanguage\":\"es\"},{\"@type\":\"Person\",\"@id\":\"https:\\\/\\\/cuadra-agrado.es\\\/#\\\/schema\\\/person\\\/3aa4f8d2373cf756d93a5526bc72f31b\",\"name\":\"Miguel Redondo\",\"image\":{\"@type\":\"ImageObject\",\"inLanguage\":\"es\",\"@id\":\"https:\\\/\\\/secure.gravatar.com\\\/avatar\\\/85704fceb4fa34017e3c1344d182da00dbf772fb8856ba2b7726a2df926415b4?s=96&d=mm&r=g\",\"url\":\"https:\\\/\\\/secure.gravatar.com\\\/avatar\\\/85704fceb4fa34017e3c1344d182da00dbf772fb8856ba2b7726a2df926415b4?s=96&d=mm&r=g\",\"contentUrl\":\"https:\\\/\\\/secure.gravatar.com\\\/avatar\\\/85704fceb4fa34017e3c1344d182da00dbf772fb8856ba2b7726a2df926415b4?s=96&d=mm&r=g\",\"caption\":\"Miguel Redondo\"},\"sameAs\":[\"https:\\\/\\\/cuadra-agrado.es\"],\"url\":\"https:\\\/\\\/cuadra-agrado.es\\\/?author=5\"}]}<\/script>\n<!-- \/ Yoast SEO plugin. -->","yoast_head_json":{"title":"La mejor carrera de Valiant Blue fue un s\u00e9ptimo!!! - Cuadra Agrado","robots":{"index":"index","follow":"follow","max-snippet":"max-snippet:-1","max-image-preview":"max-image-preview:large","max-video-preview":"max-video-preview:-1"},"canonical":"https:\/\/cuadra-agrado.es\/?p=1240","og_locale":"es_ES","og_type":"article","og_title":"La mejor carrera de Valiant Blue fue un s\u00e9ptimo!!! - Cuadra Agrado","og_description":"Parece raro decir que la mejor carrera de Valiant Blue haya sido un s\u00e9ptimo puesto, pero para muchos entendidos la suya de ayer en &#8216;Maisons Laffitte&#8217; arroj\u00f3 su mejor valor hasta la fecha. Luchar como luch\u00f3 hasta casi el poste de meta contra caballos ganadores de Listed y colocados de Grupo 2 y 3 con [&hellip;]","og_url":"https:\/\/cuadra-agrado.es\/?p=1240","og_site_name":"Cuadra Agrado","article_published_time":"2014-04-23T07:21:03+00:00","article_modified_time":"2024-02-27T09:31:59+00:00","og_image":[{"url":"http:\/\/cuadra-agrado.es\/wp-content\/uploads\/2014\/04\/valiant.jpg","type":"","width":"","height":""}],"author":"Miguel Redondo","twitter_card":"summary_large_image","twitter_creator":"@AGRADOracing","twitter_site":"@AGRADOracing","twitter_misc":{"Escrito por":"Miguel Redondo","Tiempo de lectura":"4 minutos"},"schema":{"@context":"https:\/\/schema.org","@graph":[{"@type":"Article","@id":"https:\/\/cuadra-agrado.es\/?p=1240#article","isPartOf":{"@id":"https:\/\/cuadra-agrado.es\/?p=1240"},"author":{"name":"Miguel Redondo","@id":"https:\/\/cuadra-agrado.es\/#\/schema\/person\/3aa4f8d2373cf756d93a5526bc72f31b"},"headline":"La mejor carrera de Valiant Blue fue un s\u00e9ptimo!!!","datePublished":"2014-04-23T07:21:03+00:00","dateModified":"2024-02-27T09:31:59+00:00","mainEntityOfPage":{"@id":"https:\/\/cuadra-agrado.es\/?p=1240"},"wordCount":811,"image":{"@id":"https:\/\/cuadra-agrado.es\/?p=1240#primaryimage"},"thumbnailUrl":"http:\/\/cuadra-agrado.es\/wp-content\/uploads\/2014\/04\/valiant.jpg","articleSection":["Actualidad"],"inLanguage":"es"},{"@type":"WebPage","@id":"https:\/\/cuadra-agrado.es\/?p=1240","url":"https:\/\/cuadra-agrado.es\/?p=1240","name":"La mejor carrera de Valiant Blue fue un s\u00e9ptimo!!! - Cuadra Agrado","isPartOf":{"@id":"https:\/\/cuadra-agrado.es\/#website"},"primaryImageOfPage":{"@id":"https:\/\/cuadra-agrado.es\/?p=1240#primaryimage"},"image":{"@id":"https:\/\/cuadra-agrado.es\/?p=1240#primaryimage"},"thumbnailUrl":"http:\/\/cuadra-agrado.es\/wp-content\/uploads\/2014\/04\/valiant.jpg","datePublished":"2014-04-23T07:21:03+00:00","dateModified":"2024-02-27T09:31:59+00:00","author":{"@id":"https:\/\/cuadra-agrado.es\/#\/schema\/person\/3aa4f8d2373cf756d93a5526bc72f31b"},"breadcrumb":{"@id":"https:\/\/cuadra-agrado.es\/?p=1240#breadcrumb"},"inLanguage":"es","potentialAction":[{"@type":"ReadAction","target":["https:\/\/cuadra-agrado.es\/?p=1240"]}]},{"@type":"ImageObject","inLanguage":"es","@id":"https:\/\/cuadra-agrado.es\/?p=1240#primaryimage","url":"http:\/\/cuadra-agrado.es\/wp-content\/uploads\/2014\/04\/valiant.jpg","contentUrl":"http:\/\/cuadra-agrado.es\/wp-content\/uploads\/2014\/04\/valiant.jpg"},{"@type":"BreadcrumbList","@id":"https:\/\/cuadra-agrado.es\/?p=1240#breadcrumb","itemListElement":[{"@type":"ListItem","position":1,"name":"Portada","item":"https:\/\/cuadra-agrado.es\/"},{"@type":"ListItem","position":2,"name":"La mejor carrera de Valiant Blue fue un s\u00e9ptimo!!!"}]},{"@type":"WebSite","@id":"https:\/\/cuadra-agrado.es\/#website","url":"https:\/\/cuadra-agrado.es\/","name":"Cuadra Agrado","description":"En el mundo del Turf desde 2008","potentialAction":[{"@type":"SearchAction","target":{"@type":"EntryPoint","urlTemplate":"https:\/\/cuadra-agrado.es\/?s={search_term_string}"},"query-input":{"@type":"PropertyValueSpecification","valueRequired":true,"valueName":"search_term_string"}}],"inLanguage":"es"},{"@type":"Person","@id":"https:\/\/cuadra-agrado.es\/#\/schema\/person\/3aa4f8d2373cf756d93a5526bc72f31b","name":"Miguel Redondo","image":{"@type":"ImageObject","inLanguage":"es","@id":"https:\/\/secure.gravatar.com\/avatar\/85704fceb4fa34017e3c1344d182da00dbf772fb8856ba2b7726a2df926415b4?s=96&d=mm&r=g","url":"https:\/\/secure.gravatar.com\/avatar\/85704fceb4fa34017e3c1344d182da00dbf772fb8856ba2b7726a2df926415b4?s=96&d=mm&r=g","contentUrl":"https:\/\/secure.gravatar.com\/avatar\/85704fceb4fa34017e3c1344d182da00dbf772fb8856ba2b7726a2df926415b4?s=96&d=mm&r=g","caption":"Miguel Redondo"},"sameAs":["https:\/\/cuadra-agrado.es"],"url":"https:\/\/cuadra-agrado.es\/?author=5"}]}},"_links":{"self":[{"href":"https:\/\/cuadra-agrado.es\/index.php?rest_route=\/wp\/v2\/posts\/1240","targetHints":{"allow":["GET"]}}],"collection":[{"href":"https:\/\/cuadra-agrado.es\/index.php?rest_route=\/wp\/v2\/posts"}],"about":[{"href":"https:\/\/cuadra-agrado.es\/index.php?rest_route=\/wp\/v2\/types\/post"}],"author":[{"embeddable":true,"href":"https:\/\/cuadra-agrado.es\/index.php?rest_route=\/wp\/v2\/users\/5"}],"replies":[{"embeddable":true,"href":"https:\/\/cuadra-agrado.es\/index.php?rest_route=%2Fwp%2Fv2%2Fcomments&post=1240"}],"version-history":[{"count":0,"href":"https:\/\/cuadra-agrado.es\/index.php?rest_route=\/wp\/v2\/posts\/1240\/revisions"}],"wp:attachment":[{"href":"https:\/\/cuadra-agrado.es\/index.php?rest_route=%2Fwp%2Fv2%2Fmedia&parent=1240"}],"wp:term":[{"taxonomy":"category","embeddable":true,"href":"https:\/\/cuadra-agrado.es\/index.php?rest_route=%2Fwp%2Fv2%2Fcategories&post=1240"},{"taxonomy":"post_tag","embeddable":true,"href":"https:\/\/cuadra-agrado.es\/index.php?rest_route=%2Fwp%2Fv2%2Ftags&post=1240"}],"curies":[{"name":"wp","href":"https:\/\/api.w.org\/{rel}","templated":true}]}}