{"id":12369,"date":"2023-09-18T12:19:07","date_gmt":"2023-09-18T12:19:07","guid":{"rendered":"https:\/\/cuadra-agrado.es\/?p=12369"},"modified":"2024-02-27T09:14:30","modified_gmt":"2024-02-27T09:14:30","slug":"kowalsky-a-por-el-sonado-doblete-derby-villamejor-2023","status":"publish","type":"post","link":"https:\/\/cuadra-agrado.es\/?p=12369","title":{"rendered":"Kowalsky, a por el so\u00f1ado doblete Derby-Villamejor 2023"},"content":{"rendered":"<p style=\"text-align: justify;\">El pr\u00f3ximo domingo tendremos el placer de volver a presentar y compartir con el aficionado al que ha sido calificado como el mejor tres a\u00f1os cl\u00e1sico de su generaci\u00f3n en Espa\u00f1a. Con todo un Derby en el bolsillo conseguido en la pasada primavera, y con un actual valor 44, \u201c<strong>Kowalsky<\/strong>\u201d regresa a competici\u00f3n para disputar en su hip\u00f3dromo madrile\u00f1o su segundo Gran Premio del a\u00f1o.<\/p>\n<p style=\"text-align: justify;\">Antes de nuestra ante cr\u00f3nica, queremos desviar la atenci\u00f3n sobre lo acontecido en la reaparici\u00f3n de nuestra mejor yegua, <strong>\u201cSuper Trip<\/strong>\u201d, que no pudo ser m\u00e1s que sexta en el primer Gran Premio disputado en esta temporada oto\u00f1al.<br \/>\nMucho ten\u00eda a favor <strong>\u201cSuper Trip\u201d<\/strong> en esta prueba. Todo parec\u00eda alinearse para luchar el GP Ben\u00edtez de Lugo 2023. La pista con las lluvias ca\u00eddas estaba a su gusto, los problemas de salud hab\u00edan desaparecido, una forma como pocas veces antes hab\u00eda tenido, y la distancia era perfecta. Todo a favor, menos un recorrido angustioso por los palos que nunca permiti\u00f3 ponerla en marcha. Se esperaba una de esas carreras bonitas con las mejores yeguas de nuestro circuito nacional, pero se convirti\u00f3 en una carrera fea, falsa, sucia y lenta, con demasiado contacto para tratarse de un Gran Premio de tan solo diez participantes. Al final, la m\u00e1s lista lo hizo f\u00e1cil y dej\u00f3 a sus rivales peg\u00e1ndose entre ellas en un ritmo demasiado lento que le brind\u00f3 la oportunidad de deshacerse del lote nada m\u00e1s iniciar la recta y completar el recorrido con mucha solvencia. Bien por Nico de Julian, que se encontr\u00f3 una monta ganadora de Gran Premio con la siempre batalladora \u201c<strong>Hardpia<\/strong>\u201d, a consecuencia del malogrado Ricardo Sousa al que le deseamos una muy pronta recuperaci\u00f3n,\u00a0Excelente tambi\u00e9n fue el planteamiento de carrera por parte de su preparaci\u00f3n que supo adaptarse a las previsibles condiciones de carrera, y evitar complicaciones. Nosotros nos descuidamos, nos liamos en un recorrido a contra estilo, galopando sin salida pegado a los palos, y sin encontrar el hueco en ning\u00fan momento. Al final, \u201c<strong>Super Trip<\/strong>\u201d pas\u00f3 el poste de meta sin poder competir, con aliento intacto, y con un nuevo borr\u00f3n inmerecido. De hecho, tal es as\u00ed que hoy hemos decidido su reenganche para el pr\u00f3ximo domingo en el Premio Royal Gait para tratar de enjuagarnos ese mal sabor de boca y tratar de encontrar su carrera en las manos esta vez de Alejandro Guti\u00e9rrez Val. Partiremos con neum\u00e1tico usado de una vuelta, pero con la confianza de mantener esa misma condici\u00f3n ante un lote mucho m\u00e1s reducido y de menor nivel. Se fue su oportunidad de cerrar su vida en competici\u00f3n con otro de esos grandes a cuatro a\u00f1os, tal y como lo hab\u00eda hecho con anterioridad a dos y a tres a\u00f1os. Queda solo buscar esa carrera oto\u00f1al que le sirva de despedida con honores, antes de pasar a su nueva faceta como madre en la pr\u00f3xima campa\u00f1a de cr\u00eda, y este pr\u00f3ximo domingo podr\u00eda ser su oportunidad.<\/p>\n<p style=\"text-align: justify;\">Ya en clave \u201c<strong>Kowalsky<\/strong>\u201d, tenemos este domingo una nueva oportunidad de poder disfrutar de otro de esos grandes d\u00edas que un profesional o propietario siempre desea vivir. Mucho tiempo ha pasado desde aquel imborrable 3 de junio donde este hijo de \u201c<strong>Anodin<\/strong>\u201d se engalan\u00f3 coron\u00e1ndose como flamante y justo vencedor de todo un Derby. Un verano completo a la sombra de merecido descanso para recargar todos esos gl\u00f3bulos rojos que necesitar\u00e1 el domingo para encontrase con ese duro y selectivo \u201cGP Villamejor\u201d. \u00a0Ni un solo problema de salud en este imp\u00e1s, ni un solo desgaste, y una puesta en marcha desde mediados de agosto para, poco a poco, ir cogiendo la forma y pulm\u00f3n necesario para atacar este gran evento. Llega en plenitud de condici\u00f3n acompa\u00f1ado de la misma calidad que ha demostrado en esta su edad cl\u00e1sica. Todo a favor, excepto la l\u00f3gica duda del aliento que necesitar\u00e1 para completar un duro metraje de 2.800 metros que afrontar\u00e1 por primera vez. Por m\u00e1s que estudiamos su gen\u00e9tica y progenitores, no encontramos ning\u00fan vinculo al que poder agarrarnos para completar con \u00e9xito ese largo metraje, a excepci\u00f3n tan solo de lo demostrado hasta la fecha. Los 2.400 del Derby fueron duros en una edad todav\u00eda temprana y eso, junto a la calidad que ostenta, son las mejores armas con las que vamos a atacar el Gran Premio. Adicional, \u201c<strong>Kowalsky<\/strong>\u201d es uno de esos buenos caballos que ofrece mucha confianza por su impresionante cabeza amueblada, que nos aporta un f\u00e1cil manejo durante el recorrido, y eso es esencial para poder completar metrajes de esta envergadura.<\/p>\n<p style=\"text-align: justify;\">En cuanto a sus rivales, todos tendr\u00e1n este mismo h\u00e1ndicap de la distancia para atacar por primera vez. La baja de \u00faltima hora del \u00fanico ganador en distancia de aliento, \u201c<strong>Mandalorian<\/strong>\u201d, por un problema f\u00edsico acaecido en sus \u00faltimos trabajos, nos traslada parte de su porcentaje de opciones y, aunque nos hubiera gustado poder haber disfrutado de \u00e9l tambi\u00e9n en carrera, la batalla entre ambos tendr\u00e1 que ser m\u00e1s adelante. Estos reveses inmerecidos no son f\u00e1ciles de digerir, y por ello, deseamos una muy pronta recuperaci\u00f3n a este gran pupilo de Alvaro Odriozola, enviando de igual forma nuestros mejores \u00e1nimos a todas sus conexiones. Del resto de catorce participantes, obligado es contar con potros de entidad que han demostrado su valor a lo largo de la primavera y verano. Un partant numeroso en su primer forfait de entre los que destacan enormes ejemplares como es el caso de \u201c<strong>Pamplona<\/strong>\u201d que escolt\u00f3 en el Derby al nuestro, y tuvo una grand\u00edsima actuaci\u00f3n posterior en el GP Madrid. \u201c<strong>Chergui<\/strong>\u201d es el extranjero del lote. Buenas actuaciones en Francia como su victoria en 2.700 metros en Longchamp le meten de lleno en la batalla. \u201c<strong>Shelby<\/strong>\u201d obtuvo medalla en el Derby y recogi\u00f3 su recompensa ganadora a finales de agosto en San Sebastian. Las dos consecutivas de \u201c<strong>Flaming Glass\u201d<\/strong> le han situado con un valor de Gran Premio, y eso, y su buena forma y moral, le permite buscar su opci\u00f3n. En el ajo tambi\u00e9n \u201c<strong>Warriors Revenge\u201d<\/strong>. Se qued\u00f3 a las puertas de ser uno de esos buenos potros de grandes premios que su trayectoria parec\u00eda indicar, pero sin duda es el que m\u00e1s experiencia tenga en competici\u00f3n, y aqu\u00ed eso ofrece un plus. En cuanto a yeguas, nos quedamos con las opciones de \u201c<strong>Hebe<\/strong>\u201d, cuarta del Oaks, pero teniendo en contra todo este tiempo sin competir desde entonces. Y no nos olvidamos tampoco de \u00ab<strong>Alcedimzoe<\/strong>\u00ab, que tambi\u00e9n parece se qued\u00f3 sin correr el pasado Benitez de Lugo, y le dan otra oportunidad en este Villamejor.<\/p>\n<p style=\"text-align: justify;\">Monta para su compa\u00f1ero de \u00e9xitos, Mario E. Fernandez, con el que conquist\u00f3 el pasado Derby. Dos victorias y un tercero en la Santander Cup pasada avalan su condici\u00f3n y estrecho vinculo y la confianza es plena en la dupla. \u00c9l sabe que su participaci\u00f3n con<strong> \u201cSuper Trip<\/strong>\u201d la semana pasada no fue precisamente su mejor carrera, pero ser\u00e1 clave para tener en cuenta esos errores de recorrido en esta nueva cita de entidad. Previsiblemente, debido a la falta de confianza en el metraje, el ritmo ser\u00e1 lento, lo que alentar\u00eda a que muchos participantes pudieran llegar a los \u00faltimos metros con opciones de lucha, y la capacidad de ir bien posicionado y sin obst\u00e1culos para desplegar el cambio de ritmo que es marca de \u201c<strong>Kowalsky<\/strong>\u201d es esencial. Le deseamos toda la fortuna que no tuvo en su anterior ocasi\u00f3n, y estamos seguros de que se sacar\u00e1 esa espina siempre dolorosa cuando las cosas no resultan como se hab\u00edan programado.<\/p>\n<p style=\"text-align: justify;\">Mucha suerte equipo!!!<\/p>\n<!-- AddThis Advanced Settings generic via filter on the_content --><!-- AddThis Share Buttons generic via filter on the_content -->","protected":false},"excerpt":{"rendered":"<p>El pr\u00f3ximo domingo tendremos el placer de volver a presentar y compartir con el aficionado al que ha sido calificado como el mejor tres a\u00f1os cl\u00e1sico de su generaci\u00f3n en Espa\u00f1a. Con todo un Derby en el bolsillo conseguido en la pasada primavera, y con un actual valor 44, \u201cKowalsky\u201d regresa a competici\u00f3n para disputar [&hellip;]<!-- AddThis Advanced Settings generic via filter on get_the_excerpt --><!-- AddThis Share Buttons generic via filter on get_the_excerpt --><\/p>\n","protected":false},"author":5,"featured_media":12002,"comment_status":"closed","ping_status":"open","sticky":false,"template":"","format":"standard","meta":{"_acf_changed":false,"_et_pb_use_builder":"","_et_pb_old_content":"","_et_gb_content_width":"","footnotes":""},"categories":[3],"tags":[],"class_list":["post-12369","post","type-post","status-publish","format-standard","has-post-thumbnail","hentry","category-noticias-cuadra-agrado"],"acf":[],"yoast_head":"<!-- This site is optimized with the Yoast SEO plugin v27.4 - https:\/\/yoast.com\/product\/yoast-seo-wordpress\/ -->\n<title>Kowalsky, a por el so\u00f1ado doblete Derby-Villamejor 2023 - Cuadra Agrado<\/title>\n<meta name=\"robots\" content=\"index, follow, max-snippet:-1, max-image-preview:large, max-video-preview:-1\" \/>\n<link rel=\"canonical\" href=\"https:\/\/cuadra-agrado.es\/?p=12369\" \/>\n<meta property=\"og:locale\" content=\"es_ES\" \/>\n<meta property=\"og:type\" content=\"article\" \/>\n<meta property=\"og:title\" content=\"Kowalsky, a por el so\u00f1ado doblete Derby-Villamejor 2023 - Cuadra Agrado\" \/>\n<meta property=\"og:description\" content=\"El pr\u00f3ximo domingo tendremos el placer de volver a presentar y compartir con el aficionado al que ha sido calificado como el mejor tres a\u00f1os cl\u00e1sico de su generaci\u00f3n en Espa\u00f1a. Con todo un Derby en el bolsillo conseguido en la pasada primavera, y con un actual valor 44, \u201cKowalsky\u201d regresa a competici\u00f3n para disputar [&hellip;]\" \/>\n<meta property=\"og:url\" content=\"https:\/\/cuadra-agrado.es\/?p=12369\" \/>\n<meta property=\"og:site_name\" content=\"Cuadra Agrado\" \/>\n<meta property=\"article:published_time\" content=\"2023-09-18T12:19:07+00:00\" \/>\n<meta property=\"article:modified_time\" content=\"2024-02-27T09:14:30+00:00\" \/>\n<meta property=\"og:image\" content=\"https:\/\/cuadra-agrado.es\/wp-content\/uploads\/2023\/03\/KOWALSKY-PREMIO-CHACAL.jpg\" \/>\n\t<meta property=\"og:image:width\" content=\"906\" \/>\n\t<meta property=\"og:image:height\" content=\"604\" \/>\n\t<meta property=\"og:image:type\" content=\"image\/jpeg\" \/>\n<meta name=\"author\" content=\"Miguel Redondo\" \/>\n<meta name=\"twitter:card\" content=\"summary_large_image\" \/>\n<meta name=\"twitter:creator\" content=\"@AGRADOracing\" \/>\n<meta name=\"twitter:site\" content=\"@AGRADOracing\" \/>\n<meta name=\"twitter:label1\" content=\"Escrito por\" \/>\n\t<meta name=\"twitter:data1\" content=\"Miguel Redondo\" \/>\n\t<meta name=\"twitter:label2\" content=\"Tiempo de lectura\" \/>\n\t<meta name=\"twitter:data2\" content=\"6 minutos\" \/>\n<script type=\"application\/ld+json\" class=\"yoast-schema-graph\">{\"@context\":\"https:\\\/\\\/schema.org\",\"@graph\":[{\"@type\":\"Article\",\"@id\":\"https:\\\/\\\/cuadra-agrado.es\\\/?p=12369#article\",\"isPartOf\":{\"@id\":\"https:\\\/\\\/cuadra-agrado.es\\\/?p=12369\"},\"author\":{\"name\":\"Miguel Redondo\",\"@id\":\"https:\\\/\\\/cuadra-agrado.es\\\/#\\\/schema\\\/person\\\/3aa4f8d2373cf756d93a5526bc72f31b\"},\"headline\":\"Kowalsky, a por el so\u00f1ado doblete Derby-Villamejor 2023\",\"datePublished\":\"2023-09-18T12:19:07+00:00\",\"dateModified\":\"2024-02-27T09:14:30+00:00\",\"mainEntityOfPage\":{\"@id\":\"https:\\\/\\\/cuadra-agrado.es\\\/?p=12369\"},\"wordCount\":1334,\"image\":{\"@id\":\"https:\\\/\\\/cuadra-agrado.es\\\/?p=12369#primaryimage\"},\"thumbnailUrl\":\"https:\\\/\\\/cuadra-agrado.es\\\/wp-content\\\/uploads\\\/2023\\\/03\\\/KOWALSKY-PREMIO-CHACAL.jpg\",\"articleSection\":[\"Actualidad\"],\"inLanguage\":\"es\"},{\"@type\":\"WebPage\",\"@id\":\"https:\\\/\\\/cuadra-agrado.es\\\/?p=12369\",\"url\":\"https:\\\/\\\/cuadra-agrado.es\\\/?p=12369\",\"name\":\"Kowalsky, a por el so\u00f1ado doblete Derby-Villamejor 2023 - Cuadra Agrado\",\"isPartOf\":{\"@id\":\"https:\\\/\\\/cuadra-agrado.es\\\/#website\"},\"primaryImageOfPage\":{\"@id\":\"https:\\\/\\\/cuadra-agrado.es\\\/?p=12369#primaryimage\"},\"image\":{\"@id\":\"https:\\\/\\\/cuadra-agrado.es\\\/?p=12369#primaryimage\"},\"thumbnailUrl\":\"https:\\\/\\\/cuadra-agrado.es\\\/wp-content\\\/uploads\\\/2023\\\/03\\\/KOWALSKY-PREMIO-CHACAL.jpg\",\"datePublished\":\"2023-09-18T12:19:07+00:00\",\"dateModified\":\"2024-02-27T09:14:30+00:00\",\"author\":{\"@id\":\"https:\\\/\\\/cuadra-agrado.es\\\/#\\\/schema\\\/person\\\/3aa4f8d2373cf756d93a5526bc72f31b\"},\"breadcrumb\":{\"@id\":\"https:\\\/\\\/cuadra-agrado.es\\\/?p=12369#breadcrumb\"},\"inLanguage\":\"es\",\"potentialAction\":[{\"@type\":\"ReadAction\",\"target\":[\"https:\\\/\\\/cuadra-agrado.es\\\/?p=12369\"]}]},{\"@type\":\"ImageObject\",\"inLanguage\":\"es\",\"@id\":\"https:\\\/\\\/cuadra-agrado.es\\\/?p=12369#primaryimage\",\"url\":\"https:\\\/\\\/cuadra-agrado.es\\\/wp-content\\\/uploads\\\/2023\\\/03\\\/KOWALSKY-PREMIO-CHACAL.jpg\",\"contentUrl\":\"https:\\\/\\\/cuadra-agrado.es\\\/wp-content\\\/uploads\\\/2023\\\/03\\\/KOWALSKY-PREMIO-CHACAL.jpg\",\"width\":906,\"height\":604},{\"@type\":\"BreadcrumbList\",\"@id\":\"https:\\\/\\\/cuadra-agrado.es\\\/?p=12369#breadcrumb\",\"itemListElement\":[{\"@type\":\"ListItem\",\"position\":1,\"name\":\"Portada\",\"item\":\"https:\\\/\\\/cuadra-agrado.es\\\/\"},{\"@type\":\"ListItem\",\"position\":2,\"name\":\"Kowalsky, a por el so\u00f1ado doblete Derby-Villamejor 2023\"}]},{\"@type\":\"WebSite\",\"@id\":\"https:\\\/\\\/cuadra-agrado.es\\\/#website\",\"url\":\"https:\\\/\\\/cuadra-agrado.es\\\/\",\"name\":\"Cuadra Agrado\",\"description\":\"En el mundo del Turf desde 2008\",\"potentialAction\":[{\"@type\":\"SearchAction\",\"target\":{\"@type\":\"EntryPoint\",\"urlTemplate\":\"https:\\\/\\\/cuadra-agrado.es\\\/?s={search_term_string}\"},\"query-input\":{\"@type\":\"PropertyValueSpecification\",\"valueRequired\":true,\"valueName\":\"search_term_string\"}}],\"inLanguage\":\"es\"},{\"@type\":\"Person\",\"@id\":\"https:\\\/\\\/cuadra-agrado.es\\\/#\\\/schema\\\/person\\\/3aa4f8d2373cf756d93a5526bc72f31b\",\"name\":\"Miguel Redondo\",\"image\":{\"@type\":\"ImageObject\",\"inLanguage\":\"es\",\"@id\":\"https:\\\/\\\/secure.gravatar.com\\\/avatar\\\/85704fceb4fa34017e3c1344d182da00dbf772fb8856ba2b7726a2df926415b4?s=96&d=mm&r=g\",\"url\":\"https:\\\/\\\/secure.gravatar.com\\\/avatar\\\/85704fceb4fa34017e3c1344d182da00dbf772fb8856ba2b7726a2df926415b4?s=96&d=mm&r=g\",\"contentUrl\":\"https:\\\/\\\/secure.gravatar.com\\\/avatar\\\/85704fceb4fa34017e3c1344d182da00dbf772fb8856ba2b7726a2df926415b4?s=96&d=mm&r=g\",\"caption\":\"Miguel Redondo\"},\"sameAs\":[\"https:\\\/\\\/cuadra-agrado.es\"],\"url\":\"https:\\\/\\\/cuadra-agrado.es\\\/?author=5\"}]}<\/script>\n<!-- \/ Yoast SEO plugin. -->","yoast_head_json":{"title":"Kowalsky, a por el so\u00f1ado doblete Derby-Villamejor 2023 - Cuadra Agrado","robots":{"index":"index","follow":"follow","max-snippet":"max-snippet:-1","max-image-preview":"max-image-preview:large","max-video-preview":"max-video-preview:-1"},"canonical":"https:\/\/cuadra-agrado.es\/?p=12369","og_locale":"es_ES","og_type":"article","og_title":"Kowalsky, a por el so\u00f1ado doblete Derby-Villamejor 2023 - Cuadra Agrado","og_description":"El pr\u00f3ximo domingo tendremos el placer de volver a presentar y compartir con el aficionado al que ha sido calificado como el mejor tres a\u00f1os cl\u00e1sico de su generaci\u00f3n en Espa\u00f1a. Con todo un Derby en el bolsillo conseguido en la pasada primavera, y con un actual valor 44, \u201cKowalsky\u201d regresa a competici\u00f3n para disputar [&hellip;]","og_url":"https:\/\/cuadra-agrado.es\/?p=12369","og_site_name":"Cuadra Agrado","article_published_time":"2023-09-18T12:19:07+00:00","article_modified_time":"2024-02-27T09:14:30+00:00","og_image":[{"width":906,"height":604,"url":"https:\/\/cuadra-agrado.es\/wp-content\/uploads\/2023\/03\/KOWALSKY-PREMIO-CHACAL.jpg","type":"image\/jpeg"}],"author":"Miguel Redondo","twitter_card":"summary_large_image","twitter_creator":"@AGRADOracing","twitter_site":"@AGRADOracing","twitter_misc":{"Escrito por":"Miguel Redondo","Tiempo de lectura":"6 minutos"},"schema":{"@context":"https:\/\/schema.org","@graph":[{"@type":"Article","@id":"https:\/\/cuadra-agrado.es\/?p=12369#article","isPartOf":{"@id":"https:\/\/cuadra-agrado.es\/?p=12369"},"author":{"name":"Miguel Redondo","@id":"https:\/\/cuadra-agrado.es\/#\/schema\/person\/3aa4f8d2373cf756d93a5526bc72f31b"},"headline":"Kowalsky, a por el so\u00f1ado doblete Derby-Villamejor 2023","datePublished":"2023-09-18T12:19:07+00:00","dateModified":"2024-02-27T09:14:30+00:00","mainEntityOfPage":{"@id":"https:\/\/cuadra-agrado.es\/?p=12369"},"wordCount":1334,"image":{"@id":"https:\/\/cuadra-agrado.es\/?p=12369#primaryimage"},"thumbnailUrl":"https:\/\/cuadra-agrado.es\/wp-content\/uploads\/2023\/03\/KOWALSKY-PREMIO-CHACAL.jpg","articleSection":["Actualidad"],"inLanguage":"es"},{"@type":"WebPage","@id":"https:\/\/cuadra-agrado.es\/?p=12369","url":"https:\/\/cuadra-agrado.es\/?p=12369","name":"Kowalsky, a por el so\u00f1ado doblete Derby-Villamejor 2023 - Cuadra Agrado","isPartOf":{"@id":"https:\/\/cuadra-agrado.es\/#website"},"primaryImageOfPage":{"@id":"https:\/\/cuadra-agrado.es\/?p=12369#primaryimage"},"image":{"@id":"https:\/\/cuadra-agrado.es\/?p=12369#primaryimage"},"thumbnailUrl":"https:\/\/cuadra-agrado.es\/wp-content\/uploads\/2023\/03\/KOWALSKY-PREMIO-CHACAL.jpg","datePublished":"2023-09-18T12:19:07+00:00","dateModified":"2024-02-27T09:14:30+00:00","author":{"@id":"https:\/\/cuadra-agrado.es\/#\/schema\/person\/3aa4f8d2373cf756d93a5526bc72f31b"},"breadcrumb":{"@id":"https:\/\/cuadra-agrado.es\/?p=12369#breadcrumb"},"inLanguage":"es","potentialAction":[{"@type":"ReadAction","target":["https:\/\/cuadra-agrado.es\/?p=12369"]}]},{"@type":"ImageObject","inLanguage":"es","@id":"https:\/\/cuadra-agrado.es\/?p=12369#primaryimage","url":"https:\/\/cuadra-agrado.es\/wp-content\/uploads\/2023\/03\/KOWALSKY-PREMIO-CHACAL.jpg","contentUrl":"https:\/\/cuadra-agrado.es\/wp-content\/uploads\/2023\/03\/KOWALSKY-PREMIO-CHACAL.jpg","width":906,"height":604},{"@type":"BreadcrumbList","@id":"https:\/\/cuadra-agrado.es\/?p=12369#breadcrumb","itemListElement":[{"@type":"ListItem","position":1,"name":"Portada","item":"https:\/\/cuadra-agrado.es\/"},{"@type":"ListItem","position":2,"name":"Kowalsky, a por el so\u00f1ado doblete Derby-Villamejor 2023"}]},{"@type":"WebSite","@id":"https:\/\/cuadra-agrado.es\/#website","url":"https:\/\/cuadra-agrado.es\/","name":"Cuadra Agrado","description":"En el mundo del Turf desde 2008","potentialAction":[{"@type":"SearchAction","target":{"@type":"EntryPoint","urlTemplate":"https:\/\/cuadra-agrado.es\/?s={search_term_string}"},"query-input":{"@type":"PropertyValueSpecification","valueRequired":true,"valueName":"search_term_string"}}],"inLanguage":"es"},{"@type":"Person","@id":"https:\/\/cuadra-agrado.es\/#\/schema\/person\/3aa4f8d2373cf756d93a5526bc72f31b","name":"Miguel Redondo","image":{"@type":"ImageObject","inLanguage":"es","@id":"https:\/\/secure.gravatar.com\/avatar\/85704fceb4fa34017e3c1344d182da00dbf772fb8856ba2b7726a2df926415b4?s=96&d=mm&r=g","url":"https:\/\/secure.gravatar.com\/avatar\/85704fceb4fa34017e3c1344d182da00dbf772fb8856ba2b7726a2df926415b4?s=96&d=mm&r=g","contentUrl":"https:\/\/secure.gravatar.com\/avatar\/85704fceb4fa34017e3c1344d182da00dbf772fb8856ba2b7726a2df926415b4?s=96&d=mm&r=g","caption":"Miguel Redondo"},"sameAs":["https:\/\/cuadra-agrado.es"],"url":"https:\/\/cuadra-agrado.es\/?author=5"}]}},"_links":{"self":[{"href":"https:\/\/cuadra-agrado.es\/index.php?rest_route=\/wp\/v2\/posts\/12369","targetHints":{"allow":["GET"]}}],"collection":[{"href":"https:\/\/cuadra-agrado.es\/index.php?rest_route=\/wp\/v2\/posts"}],"about":[{"href":"https:\/\/cuadra-agrado.es\/index.php?rest_route=\/wp\/v2\/types\/post"}],"author":[{"embeddable":true,"href":"https:\/\/cuadra-agrado.es\/index.php?rest_route=\/wp\/v2\/users\/5"}],"replies":[{"embeddable":true,"href":"https:\/\/cuadra-agrado.es\/index.php?rest_route=%2Fwp%2Fv2%2Fcomments&post=12369"}],"version-history":[{"count":0,"href":"https:\/\/cuadra-agrado.es\/index.php?rest_route=\/wp\/v2\/posts\/12369\/revisions"}],"wp:featuredmedia":[{"embeddable":true,"href":"https:\/\/cuadra-agrado.es\/index.php?rest_route=\/wp\/v2\/media\/12002"}],"wp:attachment":[{"href":"https:\/\/cuadra-agrado.es\/index.php?rest_route=%2Fwp%2Fv2%2Fmedia&parent=12369"}],"wp:term":[{"taxonomy":"category","embeddable":true,"href":"https:\/\/cuadra-agrado.es\/index.php?rest_route=%2Fwp%2Fv2%2Fcategories&post=12369"},{"taxonomy":"post_tag","embeddable":true,"href":"https:\/\/cuadra-agrado.es\/index.php?rest_route=%2Fwp%2Fv2%2Ftags&post=12369"}],"curies":[{"name":"wp","href":"https:\/\/api.w.org\/{rel}","templated":true}]}}