{"id":12366,"date":"2023-09-11T11:33:09","date_gmt":"2023-09-11T11:33:09","guid":{"rendered":"https:\/\/cuadra-agrado.es\/?p=12366"},"modified":"2024-02-27T09:14:31","modified_gmt":"2024-02-27T09:14:31","slug":"super-trip-se-reencuentra-con-su-hipodromo","status":"publish","type":"post","link":"https:\/\/cuadra-agrado.es\/?p=12366","title":{"rendered":"Super Trip se reencuentra con su hip\u00f3dromo"},"content":{"rendered":"<p style=\"text-align: justify;\">Este pr\u00f3ximo s\u00e1bado podremos disfrutar de la reaparici\u00f3n en Madrid de \u201c<strong>Super Trip\u201d<\/strong> tras una larga ausencia de m\u00e1s de cinco meses sin pisar la hierba madrile\u00f1a. Ser\u00e1 en otro de esos Grandes Premios por excelencia reservado \u00fanicamente para yeguas de tres a\u00f1os en adelante como es el <strong>GP Ben\u00edtez de Lugo,<\/strong> con una dotaci\u00f3n de 46.000 euros y, antes del partant definitivo, en un selecto lote de 11 yeguas de esas denominadas \u201cHigh Quality\u201d. Ser\u00e1 nuestro primer envite oto\u00f1al a los grandes premios donde tendremos, adem\u00e1s de<strong> \u201cSuper Trip\u201d<\/strong>, a \u201c<strong>Kowalsky<\/strong>\u201d en el Villamejor y Memorial, a \u201c<strong>Kendaya<\/strong>\u201d en el GP Ruban, y al peque\u00f1o \u201c<strong>Alwin Bram<\/strong>\u201d en el Gran Crit\u00e9rium Santander.<\/p>\n<p style=\"text-align: justify;\"><strong>\u201cSuper Trip\u201d<\/strong> llega rodada tras su pasada reaparici\u00f3n donostiarra en el Premio Hotel Maria Cristina. Su mala fortuna en el recorrido cuando vio caer al suelo a \u201c<strong>Hardpia<\/strong>\u201d delante de sus manos en la primera curva, sentenci\u00f3 sus opciones a aquel Gran Premio. Un primer borr\u00f3n en su historial con un quinto puesto que, obviamente no podemos tener en consideraci\u00f3n, pero a\u00fan con dicho incidente, vimos un buen \u201crush\u201d final que nos da pie para confirmar el buen estado de forma del que nos hablaba su responsable semanas antes.<\/p>\n<p style=\"text-align: justify;\">La yegua recuper\u00f3 muy bien de esa caprichosa carrera en contra, y sus trabajos ya en Madrid para preparar este nuevo gran premio nos ofrecen una esperanzadora opci\u00f3n solida de poder luchar nuevamente una victoria en otra final de altura. Sus problemas respiratorios, y alg\u00fan que otro problema f\u00edsico sobrevenido en la pasada temporada oto\u00f1al, parece se han ausentado temporalmente, y podemos decir que contamos para esta pr\u00f3xima con unas condiciones f\u00edsicas como pocas veces hemos tenido con ella en el pasado. Se tendr\u00e1 que enfrentar a un lote de esos de nivel, pero ella est\u00e1 acostumbrada a estos grandes retos. La calidad que ostenta y que ha demostrado en sus dos a\u00f1os defendiendo nuestra chaquetilla es evidente que no la ha perdido ni la perder\u00e1 nunca, y si a esa calidad sumamos este buen estado de forma del que hablamos, ser\u00eda l\u00f3gico pensar que su previsible cotizaci\u00f3n en taquilla para el s\u00e1bado sea a la baja. El enorme trabajo de recuperaci\u00f3n ya est\u00e1 hecho y es de agradecer a todo el equipo que se ha volcado con ella durante todo el a\u00f1o con menci\u00f3n especial a Christian y a Cova Boville a la que le une un vinculo muy especial. \u201c<strong>Super Trip<\/strong>\u201d lo ha asimilado bien, y ahora s\u00f3lo queda que los siempre traviesos Dioses del turf no vengan de nuevo a jugar el s\u00e1bado en su contra. Una carrera limpia ser\u00eda m\u00e1s que suficiente para que, en un alto porcentaje, podamos volver a ver ese bonito cambio de ritmo en el \u00faltimo furlong del que hac\u00eda gala en a\u00f1os anteriores que le empuje a luchar un nuevo gran premio.<\/p>\n<p style=\"text-align: justify;\">Monta para Mario E. Fern\u00e1ndez que vuelve a subirse a su montura muy confiado en sus opciones. En su anterior cita donostiarra le encant\u00f3 la aptitud de la yegua en esos \u00faltimos 300 metros donde fue recortando muchos cuerpos de distancia viniendo desde muy atr\u00e1s. Su confianza es m\u00e1xima en la yegua y es reciproca tambi\u00e9n para nosotros con \u00e9l. Despu\u00e9s de su primer Gran Premio ganado con \u201c<strong>Kowalsky<\/strong>\u201d en el pasado Derby, tiene otra bonita opci\u00f3n de conseguir este segundo grande en su historial espa\u00f1ol. Buscar\u00e1 tener un recorrido limpio sin dar demasiado la cara, y solicitar ese cambio de ritmo en ese \u00faltimo furlong donde se ganan este tipo de carreras.<\/p>\n<p style=\"text-align: justify;\">Mucha suerte equipo!!!<\/p>\n<!-- AddThis Advanced Settings generic via filter on the_content --><!-- AddThis Share Buttons generic via filter on the_content -->","protected":false},"excerpt":{"rendered":"<p>Este pr\u00f3ximo s\u00e1bado podremos disfrutar de la reaparici\u00f3n en Madrid de \u201cSuper Trip\u201d tras una larga ausencia de m\u00e1s de cinco meses sin pisar la hierba madrile\u00f1a. Ser\u00e1 en otro de esos Grandes Premios por excelencia reservado \u00fanicamente para yeguas de tres a\u00f1os en adelante como es el GP Ben\u00edtez de Lugo, con una dotaci\u00f3n [&hellip;]<!-- AddThis Advanced Settings generic via filter on get_the_excerpt --><!-- AddThis Share Buttons generic via filter on get_the_excerpt --><\/p>\n","protected":false},"author":5,"featured_media":10844,"comment_status":"closed","ping_status":"open","sticky":false,"template":"","format":"standard","meta":{"_acf_changed":false,"_et_pb_use_builder":"","_et_pb_old_content":"","_et_gb_content_width":"","footnotes":""},"categories":[3],"tags":[],"class_list":["post-12366","post","type-post","status-publish","format-standard","has-post-thumbnail","hentry","category-noticias-cuadra-agrado"],"acf":[],"yoast_head":"<!-- This site is optimized with the Yoast SEO plugin v27.4 - https:\/\/yoast.com\/product\/yoast-seo-wordpress\/ -->\n<title>Super Trip se reencuentra con su hip\u00f3dromo - Cuadra Agrado<\/title>\n<meta name=\"robots\" content=\"index, follow, max-snippet:-1, max-image-preview:large, max-video-preview:-1\" \/>\n<link rel=\"canonical\" href=\"https:\/\/cuadra-agrado.es\/?p=12366\" \/>\n<meta property=\"og:locale\" content=\"es_ES\" \/>\n<meta property=\"og:type\" content=\"article\" \/>\n<meta property=\"og:title\" content=\"Super Trip se reencuentra con su hip\u00f3dromo - Cuadra Agrado\" \/>\n<meta property=\"og:description\" content=\"Este pr\u00f3ximo s\u00e1bado podremos disfrutar de la reaparici\u00f3n en Madrid de \u201cSuper Trip\u201d tras una larga ausencia de m\u00e1s de cinco meses sin pisar la hierba madrile\u00f1a. Ser\u00e1 en otro de esos Grandes Premios por excelencia reservado \u00fanicamente para yeguas de tres a\u00f1os en adelante como es el GP Ben\u00edtez de Lugo, con una dotaci\u00f3n [&hellip;]\" \/>\n<meta property=\"og:url\" content=\"https:\/\/cuadra-agrado.es\/?p=12366\" \/>\n<meta property=\"og:site_name\" content=\"Cuadra Agrado\" \/>\n<meta property=\"article:published_time\" content=\"2023-09-11T11:33:09+00:00\" \/>\n<meta property=\"article:modified_time\" content=\"2024-02-27T09:14:31+00:00\" \/>\n<meta property=\"og:image\" content=\"https:\/\/cuadra-agrado.es\/wp-content\/uploads\/2022\/10\/supertrip-0aks1.jpg\" \/>\n\t<meta property=\"og:image:width\" content=\"2048\" \/>\n\t<meta property=\"og:image:height\" content=\"1364\" \/>\n\t<meta property=\"og:image:type\" content=\"image\/jpeg\" \/>\n<meta name=\"author\" content=\"Miguel Redondo\" \/>\n<meta name=\"twitter:card\" content=\"summary_large_image\" \/>\n<meta name=\"twitter:creator\" content=\"@AGRADOracing\" \/>\n<meta name=\"twitter:site\" content=\"@AGRADOracing\" \/>\n<meta name=\"twitter:label1\" content=\"Escrito por\" \/>\n\t<meta name=\"twitter:data1\" content=\"Miguel Redondo\" \/>\n\t<meta name=\"twitter:label2\" content=\"Tiempo de lectura\" \/>\n\t<meta name=\"twitter:data2\" content=\"3 minutos\" \/>\n<script type=\"application\/ld+json\" class=\"yoast-schema-graph\">{\"@context\":\"https:\\\/\\\/schema.org\",\"@graph\":[{\"@type\":\"Article\",\"@id\":\"https:\\\/\\\/cuadra-agrado.es\\\/?p=12366#article\",\"isPartOf\":{\"@id\":\"https:\\\/\\\/cuadra-agrado.es\\\/?p=12366\"},\"author\":{\"name\":\"Miguel Redondo\",\"@id\":\"https:\\\/\\\/cuadra-agrado.es\\\/#\\\/schema\\\/person\\\/3aa4f8d2373cf756d93a5526bc72f31b\"},\"headline\":\"Super Trip se reencuentra con su hip\u00f3dromo\",\"datePublished\":\"2023-09-11T11:33:09+00:00\",\"dateModified\":\"2024-02-27T09:14:31+00:00\",\"mainEntityOfPage\":{\"@id\":\"https:\\\/\\\/cuadra-agrado.es\\\/?p=12366\"},\"wordCount\":637,\"image\":{\"@id\":\"https:\\\/\\\/cuadra-agrado.es\\\/?p=12366#primaryimage\"},\"thumbnailUrl\":\"https:\\\/\\\/cuadra-agrado.es\\\/wp-content\\\/uploads\\\/2022\\\/10\\\/supertrip-0aks1.jpg\",\"articleSection\":[\"Actualidad\"],\"inLanguage\":\"es\"},{\"@type\":\"WebPage\",\"@id\":\"https:\\\/\\\/cuadra-agrado.es\\\/?p=12366\",\"url\":\"https:\\\/\\\/cuadra-agrado.es\\\/?p=12366\",\"name\":\"Super Trip se reencuentra con su hip\u00f3dromo - Cuadra Agrado\",\"isPartOf\":{\"@id\":\"https:\\\/\\\/cuadra-agrado.es\\\/#website\"},\"primaryImageOfPage\":{\"@id\":\"https:\\\/\\\/cuadra-agrado.es\\\/?p=12366#primaryimage\"},\"image\":{\"@id\":\"https:\\\/\\\/cuadra-agrado.es\\\/?p=12366#primaryimage\"},\"thumbnailUrl\":\"https:\\\/\\\/cuadra-agrado.es\\\/wp-content\\\/uploads\\\/2022\\\/10\\\/supertrip-0aks1.jpg\",\"datePublished\":\"2023-09-11T11:33:09+00:00\",\"dateModified\":\"2024-02-27T09:14:31+00:00\",\"author\":{\"@id\":\"https:\\\/\\\/cuadra-agrado.es\\\/#\\\/schema\\\/person\\\/3aa4f8d2373cf756d93a5526bc72f31b\"},\"breadcrumb\":{\"@id\":\"https:\\\/\\\/cuadra-agrado.es\\\/?p=12366#breadcrumb\"},\"inLanguage\":\"es\",\"potentialAction\":[{\"@type\":\"ReadAction\",\"target\":[\"https:\\\/\\\/cuadra-agrado.es\\\/?p=12366\"]}]},{\"@type\":\"ImageObject\",\"inLanguage\":\"es\",\"@id\":\"https:\\\/\\\/cuadra-agrado.es\\\/?p=12366#primaryimage\",\"url\":\"https:\\\/\\\/cuadra-agrado.es\\\/wp-content\\\/uploads\\\/2022\\\/10\\\/supertrip-0aks1.jpg\",\"contentUrl\":\"https:\\\/\\\/cuadra-agrado.es\\\/wp-content\\\/uploads\\\/2022\\\/10\\\/supertrip-0aks1.jpg\",\"width\":2048,\"height\":1364},{\"@type\":\"BreadcrumbList\",\"@id\":\"https:\\\/\\\/cuadra-agrado.es\\\/?p=12366#breadcrumb\",\"itemListElement\":[{\"@type\":\"ListItem\",\"position\":1,\"name\":\"Portada\",\"item\":\"https:\\\/\\\/cuadra-agrado.es\\\/\"},{\"@type\":\"ListItem\",\"position\":2,\"name\":\"Super Trip se reencuentra con su hip\u00f3dromo\"}]},{\"@type\":\"WebSite\",\"@id\":\"https:\\\/\\\/cuadra-agrado.es\\\/#website\",\"url\":\"https:\\\/\\\/cuadra-agrado.es\\\/\",\"name\":\"Cuadra Agrado\",\"description\":\"En el mundo del Turf desde 2008\",\"potentialAction\":[{\"@type\":\"SearchAction\",\"target\":{\"@type\":\"EntryPoint\",\"urlTemplate\":\"https:\\\/\\\/cuadra-agrado.es\\\/?s={search_term_string}\"},\"query-input\":{\"@type\":\"PropertyValueSpecification\",\"valueRequired\":true,\"valueName\":\"search_term_string\"}}],\"inLanguage\":\"es\"},{\"@type\":\"Person\",\"@id\":\"https:\\\/\\\/cuadra-agrado.es\\\/#\\\/schema\\\/person\\\/3aa4f8d2373cf756d93a5526bc72f31b\",\"name\":\"Miguel Redondo\",\"image\":{\"@type\":\"ImageObject\",\"inLanguage\":\"es\",\"@id\":\"https:\\\/\\\/secure.gravatar.com\\\/avatar\\\/85704fceb4fa34017e3c1344d182da00dbf772fb8856ba2b7726a2df926415b4?s=96&d=mm&r=g\",\"url\":\"https:\\\/\\\/secure.gravatar.com\\\/avatar\\\/85704fceb4fa34017e3c1344d182da00dbf772fb8856ba2b7726a2df926415b4?s=96&d=mm&r=g\",\"contentUrl\":\"https:\\\/\\\/secure.gravatar.com\\\/avatar\\\/85704fceb4fa34017e3c1344d182da00dbf772fb8856ba2b7726a2df926415b4?s=96&d=mm&r=g\",\"caption\":\"Miguel Redondo\"},\"sameAs\":[\"https:\\\/\\\/cuadra-agrado.es\"],\"url\":\"https:\\\/\\\/cuadra-agrado.es\\\/?author=5\"}]}<\/script>\n<!-- \/ Yoast SEO plugin. -->","yoast_head_json":{"title":"Super Trip se reencuentra con su hip\u00f3dromo - Cuadra Agrado","robots":{"index":"index","follow":"follow","max-snippet":"max-snippet:-1","max-image-preview":"max-image-preview:large","max-video-preview":"max-video-preview:-1"},"canonical":"https:\/\/cuadra-agrado.es\/?p=12366","og_locale":"es_ES","og_type":"article","og_title":"Super Trip se reencuentra con su hip\u00f3dromo - Cuadra Agrado","og_description":"Este pr\u00f3ximo s\u00e1bado podremos disfrutar de la reaparici\u00f3n en Madrid de \u201cSuper Trip\u201d tras una larga ausencia de m\u00e1s de cinco meses sin pisar la hierba madrile\u00f1a. Ser\u00e1 en otro de esos Grandes Premios por excelencia reservado \u00fanicamente para yeguas de tres a\u00f1os en adelante como es el GP Ben\u00edtez de Lugo, con una dotaci\u00f3n [&hellip;]","og_url":"https:\/\/cuadra-agrado.es\/?p=12366","og_site_name":"Cuadra Agrado","article_published_time":"2023-09-11T11:33:09+00:00","article_modified_time":"2024-02-27T09:14:31+00:00","og_image":[{"width":2048,"height":1364,"url":"https:\/\/cuadra-agrado.es\/wp-content\/uploads\/2022\/10\/supertrip-0aks1.jpg","type":"image\/jpeg"}],"author":"Miguel Redondo","twitter_card":"summary_large_image","twitter_creator":"@AGRADOracing","twitter_site":"@AGRADOracing","twitter_misc":{"Escrito por":"Miguel Redondo","Tiempo de lectura":"3 minutos"},"schema":{"@context":"https:\/\/schema.org","@graph":[{"@type":"Article","@id":"https:\/\/cuadra-agrado.es\/?p=12366#article","isPartOf":{"@id":"https:\/\/cuadra-agrado.es\/?p=12366"},"author":{"name":"Miguel Redondo","@id":"https:\/\/cuadra-agrado.es\/#\/schema\/person\/3aa4f8d2373cf756d93a5526bc72f31b"},"headline":"Super Trip se reencuentra con su hip\u00f3dromo","datePublished":"2023-09-11T11:33:09+00:00","dateModified":"2024-02-27T09:14:31+00:00","mainEntityOfPage":{"@id":"https:\/\/cuadra-agrado.es\/?p=12366"},"wordCount":637,"image":{"@id":"https:\/\/cuadra-agrado.es\/?p=12366#primaryimage"},"thumbnailUrl":"https:\/\/cuadra-agrado.es\/wp-content\/uploads\/2022\/10\/supertrip-0aks1.jpg","articleSection":["Actualidad"],"inLanguage":"es"},{"@type":"WebPage","@id":"https:\/\/cuadra-agrado.es\/?p=12366","url":"https:\/\/cuadra-agrado.es\/?p=12366","name":"Super Trip se reencuentra con su hip\u00f3dromo - Cuadra Agrado","isPartOf":{"@id":"https:\/\/cuadra-agrado.es\/#website"},"primaryImageOfPage":{"@id":"https:\/\/cuadra-agrado.es\/?p=12366#primaryimage"},"image":{"@id":"https:\/\/cuadra-agrado.es\/?p=12366#primaryimage"},"thumbnailUrl":"https:\/\/cuadra-agrado.es\/wp-content\/uploads\/2022\/10\/supertrip-0aks1.jpg","datePublished":"2023-09-11T11:33:09+00:00","dateModified":"2024-02-27T09:14:31+00:00","author":{"@id":"https:\/\/cuadra-agrado.es\/#\/schema\/person\/3aa4f8d2373cf756d93a5526bc72f31b"},"breadcrumb":{"@id":"https:\/\/cuadra-agrado.es\/?p=12366#breadcrumb"},"inLanguage":"es","potentialAction":[{"@type":"ReadAction","target":["https:\/\/cuadra-agrado.es\/?p=12366"]}]},{"@type":"ImageObject","inLanguage":"es","@id":"https:\/\/cuadra-agrado.es\/?p=12366#primaryimage","url":"https:\/\/cuadra-agrado.es\/wp-content\/uploads\/2022\/10\/supertrip-0aks1.jpg","contentUrl":"https:\/\/cuadra-agrado.es\/wp-content\/uploads\/2022\/10\/supertrip-0aks1.jpg","width":2048,"height":1364},{"@type":"BreadcrumbList","@id":"https:\/\/cuadra-agrado.es\/?p=12366#breadcrumb","itemListElement":[{"@type":"ListItem","position":1,"name":"Portada","item":"https:\/\/cuadra-agrado.es\/"},{"@type":"ListItem","position":2,"name":"Super Trip se reencuentra con su hip\u00f3dromo"}]},{"@type":"WebSite","@id":"https:\/\/cuadra-agrado.es\/#website","url":"https:\/\/cuadra-agrado.es\/","name":"Cuadra Agrado","description":"En el mundo del Turf desde 2008","potentialAction":[{"@type":"SearchAction","target":{"@type":"EntryPoint","urlTemplate":"https:\/\/cuadra-agrado.es\/?s={search_term_string}"},"query-input":{"@type":"PropertyValueSpecification","valueRequired":true,"valueName":"search_term_string"}}],"inLanguage":"es"},{"@type":"Person","@id":"https:\/\/cuadra-agrado.es\/#\/schema\/person\/3aa4f8d2373cf756d93a5526bc72f31b","name":"Miguel Redondo","image":{"@type":"ImageObject","inLanguage":"es","@id":"https:\/\/secure.gravatar.com\/avatar\/85704fceb4fa34017e3c1344d182da00dbf772fb8856ba2b7726a2df926415b4?s=96&d=mm&r=g","url":"https:\/\/secure.gravatar.com\/avatar\/85704fceb4fa34017e3c1344d182da00dbf772fb8856ba2b7726a2df926415b4?s=96&d=mm&r=g","contentUrl":"https:\/\/secure.gravatar.com\/avatar\/85704fceb4fa34017e3c1344d182da00dbf772fb8856ba2b7726a2df926415b4?s=96&d=mm&r=g","caption":"Miguel Redondo"},"sameAs":["https:\/\/cuadra-agrado.es"],"url":"https:\/\/cuadra-agrado.es\/?author=5"}]}},"_links":{"self":[{"href":"https:\/\/cuadra-agrado.es\/index.php?rest_route=\/wp\/v2\/posts\/12366","targetHints":{"allow":["GET"]}}],"collection":[{"href":"https:\/\/cuadra-agrado.es\/index.php?rest_route=\/wp\/v2\/posts"}],"about":[{"href":"https:\/\/cuadra-agrado.es\/index.php?rest_route=\/wp\/v2\/types\/post"}],"author":[{"embeddable":true,"href":"https:\/\/cuadra-agrado.es\/index.php?rest_route=\/wp\/v2\/users\/5"}],"replies":[{"embeddable":true,"href":"https:\/\/cuadra-agrado.es\/index.php?rest_route=%2Fwp%2Fv2%2Fcomments&post=12366"}],"version-history":[{"count":0,"href":"https:\/\/cuadra-agrado.es\/index.php?rest_route=\/wp\/v2\/posts\/12366\/revisions"}],"wp:featuredmedia":[{"embeddable":true,"href":"https:\/\/cuadra-agrado.es\/index.php?rest_route=\/wp\/v2\/media\/10844"}],"wp:attachment":[{"href":"https:\/\/cuadra-agrado.es\/index.php?rest_route=%2Fwp%2Fv2%2Fmedia&parent=12366"}],"wp:term":[{"taxonomy":"category","embeddable":true,"href":"https:\/\/cuadra-agrado.es\/index.php?rest_route=%2Fwp%2Fv2%2Fcategories&post=12366"},{"taxonomy":"post_tag","embeddable":true,"href":"https:\/\/cuadra-agrado.es\/index.php?rest_route=%2Fwp%2Fv2%2Ftags&post=12366"}],"curies":[{"name":"wp","href":"https:\/\/api.w.org\/{rel}","templated":true}]}}