{"id":12331,"date":"2023-08-21T09:33:00","date_gmt":"2023-08-21T09:33:00","guid":{"rendered":"https:\/\/cuadra-agrado.es\/?p=12331"},"modified":"2024-02-27T09:14:32","modified_gmt":"2024-02-27T09:14:32","slug":"debut-y-plata-para-kendaya-en-lasarte","status":"publish","type":"post","link":"https:\/\/cuadra-agrado.es\/?p=12331","title":{"rendered":"Debut y Plata para Kendaya en Lasarte"},"content":{"rendered":"<p style=\"text-align: justify;\">Se presentaba \u201c<strong>Kendaya<\/strong>\u201d ante la afici\u00f3n donostiarra en su primera visita al hip\u00f3dromo de Lasarte en lo que dice llamarse la consolatoria del Gran Premio Gobierno Vasco. Un recorrido sobre 1.400 metros con un partant muy atractivo entre la calidad de todos los participantes.<\/p>\n<p style=\"text-align: justify;\">Como anticip\u00e1bamos en nuestra previa, la yegua llegaba a la cita veraniega con la suficiente condici\u00f3n f\u00edsica para poder luchar una carrera muy selectiva y, de nuevo, con el inconveniente de una pista en condici\u00f3n adversa. Sin dificultad en la siempre complicada adaptaci\u00f3n por primera vez al peculiar trazado lasarteoriatarra, aun no siendo precisamente una yegua peque\u00f1a, supo dar la cara y luchar la carrera hasta el mismo poste de meta. Al final los pron\u00f3sticos de favoritismo se cumplieron con la victoria de \u201d<strong>Something<\/strong>\u201d, que ya hab\u00eda duplicado victoria sobre la misma distancia y pista. Esta vez, al buen corredor mediterr\u00e1neo le cost\u00f3 un poco m\u00e1s ante el empuje de una \u201c<strong>Kendaya<\/strong>\u201d muy seria y combativa, bien llevada por su monta en el recorrido, y con un rush final donde solo la picard\u00eda de un inteligente jockey como Ricardo Sousa puso m\u00e1s dif\u00edcil la siempre esperada victoria de nuestra yegua haciendo lo justo para llevarse la carrera y salir indemne. Los comisarios del JCE abrieron reclamaci\u00f3n de oficio por los m\u00e1s de 5 carriles que se desplaz\u00f3 el pupilo de Arizcorreta en los 100 \u00faltimos metros, acci\u00f3n que pudo incluso costarle a \u201cKendaya\u201d el segundo puesto pero, tras tomar declaraci\u00f3n a ambos jockeys, no consideraron la siempre dif\u00edcil decisi\u00f3n de un posible distanciamiento que por nuestra parte asumimos simple y llanamente porque nuestra defensa ante un posible recurso carece del peso suficiente como para voltear la balanza, sin que esto sea \u00f3bice para seguir aseverando que la acci\u00f3n nos provoc\u00f3 un perjuicio en mayor o menor medida,. Al final, nos quedamos con la parte positiva de una muy buena medalla de plata que aceptamos con algo de resignaci\u00f3n pero que le permite poco a poco ir regresando a sus valores de anta\u00f1o, y que nos da pie a seguir confiando en su merecida victoria en pr\u00f3ximos encuentros.<\/p>\n<p style=\"text-align: justify;\">Ya de vuelta a casa en Madrid, preparar\u00e1 en estas dos pr\u00f3ximas semanas su regreso a la pista donostiarra a finales de temporada para disputar el sprint veraniego sobre los 1.200 metros que tiene marcado en su calendario y que le servir\u00e1 para enganchar con la temporada oto\u00f1al de Madrid donde esperamos que el regreso de las pistas suaves le ayuden a encontrar lo que tanto merece.<\/p>\n<p style=\"text-align: justify;\">Para terminar, simplemente agradecer y felicitar a todo el equipo por la excelente condici\u00f3n mostrada en esta reaparici\u00f3n a\u00fan con muchos aspectos en contra.<\/p>\n<!-- AddThis Advanced Settings generic via filter on the_content --><!-- AddThis Share Buttons generic via filter on the_content -->","protected":false},"excerpt":{"rendered":"<p>Se presentaba \u201cKendaya\u201d ante la afici\u00f3n donostiarra en su primera visita al hip\u00f3dromo de Lasarte en lo que dice llamarse la consolatoria del Gran Premio Gobierno Vasco. Un recorrido sobre 1.400 metros con un partant muy atractivo entre la calidad de todos los participantes. Como anticip\u00e1bamos en nuestra previa, la yegua llegaba a la cita [&hellip;]<!-- AddThis Advanced Settings generic via filter on get_the_excerpt --><!-- AddThis Share Buttons generic via filter on get_the_excerpt --><\/p>\n","protected":false},"author":5,"featured_media":12333,"comment_status":"closed","ping_status":"open","sticky":false,"template":"","format":"standard","meta":{"_acf_changed":false,"_et_pb_use_builder":"","_et_pb_old_content":"","_et_gb_content_width":"","footnotes":""},"categories":[3],"tags":[],"class_list":["post-12331","post","type-post","status-publish","format-standard","has-post-thumbnail","hentry","category-noticias-cuadra-agrado"],"acf":[],"yoast_head":"<!-- This site is optimized with the Yoast SEO plugin v27.4 - https:\/\/yoast.com\/product\/yoast-seo-wordpress\/ -->\n<title>Debut y Plata para Kendaya en Lasarte - Cuadra Agrado<\/title>\n<meta name=\"robots\" content=\"index, follow, max-snippet:-1, max-image-preview:large, max-video-preview:-1\" \/>\n<link rel=\"canonical\" href=\"https:\/\/cuadra-agrado.es\/?p=12331\" \/>\n<meta property=\"og:locale\" content=\"es_ES\" \/>\n<meta property=\"og:type\" content=\"article\" \/>\n<meta property=\"og:title\" content=\"Debut y Plata para Kendaya en Lasarte - Cuadra Agrado\" \/>\n<meta property=\"og:description\" content=\"Se presentaba \u201cKendaya\u201d ante la afici\u00f3n donostiarra en su primera visita al hip\u00f3dromo de Lasarte en lo que dice llamarse la consolatoria del Gran Premio Gobierno Vasco. Un recorrido sobre 1.400 metros con un partant muy atractivo entre la calidad de todos los participantes. Como anticip\u00e1bamos en nuestra previa, la yegua llegaba a la cita [&hellip;]\" \/>\n<meta property=\"og:url\" content=\"https:\/\/cuadra-agrado.es\/?p=12331\" \/>\n<meta property=\"og:site_name\" content=\"Cuadra Agrado\" \/>\n<meta property=\"article:published_time\" content=\"2023-08-21T09:33:00+00:00\" \/>\n<meta property=\"article:modified_time\" content=\"2024-02-27T09:14:32+00:00\" \/>\n<meta property=\"og:image\" content=\"https:\/\/cuadra-agrado.es\/wp-content\/uploads\/2023\/08\/F3_UmeUXcAA_Zxl.jpg\" \/>\n\t<meta property=\"og:image:width\" content=\"1600\" \/>\n\t<meta property=\"og:image:height\" content=\"1067\" \/>\n\t<meta property=\"og:image:type\" content=\"image\/jpeg\" \/>\n<meta name=\"author\" content=\"Miguel Redondo\" \/>\n<meta name=\"twitter:card\" content=\"summary_large_image\" \/>\n<meta name=\"twitter:creator\" content=\"@AGRADOracing\" \/>\n<meta name=\"twitter:site\" content=\"@AGRADOracing\" \/>\n<meta name=\"twitter:label1\" content=\"Escrito por\" \/>\n\t<meta name=\"twitter:data1\" content=\"Miguel Redondo\" \/>\n\t<meta name=\"twitter:label2\" content=\"Tiempo de lectura\" \/>\n\t<meta name=\"twitter:data2\" content=\"2 minutos\" \/>\n<script type=\"application\/ld+json\" class=\"yoast-schema-graph\">{\"@context\":\"https:\\\/\\\/schema.org\",\"@graph\":[{\"@type\":\"Article\",\"@id\":\"https:\\\/\\\/cuadra-agrado.es\\\/?p=12331#article\",\"isPartOf\":{\"@id\":\"https:\\\/\\\/cuadra-agrado.es\\\/?p=12331\"},\"author\":{\"name\":\"Miguel Redondo\",\"@id\":\"https:\\\/\\\/cuadra-agrado.es\\\/#\\\/schema\\\/person\\\/3aa4f8d2373cf756d93a5526bc72f31b\"},\"headline\":\"Debut y Plata para Kendaya en Lasarte\",\"datePublished\":\"2023-08-21T09:33:00+00:00\",\"dateModified\":\"2024-02-27T09:14:32+00:00\",\"mainEntityOfPage\":{\"@id\":\"https:\\\/\\\/cuadra-agrado.es\\\/?p=12331\"},\"wordCount\":475,\"image\":{\"@id\":\"https:\\\/\\\/cuadra-agrado.es\\\/?p=12331#primaryimage\"},\"thumbnailUrl\":\"https:\\\/\\\/cuadra-agrado.es\\\/wp-content\\\/uploads\\\/2023\\\/08\\\/F3_UmeUXcAA_Zxl.jpg\",\"articleSection\":[\"Actualidad\"],\"inLanguage\":\"es\"},{\"@type\":\"WebPage\",\"@id\":\"https:\\\/\\\/cuadra-agrado.es\\\/?p=12331\",\"url\":\"https:\\\/\\\/cuadra-agrado.es\\\/?p=12331\",\"name\":\"Debut y Plata para Kendaya en Lasarte - Cuadra Agrado\",\"isPartOf\":{\"@id\":\"https:\\\/\\\/cuadra-agrado.es\\\/#website\"},\"primaryImageOfPage\":{\"@id\":\"https:\\\/\\\/cuadra-agrado.es\\\/?p=12331#primaryimage\"},\"image\":{\"@id\":\"https:\\\/\\\/cuadra-agrado.es\\\/?p=12331#primaryimage\"},\"thumbnailUrl\":\"https:\\\/\\\/cuadra-agrado.es\\\/wp-content\\\/uploads\\\/2023\\\/08\\\/F3_UmeUXcAA_Zxl.jpg\",\"datePublished\":\"2023-08-21T09:33:00+00:00\",\"dateModified\":\"2024-02-27T09:14:32+00:00\",\"author\":{\"@id\":\"https:\\\/\\\/cuadra-agrado.es\\\/#\\\/schema\\\/person\\\/3aa4f8d2373cf756d93a5526bc72f31b\"},\"breadcrumb\":{\"@id\":\"https:\\\/\\\/cuadra-agrado.es\\\/?p=12331#breadcrumb\"},\"inLanguage\":\"es\",\"potentialAction\":[{\"@type\":\"ReadAction\",\"target\":[\"https:\\\/\\\/cuadra-agrado.es\\\/?p=12331\"]}]},{\"@type\":\"ImageObject\",\"inLanguage\":\"es\",\"@id\":\"https:\\\/\\\/cuadra-agrado.es\\\/?p=12331#primaryimage\",\"url\":\"https:\\\/\\\/cuadra-agrado.es\\\/wp-content\\\/uploads\\\/2023\\\/08\\\/F3_UmeUXcAA_Zxl.jpg\",\"contentUrl\":\"https:\\\/\\\/cuadra-agrado.es\\\/wp-content\\\/uploads\\\/2023\\\/08\\\/F3_UmeUXcAA_Zxl.jpg\",\"width\":1600,\"height\":1067,\"caption\":\"Foto de Hip\u00f3dromo de San Sebasti\u00e1n\"},{\"@type\":\"BreadcrumbList\",\"@id\":\"https:\\\/\\\/cuadra-agrado.es\\\/?p=12331#breadcrumb\",\"itemListElement\":[{\"@type\":\"ListItem\",\"position\":1,\"name\":\"Portada\",\"item\":\"https:\\\/\\\/cuadra-agrado.es\\\/\"},{\"@type\":\"ListItem\",\"position\":2,\"name\":\"Debut y Plata para Kendaya en Lasarte\"}]},{\"@type\":\"WebSite\",\"@id\":\"https:\\\/\\\/cuadra-agrado.es\\\/#website\",\"url\":\"https:\\\/\\\/cuadra-agrado.es\\\/\",\"name\":\"Cuadra Agrado\",\"description\":\"En el mundo del Turf desde 2008\",\"potentialAction\":[{\"@type\":\"SearchAction\",\"target\":{\"@type\":\"EntryPoint\",\"urlTemplate\":\"https:\\\/\\\/cuadra-agrado.es\\\/?s={search_term_string}\"},\"query-input\":{\"@type\":\"PropertyValueSpecification\",\"valueRequired\":true,\"valueName\":\"search_term_string\"}}],\"inLanguage\":\"es\"},{\"@type\":\"Person\",\"@id\":\"https:\\\/\\\/cuadra-agrado.es\\\/#\\\/schema\\\/person\\\/3aa4f8d2373cf756d93a5526bc72f31b\",\"name\":\"Miguel Redondo\",\"image\":{\"@type\":\"ImageObject\",\"inLanguage\":\"es\",\"@id\":\"https:\\\/\\\/secure.gravatar.com\\\/avatar\\\/85704fceb4fa34017e3c1344d182da00dbf772fb8856ba2b7726a2df926415b4?s=96&d=mm&r=g\",\"url\":\"https:\\\/\\\/secure.gravatar.com\\\/avatar\\\/85704fceb4fa34017e3c1344d182da00dbf772fb8856ba2b7726a2df926415b4?s=96&d=mm&r=g\",\"contentUrl\":\"https:\\\/\\\/secure.gravatar.com\\\/avatar\\\/85704fceb4fa34017e3c1344d182da00dbf772fb8856ba2b7726a2df926415b4?s=96&d=mm&r=g\",\"caption\":\"Miguel Redondo\"},\"sameAs\":[\"https:\\\/\\\/cuadra-agrado.es\"],\"url\":\"https:\\\/\\\/cuadra-agrado.es\\\/?author=5\"}]}<\/script>\n<!-- \/ Yoast SEO plugin. -->","yoast_head_json":{"title":"Debut y Plata para Kendaya en Lasarte - Cuadra Agrado","robots":{"index":"index","follow":"follow","max-snippet":"max-snippet:-1","max-image-preview":"max-image-preview:large","max-video-preview":"max-video-preview:-1"},"canonical":"https:\/\/cuadra-agrado.es\/?p=12331","og_locale":"es_ES","og_type":"article","og_title":"Debut y Plata para Kendaya en Lasarte - Cuadra Agrado","og_description":"Se presentaba \u201cKendaya\u201d ante la afici\u00f3n donostiarra en su primera visita al hip\u00f3dromo de Lasarte en lo que dice llamarse la consolatoria del Gran Premio Gobierno Vasco. Un recorrido sobre 1.400 metros con un partant muy atractivo entre la calidad de todos los participantes. Como anticip\u00e1bamos en nuestra previa, la yegua llegaba a la cita [&hellip;]","og_url":"https:\/\/cuadra-agrado.es\/?p=12331","og_site_name":"Cuadra Agrado","article_published_time":"2023-08-21T09:33:00+00:00","article_modified_time":"2024-02-27T09:14:32+00:00","og_image":[{"width":1600,"height":1067,"url":"https:\/\/cuadra-agrado.es\/wp-content\/uploads\/2023\/08\/F3_UmeUXcAA_Zxl.jpg","type":"image\/jpeg"}],"author":"Miguel Redondo","twitter_card":"summary_large_image","twitter_creator":"@AGRADOracing","twitter_site":"@AGRADOracing","twitter_misc":{"Escrito por":"Miguel Redondo","Tiempo de lectura":"2 minutos"},"schema":{"@context":"https:\/\/schema.org","@graph":[{"@type":"Article","@id":"https:\/\/cuadra-agrado.es\/?p=12331#article","isPartOf":{"@id":"https:\/\/cuadra-agrado.es\/?p=12331"},"author":{"name":"Miguel Redondo","@id":"https:\/\/cuadra-agrado.es\/#\/schema\/person\/3aa4f8d2373cf756d93a5526bc72f31b"},"headline":"Debut y Plata para Kendaya en Lasarte","datePublished":"2023-08-21T09:33:00+00:00","dateModified":"2024-02-27T09:14:32+00:00","mainEntityOfPage":{"@id":"https:\/\/cuadra-agrado.es\/?p=12331"},"wordCount":475,"image":{"@id":"https:\/\/cuadra-agrado.es\/?p=12331#primaryimage"},"thumbnailUrl":"https:\/\/cuadra-agrado.es\/wp-content\/uploads\/2023\/08\/F3_UmeUXcAA_Zxl.jpg","articleSection":["Actualidad"],"inLanguage":"es"},{"@type":"WebPage","@id":"https:\/\/cuadra-agrado.es\/?p=12331","url":"https:\/\/cuadra-agrado.es\/?p=12331","name":"Debut y Plata para Kendaya en Lasarte - Cuadra Agrado","isPartOf":{"@id":"https:\/\/cuadra-agrado.es\/#website"},"primaryImageOfPage":{"@id":"https:\/\/cuadra-agrado.es\/?p=12331#primaryimage"},"image":{"@id":"https:\/\/cuadra-agrado.es\/?p=12331#primaryimage"},"thumbnailUrl":"https:\/\/cuadra-agrado.es\/wp-content\/uploads\/2023\/08\/F3_UmeUXcAA_Zxl.jpg","datePublished":"2023-08-21T09:33:00+00:00","dateModified":"2024-02-27T09:14:32+00:00","author":{"@id":"https:\/\/cuadra-agrado.es\/#\/schema\/person\/3aa4f8d2373cf756d93a5526bc72f31b"},"breadcrumb":{"@id":"https:\/\/cuadra-agrado.es\/?p=12331#breadcrumb"},"inLanguage":"es","potentialAction":[{"@type":"ReadAction","target":["https:\/\/cuadra-agrado.es\/?p=12331"]}]},{"@type":"ImageObject","inLanguage":"es","@id":"https:\/\/cuadra-agrado.es\/?p=12331#primaryimage","url":"https:\/\/cuadra-agrado.es\/wp-content\/uploads\/2023\/08\/F3_UmeUXcAA_Zxl.jpg","contentUrl":"https:\/\/cuadra-agrado.es\/wp-content\/uploads\/2023\/08\/F3_UmeUXcAA_Zxl.jpg","width":1600,"height":1067,"caption":"Foto de Hip\u00f3dromo de San Sebasti\u00e1n"},{"@type":"BreadcrumbList","@id":"https:\/\/cuadra-agrado.es\/?p=12331#breadcrumb","itemListElement":[{"@type":"ListItem","position":1,"name":"Portada","item":"https:\/\/cuadra-agrado.es\/"},{"@type":"ListItem","position":2,"name":"Debut y Plata para Kendaya en Lasarte"}]},{"@type":"WebSite","@id":"https:\/\/cuadra-agrado.es\/#website","url":"https:\/\/cuadra-agrado.es\/","name":"Cuadra Agrado","description":"En el mundo del Turf desde 2008","potentialAction":[{"@type":"SearchAction","target":{"@type":"EntryPoint","urlTemplate":"https:\/\/cuadra-agrado.es\/?s={search_term_string}"},"query-input":{"@type":"PropertyValueSpecification","valueRequired":true,"valueName":"search_term_string"}}],"inLanguage":"es"},{"@type":"Person","@id":"https:\/\/cuadra-agrado.es\/#\/schema\/person\/3aa4f8d2373cf756d93a5526bc72f31b","name":"Miguel Redondo","image":{"@type":"ImageObject","inLanguage":"es","@id":"https:\/\/secure.gravatar.com\/avatar\/85704fceb4fa34017e3c1344d182da00dbf772fb8856ba2b7726a2df926415b4?s=96&d=mm&r=g","url":"https:\/\/secure.gravatar.com\/avatar\/85704fceb4fa34017e3c1344d182da00dbf772fb8856ba2b7726a2df926415b4?s=96&d=mm&r=g","contentUrl":"https:\/\/secure.gravatar.com\/avatar\/85704fceb4fa34017e3c1344d182da00dbf772fb8856ba2b7726a2df926415b4?s=96&d=mm&r=g","caption":"Miguel Redondo"},"sameAs":["https:\/\/cuadra-agrado.es"],"url":"https:\/\/cuadra-agrado.es\/?author=5"}]}},"_links":{"self":[{"href":"https:\/\/cuadra-agrado.es\/index.php?rest_route=\/wp\/v2\/posts\/12331","targetHints":{"allow":["GET"]}}],"collection":[{"href":"https:\/\/cuadra-agrado.es\/index.php?rest_route=\/wp\/v2\/posts"}],"about":[{"href":"https:\/\/cuadra-agrado.es\/index.php?rest_route=\/wp\/v2\/types\/post"}],"author":[{"embeddable":true,"href":"https:\/\/cuadra-agrado.es\/index.php?rest_route=\/wp\/v2\/users\/5"}],"replies":[{"embeddable":true,"href":"https:\/\/cuadra-agrado.es\/index.php?rest_route=%2Fwp%2Fv2%2Fcomments&post=12331"}],"version-history":[{"count":0,"href":"https:\/\/cuadra-agrado.es\/index.php?rest_route=\/wp\/v2\/posts\/12331\/revisions"}],"wp:featuredmedia":[{"embeddable":true,"href":"https:\/\/cuadra-agrado.es\/index.php?rest_route=\/wp\/v2\/media\/12333"}],"wp:attachment":[{"href":"https:\/\/cuadra-agrado.es\/index.php?rest_route=%2Fwp%2Fv2%2Fmedia&parent=12331"}],"wp:term":[{"taxonomy":"category","embeddable":true,"href":"https:\/\/cuadra-agrado.es\/index.php?rest_route=%2Fwp%2Fv2%2Fcategories&post=12331"},{"taxonomy":"post_tag","embeddable":true,"href":"https:\/\/cuadra-agrado.es\/index.php?rest_route=%2Fwp%2Fv2%2Ftags&post=12331"}],"curies":[{"name":"wp","href":"https:\/\/api.w.org\/{rel}","templated":true}]}}