{"id":12304,"date":"2023-08-08T15:33:32","date_gmt":"2023-08-08T15:33:32","guid":{"rendered":"https:\/\/cuadra-agrado.es\/?p=12304"},"modified":"2024-02-27T09:14:32","modified_gmt":"2024-02-27T09:14:32","slug":"el-deseado-regreso-de-super-trip-a-competicion","status":"publish","type":"post","link":"https:\/\/cuadra-agrado.es\/?p=12304","title":{"rendered":"El deseado regreso de Super Trip a competici\u00f3n"},"content":{"rendered":"<p style=\"text-align: justify;\">118 d\u00edas han pasado desde su \u00faltima actuaci\u00f3n a comienzos de la temporada primaveral en Madrid, donde reaparec\u00eda despu\u00e9s de otros seis meses de larga inactividad. El pr\u00f3ximo domingo <strong>\u201cSuper Trip\u201d<\/strong> regresa a competici\u00f3n para luchar otro de esos premios de gran entidad y presentarse en sociedad en el legendario hip\u00f3dromo de San Sebasti\u00e1n. No vamos a descubrir la calidad que ostenta toda una ganadora del Gran Crit\u00e9rium a dos a\u00f1os, y una flamante ganadora de Oaks a tres a\u00f1os con una trayectoria impoluta con 11 salidas a pistas contempladas con 5 victorias y 6 colocaciones. Un pleno de ganancias que le hicieron encabezar su ranking particular de su edad cl\u00e1sica. Una yegua de enorme calidad que, lamentablemente, contrasta con un problema de salud cr\u00f3nico que nos ha impedido disfrutar de ella tanto como hubi\u00e9ramos querido.<\/p>\n<p style=\"text-align: justify;\">Tras su \u00fanica actuaci\u00f3n en 2023 volvieron a aflorar esos problemas de salud, y desde ese momento nos desped\u00edamos de la temporada primaveral para iniciar con paciencia y resignaci\u00f3n su nueva preparaci\u00f3n con el \u00fanico punto de mira en este Gran Premio Hotel Mar\u00eda Cristina 2023 del pr\u00f3ximo domingo. <strong>\u201cSuper Trip<\/strong>\u201d llega a esta cita sin ninguna reca\u00edda a trav\u00e9s de un excepcional trabajo de su m\u00e1ximo responsable que ha tenido la paciencia y la delicadeza de ir progresando d\u00eda a d\u00eda, semana a semana, para llegar en los 10 puntos de forma y con la confianza suficiente para luchar otra prueba de m\u00e1xima entidad contra las de su mismo g\u00e9nero. Tendr\u00e1 en contra la l\u00f3gica falta de ritmo en competici\u00f3n, pero f\u00e1cilmente compensable con la calidad que atesora y la buena forma y salud con la que llega a esta bonita cita veraniega apoyado en los dos \u00faltimos serios trabajos que ha realizado desde Madrid que han gustado mucho a su entorno profesional. La yegua llegar\u00e1 el mismo domingo por la ma\u00f1ana, y quedar\u00e1 estabulada hasta final de mes en Lasarte acompa\u00f1ada de su compa\u00f1era de cuadra \u201c<strong>Kendaya<\/strong>\u201d que tiene previsto correr la consolatoria del Gobierno Vasco y el sprint del \u00faltimo d\u00eda de la temporada donostiarra.<\/p>\n<p style=\"text-align: justify;\">Un partant de 9 corredoras, valedoras todas ellas de calidad, se dar\u00e1n cita en una carrera abierta donde no hay una clara favorita que resalte ante el lote. Su \u00fanica rival para tener en consideraci\u00f3n ser\u00e1 ella misma. Si se adapta bien a su particular recorrido, y tiene la fortuna de encontrarse un terreno no demasiado firme, su calidad deber\u00eda hacer el resto para luchar esa victoria que sin duda merece para terminar su ciclo. Muy probablemente se despedir\u00e1 de la competici\u00f3n este mismo a\u00f1o para comenzar su nuevo ciclo de reproducci\u00f3n a partir del pr\u00f3ximo a\u00f1o con el que tenemos una especial ilusi\u00f3n, y no es descartable que este Mar\u00eda Cristina sea su despedida de las pistas.<\/p>\n<p style=\"text-align: justify;\">Monta para Mario E. Fernandez que se sube por primera vez a su montura en competici\u00f3n, aunque no es desconocida para \u00e9l. Ha tenido la oportunidad de galopar a sus lomos en los trabajos de puesta a punto estas \u00faltimas semanas, y ha podido constatar su evoluci\u00f3n y la forma en la que se presentar\u00e1 el domingo. En cuanto a las \u00f3rdenes de carrera, imaginamos que tendr\u00e1 un recorrido comedido y sin protagonismo, a la espera de su esperado cambio de ritmo en el poste de los 300 metros donde confiamos pueda ponerse en marcha para luchar la carrera en el \u00faltimo hect\u00f3metro.<br \/>\nUna posible despedida bien merece una victoria.<br \/>\nMucha suerte equipo.<\/p>\n<!-- AddThis Advanced Settings generic via filter on the_content --><!-- AddThis Share Buttons generic via filter on the_content -->","protected":false},"excerpt":{"rendered":"<p>118 d\u00edas han pasado desde su \u00faltima actuaci\u00f3n a comienzos de la temporada primaveral en Madrid, donde reaparec\u00eda despu\u00e9s de otros seis meses de larga inactividad. El pr\u00f3ximo domingo \u201cSuper Trip\u201d regresa a competici\u00f3n para luchar otro de esos premios de gran entidad y presentarse en sociedad en el legendario hip\u00f3dromo de San Sebasti\u00e1n. No [&hellip;]<!-- AddThis Advanced Settings generic via filter on get_the_excerpt --><!-- AddThis Share Buttons generic via filter on get_the_excerpt --><\/p>\n","protected":false},"author":5,"featured_media":10845,"comment_status":"closed","ping_status":"open","sticky":false,"template":"","format":"standard","meta":{"_acf_changed":false,"_et_pb_use_builder":"","_et_pb_old_content":"","_et_gb_content_width":"","footnotes":""},"categories":[3],"tags":[],"class_list":["post-12304","post","type-post","status-publish","format-standard","has-post-thumbnail","hentry","category-noticias-cuadra-agrado"],"acf":[],"yoast_head":"<!-- This site is optimized with the Yoast SEO plugin v27.4 - https:\/\/yoast.com\/product\/yoast-seo-wordpress\/ -->\n<title>El deseado regreso de Super Trip a competici\u00f3n - Cuadra Agrado<\/title>\n<meta name=\"robots\" content=\"index, follow, max-snippet:-1, max-image-preview:large, max-video-preview:-1\" \/>\n<link rel=\"canonical\" href=\"https:\/\/cuadra-agrado.es\/?p=12304\" \/>\n<meta property=\"og:locale\" content=\"es_ES\" \/>\n<meta property=\"og:type\" content=\"article\" \/>\n<meta property=\"og:title\" content=\"El deseado regreso de Super Trip a competici\u00f3n - Cuadra Agrado\" \/>\n<meta property=\"og:description\" content=\"118 d\u00edas han pasado desde su \u00faltima actuaci\u00f3n a comienzos de la temporada primaveral en Madrid, donde reaparec\u00eda despu\u00e9s de otros seis meses de larga inactividad. El pr\u00f3ximo domingo \u201cSuper Trip\u201d regresa a competici\u00f3n para luchar otro de esos premios de gran entidad y presentarse en sociedad en el legendario hip\u00f3dromo de San Sebasti\u00e1n. No [&hellip;]\" \/>\n<meta property=\"og:url\" content=\"https:\/\/cuadra-agrado.es\/?p=12304\" \/>\n<meta property=\"og:site_name\" content=\"Cuadra Agrado\" \/>\n<meta property=\"article:published_time\" content=\"2023-08-08T15:33:32+00:00\" \/>\n<meta property=\"article:modified_time\" content=\"2024-02-27T09:14:32+00:00\" \/>\n<meta property=\"og:image\" content=\"https:\/\/cuadra-agrado.es\/wp-content\/uploads\/2022\/10\/supertrip-oaks3.jpg\" \/>\n\t<meta property=\"og:image:width\" content=\"2048\" \/>\n\t<meta property=\"og:image:height\" content=\"1366\" \/>\n\t<meta property=\"og:image:type\" content=\"image\/jpeg\" \/>\n<meta name=\"author\" content=\"Miguel Redondo\" \/>\n<meta name=\"twitter:card\" content=\"summary_large_image\" \/>\n<meta name=\"twitter:creator\" content=\"@AGRADOracing\" \/>\n<meta name=\"twitter:site\" content=\"@AGRADOracing\" \/>\n<meta name=\"twitter:label1\" content=\"Escrito por\" \/>\n\t<meta name=\"twitter:data1\" content=\"Miguel Redondo\" \/>\n\t<meta name=\"twitter:label2\" content=\"Tiempo de lectura\" \/>\n\t<meta name=\"twitter:data2\" content=\"3 minutos\" \/>\n<script type=\"application\/ld+json\" class=\"yoast-schema-graph\">{\"@context\":\"https:\\\/\\\/schema.org\",\"@graph\":[{\"@type\":\"Article\",\"@id\":\"https:\\\/\\\/cuadra-agrado.es\\\/?p=12304#article\",\"isPartOf\":{\"@id\":\"https:\\\/\\\/cuadra-agrado.es\\\/?p=12304\"},\"author\":{\"name\":\"Miguel Redondo\",\"@id\":\"https:\\\/\\\/cuadra-agrado.es\\\/#\\\/schema\\\/person\\\/3aa4f8d2373cf756d93a5526bc72f31b\"},\"headline\":\"El deseado regreso de Super Trip a competici\u00f3n\",\"datePublished\":\"2023-08-08T15:33:32+00:00\",\"dateModified\":\"2024-02-27T09:14:32+00:00\",\"mainEntityOfPage\":{\"@id\":\"https:\\\/\\\/cuadra-agrado.es\\\/?p=12304\"},\"wordCount\":622,\"image\":{\"@id\":\"https:\\\/\\\/cuadra-agrado.es\\\/?p=12304#primaryimage\"},\"thumbnailUrl\":\"https:\\\/\\\/cuadra-agrado.es\\\/wp-content\\\/uploads\\\/2022\\\/10\\\/supertrip-oaks3.jpg\",\"articleSection\":[\"Actualidad\"],\"inLanguage\":\"es\"},{\"@type\":\"WebPage\",\"@id\":\"https:\\\/\\\/cuadra-agrado.es\\\/?p=12304\",\"url\":\"https:\\\/\\\/cuadra-agrado.es\\\/?p=12304\",\"name\":\"El deseado regreso de Super Trip a competici\u00f3n - Cuadra Agrado\",\"isPartOf\":{\"@id\":\"https:\\\/\\\/cuadra-agrado.es\\\/#website\"},\"primaryImageOfPage\":{\"@id\":\"https:\\\/\\\/cuadra-agrado.es\\\/?p=12304#primaryimage\"},\"image\":{\"@id\":\"https:\\\/\\\/cuadra-agrado.es\\\/?p=12304#primaryimage\"},\"thumbnailUrl\":\"https:\\\/\\\/cuadra-agrado.es\\\/wp-content\\\/uploads\\\/2022\\\/10\\\/supertrip-oaks3.jpg\",\"datePublished\":\"2023-08-08T15:33:32+00:00\",\"dateModified\":\"2024-02-27T09:14:32+00:00\",\"author\":{\"@id\":\"https:\\\/\\\/cuadra-agrado.es\\\/#\\\/schema\\\/person\\\/3aa4f8d2373cf756d93a5526bc72f31b\"},\"breadcrumb\":{\"@id\":\"https:\\\/\\\/cuadra-agrado.es\\\/?p=12304#breadcrumb\"},\"inLanguage\":\"es\",\"potentialAction\":[{\"@type\":\"ReadAction\",\"target\":[\"https:\\\/\\\/cuadra-agrado.es\\\/?p=12304\"]}]},{\"@type\":\"ImageObject\",\"inLanguage\":\"es\",\"@id\":\"https:\\\/\\\/cuadra-agrado.es\\\/?p=12304#primaryimage\",\"url\":\"https:\\\/\\\/cuadra-agrado.es\\\/wp-content\\\/uploads\\\/2022\\\/10\\\/supertrip-oaks3.jpg\",\"contentUrl\":\"https:\\\/\\\/cuadra-agrado.es\\\/wp-content\\\/uploads\\\/2022\\\/10\\\/supertrip-oaks3.jpg\",\"width\":2048,\"height\":1366},{\"@type\":\"BreadcrumbList\",\"@id\":\"https:\\\/\\\/cuadra-agrado.es\\\/?p=12304#breadcrumb\",\"itemListElement\":[{\"@type\":\"ListItem\",\"position\":1,\"name\":\"Portada\",\"item\":\"https:\\\/\\\/cuadra-agrado.es\\\/\"},{\"@type\":\"ListItem\",\"position\":2,\"name\":\"El deseado regreso de Super Trip a competici\u00f3n\"}]},{\"@type\":\"WebSite\",\"@id\":\"https:\\\/\\\/cuadra-agrado.es\\\/#website\",\"url\":\"https:\\\/\\\/cuadra-agrado.es\\\/\",\"name\":\"Cuadra Agrado\",\"description\":\"En el mundo del Turf desde 2008\",\"potentialAction\":[{\"@type\":\"SearchAction\",\"target\":{\"@type\":\"EntryPoint\",\"urlTemplate\":\"https:\\\/\\\/cuadra-agrado.es\\\/?s={search_term_string}\"},\"query-input\":{\"@type\":\"PropertyValueSpecification\",\"valueRequired\":true,\"valueName\":\"search_term_string\"}}],\"inLanguage\":\"es\"},{\"@type\":\"Person\",\"@id\":\"https:\\\/\\\/cuadra-agrado.es\\\/#\\\/schema\\\/person\\\/3aa4f8d2373cf756d93a5526bc72f31b\",\"name\":\"Miguel Redondo\",\"image\":{\"@type\":\"ImageObject\",\"inLanguage\":\"es\",\"@id\":\"https:\\\/\\\/secure.gravatar.com\\\/avatar\\\/85704fceb4fa34017e3c1344d182da00dbf772fb8856ba2b7726a2df926415b4?s=96&d=mm&r=g\",\"url\":\"https:\\\/\\\/secure.gravatar.com\\\/avatar\\\/85704fceb4fa34017e3c1344d182da00dbf772fb8856ba2b7726a2df926415b4?s=96&d=mm&r=g\",\"contentUrl\":\"https:\\\/\\\/secure.gravatar.com\\\/avatar\\\/85704fceb4fa34017e3c1344d182da00dbf772fb8856ba2b7726a2df926415b4?s=96&d=mm&r=g\",\"caption\":\"Miguel Redondo\"},\"sameAs\":[\"https:\\\/\\\/cuadra-agrado.es\"],\"url\":\"https:\\\/\\\/cuadra-agrado.es\\\/?author=5\"}]}<\/script>\n<!-- \/ Yoast SEO plugin. -->","yoast_head_json":{"title":"El deseado regreso de Super Trip a competici\u00f3n - Cuadra Agrado","robots":{"index":"index","follow":"follow","max-snippet":"max-snippet:-1","max-image-preview":"max-image-preview:large","max-video-preview":"max-video-preview:-1"},"canonical":"https:\/\/cuadra-agrado.es\/?p=12304","og_locale":"es_ES","og_type":"article","og_title":"El deseado regreso de Super Trip a competici\u00f3n - Cuadra Agrado","og_description":"118 d\u00edas han pasado desde su \u00faltima actuaci\u00f3n a comienzos de la temporada primaveral en Madrid, donde reaparec\u00eda despu\u00e9s de otros seis meses de larga inactividad. El pr\u00f3ximo domingo \u201cSuper Trip\u201d regresa a competici\u00f3n para luchar otro de esos premios de gran entidad y presentarse en sociedad en el legendario hip\u00f3dromo de San Sebasti\u00e1n. No [&hellip;]","og_url":"https:\/\/cuadra-agrado.es\/?p=12304","og_site_name":"Cuadra Agrado","article_published_time":"2023-08-08T15:33:32+00:00","article_modified_time":"2024-02-27T09:14:32+00:00","og_image":[{"width":2048,"height":1366,"url":"https:\/\/cuadra-agrado.es\/wp-content\/uploads\/2022\/10\/supertrip-oaks3.jpg","type":"image\/jpeg"}],"author":"Miguel Redondo","twitter_card":"summary_large_image","twitter_creator":"@AGRADOracing","twitter_site":"@AGRADOracing","twitter_misc":{"Escrito por":"Miguel Redondo","Tiempo de lectura":"3 minutos"},"schema":{"@context":"https:\/\/schema.org","@graph":[{"@type":"Article","@id":"https:\/\/cuadra-agrado.es\/?p=12304#article","isPartOf":{"@id":"https:\/\/cuadra-agrado.es\/?p=12304"},"author":{"name":"Miguel Redondo","@id":"https:\/\/cuadra-agrado.es\/#\/schema\/person\/3aa4f8d2373cf756d93a5526bc72f31b"},"headline":"El deseado regreso de Super Trip a competici\u00f3n","datePublished":"2023-08-08T15:33:32+00:00","dateModified":"2024-02-27T09:14:32+00:00","mainEntityOfPage":{"@id":"https:\/\/cuadra-agrado.es\/?p=12304"},"wordCount":622,"image":{"@id":"https:\/\/cuadra-agrado.es\/?p=12304#primaryimage"},"thumbnailUrl":"https:\/\/cuadra-agrado.es\/wp-content\/uploads\/2022\/10\/supertrip-oaks3.jpg","articleSection":["Actualidad"],"inLanguage":"es"},{"@type":"WebPage","@id":"https:\/\/cuadra-agrado.es\/?p=12304","url":"https:\/\/cuadra-agrado.es\/?p=12304","name":"El deseado regreso de Super Trip a competici\u00f3n - Cuadra Agrado","isPartOf":{"@id":"https:\/\/cuadra-agrado.es\/#website"},"primaryImageOfPage":{"@id":"https:\/\/cuadra-agrado.es\/?p=12304#primaryimage"},"image":{"@id":"https:\/\/cuadra-agrado.es\/?p=12304#primaryimage"},"thumbnailUrl":"https:\/\/cuadra-agrado.es\/wp-content\/uploads\/2022\/10\/supertrip-oaks3.jpg","datePublished":"2023-08-08T15:33:32+00:00","dateModified":"2024-02-27T09:14:32+00:00","author":{"@id":"https:\/\/cuadra-agrado.es\/#\/schema\/person\/3aa4f8d2373cf756d93a5526bc72f31b"},"breadcrumb":{"@id":"https:\/\/cuadra-agrado.es\/?p=12304#breadcrumb"},"inLanguage":"es","potentialAction":[{"@type":"ReadAction","target":["https:\/\/cuadra-agrado.es\/?p=12304"]}]},{"@type":"ImageObject","inLanguage":"es","@id":"https:\/\/cuadra-agrado.es\/?p=12304#primaryimage","url":"https:\/\/cuadra-agrado.es\/wp-content\/uploads\/2022\/10\/supertrip-oaks3.jpg","contentUrl":"https:\/\/cuadra-agrado.es\/wp-content\/uploads\/2022\/10\/supertrip-oaks3.jpg","width":2048,"height":1366},{"@type":"BreadcrumbList","@id":"https:\/\/cuadra-agrado.es\/?p=12304#breadcrumb","itemListElement":[{"@type":"ListItem","position":1,"name":"Portada","item":"https:\/\/cuadra-agrado.es\/"},{"@type":"ListItem","position":2,"name":"El deseado regreso de Super Trip a competici\u00f3n"}]},{"@type":"WebSite","@id":"https:\/\/cuadra-agrado.es\/#website","url":"https:\/\/cuadra-agrado.es\/","name":"Cuadra Agrado","description":"En el mundo del Turf desde 2008","potentialAction":[{"@type":"SearchAction","target":{"@type":"EntryPoint","urlTemplate":"https:\/\/cuadra-agrado.es\/?s={search_term_string}"},"query-input":{"@type":"PropertyValueSpecification","valueRequired":true,"valueName":"search_term_string"}}],"inLanguage":"es"},{"@type":"Person","@id":"https:\/\/cuadra-agrado.es\/#\/schema\/person\/3aa4f8d2373cf756d93a5526bc72f31b","name":"Miguel Redondo","image":{"@type":"ImageObject","inLanguage":"es","@id":"https:\/\/secure.gravatar.com\/avatar\/85704fceb4fa34017e3c1344d182da00dbf772fb8856ba2b7726a2df926415b4?s=96&d=mm&r=g","url":"https:\/\/secure.gravatar.com\/avatar\/85704fceb4fa34017e3c1344d182da00dbf772fb8856ba2b7726a2df926415b4?s=96&d=mm&r=g","contentUrl":"https:\/\/secure.gravatar.com\/avatar\/85704fceb4fa34017e3c1344d182da00dbf772fb8856ba2b7726a2df926415b4?s=96&d=mm&r=g","caption":"Miguel Redondo"},"sameAs":["https:\/\/cuadra-agrado.es"],"url":"https:\/\/cuadra-agrado.es\/?author=5"}]}},"_links":{"self":[{"href":"https:\/\/cuadra-agrado.es\/index.php?rest_route=\/wp\/v2\/posts\/12304","targetHints":{"allow":["GET"]}}],"collection":[{"href":"https:\/\/cuadra-agrado.es\/index.php?rest_route=\/wp\/v2\/posts"}],"about":[{"href":"https:\/\/cuadra-agrado.es\/index.php?rest_route=\/wp\/v2\/types\/post"}],"author":[{"embeddable":true,"href":"https:\/\/cuadra-agrado.es\/index.php?rest_route=\/wp\/v2\/users\/5"}],"replies":[{"embeddable":true,"href":"https:\/\/cuadra-agrado.es\/index.php?rest_route=%2Fwp%2Fv2%2Fcomments&post=12304"}],"version-history":[{"count":0,"href":"https:\/\/cuadra-agrado.es\/index.php?rest_route=\/wp\/v2\/posts\/12304\/revisions"}],"wp:featuredmedia":[{"embeddable":true,"href":"https:\/\/cuadra-agrado.es\/index.php?rest_route=\/wp\/v2\/media\/10845"}],"wp:attachment":[{"href":"https:\/\/cuadra-agrado.es\/index.php?rest_route=%2Fwp%2Fv2%2Fmedia&parent=12304"}],"wp:term":[{"taxonomy":"category","embeddable":true,"href":"https:\/\/cuadra-agrado.es\/index.php?rest_route=%2Fwp%2Fv2%2Fcategories&post=12304"},{"taxonomy":"post_tag","embeddable":true,"href":"https:\/\/cuadra-agrado.es\/index.php?rest_route=%2Fwp%2Fv2%2Ftags&post=12304"}],"curies":[{"name":"wp","href":"https:\/\/api.w.org\/{rel}","templated":true}]}}