{"id":12270,"date":"2023-06-27T08:33:15","date_gmt":"2023-06-27T08:33:15","guid":{"rendered":"https:\/\/cuadra-agrado.es\/?p=12270"},"modified":"2024-02-27T09:14:33","modified_gmt":"2024-02-27T09:14:33","slug":"highdark-blue-inicia-nuestra-temporada-estival-en-lasarte","status":"publish","type":"post","link":"https:\/\/cuadra-agrado.es\/?p=12270","title":{"rendered":"Highdark Blue inicia nuestra temporada estival en Lasarte"},"content":{"rendered":"<p style=\"text-align: justify;\">Finalizada la temporada primaveral en Madrid, iniciamos nuestra particular temporada estival por tierras donostiarras este pr\u00f3ximo s\u00e1bado con la salida de<strong> \u201cHighdark Blue\u201d<\/strong> en una prueba de no ganadores. El hijo de \u201c<strong>Dariyan<\/strong>\u201d lleg\u00f3 ayer a Lasarte junto con sus compa\u00f1eros del patio de Rom\u00e1n Mart\u00edn Arranz, quedando todos ellos estabulados all\u00ed durante el verano. En tres semanas llegar\u00e1n tambi\u00e9n por parte del patio de C. Delcher <strong>\u201cSuper Trip\u201d y \u201cKendaya\u201d<\/strong> para, de igual forma, quedarse estabuladas en Lasarte con la idea de competir en las pruebas que ya tienen programadas durante los meses de julio y agosto.<\/p>\n<p style=\"text-align: justify;\"><strong>\u201cHighdark Blue\u201d<\/strong> no ha tenido precisamente el mejor inicio de competici\u00f3n que ten\u00edamos en mente, pero la perseverancia en la competici\u00f3n es algo indispensable y vamos a agarrarnos a ella para seguir esperando su mejor cara ya sea ahora en verano, o en el pr\u00f3ximo oto\u00f1o. Tres malas salidas sobre las dos curvas nos han hecho retroceder en nuestros iniciales ideales de distancia, y probamos en esta ocasi\u00f3n sobre una distancia millera corta para despejar, al menos, las dudas del metraje que lleva en su gen\u00e9tica y que el potro siga cogiendo experiencia.<\/p>\n<p style=\"text-align: justify;\">Quiz\u00e1s sea una distancia algo corta despu\u00e9s de su \u00faltima actuaci\u00f3n en dos curvas donde dio la cara durante todo el recorrido, claudicando en los metros finales, pero la actitud fue buena y eso es lo m\u00e1s positivo con lo que nos podemos quedar de momento. El potro ha dejado buenas sensaciones en sus \u00faltimos trabajos con ayuda de las brincas. Cambia de distancia, pista y saldr\u00e1 con esas anteojeras que parece haberle despertado en los trabajos matutinos, y eso siempre suele variar comportamientos y valores. A peor dudamos mucho que pueda ir. Lo demostrado hasta ahora ha sido m\u00e1s bien poco y, a poco que se adapte a la nueva pista y distancia, ya superar\u00eda con creces lo hecho hasta ahora.<\/p>\n<p style=\"text-align: justify;\">En cuanto a sus rivales, 11 ser\u00e1n los partants en la carrera, donde el nivel es relativamente bajo. Solo un par de caballos parecen sobresalir en el lote. \u201c<strong>Ayala<\/strong>\u201d, en sus dos \u00fanicas salidas ha conseguido colgarse dos bronces, y parece aqu\u00ed estar en disposici\u00f3n de atacar medallas de mayor valor. \u00ab<strong>Urola<\/strong>\u00bb tuvo un buen debut en Lasarte y de confirmar, estar\u00eda tambi\u00e9n luchando la llegada contra su rival de patio \u00ab<strong>Urraca<\/strong>\u00bb de la que parece se le tiene en buena estima. Del resto, poca diferencia de valor con respecto al nuestro en su historial hasta la fecha, y todo depender\u00e1 del estado de forma de cada uno, y de su adaptaci\u00f3n a una pista nueva para muchos de ellos. Prueba por tanto para tratar de sumar los primeros euros con una colocaci\u00f3n menor e intentar ganar esa confianza que siempre es necesaria para continuar el ciclo estival y posterior oto\u00f1o.<\/p>\n<p style=\"text-align: justify;\">Monta nuevamente para Mario E Fernandez que en su primer acompa\u00f1amiento nos sugiri\u00f3 menos distancia. Sugerencia profesional que aceptamos y ponemos en marcha para ver una mejor\u00eda que esperamos se pueda producir.<\/p>\n<p style=\"text-align: justify;\">Vamos a ver como comienza esa temporada estival en tierras del norte, y si el cambio genera alg\u00fan aliciente que le sirva para seguir amueblando su cabeza a la competici\u00f3n y acometer el verano con mayor confianza.<\/p>\n<p style=\"text-align: justify;\">Mucha suerte equipo!!!<\/p>\n<!-- AddThis Advanced Settings generic via filter on the_content --><!-- AddThis Share Buttons generic via filter on the_content -->","protected":false},"excerpt":{"rendered":"<p>Finalizada la temporada primaveral en Madrid, iniciamos nuestra particular temporada estival por tierras donostiarras este pr\u00f3ximo s\u00e1bado con la salida de \u201cHighdark Blue\u201d en una prueba de no ganadores. El hijo de \u201cDariyan\u201d lleg\u00f3 ayer a Lasarte junto con sus compa\u00f1eros del patio de Rom\u00e1n Mart\u00edn Arranz, quedando todos ellos estabulados all\u00ed durante el verano. [&hellip;]<!-- AddThis Advanced Settings generic via filter on get_the_excerpt --><!-- AddThis Share Buttons generic via filter on get_the_excerpt --><\/p>\n","protected":false},"author":5,"featured_media":12073,"comment_status":"closed","ping_status":"open","sticky":false,"template":"","format":"standard","meta":{"_acf_changed":false,"_et_pb_use_builder":"","_et_pb_old_content":"","_et_gb_content_width":"","footnotes":""},"categories":[3],"tags":[],"class_list":["post-12270","post","type-post","status-publish","format-standard","has-post-thumbnail","hentry","category-noticias-cuadra-agrado"],"acf":[],"yoast_head":"<!-- This site is optimized with the Yoast SEO plugin v27.4 - https:\/\/yoast.com\/product\/yoast-seo-wordpress\/ -->\n<title>Highdark Blue inicia nuestra temporada estival en Lasarte - Cuadra Agrado<\/title>\n<meta name=\"robots\" content=\"index, follow, max-snippet:-1, max-image-preview:large, max-video-preview:-1\" \/>\n<link rel=\"canonical\" href=\"https:\/\/cuadra-agrado.es\/?p=12270\" \/>\n<meta property=\"og:locale\" content=\"es_ES\" \/>\n<meta property=\"og:type\" content=\"article\" \/>\n<meta property=\"og:title\" content=\"Highdark Blue inicia nuestra temporada estival en Lasarte - Cuadra Agrado\" \/>\n<meta property=\"og:description\" content=\"Finalizada la temporada primaveral en Madrid, iniciamos nuestra particular temporada estival por tierras donostiarras este pr\u00f3ximo s\u00e1bado con la salida de \u201cHighdark Blue\u201d en una prueba de no ganadores. El hijo de \u201cDariyan\u201d lleg\u00f3 ayer a Lasarte junto con sus compa\u00f1eros del patio de Rom\u00e1n Mart\u00edn Arranz, quedando todos ellos estabulados all\u00ed durante el verano. [&hellip;]\" \/>\n<meta property=\"og:url\" content=\"https:\/\/cuadra-agrado.es\/?p=12270\" \/>\n<meta property=\"og:site_name\" content=\"Cuadra Agrado\" \/>\n<meta property=\"article:published_time\" content=\"2023-06-27T08:33:15+00:00\" \/>\n<meta property=\"article:modified_time\" content=\"2024-02-27T09:14:33+00:00\" \/>\n<meta property=\"og:image\" content=\"https:\/\/cuadra-agrado.es\/wp-content\/uploads\/2023\/04\/highdark-2023.jpg\" \/>\n\t<meta property=\"og:image:width\" content=\"960\" \/>\n\t<meta property=\"og:image:height\" content=\"1280\" \/>\n\t<meta property=\"og:image:type\" content=\"image\/jpeg\" \/>\n<meta name=\"author\" content=\"Miguel Redondo\" \/>\n<meta name=\"twitter:card\" content=\"summary_large_image\" \/>\n<meta name=\"twitter:creator\" content=\"@AGRADOracing\" \/>\n<meta name=\"twitter:site\" content=\"@AGRADOracing\" \/>\n<meta name=\"twitter:label1\" content=\"Escrito por\" \/>\n\t<meta name=\"twitter:data1\" content=\"Miguel Redondo\" \/>\n\t<meta name=\"twitter:label2\" content=\"Tiempo de lectura\" \/>\n\t<meta name=\"twitter:data2\" content=\"3 minutos\" \/>\n<script type=\"application\/ld+json\" class=\"yoast-schema-graph\">{\"@context\":\"https:\\\/\\\/schema.org\",\"@graph\":[{\"@type\":\"Article\",\"@id\":\"https:\\\/\\\/cuadra-agrado.es\\\/?p=12270#article\",\"isPartOf\":{\"@id\":\"https:\\\/\\\/cuadra-agrado.es\\\/?p=12270\"},\"author\":{\"name\":\"Miguel Redondo\",\"@id\":\"https:\\\/\\\/cuadra-agrado.es\\\/#\\\/schema\\\/person\\\/3aa4f8d2373cf756d93a5526bc72f31b\"},\"headline\":\"Highdark Blue inicia nuestra temporada estival en Lasarte\",\"datePublished\":\"2023-06-27T08:33:15+00:00\",\"dateModified\":\"2024-02-27T09:14:33+00:00\",\"mainEntityOfPage\":{\"@id\":\"https:\\\/\\\/cuadra-agrado.es\\\/?p=12270\"},\"wordCount\":574,\"image\":{\"@id\":\"https:\\\/\\\/cuadra-agrado.es\\\/?p=12270#primaryimage\"},\"thumbnailUrl\":\"https:\\\/\\\/cuadra-agrado.es\\\/wp-content\\\/uploads\\\/2023\\\/04\\\/highdark-2023.jpg\",\"articleSection\":[\"Actualidad\"],\"inLanguage\":\"es\"},{\"@type\":\"WebPage\",\"@id\":\"https:\\\/\\\/cuadra-agrado.es\\\/?p=12270\",\"url\":\"https:\\\/\\\/cuadra-agrado.es\\\/?p=12270\",\"name\":\"Highdark Blue inicia nuestra temporada estival en Lasarte - Cuadra Agrado\",\"isPartOf\":{\"@id\":\"https:\\\/\\\/cuadra-agrado.es\\\/#website\"},\"primaryImageOfPage\":{\"@id\":\"https:\\\/\\\/cuadra-agrado.es\\\/?p=12270#primaryimage\"},\"image\":{\"@id\":\"https:\\\/\\\/cuadra-agrado.es\\\/?p=12270#primaryimage\"},\"thumbnailUrl\":\"https:\\\/\\\/cuadra-agrado.es\\\/wp-content\\\/uploads\\\/2023\\\/04\\\/highdark-2023.jpg\",\"datePublished\":\"2023-06-27T08:33:15+00:00\",\"dateModified\":\"2024-02-27T09:14:33+00:00\",\"author\":{\"@id\":\"https:\\\/\\\/cuadra-agrado.es\\\/#\\\/schema\\\/person\\\/3aa4f8d2373cf756d93a5526bc72f31b\"},\"breadcrumb\":{\"@id\":\"https:\\\/\\\/cuadra-agrado.es\\\/?p=12270#breadcrumb\"},\"inLanguage\":\"es\",\"potentialAction\":[{\"@type\":\"ReadAction\",\"target\":[\"https:\\\/\\\/cuadra-agrado.es\\\/?p=12270\"]}]},{\"@type\":\"ImageObject\",\"inLanguage\":\"es\",\"@id\":\"https:\\\/\\\/cuadra-agrado.es\\\/?p=12270#primaryimage\",\"url\":\"https:\\\/\\\/cuadra-agrado.es\\\/wp-content\\\/uploads\\\/2023\\\/04\\\/highdark-2023.jpg\",\"contentUrl\":\"https:\\\/\\\/cuadra-agrado.es\\\/wp-content\\\/uploads\\\/2023\\\/04\\\/highdark-2023.jpg\",\"width\":960,\"height\":1280},{\"@type\":\"BreadcrumbList\",\"@id\":\"https:\\\/\\\/cuadra-agrado.es\\\/?p=12270#breadcrumb\",\"itemListElement\":[{\"@type\":\"ListItem\",\"position\":1,\"name\":\"Portada\",\"item\":\"https:\\\/\\\/cuadra-agrado.es\\\/\"},{\"@type\":\"ListItem\",\"position\":2,\"name\":\"Highdark Blue inicia nuestra temporada estival en Lasarte\"}]},{\"@type\":\"WebSite\",\"@id\":\"https:\\\/\\\/cuadra-agrado.es\\\/#website\",\"url\":\"https:\\\/\\\/cuadra-agrado.es\\\/\",\"name\":\"Cuadra Agrado\",\"description\":\"En el mundo del Turf desde 2008\",\"potentialAction\":[{\"@type\":\"SearchAction\",\"target\":{\"@type\":\"EntryPoint\",\"urlTemplate\":\"https:\\\/\\\/cuadra-agrado.es\\\/?s={search_term_string}\"},\"query-input\":{\"@type\":\"PropertyValueSpecification\",\"valueRequired\":true,\"valueName\":\"search_term_string\"}}],\"inLanguage\":\"es\"},{\"@type\":\"Person\",\"@id\":\"https:\\\/\\\/cuadra-agrado.es\\\/#\\\/schema\\\/person\\\/3aa4f8d2373cf756d93a5526bc72f31b\",\"name\":\"Miguel Redondo\",\"image\":{\"@type\":\"ImageObject\",\"inLanguage\":\"es\",\"@id\":\"https:\\\/\\\/secure.gravatar.com\\\/avatar\\\/85704fceb4fa34017e3c1344d182da00dbf772fb8856ba2b7726a2df926415b4?s=96&d=mm&r=g\",\"url\":\"https:\\\/\\\/secure.gravatar.com\\\/avatar\\\/85704fceb4fa34017e3c1344d182da00dbf772fb8856ba2b7726a2df926415b4?s=96&d=mm&r=g\",\"contentUrl\":\"https:\\\/\\\/secure.gravatar.com\\\/avatar\\\/85704fceb4fa34017e3c1344d182da00dbf772fb8856ba2b7726a2df926415b4?s=96&d=mm&r=g\",\"caption\":\"Miguel Redondo\"},\"sameAs\":[\"https:\\\/\\\/cuadra-agrado.es\"],\"url\":\"https:\\\/\\\/cuadra-agrado.es\\\/?author=5\"}]}<\/script>\n<!-- \/ Yoast SEO plugin. -->","yoast_head_json":{"title":"Highdark Blue inicia nuestra temporada estival en Lasarte - Cuadra Agrado","robots":{"index":"index","follow":"follow","max-snippet":"max-snippet:-1","max-image-preview":"max-image-preview:large","max-video-preview":"max-video-preview:-1"},"canonical":"https:\/\/cuadra-agrado.es\/?p=12270","og_locale":"es_ES","og_type":"article","og_title":"Highdark Blue inicia nuestra temporada estival en Lasarte - Cuadra Agrado","og_description":"Finalizada la temporada primaveral en Madrid, iniciamos nuestra particular temporada estival por tierras donostiarras este pr\u00f3ximo s\u00e1bado con la salida de \u201cHighdark Blue\u201d en una prueba de no ganadores. El hijo de \u201cDariyan\u201d lleg\u00f3 ayer a Lasarte junto con sus compa\u00f1eros del patio de Rom\u00e1n Mart\u00edn Arranz, quedando todos ellos estabulados all\u00ed durante el verano. [&hellip;]","og_url":"https:\/\/cuadra-agrado.es\/?p=12270","og_site_name":"Cuadra Agrado","article_published_time":"2023-06-27T08:33:15+00:00","article_modified_time":"2024-02-27T09:14:33+00:00","og_image":[{"width":960,"height":1280,"url":"https:\/\/cuadra-agrado.es\/wp-content\/uploads\/2023\/04\/highdark-2023.jpg","type":"image\/jpeg"}],"author":"Miguel Redondo","twitter_card":"summary_large_image","twitter_creator":"@AGRADOracing","twitter_site":"@AGRADOracing","twitter_misc":{"Escrito por":"Miguel Redondo","Tiempo de lectura":"3 minutos"},"schema":{"@context":"https:\/\/schema.org","@graph":[{"@type":"Article","@id":"https:\/\/cuadra-agrado.es\/?p=12270#article","isPartOf":{"@id":"https:\/\/cuadra-agrado.es\/?p=12270"},"author":{"name":"Miguel Redondo","@id":"https:\/\/cuadra-agrado.es\/#\/schema\/person\/3aa4f8d2373cf756d93a5526bc72f31b"},"headline":"Highdark Blue inicia nuestra temporada estival en Lasarte","datePublished":"2023-06-27T08:33:15+00:00","dateModified":"2024-02-27T09:14:33+00:00","mainEntityOfPage":{"@id":"https:\/\/cuadra-agrado.es\/?p=12270"},"wordCount":574,"image":{"@id":"https:\/\/cuadra-agrado.es\/?p=12270#primaryimage"},"thumbnailUrl":"https:\/\/cuadra-agrado.es\/wp-content\/uploads\/2023\/04\/highdark-2023.jpg","articleSection":["Actualidad"],"inLanguage":"es"},{"@type":"WebPage","@id":"https:\/\/cuadra-agrado.es\/?p=12270","url":"https:\/\/cuadra-agrado.es\/?p=12270","name":"Highdark Blue inicia nuestra temporada estival en Lasarte - Cuadra Agrado","isPartOf":{"@id":"https:\/\/cuadra-agrado.es\/#website"},"primaryImageOfPage":{"@id":"https:\/\/cuadra-agrado.es\/?p=12270#primaryimage"},"image":{"@id":"https:\/\/cuadra-agrado.es\/?p=12270#primaryimage"},"thumbnailUrl":"https:\/\/cuadra-agrado.es\/wp-content\/uploads\/2023\/04\/highdark-2023.jpg","datePublished":"2023-06-27T08:33:15+00:00","dateModified":"2024-02-27T09:14:33+00:00","author":{"@id":"https:\/\/cuadra-agrado.es\/#\/schema\/person\/3aa4f8d2373cf756d93a5526bc72f31b"},"breadcrumb":{"@id":"https:\/\/cuadra-agrado.es\/?p=12270#breadcrumb"},"inLanguage":"es","potentialAction":[{"@type":"ReadAction","target":["https:\/\/cuadra-agrado.es\/?p=12270"]}]},{"@type":"ImageObject","inLanguage":"es","@id":"https:\/\/cuadra-agrado.es\/?p=12270#primaryimage","url":"https:\/\/cuadra-agrado.es\/wp-content\/uploads\/2023\/04\/highdark-2023.jpg","contentUrl":"https:\/\/cuadra-agrado.es\/wp-content\/uploads\/2023\/04\/highdark-2023.jpg","width":960,"height":1280},{"@type":"BreadcrumbList","@id":"https:\/\/cuadra-agrado.es\/?p=12270#breadcrumb","itemListElement":[{"@type":"ListItem","position":1,"name":"Portada","item":"https:\/\/cuadra-agrado.es\/"},{"@type":"ListItem","position":2,"name":"Highdark Blue inicia nuestra temporada estival en Lasarte"}]},{"@type":"WebSite","@id":"https:\/\/cuadra-agrado.es\/#website","url":"https:\/\/cuadra-agrado.es\/","name":"Cuadra Agrado","description":"En el mundo del Turf desde 2008","potentialAction":[{"@type":"SearchAction","target":{"@type":"EntryPoint","urlTemplate":"https:\/\/cuadra-agrado.es\/?s={search_term_string}"},"query-input":{"@type":"PropertyValueSpecification","valueRequired":true,"valueName":"search_term_string"}}],"inLanguage":"es"},{"@type":"Person","@id":"https:\/\/cuadra-agrado.es\/#\/schema\/person\/3aa4f8d2373cf756d93a5526bc72f31b","name":"Miguel Redondo","image":{"@type":"ImageObject","inLanguage":"es","@id":"https:\/\/secure.gravatar.com\/avatar\/85704fceb4fa34017e3c1344d182da00dbf772fb8856ba2b7726a2df926415b4?s=96&d=mm&r=g","url":"https:\/\/secure.gravatar.com\/avatar\/85704fceb4fa34017e3c1344d182da00dbf772fb8856ba2b7726a2df926415b4?s=96&d=mm&r=g","contentUrl":"https:\/\/secure.gravatar.com\/avatar\/85704fceb4fa34017e3c1344d182da00dbf772fb8856ba2b7726a2df926415b4?s=96&d=mm&r=g","caption":"Miguel Redondo"},"sameAs":["https:\/\/cuadra-agrado.es"],"url":"https:\/\/cuadra-agrado.es\/?author=5"}]}},"_links":{"self":[{"href":"https:\/\/cuadra-agrado.es\/index.php?rest_route=\/wp\/v2\/posts\/12270","targetHints":{"allow":["GET"]}}],"collection":[{"href":"https:\/\/cuadra-agrado.es\/index.php?rest_route=\/wp\/v2\/posts"}],"about":[{"href":"https:\/\/cuadra-agrado.es\/index.php?rest_route=\/wp\/v2\/types\/post"}],"author":[{"embeddable":true,"href":"https:\/\/cuadra-agrado.es\/index.php?rest_route=\/wp\/v2\/users\/5"}],"replies":[{"embeddable":true,"href":"https:\/\/cuadra-agrado.es\/index.php?rest_route=%2Fwp%2Fv2%2Fcomments&post=12270"}],"version-history":[{"count":0,"href":"https:\/\/cuadra-agrado.es\/index.php?rest_route=\/wp\/v2\/posts\/12270\/revisions"}],"wp:featuredmedia":[{"embeddable":true,"href":"https:\/\/cuadra-agrado.es\/index.php?rest_route=\/wp\/v2\/media\/12073"}],"wp:attachment":[{"href":"https:\/\/cuadra-agrado.es\/index.php?rest_route=%2Fwp%2Fv2%2Fmedia&parent=12270"}],"wp:term":[{"taxonomy":"category","embeddable":true,"href":"https:\/\/cuadra-agrado.es\/index.php?rest_route=%2Fwp%2Fv2%2Fcategories&post=12270"},{"taxonomy":"post_tag","embeddable":true,"href":"https:\/\/cuadra-agrado.es\/index.php?rest_route=%2Fwp%2Fv2%2Ftags&post=12270"}],"curies":[{"name":"wp","href":"https:\/\/api.w.org\/{rel}","templated":true}]}}