{"id":12038,"date":"2023-04-10T12:41:12","date_gmt":"2023-04-10T12:41:12","guid":{"rendered":"https:\/\/cuadra-agrado.es\/?p=12038"},"modified":"2024-02-27T09:14:35","modified_gmt":"2024-02-27T09:14:35","slug":"el-esperado-regreso-de-super-trip-a-competicion","status":"publish","type":"post","link":"https:\/\/cuadra-agrado.es\/?p=12038","title":{"rendered":"El esperado regreso de Super Trip a competici\u00f3n."},"content":{"rendered":"<p style=\"text-align: justify;\">S\u00e9ptima jornada primaveral en Hip\u00f3dromo de la Zarzuela para este pr\u00f3ximo domingo, y doble partant para defender nuestra chaquetilla con <strong>\u201cSuper Trip\u201d y \u201cHighdark Blue\u201d.<\/strong><\/p>\n<p style=\"text-align: justify;\">Casi seis meses despu\u00e9s de su \u00faltima actuaci\u00f3n en la pasada temporada oto\u00f1al, regresa a competici\u00f3n este pr\u00f3ximo domingo la vigente ganadora del OAKS-Beamonte<strong>, \u00abSuper Trip\u00bb.<\/strong> Tras mucho meditar entre una y otra prueba para encender motores, ser\u00e1 finalmente el <em>Premio Frin\u00e9<\/em> sobre distancia de 2.200 metros el que encienda la mecha en 2023. Su calendario a comienzos de a\u00f1o pasaba por iniciar la temporada en el Premio Robertiya contra las de su mismo g\u00e9nero hace un par de jornadas, pero su descanso invernal en la yeguada se alarg\u00f3 un poco m\u00e1s de lo previsto, y su responsable decidi\u00f3, con buen criterio, retrasar del mismo modo su puesta en marcha. Surgi\u00f3 despu\u00e9s la duda de mantener su partant en el <em>GP Duque de Alburquerque,<\/em> donde tambi\u00e9n estaba matriculada, o esta prueba de Amazonas y Gentleman. Pero, despu\u00e9s de casi seis meses alejada de la competici\u00f3n, reiniciar en una prueba tan dura como este Gran Premio entra\u00f1aba un riesgo demasiado elevado que una laureada como ella no pod\u00eda permitirse.<\/p>\n<p style=\"text-align: justify;\">Finalmente, decidimos en consenso confirmar esta prueba de menor calado que le sirva para limpiar las turbinas de sus motores y comenzar un nuevo programa cargado con las mismas ilusiones que en sus dos precedentes a\u00f1os. El objetivo sigue siendo atacar los grandes premios, ya no tanto en primavera, pero s\u00ed en verano y oto\u00f1o, al igual que lo hiciera a dos a\u00f1os con el Gran Crit\u00e9rium, y a tres a\u00f1os con su Beamonte. Reci\u00e9n estrena su edad adulta y, aun con esos peque\u00f1os problemas respiratorios que le han marcado su edad cl\u00e1sica y posiblemente su futuro, est\u00e1 en condiciones nuevamente de atacar esas pruebas de altura de nuestro calendario. Confianza plena en sus buenas opciones a esta carrera, aun con el h\u00e1ndicap adicional de esos 170 d\u00edas sin vestir de corto, y con una pista demasiado dura para ella. Es evidente que, despu\u00e9s de tanto tiempo,<strong> \u201cSuper Trip\u201d<\/strong> no tiene en este momento la forma ni el ritmo de competici\u00f3n optimizado, pero para alcanzarlo es necesario hacer noche en esta pedan\u00eda. Diez ser\u00e1n los posibles partants a falta del definitivo contra los que tendr\u00e1 que luchar, siendo su mayor enemigo, ella misma. La falta de forma y ritmo lo compensa la enorme calidad que posee y que deber\u00e1 demostrar en un recorrido en conserva a la espera de ese esperado cambio de ritmo a falta del \u00faltimo furlong. Para ello contar\u00e1 en la silla con la mejor dupla que pod\u00eda tener en este tipo de pruebas. Su fiel amiga y amazona <em>Covadonga Boville<\/em> disfrutar\u00e1 por primera vez en competici\u00f3n de esa yegua con la que trabaja diariamente desde hace casi dos a\u00f1os, y con la que ha generado un vinculo afectivo muy estrecho. A buen seguro ser\u00e1 un d\u00eda muy especial para ella, y estamos convencidos que de igual forma para el resto del equipo que empujaremos en cada tranco del recorrido.<br \/>\nMucha suerte, Cova!!! Ojal\u00e1 esos caprichosos duendes del turf te regalen uno de esos d\u00edas para recordar de por vida.<\/p>\n<p style=\"text-align: justify;\">El segundo partant del d\u00eda no tiene la misma categor\u00eda que toda una campeona, pero para nosotros tiene esa parte sentimental que suple con creces esa menor relevancia. Ser\u00e1 el segundo debut de \u201c<strong>Highdark Blue\u201d<\/strong>, sin tener en cuenta ese primer bautismo que le dimos a dos a\u00f1os, pr\u00e1cticamente con un chupete puesto en la boca para que no llorara. El potro ha crecido en todos los aspectos, aunque sigue siendo ese \u201cpataslargas\u201d estilizado, y todav\u00eda con mucho por hacer en su mani\u00e1tica cabeza, como buen hijo de aquel gran \u201c<strong>Dariyan<\/strong>\u201d, venido a mucho menos como progenitor. Su responsable, Rom\u00e1n Mart\u00edn Arranz, ha sido delicado y demasiado indulgente con \u00e9l en su pausada y longeva progresi\u00f3n y, solamente su eliminaci\u00f3n en aquel primer partant del a\u00f1o, nos dej\u00f3 con las ganas de ver esa mejora sustancial con respecto a aquel debut de 2022. Desde entonces, tres semanas complicadas de tensi\u00f3n y mantenimiento sin que se pase la cocci\u00f3n del arroz ha sido la dif\u00edcil tarea para el preparador. El partant, ha quedado en el provisional de este premio Tebas con un lote de 12 posibles corredores, algunos de ellos de cierta calidad, otros mucho m\u00e1s rodados, y todos ellos, con m\u00e1s competici\u00f3n que \u00ab<strong>Highdark<\/strong>\u00ab. Con ese panorama, no osamos por tanto luchar una carrera contra gallos con espolones m\u00e1s grandes que el nuestro. Carrera a la carta para ver \u00fanicamente desarrollo y manejo en el recorrido, terminando con un trabajo fuerte que nos sirva para entrever su aptitud y actitud a la competici\u00f3n, y nos sirva de igual forma para mantener esa confianza siempre necesaria en estos primeros escarceos. Debido a los serios problemas que est\u00e1 atravesando actualmente nuestro turf con respecto al numero de jockeys disponibles para la competici\u00f3n, hemos tenido suerte de contar en esta ocasi\u00f3n con la monta del franc\u00e9s de origen alem\u00e1n Adrie De Vries, que ha aprovechado su paso por Madrid para montar cuatro carreras de la jornada. Un experimentado jockey ganador de 14 grupos 1, y actualmente finalizando su carrera en Emiratos, que tratar\u00e1 de poner la experiencia que <strong>\u00abHighdark Blue\u00bb<\/strong> no tiene en competici\u00f3n.<br \/>\nMucha suerte para todo el equipo del joven Rom\u00e1n que bien merece una alegr\u00eda despu\u00e9s de tanto esfuerzo y lucha.<\/p>\n<!-- AddThis Advanced Settings generic via filter on the_content --><!-- AddThis Share Buttons generic via filter on the_content -->","protected":false},"excerpt":{"rendered":"<p>S\u00e9ptima jornada primaveral en Hip\u00f3dromo de la Zarzuela para este pr\u00f3ximo domingo, y doble partant para defender nuestra chaquetilla con \u201cSuper Trip\u201d y \u201cHighdark Blue\u201d. Casi seis meses despu\u00e9s de su \u00faltima actuaci\u00f3n en la pasada temporada oto\u00f1al, regresa a competici\u00f3n este pr\u00f3ximo domingo la vigente ganadora del OAKS-Beamonte, \u00abSuper Trip\u00bb. Tras mucho meditar entre [&hellip;]<!-- AddThis Advanced Settings generic via filter on get_the_excerpt --><!-- AddThis Share Buttons generic via filter on get_the_excerpt --><\/p>\n","protected":false},"author":5,"featured_media":10176,"comment_status":"closed","ping_status":"open","sticky":false,"template":"","format":"standard","meta":{"_acf_changed":false,"_et_pb_use_builder":"","_et_pb_old_content":"","_et_gb_content_width":"","footnotes":""},"categories":[3],"tags":[],"class_list":["post-12038","post","type-post","status-publish","format-standard","has-post-thumbnail","hentry","category-noticias-cuadra-agrado"],"acf":[],"yoast_head":"<!-- This site is optimized with the Yoast SEO plugin v27.4 - https:\/\/yoast.com\/product\/yoast-seo-wordpress\/ -->\n<title>El esperado regreso de Super Trip a competici\u00f3n. - Cuadra Agrado<\/title>\n<meta name=\"robots\" content=\"index, follow, max-snippet:-1, max-image-preview:large, max-video-preview:-1\" \/>\n<link rel=\"canonical\" href=\"https:\/\/cuadra-agrado.es\/?p=12038\" \/>\n<meta property=\"og:locale\" content=\"es_ES\" \/>\n<meta property=\"og:type\" content=\"article\" \/>\n<meta property=\"og:title\" content=\"El esperado regreso de Super Trip a competici\u00f3n. - Cuadra Agrado\" \/>\n<meta property=\"og:description\" content=\"S\u00e9ptima jornada primaveral en Hip\u00f3dromo de la Zarzuela para este pr\u00f3ximo domingo, y doble partant para defender nuestra chaquetilla con \u201cSuper Trip\u201d y \u201cHighdark Blue\u201d. Casi seis meses despu\u00e9s de su \u00faltima actuaci\u00f3n en la pasada temporada oto\u00f1al, regresa a competici\u00f3n este pr\u00f3ximo domingo la vigente ganadora del OAKS-Beamonte, \u00abSuper Trip\u00bb. Tras mucho meditar entre [&hellip;]\" \/>\n<meta property=\"og:url\" content=\"https:\/\/cuadra-agrado.es\/?p=12038\" \/>\n<meta property=\"og:site_name\" content=\"Cuadra Agrado\" \/>\n<meta property=\"article:published_time\" content=\"2023-04-10T12:41:12+00:00\" \/>\n<meta property=\"article:modified_time\" content=\"2024-02-27T09:14:35+00:00\" \/>\n<meta property=\"og:image\" content=\"https:\/\/cuadra-agrado.es\/wp-content\/uploads\/2022\/10\/bc81108c-c3f7-43d6-89f0-63483087cfab.jpg\" \/>\n\t<meta property=\"og:image:width\" content=\"2048\" \/>\n\t<meta property=\"og:image:height\" content=\"2048\" \/>\n\t<meta property=\"og:image:type\" content=\"image\/jpeg\" \/>\n<meta name=\"author\" content=\"Miguel Redondo\" \/>\n<meta name=\"twitter:card\" content=\"summary_large_image\" \/>\n<meta name=\"twitter:creator\" content=\"@AGRADOracing\" \/>\n<meta name=\"twitter:site\" content=\"@AGRADOracing\" \/>\n<meta name=\"twitter:label1\" content=\"Escrito por\" \/>\n\t<meta name=\"twitter:data1\" content=\"Miguel Redondo\" \/>\n\t<meta name=\"twitter:label2\" content=\"Tiempo de lectura\" \/>\n\t<meta name=\"twitter:data2\" content=\"4 minutos\" \/>\n<script type=\"application\/ld+json\" class=\"yoast-schema-graph\">{\"@context\":\"https:\\\/\\\/schema.org\",\"@graph\":[{\"@type\":\"Article\",\"@id\":\"https:\\\/\\\/cuadra-agrado.es\\\/?p=12038#article\",\"isPartOf\":{\"@id\":\"https:\\\/\\\/cuadra-agrado.es\\\/?p=12038\"},\"author\":{\"name\":\"Miguel Redondo\",\"@id\":\"https:\\\/\\\/cuadra-agrado.es\\\/#\\\/schema\\\/person\\\/3aa4f8d2373cf756d93a5526bc72f31b\"},\"headline\":\"El esperado regreso de Super Trip a competici\u00f3n.\",\"datePublished\":\"2023-04-10T12:41:12+00:00\",\"dateModified\":\"2024-02-27T09:14:35+00:00\",\"mainEntityOfPage\":{\"@id\":\"https:\\\/\\\/cuadra-agrado.es\\\/?p=12038\"},\"wordCount\":962,\"image\":{\"@id\":\"https:\\\/\\\/cuadra-agrado.es\\\/?p=12038#primaryimage\"},\"thumbnailUrl\":\"https:\\\/\\\/cuadra-agrado.es\\\/wp-content\\\/uploads\\\/2022\\\/10\\\/bc81108c-c3f7-43d6-89f0-63483087cfab.jpg\",\"articleSection\":[\"Actualidad\"],\"inLanguage\":\"es\"},{\"@type\":\"WebPage\",\"@id\":\"https:\\\/\\\/cuadra-agrado.es\\\/?p=12038\",\"url\":\"https:\\\/\\\/cuadra-agrado.es\\\/?p=12038\",\"name\":\"El esperado regreso de Super Trip a competici\u00f3n. - Cuadra Agrado\",\"isPartOf\":{\"@id\":\"https:\\\/\\\/cuadra-agrado.es\\\/#website\"},\"primaryImageOfPage\":{\"@id\":\"https:\\\/\\\/cuadra-agrado.es\\\/?p=12038#primaryimage\"},\"image\":{\"@id\":\"https:\\\/\\\/cuadra-agrado.es\\\/?p=12038#primaryimage\"},\"thumbnailUrl\":\"https:\\\/\\\/cuadra-agrado.es\\\/wp-content\\\/uploads\\\/2022\\\/10\\\/bc81108c-c3f7-43d6-89f0-63483087cfab.jpg\",\"datePublished\":\"2023-04-10T12:41:12+00:00\",\"dateModified\":\"2024-02-27T09:14:35+00:00\",\"author\":{\"@id\":\"https:\\\/\\\/cuadra-agrado.es\\\/#\\\/schema\\\/person\\\/3aa4f8d2373cf756d93a5526bc72f31b\"},\"breadcrumb\":{\"@id\":\"https:\\\/\\\/cuadra-agrado.es\\\/?p=12038#breadcrumb\"},\"inLanguage\":\"es\",\"potentialAction\":[{\"@type\":\"ReadAction\",\"target\":[\"https:\\\/\\\/cuadra-agrado.es\\\/?p=12038\"]}]},{\"@type\":\"ImageObject\",\"inLanguage\":\"es\",\"@id\":\"https:\\\/\\\/cuadra-agrado.es\\\/?p=12038#primaryimage\",\"url\":\"https:\\\/\\\/cuadra-agrado.es\\\/wp-content\\\/uploads\\\/2022\\\/10\\\/bc81108c-c3f7-43d6-89f0-63483087cfab.jpg\",\"contentUrl\":\"https:\\\/\\\/cuadra-agrado.es\\\/wp-content\\\/uploads\\\/2022\\\/10\\\/bc81108c-c3f7-43d6-89f0-63483087cfab.jpg\",\"width\":2048,\"height\":2048},{\"@type\":\"BreadcrumbList\",\"@id\":\"https:\\\/\\\/cuadra-agrado.es\\\/?p=12038#breadcrumb\",\"itemListElement\":[{\"@type\":\"ListItem\",\"position\":1,\"name\":\"Portada\",\"item\":\"https:\\\/\\\/cuadra-agrado.es\\\/\"},{\"@type\":\"ListItem\",\"position\":2,\"name\":\"El esperado regreso de Super Trip a competici\u00f3n.\"}]},{\"@type\":\"WebSite\",\"@id\":\"https:\\\/\\\/cuadra-agrado.es\\\/#website\",\"url\":\"https:\\\/\\\/cuadra-agrado.es\\\/\",\"name\":\"Cuadra Agrado\",\"description\":\"En el mundo del Turf desde 2008\",\"potentialAction\":[{\"@type\":\"SearchAction\",\"target\":{\"@type\":\"EntryPoint\",\"urlTemplate\":\"https:\\\/\\\/cuadra-agrado.es\\\/?s={search_term_string}\"},\"query-input\":{\"@type\":\"PropertyValueSpecification\",\"valueRequired\":true,\"valueName\":\"search_term_string\"}}],\"inLanguage\":\"es\"},{\"@type\":\"Person\",\"@id\":\"https:\\\/\\\/cuadra-agrado.es\\\/#\\\/schema\\\/person\\\/3aa4f8d2373cf756d93a5526bc72f31b\",\"name\":\"Miguel Redondo\",\"image\":{\"@type\":\"ImageObject\",\"inLanguage\":\"es\",\"@id\":\"https:\\\/\\\/secure.gravatar.com\\\/avatar\\\/85704fceb4fa34017e3c1344d182da00dbf772fb8856ba2b7726a2df926415b4?s=96&d=mm&r=g\",\"url\":\"https:\\\/\\\/secure.gravatar.com\\\/avatar\\\/85704fceb4fa34017e3c1344d182da00dbf772fb8856ba2b7726a2df926415b4?s=96&d=mm&r=g\",\"contentUrl\":\"https:\\\/\\\/secure.gravatar.com\\\/avatar\\\/85704fceb4fa34017e3c1344d182da00dbf772fb8856ba2b7726a2df926415b4?s=96&d=mm&r=g\",\"caption\":\"Miguel Redondo\"},\"sameAs\":[\"https:\\\/\\\/cuadra-agrado.es\"],\"url\":\"https:\\\/\\\/cuadra-agrado.es\\\/?author=5\"}]}<\/script>\n<!-- \/ Yoast SEO plugin. -->","yoast_head_json":{"title":"El esperado regreso de Super Trip a competici\u00f3n. - Cuadra Agrado","robots":{"index":"index","follow":"follow","max-snippet":"max-snippet:-1","max-image-preview":"max-image-preview:large","max-video-preview":"max-video-preview:-1"},"canonical":"https:\/\/cuadra-agrado.es\/?p=12038","og_locale":"es_ES","og_type":"article","og_title":"El esperado regreso de Super Trip a competici\u00f3n. - Cuadra Agrado","og_description":"S\u00e9ptima jornada primaveral en Hip\u00f3dromo de la Zarzuela para este pr\u00f3ximo domingo, y doble partant para defender nuestra chaquetilla con \u201cSuper Trip\u201d y \u201cHighdark Blue\u201d. Casi seis meses despu\u00e9s de su \u00faltima actuaci\u00f3n en la pasada temporada oto\u00f1al, regresa a competici\u00f3n este pr\u00f3ximo domingo la vigente ganadora del OAKS-Beamonte, \u00abSuper Trip\u00bb. Tras mucho meditar entre [&hellip;]","og_url":"https:\/\/cuadra-agrado.es\/?p=12038","og_site_name":"Cuadra Agrado","article_published_time":"2023-04-10T12:41:12+00:00","article_modified_time":"2024-02-27T09:14:35+00:00","og_image":[{"width":2048,"height":2048,"url":"https:\/\/cuadra-agrado.es\/wp-content\/uploads\/2022\/10\/bc81108c-c3f7-43d6-89f0-63483087cfab.jpg","type":"image\/jpeg"}],"author":"Miguel Redondo","twitter_card":"summary_large_image","twitter_creator":"@AGRADOracing","twitter_site":"@AGRADOracing","twitter_misc":{"Escrito por":"Miguel Redondo","Tiempo de lectura":"4 minutos"},"schema":{"@context":"https:\/\/schema.org","@graph":[{"@type":"Article","@id":"https:\/\/cuadra-agrado.es\/?p=12038#article","isPartOf":{"@id":"https:\/\/cuadra-agrado.es\/?p=12038"},"author":{"name":"Miguel Redondo","@id":"https:\/\/cuadra-agrado.es\/#\/schema\/person\/3aa4f8d2373cf756d93a5526bc72f31b"},"headline":"El esperado regreso de Super Trip a competici\u00f3n.","datePublished":"2023-04-10T12:41:12+00:00","dateModified":"2024-02-27T09:14:35+00:00","mainEntityOfPage":{"@id":"https:\/\/cuadra-agrado.es\/?p=12038"},"wordCount":962,"image":{"@id":"https:\/\/cuadra-agrado.es\/?p=12038#primaryimage"},"thumbnailUrl":"https:\/\/cuadra-agrado.es\/wp-content\/uploads\/2022\/10\/bc81108c-c3f7-43d6-89f0-63483087cfab.jpg","articleSection":["Actualidad"],"inLanguage":"es"},{"@type":"WebPage","@id":"https:\/\/cuadra-agrado.es\/?p=12038","url":"https:\/\/cuadra-agrado.es\/?p=12038","name":"El esperado regreso de Super Trip a competici\u00f3n. - Cuadra Agrado","isPartOf":{"@id":"https:\/\/cuadra-agrado.es\/#website"},"primaryImageOfPage":{"@id":"https:\/\/cuadra-agrado.es\/?p=12038#primaryimage"},"image":{"@id":"https:\/\/cuadra-agrado.es\/?p=12038#primaryimage"},"thumbnailUrl":"https:\/\/cuadra-agrado.es\/wp-content\/uploads\/2022\/10\/bc81108c-c3f7-43d6-89f0-63483087cfab.jpg","datePublished":"2023-04-10T12:41:12+00:00","dateModified":"2024-02-27T09:14:35+00:00","author":{"@id":"https:\/\/cuadra-agrado.es\/#\/schema\/person\/3aa4f8d2373cf756d93a5526bc72f31b"},"breadcrumb":{"@id":"https:\/\/cuadra-agrado.es\/?p=12038#breadcrumb"},"inLanguage":"es","potentialAction":[{"@type":"ReadAction","target":["https:\/\/cuadra-agrado.es\/?p=12038"]}]},{"@type":"ImageObject","inLanguage":"es","@id":"https:\/\/cuadra-agrado.es\/?p=12038#primaryimage","url":"https:\/\/cuadra-agrado.es\/wp-content\/uploads\/2022\/10\/bc81108c-c3f7-43d6-89f0-63483087cfab.jpg","contentUrl":"https:\/\/cuadra-agrado.es\/wp-content\/uploads\/2022\/10\/bc81108c-c3f7-43d6-89f0-63483087cfab.jpg","width":2048,"height":2048},{"@type":"BreadcrumbList","@id":"https:\/\/cuadra-agrado.es\/?p=12038#breadcrumb","itemListElement":[{"@type":"ListItem","position":1,"name":"Portada","item":"https:\/\/cuadra-agrado.es\/"},{"@type":"ListItem","position":2,"name":"El esperado regreso de Super Trip a competici\u00f3n."}]},{"@type":"WebSite","@id":"https:\/\/cuadra-agrado.es\/#website","url":"https:\/\/cuadra-agrado.es\/","name":"Cuadra Agrado","description":"En el mundo del Turf desde 2008","potentialAction":[{"@type":"SearchAction","target":{"@type":"EntryPoint","urlTemplate":"https:\/\/cuadra-agrado.es\/?s={search_term_string}"},"query-input":{"@type":"PropertyValueSpecification","valueRequired":true,"valueName":"search_term_string"}}],"inLanguage":"es"},{"@type":"Person","@id":"https:\/\/cuadra-agrado.es\/#\/schema\/person\/3aa4f8d2373cf756d93a5526bc72f31b","name":"Miguel Redondo","image":{"@type":"ImageObject","inLanguage":"es","@id":"https:\/\/secure.gravatar.com\/avatar\/85704fceb4fa34017e3c1344d182da00dbf772fb8856ba2b7726a2df926415b4?s=96&d=mm&r=g","url":"https:\/\/secure.gravatar.com\/avatar\/85704fceb4fa34017e3c1344d182da00dbf772fb8856ba2b7726a2df926415b4?s=96&d=mm&r=g","contentUrl":"https:\/\/secure.gravatar.com\/avatar\/85704fceb4fa34017e3c1344d182da00dbf772fb8856ba2b7726a2df926415b4?s=96&d=mm&r=g","caption":"Miguel Redondo"},"sameAs":["https:\/\/cuadra-agrado.es"],"url":"https:\/\/cuadra-agrado.es\/?author=5"}]}},"_links":{"self":[{"href":"https:\/\/cuadra-agrado.es\/index.php?rest_route=\/wp\/v2\/posts\/12038","targetHints":{"allow":["GET"]}}],"collection":[{"href":"https:\/\/cuadra-agrado.es\/index.php?rest_route=\/wp\/v2\/posts"}],"about":[{"href":"https:\/\/cuadra-agrado.es\/index.php?rest_route=\/wp\/v2\/types\/post"}],"author":[{"embeddable":true,"href":"https:\/\/cuadra-agrado.es\/index.php?rest_route=\/wp\/v2\/users\/5"}],"replies":[{"embeddable":true,"href":"https:\/\/cuadra-agrado.es\/index.php?rest_route=%2Fwp%2Fv2%2Fcomments&post=12038"}],"version-history":[{"count":0,"href":"https:\/\/cuadra-agrado.es\/index.php?rest_route=\/wp\/v2\/posts\/12038\/revisions"}],"wp:featuredmedia":[{"embeddable":true,"href":"https:\/\/cuadra-agrado.es\/index.php?rest_route=\/wp\/v2\/media\/10176"}],"wp:attachment":[{"href":"https:\/\/cuadra-agrado.es\/index.php?rest_route=%2Fwp%2Fv2%2Fmedia&parent=12038"}],"wp:term":[{"taxonomy":"category","embeddable":true,"href":"https:\/\/cuadra-agrado.es\/index.php?rest_route=%2Fwp%2Fv2%2Fcategories&post=12038"},{"taxonomy":"post_tag","embeddable":true,"href":"https:\/\/cuadra-agrado.es\/index.php?rest_route=%2Fwp%2Fv2%2Ftags&post=12038"}],"curies":[{"name":"wp","href":"https:\/\/api.w.org\/{rel}","templated":true}]}}