{"id":11982,"date":"2023-03-21T10:17:51","date_gmt":"2023-03-21T10:17:51","guid":{"rendered":"https:\/\/cuadra-agrado.es\/?p=11982"},"modified":"2024-02-27T09:14:36","modified_gmt":"2024-02-27T09:14:36","slug":"kowalsky-estrena-su-edad-clasica","status":"publish","type":"post","link":"https:\/\/cuadra-agrado.es\/?p=11982","title":{"rendered":"Kowalsky estrena su edad cl\u00e1sica"},"content":{"rendered":"<p style=\"text-align: justify;\">Comenzamos la cr\u00f3nica de \u201c<strong>Kowalsky<\/strong>\u201d con un breve \u201cpost\u201d sobre la pobre actuaci\u00f3n de \u201c<strong>Kendaya<\/strong>\u201d en su reaparici\u00f3n 2023. Visto lo visto, el domingo en esta su primera carrera de la temporada, definitivamente podemos confirmar que no estuvo a la altura y no la tomaremos en consideraci\u00f3n. Su largo descanso invernal y apenas dos meses de trabajo no han sido suficientes para coger el pulm\u00f3n que necesita un sprinter en la linea recta. La yegua lleg\u00f3 soplando mucho en su vuelta al patio, y esto es claro s\u00edntoma de unos kilos de m\u00e1s, y una falta de forma m\u00ednima para poder competir contra el nuevo selecto grupo de \u201cFlyers\u201d de ese a\u00f1o ahora encabezado por el ganador de la prueba <strong>\u00abKing of Jungle<\/strong>\u00bb como nuevo estandarte del insaciable Anaya. Ya anticip\u00e1bamos que no busc\u00e1bamos la victoria en esta reaparici\u00f3n y que ser\u00eda dif\u00edcil competir contra otros m\u00e1s rodados, pero quiz\u00e1s sobrevaloramos algo su forma. Despu\u00e9s del resultado, no ten\u00edamos pensado una previa antes del \u201cSan Isidro\u201d como preparatoria al Gran Premio, pero es evidente que \u201c<strong>Kendaya<\/strong>\u201d requiere de otra adicional para lograr estar al mismo nivel que sus contrincantes con los que se va a pelear el resto del a\u00f1o. A toro pasado, quiz\u00e1s nos sobr\u00f3 su carrera en tierras sevillanas de final de a\u00f1o, para haber podido adelantar su descanso en la yeguada y contar con algo m\u00e1s de tiempo en su posterior \u00abperformance\u00bb.<\/p>\n<p style=\"text-align: justify;\">Ya de lleno en la cr\u00f3nica de \u201c<strong>Kowalsky<\/strong>\u201d, este s\u00ed parece que est\u00e1 en mejores condiciones f\u00edsicas para iniciar un bonito a\u00f1o con \u00e9l. Ha pasado un buen invierno de trabajo suave. Mientras \u201c<strong>Kendaya<\/strong>\u201d se repanchingaba en el prado hace apenas dos meses atiborr\u00e1ndose de pasto fresco, \u201c<strong>Kowalsky<\/strong>\u201d hac\u00eda se quedaba en el hip\u00f3dromo haciendo sus deberes de invierno para mantener esa forma de finales de temporada pasada y preparar la primavera.<\/p>\n<p style=\"text-align: justify;\">Sus dos a\u00f1os finalizaron con las carreras justas y un buen sabor de boca. Un valor 41 avalaba sus tres buenas actuaciones en 2022 ya con la etiqueta de ganador colgada al cuello y, aunque ya es conocido la prudente estrategia del patio en ir poco a poco con sus pensionistas a comienzos de temporada, podr\u00edamos decir que sus condiciones de forma ofrecen una garant\u00eda de poder luchar esta primera salida. Los 2.000 metros de este premio \u201cChacal\u201d est\u00e1n en el t\u00e9rmino medio de metraje de los dos programas en los que debemos decidir su futuro en pr\u00f3ximas semanas. Matriculado en Derby y Poule, ser\u00e1 el propio \u201c<strong>Kowalsky<\/strong>\u201d quien determine en que distancia genera m\u00e1s opciones de \u00e9xito en vista de lo que veamos en esta carrera. Tener un caballo de calidad como \u00e9l nos ofrece la inmensa fortuna de decidir por ambos caminos, con el \u00fanico inconveniente de no poder confundirnos en la elecci\u00f3n final. Sus previas actuaciones han definido un metraje sobre la milla a dos a\u00f1os, lo que puede ofrecernos un plus de distancia en su paso a su edad cl\u00e1sica. Pero toda esta teor\u00eda, apoyada tambi\u00e9n por sus or\u00edgenes maternos por \u201c<strong>Manduro<\/strong>\u201d, hay que refrendarla en pista y actuar en consecuencia de lo que poco a poco nos vaya diciendo.<\/p>\n<p style=\"text-align: justify;\">Con esta premisa partimos en este premio donde se enfrentar\u00e1 a un lote de 7 participantes en la primera de la jornada, algunos de ellos tambi\u00e9n prometedores campeones, como son los casos de \u201c<strong>Sigmund<\/strong>\u201d, como reciente ganador ya esta primavera en su presentaci\u00f3n en nuestro pa\u00eds con procedencia inglesa, el pensionista de Jes\u00fas Lopez, \u201c<strong>Bailen<\/strong>\u201d, como doble ganador a dos a\u00f1os, y el m\u00e1s en forma de todos ellos \u00ab<strong>Volcan<\/strong>\u00ab, presente en las tres salidas invernales en Dos Hermanas, donde ha cosechado dos victorias. Estar en la misma onda de estos tres favoritos ya supondr\u00eda una muy buena opci\u00f3n de \u00e9xito en su primera del a\u00f1o, y un trampol\u00edn para su programa venidero de altos vuelos. Vamos confiados en su buena actuaci\u00f3n, pero siempre manteniendo la cautela y mentalidad de patio de ir poco a poco de menos a m\u00e1s, y guardar condiciones para disputar las grandes pruebas de primavera. El domingo es prioritario para nosotros ver su condici\u00f3n de metraje, que su mejor valor.<\/p>\n<p style=\"text-align: justify;\">Repetiremos monta con Mario Fernandez que poco pudo hace con \u201c<strong>Kendaya<\/strong>\u201d en su debut con nuestros colores y que, en esta ocasi\u00f3n, tendr\u00e1 mejores opciones de ir haci\u00e9ndose un hueco en la cuadra. Confiamos en un buen recorrido y le deseamos la mejor de las suertes en ese decisivo \u00faltimo furlong.<\/p>\n<p style=\"text-align: justify;\">Buena suerte equipo!!<\/p>\n<!-- AddThis Advanced Settings generic via filter on the_content --><!-- AddThis Share Buttons generic via filter on the_content -->","protected":false},"excerpt":{"rendered":"<p>Comenzamos la cr\u00f3nica de \u201cKowalsky\u201d con un breve \u201cpost\u201d sobre la pobre actuaci\u00f3n de \u201cKendaya\u201d en su reaparici\u00f3n 2023. Visto lo visto, el domingo en esta su primera carrera de la temporada, definitivamente podemos confirmar que no estuvo a la altura y no la tomaremos en consideraci\u00f3n. Su largo descanso invernal y apenas dos meses [&hellip;]<!-- AddThis Advanced Settings generic via filter on get_the_excerpt --><!-- AddThis Share Buttons generic via filter on get_the_excerpt --><\/p>\n","protected":false},"author":5,"featured_media":10848,"comment_status":"closed","ping_status":"open","sticky":false,"template":"","format":"standard","meta":{"_acf_changed":false,"_et_pb_use_builder":"","_et_pb_old_content":"","_et_gb_content_width":"","footnotes":""},"categories":[3],"tags":[],"class_list":["post-11982","post","type-post","status-publish","format-standard","has-post-thumbnail","hentry","category-noticias-cuadra-agrado"],"acf":[],"yoast_head":"<!-- This site is optimized with the Yoast SEO plugin v27.4 - https:\/\/yoast.com\/product\/yoast-seo-wordpress\/ -->\n<title>Kowalsky estrena su edad cl\u00e1sica - Cuadra Agrado<\/title>\n<meta name=\"robots\" content=\"index, follow, max-snippet:-1, max-image-preview:large, max-video-preview:-1\" \/>\n<link rel=\"canonical\" href=\"https:\/\/cuadra-agrado.es\/?p=11982\" \/>\n<meta property=\"og:locale\" content=\"es_ES\" \/>\n<meta property=\"og:type\" content=\"article\" \/>\n<meta property=\"og:title\" content=\"Kowalsky estrena su edad cl\u00e1sica - Cuadra Agrado\" \/>\n<meta property=\"og:description\" content=\"Comenzamos la cr\u00f3nica de \u201cKowalsky\u201d con un breve \u201cpost\u201d sobre la pobre actuaci\u00f3n de \u201cKendaya\u201d en su reaparici\u00f3n 2023. Visto lo visto, el domingo en esta su primera carrera de la temporada, definitivamente podemos confirmar que no estuvo a la altura y no la tomaremos en consideraci\u00f3n. Su largo descanso invernal y apenas dos meses [&hellip;]\" \/>\n<meta property=\"og:url\" content=\"https:\/\/cuadra-agrado.es\/?p=11982\" \/>\n<meta property=\"og:site_name\" content=\"Cuadra Agrado\" \/>\n<meta property=\"article:published_time\" content=\"2023-03-21T10:17:51+00:00\" \/>\n<meta property=\"article:modified_time\" content=\"2024-02-27T09:14:36+00:00\" \/>\n<meta property=\"og:image\" content=\"https:\/\/cuadra-agrado.es\/wp-content\/uploads\/2022\/10\/kowalsky3-1.jpg\" \/>\n\t<meta property=\"og:image:width\" content=\"1024\" \/>\n\t<meta property=\"og:image:height\" content=\"819\" \/>\n\t<meta property=\"og:image:type\" content=\"image\/jpeg\" \/>\n<meta name=\"author\" content=\"Miguel Redondo\" \/>\n<meta name=\"twitter:card\" content=\"summary_large_image\" \/>\n<meta name=\"twitter:creator\" content=\"@AGRADOracing\" \/>\n<meta name=\"twitter:site\" content=\"@AGRADOracing\" \/>\n<meta name=\"twitter:label1\" content=\"Escrito por\" \/>\n\t<meta name=\"twitter:data1\" content=\"Miguel Redondo\" \/>\n\t<meta name=\"twitter:label2\" content=\"Tiempo de lectura\" \/>\n\t<meta name=\"twitter:data2\" content=\"4 minutos\" \/>\n<script type=\"application\/ld+json\" class=\"yoast-schema-graph\">{\"@context\":\"https:\\\/\\\/schema.org\",\"@graph\":[{\"@type\":\"Article\",\"@id\":\"https:\\\/\\\/cuadra-agrado.es\\\/?p=11982#article\",\"isPartOf\":{\"@id\":\"https:\\\/\\\/cuadra-agrado.es\\\/?p=11982\"},\"author\":{\"name\":\"Miguel Redondo\",\"@id\":\"https:\\\/\\\/cuadra-agrado.es\\\/#\\\/schema\\\/person\\\/3aa4f8d2373cf756d93a5526bc72f31b\"},\"headline\":\"Kowalsky estrena su edad cl\u00e1sica\",\"datePublished\":\"2023-03-21T10:17:51+00:00\",\"dateModified\":\"2024-02-27T09:14:36+00:00\",\"mainEntityOfPage\":{\"@id\":\"https:\\\/\\\/cuadra-agrado.es\\\/?p=11982\"},\"wordCount\":797,\"image\":{\"@id\":\"https:\\\/\\\/cuadra-agrado.es\\\/?p=11982#primaryimage\"},\"thumbnailUrl\":\"https:\\\/\\\/cuadra-agrado.es\\\/wp-content\\\/uploads\\\/2022\\\/10\\\/kowalsky3-1.jpg\",\"articleSection\":[\"Actualidad\"],\"inLanguage\":\"es\"},{\"@type\":\"WebPage\",\"@id\":\"https:\\\/\\\/cuadra-agrado.es\\\/?p=11982\",\"url\":\"https:\\\/\\\/cuadra-agrado.es\\\/?p=11982\",\"name\":\"Kowalsky estrena su edad cl\u00e1sica - Cuadra Agrado\",\"isPartOf\":{\"@id\":\"https:\\\/\\\/cuadra-agrado.es\\\/#website\"},\"primaryImageOfPage\":{\"@id\":\"https:\\\/\\\/cuadra-agrado.es\\\/?p=11982#primaryimage\"},\"image\":{\"@id\":\"https:\\\/\\\/cuadra-agrado.es\\\/?p=11982#primaryimage\"},\"thumbnailUrl\":\"https:\\\/\\\/cuadra-agrado.es\\\/wp-content\\\/uploads\\\/2022\\\/10\\\/kowalsky3-1.jpg\",\"datePublished\":\"2023-03-21T10:17:51+00:00\",\"dateModified\":\"2024-02-27T09:14:36+00:00\",\"author\":{\"@id\":\"https:\\\/\\\/cuadra-agrado.es\\\/#\\\/schema\\\/person\\\/3aa4f8d2373cf756d93a5526bc72f31b\"},\"breadcrumb\":{\"@id\":\"https:\\\/\\\/cuadra-agrado.es\\\/?p=11982#breadcrumb\"},\"inLanguage\":\"es\",\"potentialAction\":[{\"@type\":\"ReadAction\",\"target\":[\"https:\\\/\\\/cuadra-agrado.es\\\/?p=11982\"]}]},{\"@type\":\"ImageObject\",\"inLanguage\":\"es\",\"@id\":\"https:\\\/\\\/cuadra-agrado.es\\\/?p=11982#primaryimage\",\"url\":\"https:\\\/\\\/cuadra-agrado.es\\\/wp-content\\\/uploads\\\/2022\\\/10\\\/kowalsky3-1.jpg\",\"contentUrl\":\"https:\\\/\\\/cuadra-agrado.es\\\/wp-content\\\/uploads\\\/2022\\\/10\\\/kowalsky3-1.jpg\",\"width\":1024,\"height\":819},{\"@type\":\"BreadcrumbList\",\"@id\":\"https:\\\/\\\/cuadra-agrado.es\\\/?p=11982#breadcrumb\",\"itemListElement\":[{\"@type\":\"ListItem\",\"position\":1,\"name\":\"Portada\",\"item\":\"https:\\\/\\\/cuadra-agrado.es\\\/\"},{\"@type\":\"ListItem\",\"position\":2,\"name\":\"Kowalsky estrena su edad cl\u00e1sica\"}]},{\"@type\":\"WebSite\",\"@id\":\"https:\\\/\\\/cuadra-agrado.es\\\/#website\",\"url\":\"https:\\\/\\\/cuadra-agrado.es\\\/\",\"name\":\"Cuadra Agrado\",\"description\":\"En el mundo del Turf desde 2008\",\"potentialAction\":[{\"@type\":\"SearchAction\",\"target\":{\"@type\":\"EntryPoint\",\"urlTemplate\":\"https:\\\/\\\/cuadra-agrado.es\\\/?s={search_term_string}\"},\"query-input\":{\"@type\":\"PropertyValueSpecification\",\"valueRequired\":true,\"valueName\":\"search_term_string\"}}],\"inLanguage\":\"es\"},{\"@type\":\"Person\",\"@id\":\"https:\\\/\\\/cuadra-agrado.es\\\/#\\\/schema\\\/person\\\/3aa4f8d2373cf756d93a5526bc72f31b\",\"name\":\"Miguel Redondo\",\"image\":{\"@type\":\"ImageObject\",\"inLanguage\":\"es\",\"@id\":\"https:\\\/\\\/secure.gravatar.com\\\/avatar\\\/85704fceb4fa34017e3c1344d182da00dbf772fb8856ba2b7726a2df926415b4?s=96&d=mm&r=g\",\"url\":\"https:\\\/\\\/secure.gravatar.com\\\/avatar\\\/85704fceb4fa34017e3c1344d182da00dbf772fb8856ba2b7726a2df926415b4?s=96&d=mm&r=g\",\"contentUrl\":\"https:\\\/\\\/secure.gravatar.com\\\/avatar\\\/85704fceb4fa34017e3c1344d182da00dbf772fb8856ba2b7726a2df926415b4?s=96&d=mm&r=g\",\"caption\":\"Miguel Redondo\"},\"sameAs\":[\"https:\\\/\\\/cuadra-agrado.es\"],\"url\":\"https:\\\/\\\/cuadra-agrado.es\\\/?author=5\"}]}<\/script>\n<!-- \/ Yoast SEO plugin. -->","yoast_head_json":{"title":"Kowalsky estrena su edad cl\u00e1sica - Cuadra Agrado","robots":{"index":"index","follow":"follow","max-snippet":"max-snippet:-1","max-image-preview":"max-image-preview:large","max-video-preview":"max-video-preview:-1"},"canonical":"https:\/\/cuadra-agrado.es\/?p=11982","og_locale":"es_ES","og_type":"article","og_title":"Kowalsky estrena su edad cl\u00e1sica - Cuadra Agrado","og_description":"Comenzamos la cr\u00f3nica de \u201cKowalsky\u201d con un breve \u201cpost\u201d sobre la pobre actuaci\u00f3n de \u201cKendaya\u201d en su reaparici\u00f3n 2023. Visto lo visto, el domingo en esta su primera carrera de la temporada, definitivamente podemos confirmar que no estuvo a la altura y no la tomaremos en consideraci\u00f3n. Su largo descanso invernal y apenas dos meses [&hellip;]","og_url":"https:\/\/cuadra-agrado.es\/?p=11982","og_site_name":"Cuadra Agrado","article_published_time":"2023-03-21T10:17:51+00:00","article_modified_time":"2024-02-27T09:14:36+00:00","og_image":[{"width":1024,"height":819,"url":"https:\/\/cuadra-agrado.es\/wp-content\/uploads\/2022\/10\/kowalsky3-1.jpg","type":"image\/jpeg"}],"author":"Miguel Redondo","twitter_card":"summary_large_image","twitter_creator":"@AGRADOracing","twitter_site":"@AGRADOracing","twitter_misc":{"Escrito por":"Miguel Redondo","Tiempo de lectura":"4 minutos"},"schema":{"@context":"https:\/\/schema.org","@graph":[{"@type":"Article","@id":"https:\/\/cuadra-agrado.es\/?p=11982#article","isPartOf":{"@id":"https:\/\/cuadra-agrado.es\/?p=11982"},"author":{"name":"Miguel Redondo","@id":"https:\/\/cuadra-agrado.es\/#\/schema\/person\/3aa4f8d2373cf756d93a5526bc72f31b"},"headline":"Kowalsky estrena su edad cl\u00e1sica","datePublished":"2023-03-21T10:17:51+00:00","dateModified":"2024-02-27T09:14:36+00:00","mainEntityOfPage":{"@id":"https:\/\/cuadra-agrado.es\/?p=11982"},"wordCount":797,"image":{"@id":"https:\/\/cuadra-agrado.es\/?p=11982#primaryimage"},"thumbnailUrl":"https:\/\/cuadra-agrado.es\/wp-content\/uploads\/2022\/10\/kowalsky3-1.jpg","articleSection":["Actualidad"],"inLanguage":"es"},{"@type":"WebPage","@id":"https:\/\/cuadra-agrado.es\/?p=11982","url":"https:\/\/cuadra-agrado.es\/?p=11982","name":"Kowalsky estrena su edad cl\u00e1sica - Cuadra Agrado","isPartOf":{"@id":"https:\/\/cuadra-agrado.es\/#website"},"primaryImageOfPage":{"@id":"https:\/\/cuadra-agrado.es\/?p=11982#primaryimage"},"image":{"@id":"https:\/\/cuadra-agrado.es\/?p=11982#primaryimage"},"thumbnailUrl":"https:\/\/cuadra-agrado.es\/wp-content\/uploads\/2022\/10\/kowalsky3-1.jpg","datePublished":"2023-03-21T10:17:51+00:00","dateModified":"2024-02-27T09:14:36+00:00","author":{"@id":"https:\/\/cuadra-agrado.es\/#\/schema\/person\/3aa4f8d2373cf756d93a5526bc72f31b"},"breadcrumb":{"@id":"https:\/\/cuadra-agrado.es\/?p=11982#breadcrumb"},"inLanguage":"es","potentialAction":[{"@type":"ReadAction","target":["https:\/\/cuadra-agrado.es\/?p=11982"]}]},{"@type":"ImageObject","inLanguage":"es","@id":"https:\/\/cuadra-agrado.es\/?p=11982#primaryimage","url":"https:\/\/cuadra-agrado.es\/wp-content\/uploads\/2022\/10\/kowalsky3-1.jpg","contentUrl":"https:\/\/cuadra-agrado.es\/wp-content\/uploads\/2022\/10\/kowalsky3-1.jpg","width":1024,"height":819},{"@type":"BreadcrumbList","@id":"https:\/\/cuadra-agrado.es\/?p=11982#breadcrumb","itemListElement":[{"@type":"ListItem","position":1,"name":"Portada","item":"https:\/\/cuadra-agrado.es\/"},{"@type":"ListItem","position":2,"name":"Kowalsky estrena su edad cl\u00e1sica"}]},{"@type":"WebSite","@id":"https:\/\/cuadra-agrado.es\/#website","url":"https:\/\/cuadra-agrado.es\/","name":"Cuadra Agrado","description":"En el mundo del Turf desde 2008","potentialAction":[{"@type":"SearchAction","target":{"@type":"EntryPoint","urlTemplate":"https:\/\/cuadra-agrado.es\/?s={search_term_string}"},"query-input":{"@type":"PropertyValueSpecification","valueRequired":true,"valueName":"search_term_string"}}],"inLanguage":"es"},{"@type":"Person","@id":"https:\/\/cuadra-agrado.es\/#\/schema\/person\/3aa4f8d2373cf756d93a5526bc72f31b","name":"Miguel Redondo","image":{"@type":"ImageObject","inLanguage":"es","@id":"https:\/\/secure.gravatar.com\/avatar\/85704fceb4fa34017e3c1344d182da00dbf772fb8856ba2b7726a2df926415b4?s=96&d=mm&r=g","url":"https:\/\/secure.gravatar.com\/avatar\/85704fceb4fa34017e3c1344d182da00dbf772fb8856ba2b7726a2df926415b4?s=96&d=mm&r=g","contentUrl":"https:\/\/secure.gravatar.com\/avatar\/85704fceb4fa34017e3c1344d182da00dbf772fb8856ba2b7726a2df926415b4?s=96&d=mm&r=g","caption":"Miguel Redondo"},"sameAs":["https:\/\/cuadra-agrado.es"],"url":"https:\/\/cuadra-agrado.es\/?author=5"}]}},"_links":{"self":[{"href":"https:\/\/cuadra-agrado.es\/index.php?rest_route=\/wp\/v2\/posts\/11982","targetHints":{"allow":["GET"]}}],"collection":[{"href":"https:\/\/cuadra-agrado.es\/index.php?rest_route=\/wp\/v2\/posts"}],"about":[{"href":"https:\/\/cuadra-agrado.es\/index.php?rest_route=\/wp\/v2\/types\/post"}],"author":[{"embeddable":true,"href":"https:\/\/cuadra-agrado.es\/index.php?rest_route=\/wp\/v2\/users\/5"}],"replies":[{"embeddable":true,"href":"https:\/\/cuadra-agrado.es\/index.php?rest_route=%2Fwp%2Fv2%2Fcomments&post=11982"}],"version-history":[{"count":0,"href":"https:\/\/cuadra-agrado.es\/index.php?rest_route=\/wp\/v2\/posts\/11982\/revisions"}],"wp:featuredmedia":[{"embeddable":true,"href":"https:\/\/cuadra-agrado.es\/index.php?rest_route=\/wp\/v2\/media\/10848"}],"wp:attachment":[{"href":"https:\/\/cuadra-agrado.es\/index.php?rest_route=%2Fwp%2Fv2%2Fmedia&parent=11982"}],"wp:term":[{"taxonomy":"category","embeddable":true,"href":"https:\/\/cuadra-agrado.es\/index.php?rest_route=%2Fwp%2Fv2%2Fcategories&post=11982"},{"taxonomy":"post_tag","embeddable":true,"href":"https:\/\/cuadra-agrado.es\/index.php?rest_route=%2Fwp%2Fv2%2Ftags&post=11982"}],"curies":[{"name":"wp","href":"https:\/\/api.w.org\/{rel}","templated":true}]}}