{"id":1197,"date":"2014-03-27T15:45:07","date_gmt":"2014-03-27T14:45:07","guid":{"rendered":"https:\/\/cuadra-agrado.es\/?p=1197"},"modified":"2024-02-27T09:22:29","modified_gmt":"2024-02-27T09:22:29","slug":"noozhoh-canarias-el-reclamo-de-nuestro-turf","status":"publish","type":"post","link":"https:\/\/cuadra-agrado.es\/?p=1197","title":{"rendered":"Noozhoh Canarias, el reclamo de nuestro turf!!!"},"content":{"rendered":"<p style=\"text-align: justify;\"><a href=\"http:\/\/cuadra-agrado.es\/wp-content\/uploads\/2014\/03\/noozhoh.jpg\" target=\"_blank\" rel=\"noopener noreferrer\"><img loading=\"lazy\" decoding=\"async\" class=\"alignleft  wp-image-1198\" alt=\"noozhoh\" src=\"http:\/\/cuadra-agrado.es\/wp-content\/uploads\/2014\/03\/noozhoh.jpg\" width=\"400\" height=\"200\" \/><\/a>El pr\u00f3ximo domingo podremos ver en nuestro hip\u00f3dromo de Madrid al que para nosotros es y ser\u00e1 por mucho tiempo el mejor potro nacional de nuestra historia. Ser\u00e1 sin duda un acontecimiento \u00fanico y debemos ser agradecidos y dar las gracias primero a sus propietarios (Grupo Bola\u00f1os Gran Canaria), y en segundo lugar a la preparaci\u00f3n (Enrique Le\u00f3n). Quiz\u00e1s no fuera la mejor preparatoria que le pudieran dar para afrontar sus pr\u00f3ximos retos de altura, pero dicen que la mejor preparatoria es la que se gana, y si adem\u00e1s es delante de tu gente, no hay mucho m\u00e1s que discutir, muchas gracias!!<\/p>\n<p style=\"text-align: justify;\">El Hip\u00f3dromo de la Zarzuela de Madrid ser\u00e1 entonces el mejor escenario posible para su despedida en Espa\u00f1a, ya que es evidente que despu\u00e9s de esta no tengamos otra oportunidad de verle correr en la pista madrile\u00f1a. Es por ello, el acontecimiento del fin de semana para muchos de nosotros, y as\u00ed se ha hecho notar en casi todos los medios de comunicaci\u00f3n cercanos y lejanos a nuestro turf. Los profesionales de radio, prensa y televisi\u00f3n se han visto muchos de ellos sorprendidos en dar publicidad e informaci\u00f3n a un evento desconocido como es el mundo de las carreras de caballos y sin duda, necesitamos aprovechar la ocasi\u00f3n que hoy nos brindan.<\/p>\n<p style=\"text-align: justify;\">Para los aficionados, no hace falta presentaci\u00f3n alguna. Todos le hemos visto en pista alguna vez, conocemos sus or\u00edgenes y su recorrido, y alg\u00fan privilegiado, como es mi caso, tuvo la suerte de verle correr un inolvidable premio &#8216;Lagardere&#8217; (Gr.1) en el pasado mitin del &#8216;Arco del Triunfo&#8217; en el hip\u00f3dromo de Longchamp de Par\u00eds. Conocemos de donde viene, adonde se dirige y la calidad que atesora, pero lo importante en esta cita es que le conozcan los que a d\u00eda de hoy no son aficionados.<\/p>\n<p style=\"text-align: justify;\">Es obligado para nuestro turf sacar el mayor provecho posible de este reclamo y que sirva de trampol\u00edn para &#8216;enganchar&#8217; a m\u00e1s aficionados, de la misma forma que un tal &#8216;Severiano Ballesteros&#8217; nos enganch\u00f3 al golf, o un tal &#8216;Fernando Alonso&#8217; nos enganch\u00f3 a la F1.<br \/>\nNoozhoh Canarias debe enganchar al Turf.<\/p>\n<p style=\"text-align: justify;\">Muchas gracias \u00a0&#8216;Noozhoh&#8217;!!! \u00a0hagas lo que hagas el domingo en pista, el respeto y la admiraci\u00f3n van por delante. No estaremos pendientes de tu preparatoria, de si en el recorrido vas delante o detr\u00e1s, no habr\u00e1 una sola cr\u00edtica a tu monta, de si estuviste encerrado o te viniste a los palos. S\u00f3lo ser\u00e1 un d\u00eda inolvidable para todos los que asistamos, y siempre recordaremos alg\u00fan detalle de ese domingo. Simplemente lo recordaremos como el d\u00eda que&#8230; &#8216;Yo vi correr a Noozhoh Canarias&#8217;<\/p>\n<hr \/>\n<p style=\"text-align: justify;\">\n<!-- AddThis Advanced Settings generic via filter on the_content --><!-- AddThis Share Buttons generic via filter on the_content -->","protected":false},"excerpt":{"rendered":"<p>El pr\u00f3ximo domingo podremos ver en nuestro hip\u00f3dromo de Madrid al que para nosotros es y ser\u00e1 por mucho tiempo el mejor potro nacional de nuestra historia. Ser\u00e1 sin duda un acontecimiento \u00fanico y debemos ser agradecidos y dar las gracias primero a sus propietarios (Grupo Bola\u00f1os Gran Canaria), y en segundo lugar a la [&hellip;]<!-- AddThis Advanced Settings generic via filter on get_the_excerpt --><!-- AddThis Share Buttons generic via filter on get_the_excerpt --><\/p>\n","protected":false},"author":5,"featured_media":0,"comment_status":"closed","ping_status":"closed","sticky":false,"template":"","format":"gallery","meta":{"_acf_changed":false,"_et_pb_use_builder":"","_et_pb_old_content":"","_et_gb_content_width":"","footnotes":""},"categories":[3],"tags":[],"class_list":["post-1197","post","type-post","status-publish","format-gallery","hentry","category-noticias-cuadra-agrado","post_format-post-format-gallery"],"acf":[],"yoast_head":"<!-- This site is optimized with the Yoast SEO plugin v27.4 - https:\/\/yoast.com\/product\/yoast-seo-wordpress\/ -->\n<title>Noozhoh Canarias, el reclamo de nuestro turf!!! - Cuadra Agrado<\/title>\n<meta name=\"robots\" content=\"index, follow, max-snippet:-1, max-image-preview:large, max-video-preview:-1\" \/>\n<link rel=\"canonical\" href=\"https:\/\/cuadra-agrado.es\/?p=1197\" \/>\n<meta property=\"og:locale\" content=\"es_ES\" \/>\n<meta property=\"og:type\" content=\"article\" \/>\n<meta property=\"og:title\" content=\"Noozhoh Canarias, el reclamo de nuestro turf!!! - Cuadra Agrado\" \/>\n<meta property=\"og:description\" content=\"El pr\u00f3ximo domingo podremos ver en nuestro hip\u00f3dromo de Madrid al que para nosotros es y ser\u00e1 por mucho tiempo el mejor potro nacional de nuestra historia. Ser\u00e1 sin duda un acontecimiento \u00fanico y debemos ser agradecidos y dar las gracias primero a sus propietarios (Grupo Bola\u00f1os Gran Canaria), y en segundo lugar a la [&hellip;]\" \/>\n<meta property=\"og:url\" content=\"https:\/\/cuadra-agrado.es\/?p=1197\" \/>\n<meta property=\"og:site_name\" content=\"Cuadra Agrado\" \/>\n<meta property=\"article:published_time\" content=\"2014-03-27T14:45:07+00:00\" \/>\n<meta property=\"article:modified_time\" content=\"2024-02-27T09:22:29+00:00\" \/>\n<meta property=\"og:image\" content=\"http:\/\/cuadra-agrado.es\/wp-content\/uploads\/2014\/03\/noozhoh.jpg\" \/>\n<meta name=\"author\" content=\"Miguel Redondo\" \/>\n<meta name=\"twitter:card\" content=\"summary_large_image\" \/>\n<meta name=\"twitter:creator\" content=\"@AGRADOracing\" \/>\n<meta name=\"twitter:site\" content=\"@AGRADOracing\" \/>\n<meta name=\"twitter:label1\" content=\"Escrito por\" \/>\n\t<meta name=\"twitter:data1\" content=\"Miguel Redondo\" \/>\n\t<meta name=\"twitter:label2\" content=\"Tiempo de lectura\" \/>\n\t<meta name=\"twitter:data2\" content=\"2 minutos\" \/>\n<script type=\"application\/ld+json\" class=\"yoast-schema-graph\">{\"@context\":\"https:\\\/\\\/schema.org\",\"@graph\":[{\"@type\":\"Article\",\"@id\":\"https:\\\/\\\/cuadra-agrado.es\\\/?p=1197#article\",\"isPartOf\":{\"@id\":\"https:\\\/\\\/cuadra-agrado.es\\\/?p=1197\"},\"author\":{\"name\":\"Miguel Redondo\",\"@id\":\"https:\\\/\\\/cuadra-agrado.es\\\/#\\\/schema\\\/person\\\/3aa4f8d2373cf756d93a5526bc72f31b\"},\"headline\":\"Noozhoh Canarias, el reclamo de nuestro turf!!!\",\"datePublished\":\"2014-03-27T14:45:07+00:00\",\"dateModified\":\"2024-02-27T09:22:29+00:00\",\"mainEntityOfPage\":{\"@id\":\"https:\\\/\\\/cuadra-agrado.es\\\/?p=1197\"},\"wordCount\":474,\"image\":{\"@id\":\"https:\\\/\\\/cuadra-agrado.es\\\/?p=1197#primaryimage\"},\"thumbnailUrl\":\"http:\\\/\\\/cuadra-agrado.es\\\/wp-content\\\/uploads\\\/2014\\\/03\\\/noozhoh.jpg\",\"articleSection\":[\"Actualidad\"],\"inLanguage\":\"es\"},{\"@type\":\"WebPage\",\"@id\":\"https:\\\/\\\/cuadra-agrado.es\\\/?p=1197\",\"url\":\"https:\\\/\\\/cuadra-agrado.es\\\/?p=1197\",\"name\":\"Noozhoh Canarias, el reclamo de nuestro turf!!! - Cuadra Agrado\",\"isPartOf\":{\"@id\":\"https:\\\/\\\/cuadra-agrado.es\\\/#website\"},\"primaryImageOfPage\":{\"@id\":\"https:\\\/\\\/cuadra-agrado.es\\\/?p=1197#primaryimage\"},\"image\":{\"@id\":\"https:\\\/\\\/cuadra-agrado.es\\\/?p=1197#primaryimage\"},\"thumbnailUrl\":\"http:\\\/\\\/cuadra-agrado.es\\\/wp-content\\\/uploads\\\/2014\\\/03\\\/noozhoh.jpg\",\"datePublished\":\"2014-03-27T14:45:07+00:00\",\"dateModified\":\"2024-02-27T09:22:29+00:00\",\"author\":{\"@id\":\"https:\\\/\\\/cuadra-agrado.es\\\/#\\\/schema\\\/person\\\/3aa4f8d2373cf756d93a5526bc72f31b\"},\"breadcrumb\":{\"@id\":\"https:\\\/\\\/cuadra-agrado.es\\\/?p=1197#breadcrumb\"},\"inLanguage\":\"es\",\"potentialAction\":[{\"@type\":\"ReadAction\",\"target\":[\"https:\\\/\\\/cuadra-agrado.es\\\/?p=1197\"]}]},{\"@type\":\"ImageObject\",\"inLanguage\":\"es\",\"@id\":\"https:\\\/\\\/cuadra-agrado.es\\\/?p=1197#primaryimage\",\"url\":\"http:\\\/\\\/cuadra-agrado.es\\\/wp-content\\\/uploads\\\/2014\\\/03\\\/noozhoh.jpg\",\"contentUrl\":\"http:\\\/\\\/cuadra-agrado.es\\\/wp-content\\\/uploads\\\/2014\\\/03\\\/noozhoh.jpg\"},{\"@type\":\"BreadcrumbList\",\"@id\":\"https:\\\/\\\/cuadra-agrado.es\\\/?p=1197#breadcrumb\",\"itemListElement\":[{\"@type\":\"ListItem\",\"position\":1,\"name\":\"Portada\",\"item\":\"https:\\\/\\\/cuadra-agrado.es\\\/\"},{\"@type\":\"ListItem\",\"position\":2,\"name\":\"Noozhoh Canarias, el reclamo de nuestro turf!!!\"}]},{\"@type\":\"WebSite\",\"@id\":\"https:\\\/\\\/cuadra-agrado.es\\\/#website\",\"url\":\"https:\\\/\\\/cuadra-agrado.es\\\/\",\"name\":\"Cuadra Agrado\",\"description\":\"En el mundo del Turf desde 2008\",\"potentialAction\":[{\"@type\":\"SearchAction\",\"target\":{\"@type\":\"EntryPoint\",\"urlTemplate\":\"https:\\\/\\\/cuadra-agrado.es\\\/?s={search_term_string}\"},\"query-input\":{\"@type\":\"PropertyValueSpecification\",\"valueRequired\":true,\"valueName\":\"search_term_string\"}}],\"inLanguage\":\"es\"},{\"@type\":\"Person\",\"@id\":\"https:\\\/\\\/cuadra-agrado.es\\\/#\\\/schema\\\/person\\\/3aa4f8d2373cf756d93a5526bc72f31b\",\"name\":\"Miguel Redondo\",\"image\":{\"@type\":\"ImageObject\",\"inLanguage\":\"es\",\"@id\":\"https:\\\/\\\/secure.gravatar.com\\\/avatar\\\/85704fceb4fa34017e3c1344d182da00dbf772fb8856ba2b7726a2df926415b4?s=96&d=mm&r=g\",\"url\":\"https:\\\/\\\/secure.gravatar.com\\\/avatar\\\/85704fceb4fa34017e3c1344d182da00dbf772fb8856ba2b7726a2df926415b4?s=96&d=mm&r=g\",\"contentUrl\":\"https:\\\/\\\/secure.gravatar.com\\\/avatar\\\/85704fceb4fa34017e3c1344d182da00dbf772fb8856ba2b7726a2df926415b4?s=96&d=mm&r=g\",\"caption\":\"Miguel Redondo\"},\"sameAs\":[\"https:\\\/\\\/cuadra-agrado.es\"],\"url\":\"https:\\\/\\\/cuadra-agrado.es\\\/?author=5\"}]}<\/script>\n<!-- \/ Yoast SEO plugin. -->","yoast_head_json":{"title":"Noozhoh Canarias, el reclamo de nuestro turf!!! - Cuadra Agrado","robots":{"index":"index","follow":"follow","max-snippet":"max-snippet:-1","max-image-preview":"max-image-preview:large","max-video-preview":"max-video-preview:-1"},"canonical":"https:\/\/cuadra-agrado.es\/?p=1197","og_locale":"es_ES","og_type":"article","og_title":"Noozhoh Canarias, el reclamo de nuestro turf!!! - Cuadra Agrado","og_description":"El pr\u00f3ximo domingo podremos ver en nuestro hip\u00f3dromo de Madrid al que para nosotros es y ser\u00e1 por mucho tiempo el mejor potro nacional de nuestra historia. Ser\u00e1 sin duda un acontecimiento \u00fanico y debemos ser agradecidos y dar las gracias primero a sus propietarios (Grupo Bola\u00f1os Gran Canaria), y en segundo lugar a la [&hellip;]","og_url":"https:\/\/cuadra-agrado.es\/?p=1197","og_site_name":"Cuadra Agrado","article_published_time":"2014-03-27T14:45:07+00:00","article_modified_time":"2024-02-27T09:22:29+00:00","og_image":[{"url":"http:\/\/cuadra-agrado.es\/wp-content\/uploads\/2014\/03\/noozhoh.jpg","type":"","width":"","height":""}],"author":"Miguel Redondo","twitter_card":"summary_large_image","twitter_creator":"@AGRADOracing","twitter_site":"@AGRADOracing","twitter_misc":{"Escrito por":"Miguel Redondo","Tiempo de lectura":"2 minutos"},"schema":{"@context":"https:\/\/schema.org","@graph":[{"@type":"Article","@id":"https:\/\/cuadra-agrado.es\/?p=1197#article","isPartOf":{"@id":"https:\/\/cuadra-agrado.es\/?p=1197"},"author":{"name":"Miguel Redondo","@id":"https:\/\/cuadra-agrado.es\/#\/schema\/person\/3aa4f8d2373cf756d93a5526bc72f31b"},"headline":"Noozhoh Canarias, el reclamo de nuestro turf!!!","datePublished":"2014-03-27T14:45:07+00:00","dateModified":"2024-02-27T09:22:29+00:00","mainEntityOfPage":{"@id":"https:\/\/cuadra-agrado.es\/?p=1197"},"wordCount":474,"image":{"@id":"https:\/\/cuadra-agrado.es\/?p=1197#primaryimage"},"thumbnailUrl":"http:\/\/cuadra-agrado.es\/wp-content\/uploads\/2014\/03\/noozhoh.jpg","articleSection":["Actualidad"],"inLanguage":"es"},{"@type":"WebPage","@id":"https:\/\/cuadra-agrado.es\/?p=1197","url":"https:\/\/cuadra-agrado.es\/?p=1197","name":"Noozhoh Canarias, el reclamo de nuestro turf!!! - Cuadra Agrado","isPartOf":{"@id":"https:\/\/cuadra-agrado.es\/#website"},"primaryImageOfPage":{"@id":"https:\/\/cuadra-agrado.es\/?p=1197#primaryimage"},"image":{"@id":"https:\/\/cuadra-agrado.es\/?p=1197#primaryimage"},"thumbnailUrl":"http:\/\/cuadra-agrado.es\/wp-content\/uploads\/2014\/03\/noozhoh.jpg","datePublished":"2014-03-27T14:45:07+00:00","dateModified":"2024-02-27T09:22:29+00:00","author":{"@id":"https:\/\/cuadra-agrado.es\/#\/schema\/person\/3aa4f8d2373cf756d93a5526bc72f31b"},"breadcrumb":{"@id":"https:\/\/cuadra-agrado.es\/?p=1197#breadcrumb"},"inLanguage":"es","potentialAction":[{"@type":"ReadAction","target":["https:\/\/cuadra-agrado.es\/?p=1197"]}]},{"@type":"ImageObject","inLanguage":"es","@id":"https:\/\/cuadra-agrado.es\/?p=1197#primaryimage","url":"http:\/\/cuadra-agrado.es\/wp-content\/uploads\/2014\/03\/noozhoh.jpg","contentUrl":"http:\/\/cuadra-agrado.es\/wp-content\/uploads\/2014\/03\/noozhoh.jpg"},{"@type":"BreadcrumbList","@id":"https:\/\/cuadra-agrado.es\/?p=1197#breadcrumb","itemListElement":[{"@type":"ListItem","position":1,"name":"Portada","item":"https:\/\/cuadra-agrado.es\/"},{"@type":"ListItem","position":2,"name":"Noozhoh Canarias, el reclamo de nuestro turf!!!"}]},{"@type":"WebSite","@id":"https:\/\/cuadra-agrado.es\/#website","url":"https:\/\/cuadra-agrado.es\/","name":"Cuadra Agrado","description":"En el mundo del Turf desde 2008","potentialAction":[{"@type":"SearchAction","target":{"@type":"EntryPoint","urlTemplate":"https:\/\/cuadra-agrado.es\/?s={search_term_string}"},"query-input":{"@type":"PropertyValueSpecification","valueRequired":true,"valueName":"search_term_string"}}],"inLanguage":"es"},{"@type":"Person","@id":"https:\/\/cuadra-agrado.es\/#\/schema\/person\/3aa4f8d2373cf756d93a5526bc72f31b","name":"Miguel Redondo","image":{"@type":"ImageObject","inLanguage":"es","@id":"https:\/\/secure.gravatar.com\/avatar\/85704fceb4fa34017e3c1344d182da00dbf772fb8856ba2b7726a2df926415b4?s=96&d=mm&r=g","url":"https:\/\/secure.gravatar.com\/avatar\/85704fceb4fa34017e3c1344d182da00dbf772fb8856ba2b7726a2df926415b4?s=96&d=mm&r=g","contentUrl":"https:\/\/secure.gravatar.com\/avatar\/85704fceb4fa34017e3c1344d182da00dbf772fb8856ba2b7726a2df926415b4?s=96&d=mm&r=g","caption":"Miguel Redondo"},"sameAs":["https:\/\/cuadra-agrado.es"],"url":"https:\/\/cuadra-agrado.es\/?author=5"}]}},"_links":{"self":[{"href":"https:\/\/cuadra-agrado.es\/index.php?rest_route=\/wp\/v2\/posts\/1197","targetHints":{"allow":["GET"]}}],"collection":[{"href":"https:\/\/cuadra-agrado.es\/index.php?rest_route=\/wp\/v2\/posts"}],"about":[{"href":"https:\/\/cuadra-agrado.es\/index.php?rest_route=\/wp\/v2\/types\/post"}],"author":[{"embeddable":true,"href":"https:\/\/cuadra-agrado.es\/index.php?rest_route=\/wp\/v2\/users\/5"}],"replies":[{"embeddable":true,"href":"https:\/\/cuadra-agrado.es\/index.php?rest_route=%2Fwp%2Fv2%2Fcomments&post=1197"}],"version-history":[{"count":0,"href":"https:\/\/cuadra-agrado.es\/index.php?rest_route=\/wp\/v2\/posts\/1197\/revisions"}],"wp:attachment":[{"href":"https:\/\/cuadra-agrado.es\/index.php?rest_route=%2Fwp%2Fv2%2Fmedia&parent=1197"}],"wp:term":[{"taxonomy":"category","embeddable":true,"href":"https:\/\/cuadra-agrado.es\/index.php?rest_route=%2Fwp%2Fv2%2Fcategories&post=1197"},{"taxonomy":"post_tag","embeddable":true,"href":"https:\/\/cuadra-agrado.es\/index.php?rest_route=%2Fwp%2Fv2%2Ftags&post=1197"}],"curies":[{"name":"wp","href":"https:\/\/api.w.org\/{rel}","templated":true}]}}