{"id":11968,"date":"2023-03-13T12:23:55","date_gmt":"2023-03-13T12:23:55","guid":{"rendered":"https:\/\/cuadra-agrado.es\/?p=11968"},"modified":"2024-02-27T09:14:37","modified_gmt":"2024-02-27T09:14:37","slug":"comenzamos-temporada-con-kendaya-en-el-mitico-chamartin","status":"publish","type":"post","link":"https:\/\/cuadra-agrado.es\/?p=11968","title":{"rendered":"Kendaya abre la temporada en el m\u00edtico Chamart\u00edn"},"content":{"rendered":"<p style=\"text-align: justify;\">\u201c<strong>Kendaya<\/strong>\u201d ser\u00e1 finalmente nuestro primer partant en la presente temporada de primavera, despu\u00e9s de la injusta eliminaci\u00f3n por sorteo de nuestro tres a\u00f1os \u201c<strong>Hihgdark<\/strong> <strong>Blue<\/strong>\u201d en esta pasada jornada.<br \/>\nAsumiendo una inmerecida descalificaci\u00f3n, nos centramos desde ya en la sprinter y corajuda de la cuadra que reanuda su competici\u00f3n a cinco a\u00f1os y que, ahora s\u00ed, debemos apostar mucho m\u00e1s fuerte por ella. Ojal\u00e1 que este a\u00f1o tenga la suerte que le falt\u00f3 el pasado, y pueda cambiar a peso medallas de plata y bronce por alguna de oro que se le qued\u00f3 en el tintero, y que sin duda mereci\u00f3.<\/p>\n<p style=\"text-align: justify;\">\u201c<strong>Kendaya<\/strong>\u201d pas\u00f3 su particular cuarentena de 40 d\u00edas de descanso el pasado invierno en nuestra yeguada. Estuvo tranquila y sosegada y cambi\u00f3 r\u00e1pidamente el chip de la competici\u00f3n para adaptarse y disfrutar de un merecido descanso. De vuelta al hip\u00f3dromo, a mediados de enero, volvi\u00f3 a readaptarse bien y volvi\u00f3 a cambiar el chip a modo competici\u00f3n. Despu\u00e9s de un necesario rodaje a pocas revoluciones, en estas \u00faltimas semanas est\u00e1 dejando buen sabor de boca al equipo y entrenador en sus trabajos, y el \u00faltimo de la semana pasada ya se podr\u00eda catalogar de un trabajo serio que nos sirve para comenzar la competici\u00f3n con esta confirmaci\u00f3n de partant. Es evidente que su forma y ritmo de competici\u00f3n en esta puesta en marcha no ofrece valores altos ni tampoco plenas garant\u00edas, pero el coraje sigue siendo el mismo, y nos vendr\u00e1 muy bien esta primera toma de contacto para afinar su forma y valorar su inminente futuro durante la primavera cargada nuevamente de pruebas de mucho nivel. El \u201cprepa\u201d no acostumbra a salir con el cuchillo entre los dientes en estas primeras jornadas, y es por ello que no buscamos tanto la victoria, como ir cogiendo ritmo y forma para venideros acontecimientos seg\u00fan se vaya adentrando la temporada, aunque si nos lo ponen f\u00e1cil en esta primera, a buen seguro que aprovechar\u00e1 el momento, aunque ser\u00e1 dif\u00edcil competir contra los que ya vienen rodados.<\/p>\n<p style=\"text-align: justify;\">Los 1.200 metros del premio Chamart\u00edn siempre han supuesto un reto mayor para todos sus participantes en el inicio de temporada primaveral. Nombres de caballos y yeguas ilustres de nuestro turf han pasado por recinto de ganadores a recoger este bonito trofeo. Nuestro \u201c<strong>Valiant Blue<\/strong>\u201d fue uno de ellos, al igual que posteriormente lo fueron \u201c<strong>Abrantes<\/strong>\u201d en 2018, \u201c<strong>Presidency<\/strong>\u201d en 2017 y 2019, \u201c<strong>Great Prospecto<\/strong>r\u201d en 2020 y \u201c<strong>Kitty Marion<\/strong>\u201d en 2021. El pasado a\u00f1o \u201c<strong>Kendaya<\/strong>\u201d estuvo a punto de pasar tambi\u00e9n al elenco de estos nombres, pero una cabeza en el poste de meta hizo a \u201cUnited States\u201d colgarse el oro que tambi\u00e9n merec\u00eda nuestra hija <strong>\u201cFree Eagle\u201d.<\/strong><\/p>\n<p style=\"text-align: justify;\">Este a\u00f1o, ese golpe de fortuna debiera caerse de su lado en alg\u00fan momento. Ahora s\u00ed, su edad es perfecta para luchar contra los mejores sprinters del momento, y se consolide o no, estamos seguros de que seguir\u00e1 intentando su asalto a liderar ese batall\u00f3n elitista de los m\u00e1s r\u00e1pidos de nuestro turf. Sus dos \u00fanicas victorias en competici\u00f3n fueron sin carrileras, y esto, aunque sea simplemente una mera casualidad, vamos a tenerlo en cuenta para esta reaparici\u00f3n. Saldr\u00e1 por tanto limpia y a cara descubierta, sin tapujos y sin temores desde el mismo golpe de cajones.<\/p>\n<p style=\"text-align: justify;\">Ocho ser\u00e1n los que partir\u00e1n de cajones el domingo en el poste de los 1.200 metros. Todos ellos de nivel y, algunos de gran nivel dentro y fuera de nuestras fronteras. \u201c<strong>El Bosnia\u201d<\/strong> estuvo algo lejos en su \u00faltima del GP Ruban, pero sigue ostentando todo un valor 42. \u201c<strong>United States<\/strong>\u201d defiende titulo y, aunque su escala podr\u00eda penalizarle en exceso, no debemos dejarle nunca fuera. \u201c<strong>Something<\/strong>\u201d es otro a tener en cuenta solamente por el hecho de no caerse del tr\u00edo en media docena de salidas. Tampoco podemos dejar pasar la pareja de baile del argentino Anaya que este a\u00f1o nos presenta dos nuevas candidaturas a la linea recta como son \u201c<strong>King of Jungle\u201d<\/strong> y <strong>\u201cNatural Path<\/strong>\u201d, ambos ya ganadores en sus estrenos en la pasada temporada sevillana sobre metraje similar.<\/p>\n<p style=\"text-align: justify;\">\u201c<strong>Kendaya<\/strong>\u201d tendr\u00e1 su dupla en su nuevo compa\u00f1ero de ma\u00f1anas, Mario Fernandez. Desde su llegada al patio de Christian Delcher a principios de a\u00f1o, ha sido el compa\u00f1ero de trabajo matutino, y su idilio parece haberse consolidado. Esa buena consonancia permite que nuestro preparador conf\u00ede en la dupla para esta primera del a\u00f1o. Una yegua complicada de manejo en competici\u00f3n donde tendr\u00e1 que medir muy bien los tiempos de espera. Le deseamos al bueno de Mario mucha suerte para su debut con \u201c<strong>Kendaya<\/strong>\u201d y tambi\u00e9n para todo el resto de la temporada.<\/p>\n<p style=\"text-align: justify;\">Mucha suerte equipo!!!<\/p>\n<!-- AddThis Advanced Settings generic via filter on the_content --><!-- AddThis Share Buttons generic via filter on the_content -->","protected":false},"excerpt":{"rendered":"<p>\u201cKendaya\u201d ser\u00e1 finalmente nuestro primer partant en la presente temporada de primavera, despu\u00e9s de la injusta eliminaci\u00f3n por sorteo de nuestro tres a\u00f1os \u201cHihgdark Blue\u201d en esta pasada jornada. Asumiendo una inmerecida descalificaci\u00f3n, nos centramos desde ya en la sprinter y corajuda de la cuadra que reanuda su competici\u00f3n a cinco a\u00f1os y que, ahora [&hellip;]<!-- AddThis Advanced Settings generic via filter on get_the_excerpt --><!-- AddThis Share Buttons generic via filter on get_the_excerpt --><\/p>\n","protected":false},"author":5,"featured_media":7806,"comment_status":"closed","ping_status":"open","sticky":false,"template":"","format":"standard","meta":{"_acf_changed":false,"_et_pb_use_builder":"","_et_pb_old_content":"","_et_gb_content_width":"","footnotes":""},"categories":[3],"tags":[],"class_list":["post-11968","post","type-post","status-publish","format-standard","has-post-thumbnail","hentry","category-noticias-cuadra-agrado"],"acf":[],"yoast_head":"<!-- This site is optimized with the Yoast SEO plugin v27.4 - https:\/\/yoast.com\/product\/yoast-seo-wordpress\/ -->\n<title>Kendaya abre la temporada en el m\u00edtico Chamart\u00edn - Cuadra Agrado<\/title>\n<meta name=\"robots\" content=\"index, follow, max-snippet:-1, max-image-preview:large, max-video-preview:-1\" \/>\n<link rel=\"canonical\" href=\"https:\/\/cuadra-agrado.es\/?p=11968\" \/>\n<meta property=\"og:locale\" content=\"es_ES\" \/>\n<meta property=\"og:type\" content=\"article\" \/>\n<meta property=\"og:title\" content=\"Kendaya abre la temporada en el m\u00edtico Chamart\u00edn - Cuadra Agrado\" \/>\n<meta property=\"og:description\" content=\"\u201cKendaya\u201d ser\u00e1 finalmente nuestro primer partant en la presente temporada de primavera, despu\u00e9s de la injusta eliminaci\u00f3n por sorteo de nuestro tres a\u00f1os \u201cHihgdark Blue\u201d en esta pasada jornada. Asumiendo una inmerecida descalificaci\u00f3n, nos centramos desde ya en la sprinter y corajuda de la cuadra que reanuda su competici\u00f3n a cinco a\u00f1os y que, ahora [&hellip;]\" \/>\n<meta property=\"og:url\" content=\"https:\/\/cuadra-agrado.es\/?p=11968\" \/>\n<meta property=\"og:site_name\" content=\"Cuadra Agrado\" \/>\n<meta property=\"article:published_time\" content=\"2023-03-13T12:23:55+00:00\" \/>\n<meta property=\"article:modified_time\" content=\"2024-02-27T09:14:37+00:00\" \/>\n<meta property=\"og:image\" content=\"https:\/\/cuadra-agrado.es\/wp-content\/uploads\/2022\/03\/UNITEDSTATES-KENDAYA-1.jpg\" \/>\n\t<meta property=\"og:image:width\" content=\"2048\" \/>\n\t<meta property=\"og:image:height\" content=\"1364\" \/>\n\t<meta property=\"og:image:type\" content=\"image\/jpeg\" \/>\n<meta name=\"author\" content=\"Miguel Redondo\" \/>\n<meta name=\"twitter:card\" content=\"summary_large_image\" \/>\n<meta name=\"twitter:creator\" content=\"@AGRADOracing\" \/>\n<meta name=\"twitter:site\" content=\"@AGRADOracing\" \/>\n<meta name=\"twitter:label1\" content=\"Escrito por\" \/>\n\t<meta name=\"twitter:data1\" content=\"Miguel Redondo\" \/>\n\t<meta name=\"twitter:label2\" content=\"Tiempo de lectura\" \/>\n\t<meta name=\"twitter:data2\" content=\"4 minutos\" \/>\n<script type=\"application\/ld+json\" class=\"yoast-schema-graph\">{\"@context\":\"https:\\\/\\\/schema.org\",\"@graph\":[{\"@type\":\"Article\",\"@id\":\"https:\\\/\\\/cuadra-agrado.es\\\/?p=11968#article\",\"isPartOf\":{\"@id\":\"https:\\\/\\\/cuadra-agrado.es\\\/?p=11968\"},\"author\":{\"name\":\"Miguel Redondo\",\"@id\":\"https:\\\/\\\/cuadra-agrado.es\\\/#\\\/schema\\\/person\\\/3aa4f8d2373cf756d93a5526bc72f31b\"},\"headline\":\"Kendaya abre la temporada en el m\u00edtico Chamart\u00edn\",\"datePublished\":\"2023-03-13T12:23:55+00:00\",\"dateModified\":\"2024-02-27T09:14:37+00:00\",\"mainEntityOfPage\":{\"@id\":\"https:\\\/\\\/cuadra-agrado.es\\\/?p=11968\"},\"wordCount\":816,\"image\":{\"@id\":\"https:\\\/\\\/cuadra-agrado.es\\\/?p=11968#primaryimage\"},\"thumbnailUrl\":\"https:\\\/\\\/cuadra-agrado.es\\\/wp-content\\\/uploads\\\/2022\\\/03\\\/UNITEDSTATES-KENDAYA-1.jpg\",\"articleSection\":[\"Actualidad\"],\"inLanguage\":\"es\"},{\"@type\":\"WebPage\",\"@id\":\"https:\\\/\\\/cuadra-agrado.es\\\/?p=11968\",\"url\":\"https:\\\/\\\/cuadra-agrado.es\\\/?p=11968\",\"name\":\"Kendaya abre la temporada en el m\u00edtico Chamart\u00edn - Cuadra Agrado\",\"isPartOf\":{\"@id\":\"https:\\\/\\\/cuadra-agrado.es\\\/#website\"},\"primaryImageOfPage\":{\"@id\":\"https:\\\/\\\/cuadra-agrado.es\\\/?p=11968#primaryimage\"},\"image\":{\"@id\":\"https:\\\/\\\/cuadra-agrado.es\\\/?p=11968#primaryimage\"},\"thumbnailUrl\":\"https:\\\/\\\/cuadra-agrado.es\\\/wp-content\\\/uploads\\\/2022\\\/03\\\/UNITEDSTATES-KENDAYA-1.jpg\",\"datePublished\":\"2023-03-13T12:23:55+00:00\",\"dateModified\":\"2024-02-27T09:14:37+00:00\",\"author\":{\"@id\":\"https:\\\/\\\/cuadra-agrado.es\\\/#\\\/schema\\\/person\\\/3aa4f8d2373cf756d93a5526bc72f31b\"},\"breadcrumb\":{\"@id\":\"https:\\\/\\\/cuadra-agrado.es\\\/?p=11968#breadcrumb\"},\"inLanguage\":\"es\",\"potentialAction\":[{\"@type\":\"ReadAction\",\"target\":[\"https:\\\/\\\/cuadra-agrado.es\\\/?p=11968\"]}]},{\"@type\":\"ImageObject\",\"inLanguage\":\"es\",\"@id\":\"https:\\\/\\\/cuadra-agrado.es\\\/?p=11968#primaryimage\",\"url\":\"https:\\\/\\\/cuadra-agrado.es\\\/wp-content\\\/uploads\\\/2022\\\/03\\\/UNITEDSTATES-KENDAYA-1.jpg\",\"contentUrl\":\"https:\\\/\\\/cuadra-agrado.es\\\/wp-content\\\/uploads\\\/2022\\\/03\\\/UNITEDSTATES-KENDAYA-1.jpg\",\"width\":2048,\"height\":1364},{\"@type\":\"BreadcrumbList\",\"@id\":\"https:\\\/\\\/cuadra-agrado.es\\\/?p=11968#breadcrumb\",\"itemListElement\":[{\"@type\":\"ListItem\",\"position\":1,\"name\":\"Portada\",\"item\":\"https:\\\/\\\/cuadra-agrado.es\\\/\"},{\"@type\":\"ListItem\",\"position\":2,\"name\":\"Kendaya abre la temporada en el m\u00edtico Chamart\u00edn\"}]},{\"@type\":\"WebSite\",\"@id\":\"https:\\\/\\\/cuadra-agrado.es\\\/#website\",\"url\":\"https:\\\/\\\/cuadra-agrado.es\\\/\",\"name\":\"Cuadra Agrado\",\"description\":\"En el mundo del Turf desde 2008\",\"potentialAction\":[{\"@type\":\"SearchAction\",\"target\":{\"@type\":\"EntryPoint\",\"urlTemplate\":\"https:\\\/\\\/cuadra-agrado.es\\\/?s={search_term_string}\"},\"query-input\":{\"@type\":\"PropertyValueSpecification\",\"valueRequired\":true,\"valueName\":\"search_term_string\"}}],\"inLanguage\":\"es\"},{\"@type\":\"Person\",\"@id\":\"https:\\\/\\\/cuadra-agrado.es\\\/#\\\/schema\\\/person\\\/3aa4f8d2373cf756d93a5526bc72f31b\",\"name\":\"Miguel Redondo\",\"image\":{\"@type\":\"ImageObject\",\"inLanguage\":\"es\",\"@id\":\"https:\\\/\\\/secure.gravatar.com\\\/avatar\\\/85704fceb4fa34017e3c1344d182da00dbf772fb8856ba2b7726a2df926415b4?s=96&d=mm&r=g\",\"url\":\"https:\\\/\\\/secure.gravatar.com\\\/avatar\\\/85704fceb4fa34017e3c1344d182da00dbf772fb8856ba2b7726a2df926415b4?s=96&d=mm&r=g\",\"contentUrl\":\"https:\\\/\\\/secure.gravatar.com\\\/avatar\\\/85704fceb4fa34017e3c1344d182da00dbf772fb8856ba2b7726a2df926415b4?s=96&d=mm&r=g\",\"caption\":\"Miguel Redondo\"},\"sameAs\":[\"https:\\\/\\\/cuadra-agrado.es\"],\"url\":\"https:\\\/\\\/cuadra-agrado.es\\\/?author=5\"}]}<\/script>\n<!-- \/ Yoast SEO plugin. -->","yoast_head_json":{"title":"Kendaya abre la temporada en el m\u00edtico Chamart\u00edn - Cuadra Agrado","robots":{"index":"index","follow":"follow","max-snippet":"max-snippet:-1","max-image-preview":"max-image-preview:large","max-video-preview":"max-video-preview:-1"},"canonical":"https:\/\/cuadra-agrado.es\/?p=11968","og_locale":"es_ES","og_type":"article","og_title":"Kendaya abre la temporada en el m\u00edtico Chamart\u00edn - Cuadra Agrado","og_description":"\u201cKendaya\u201d ser\u00e1 finalmente nuestro primer partant en la presente temporada de primavera, despu\u00e9s de la injusta eliminaci\u00f3n por sorteo de nuestro tres a\u00f1os \u201cHihgdark Blue\u201d en esta pasada jornada. Asumiendo una inmerecida descalificaci\u00f3n, nos centramos desde ya en la sprinter y corajuda de la cuadra que reanuda su competici\u00f3n a cinco a\u00f1os y que, ahora [&hellip;]","og_url":"https:\/\/cuadra-agrado.es\/?p=11968","og_site_name":"Cuadra Agrado","article_published_time":"2023-03-13T12:23:55+00:00","article_modified_time":"2024-02-27T09:14:37+00:00","og_image":[{"width":2048,"height":1364,"url":"https:\/\/cuadra-agrado.es\/wp-content\/uploads\/2022\/03\/UNITEDSTATES-KENDAYA-1.jpg","type":"image\/jpeg"}],"author":"Miguel Redondo","twitter_card":"summary_large_image","twitter_creator":"@AGRADOracing","twitter_site":"@AGRADOracing","twitter_misc":{"Escrito por":"Miguel Redondo","Tiempo de lectura":"4 minutos"},"schema":{"@context":"https:\/\/schema.org","@graph":[{"@type":"Article","@id":"https:\/\/cuadra-agrado.es\/?p=11968#article","isPartOf":{"@id":"https:\/\/cuadra-agrado.es\/?p=11968"},"author":{"name":"Miguel Redondo","@id":"https:\/\/cuadra-agrado.es\/#\/schema\/person\/3aa4f8d2373cf756d93a5526bc72f31b"},"headline":"Kendaya abre la temporada en el m\u00edtico Chamart\u00edn","datePublished":"2023-03-13T12:23:55+00:00","dateModified":"2024-02-27T09:14:37+00:00","mainEntityOfPage":{"@id":"https:\/\/cuadra-agrado.es\/?p=11968"},"wordCount":816,"image":{"@id":"https:\/\/cuadra-agrado.es\/?p=11968#primaryimage"},"thumbnailUrl":"https:\/\/cuadra-agrado.es\/wp-content\/uploads\/2022\/03\/UNITEDSTATES-KENDAYA-1.jpg","articleSection":["Actualidad"],"inLanguage":"es"},{"@type":"WebPage","@id":"https:\/\/cuadra-agrado.es\/?p=11968","url":"https:\/\/cuadra-agrado.es\/?p=11968","name":"Kendaya abre la temporada en el m\u00edtico Chamart\u00edn - Cuadra Agrado","isPartOf":{"@id":"https:\/\/cuadra-agrado.es\/#website"},"primaryImageOfPage":{"@id":"https:\/\/cuadra-agrado.es\/?p=11968#primaryimage"},"image":{"@id":"https:\/\/cuadra-agrado.es\/?p=11968#primaryimage"},"thumbnailUrl":"https:\/\/cuadra-agrado.es\/wp-content\/uploads\/2022\/03\/UNITEDSTATES-KENDAYA-1.jpg","datePublished":"2023-03-13T12:23:55+00:00","dateModified":"2024-02-27T09:14:37+00:00","author":{"@id":"https:\/\/cuadra-agrado.es\/#\/schema\/person\/3aa4f8d2373cf756d93a5526bc72f31b"},"breadcrumb":{"@id":"https:\/\/cuadra-agrado.es\/?p=11968#breadcrumb"},"inLanguage":"es","potentialAction":[{"@type":"ReadAction","target":["https:\/\/cuadra-agrado.es\/?p=11968"]}]},{"@type":"ImageObject","inLanguage":"es","@id":"https:\/\/cuadra-agrado.es\/?p=11968#primaryimage","url":"https:\/\/cuadra-agrado.es\/wp-content\/uploads\/2022\/03\/UNITEDSTATES-KENDAYA-1.jpg","contentUrl":"https:\/\/cuadra-agrado.es\/wp-content\/uploads\/2022\/03\/UNITEDSTATES-KENDAYA-1.jpg","width":2048,"height":1364},{"@type":"BreadcrumbList","@id":"https:\/\/cuadra-agrado.es\/?p=11968#breadcrumb","itemListElement":[{"@type":"ListItem","position":1,"name":"Portada","item":"https:\/\/cuadra-agrado.es\/"},{"@type":"ListItem","position":2,"name":"Kendaya abre la temporada en el m\u00edtico Chamart\u00edn"}]},{"@type":"WebSite","@id":"https:\/\/cuadra-agrado.es\/#website","url":"https:\/\/cuadra-agrado.es\/","name":"Cuadra Agrado","description":"En el mundo del Turf desde 2008","potentialAction":[{"@type":"SearchAction","target":{"@type":"EntryPoint","urlTemplate":"https:\/\/cuadra-agrado.es\/?s={search_term_string}"},"query-input":{"@type":"PropertyValueSpecification","valueRequired":true,"valueName":"search_term_string"}}],"inLanguage":"es"},{"@type":"Person","@id":"https:\/\/cuadra-agrado.es\/#\/schema\/person\/3aa4f8d2373cf756d93a5526bc72f31b","name":"Miguel Redondo","image":{"@type":"ImageObject","inLanguage":"es","@id":"https:\/\/secure.gravatar.com\/avatar\/85704fceb4fa34017e3c1344d182da00dbf772fb8856ba2b7726a2df926415b4?s=96&d=mm&r=g","url":"https:\/\/secure.gravatar.com\/avatar\/85704fceb4fa34017e3c1344d182da00dbf772fb8856ba2b7726a2df926415b4?s=96&d=mm&r=g","contentUrl":"https:\/\/secure.gravatar.com\/avatar\/85704fceb4fa34017e3c1344d182da00dbf772fb8856ba2b7726a2df926415b4?s=96&d=mm&r=g","caption":"Miguel Redondo"},"sameAs":["https:\/\/cuadra-agrado.es"],"url":"https:\/\/cuadra-agrado.es\/?author=5"}]}},"_links":{"self":[{"href":"https:\/\/cuadra-agrado.es\/index.php?rest_route=\/wp\/v2\/posts\/11968","targetHints":{"allow":["GET"]}}],"collection":[{"href":"https:\/\/cuadra-agrado.es\/index.php?rest_route=\/wp\/v2\/posts"}],"about":[{"href":"https:\/\/cuadra-agrado.es\/index.php?rest_route=\/wp\/v2\/types\/post"}],"author":[{"embeddable":true,"href":"https:\/\/cuadra-agrado.es\/index.php?rest_route=\/wp\/v2\/users\/5"}],"replies":[{"embeddable":true,"href":"https:\/\/cuadra-agrado.es\/index.php?rest_route=%2Fwp%2Fv2%2Fcomments&post=11968"}],"version-history":[{"count":0,"href":"https:\/\/cuadra-agrado.es\/index.php?rest_route=\/wp\/v2\/posts\/11968\/revisions"}],"wp:featuredmedia":[{"embeddable":true,"href":"https:\/\/cuadra-agrado.es\/index.php?rest_route=\/wp\/v2\/media\/7806"}],"wp:attachment":[{"href":"https:\/\/cuadra-agrado.es\/index.php?rest_route=%2Fwp%2Fv2%2Fmedia&parent=11968"}],"wp:term":[{"taxonomy":"category","embeddable":true,"href":"https:\/\/cuadra-agrado.es\/index.php?rest_route=%2Fwp%2Fv2%2Fcategories&post=11968"},{"taxonomy":"post_tag","embeddable":true,"href":"https:\/\/cuadra-agrado.es\/index.php?rest_route=%2Fwp%2Fv2%2Ftags&post=11968"}],"curies":[{"name":"wp","href":"https:\/\/api.w.org\/{rel}","templated":true}]}}