{"id":1192,"date":"2014-03-25T11:02:52","date_gmt":"2014-03-25T10:02:52","guid":{"rendered":"https:\/\/cuadra-agrado.es\/?p=1192"},"modified":"2024-02-27T09:22:29","modified_gmt":"2024-02-27T09:22:29","slug":"valiant-blue-matriculado-para-el-habitancum","status":"publish","type":"post","link":"https:\/\/cuadra-agrado.es\/?p=1192","title":{"rendered":"Valiant Blue, matriculado para el &#8216;Habitancum&#8217;"},"content":{"rendered":"<p style=\"text-align: justify;\"><a href=\"http:\/\/cuadra-agrado.es\/wp-content\/uploads\/2014\/03\/VALIANT_BLUE_PCHAMARTIN1.jpg\" target=\"_blank\" rel=\"noopener noreferrer\"><img loading=\"lazy\" decoding=\"async\" class=\" wp-image-1117 alignright\" alt=\"VALIANT_BLUE_PCHAMARTIN1\" src=\"http:\/\/cuadra-agrado.es\/wp-content\/uploads\/2014\/03\/VALIANT_BLUE_PCHAMARTIN1.jpg\" width=\"300\" height=\"200\" \/><\/a>Valiant Blue ha sido matriculado para el premio &#8216;Habitancum&#8217; del pr\u00f3ximo 6 de Abril siguiendo el programa inicial marcado por nuestro preparador. \u00a0Desde el pasado mes de Noviembre, fecha donde parti\u00f3 la nueva preparaci\u00f3n, el programa ha seguido sin alteraci\u00f3n alguna su cronograma disputando un primer h\u00e1ndicap inicial, la preparatoria y Gran Premio de la milla sevillana y una rebaja de metros en el &#8216;Chamartin&#8217; donde nos ofreci\u00f3 su m\u00e1ximo valor hasta la fecha.<br \/>\nEstamos ya casi al final de su programa inicial disputando este &#8216;Habitancum&#8217; como preparatoria para disputar su \u00faltima con un intento de &#8216;listed&#8217; en tierras francesas a finales de Abril sobre distancia de 1.200 metros, que confirmaremos en funci\u00f3n del resultado de esta.<\/p>\n<p style=\"text-align: justify;\">En las matr\u00edculas est\u00e1n todos los que por m\u00e9ritos deben estar luchando esta prueba: no es necesario presentar a&#8230; &#8216;Mil Azul&#8217;, &#8216;Indiano&#8217;, &#8216;Manhaj&#8217;, &#8216;Navajo Night&#8217; y &#8216;Takar&#8217;. Con todos ellos, excepto &#8216;Manhaj&#8217; ya nos hemos visto las caras en este inicio de temporada y creemos haber dado suficiente valor como para afrontar esta prueba con suficientes \u00a0garant\u00edas de \u00e9xito.<\/p>\n<p style=\"text-align: justify;\">Casi todos ellos nos conceden dos kilos que sin duda debemos aprovechar con un ritmo alto desde cajones y siguiendo la misma estrategia que tan buenos resultados nos ha dado hasta la fecha.<\/p>\n<hr \/>\n<p style=\"text-align: justify;\">\n<!-- AddThis Advanced Settings generic via filter on the_content --><!-- AddThis Share Buttons generic via filter on the_content -->","protected":false},"excerpt":{"rendered":"<p>Valiant Blue ha sido matriculado para el premio &#8216;Habitancum&#8217; del pr\u00f3ximo 6 de Abril siguiendo el programa inicial marcado por nuestro preparador. \u00a0Desde el pasado mes de Noviembre, fecha donde parti\u00f3 la nueva preparaci\u00f3n, el programa ha seguido sin alteraci\u00f3n alguna su cronograma disputando un primer h\u00e1ndicap inicial, la preparatoria y Gran Premio de la [&hellip;]<!-- AddThis Advanced Settings generic via filter on get_the_excerpt --><!-- AddThis Share Buttons generic via filter on get_the_excerpt --><\/p>\n","protected":false},"author":5,"featured_media":0,"comment_status":"closed","ping_status":"closed","sticky":false,"template":"","format":"gallery","meta":{"_acf_changed":false,"_et_pb_use_builder":"","_et_pb_old_content":"","_et_gb_content_width":"","footnotes":""},"categories":[3],"tags":[],"class_list":["post-1192","post","type-post","status-publish","format-gallery","hentry","category-noticias-cuadra-agrado","post_format-post-format-gallery"],"acf":[],"yoast_head":"<!-- This site is optimized with the Yoast SEO plugin v27.4 - https:\/\/yoast.com\/product\/yoast-seo-wordpress\/ -->\n<title>Valiant Blue, matriculado para el &#039;Habitancum&#039; - Cuadra Agrado<\/title>\n<meta name=\"robots\" content=\"index, follow, max-snippet:-1, max-image-preview:large, max-video-preview:-1\" \/>\n<link rel=\"canonical\" href=\"https:\/\/cuadra-agrado.es\/?p=1192\" \/>\n<meta property=\"og:locale\" content=\"es_ES\" \/>\n<meta property=\"og:type\" content=\"article\" \/>\n<meta property=\"og:title\" content=\"Valiant Blue, matriculado para el &#039;Habitancum&#039; - Cuadra Agrado\" \/>\n<meta property=\"og:description\" content=\"Valiant Blue ha sido matriculado para el premio &#8216;Habitancum&#8217; del pr\u00f3ximo 6 de Abril siguiendo el programa inicial marcado por nuestro preparador. \u00a0Desde el pasado mes de Noviembre, fecha donde parti\u00f3 la nueva preparaci\u00f3n, el programa ha seguido sin alteraci\u00f3n alguna su cronograma disputando un primer h\u00e1ndicap inicial, la preparatoria y Gran Premio de la [&hellip;]\" \/>\n<meta property=\"og:url\" content=\"https:\/\/cuadra-agrado.es\/?p=1192\" \/>\n<meta property=\"og:site_name\" content=\"Cuadra Agrado\" \/>\n<meta property=\"article:published_time\" content=\"2014-03-25T10:02:52+00:00\" \/>\n<meta property=\"article:modified_time\" content=\"2024-02-27T09:22:29+00:00\" \/>\n<meta property=\"og:image\" content=\"http:\/\/cuadra-agrado.es\/wp-content\/uploads\/2014\/03\/VALIANT_BLUE_PCHAMARTIN1.jpg\" \/>\n<meta name=\"author\" content=\"Miguel Redondo\" \/>\n<meta name=\"twitter:card\" content=\"summary_large_image\" \/>\n<meta name=\"twitter:creator\" content=\"@AGRADOracing\" \/>\n<meta name=\"twitter:site\" content=\"@AGRADOracing\" \/>\n<meta name=\"twitter:label1\" content=\"Escrito por\" \/>\n\t<meta name=\"twitter:data1\" content=\"Miguel Redondo\" \/>\n\t<meta name=\"twitter:label2\" content=\"Tiempo de lectura\" \/>\n\t<meta name=\"twitter:data2\" content=\"1 minuto\" \/>\n<script type=\"application\/ld+json\" class=\"yoast-schema-graph\">{\"@context\":\"https:\\\/\\\/schema.org\",\"@graph\":[{\"@type\":\"Article\",\"@id\":\"https:\\\/\\\/cuadra-agrado.es\\\/?p=1192#article\",\"isPartOf\":{\"@id\":\"https:\\\/\\\/cuadra-agrado.es\\\/?p=1192\"},\"author\":{\"name\":\"Miguel Redondo\",\"@id\":\"https:\\\/\\\/cuadra-agrado.es\\\/#\\\/schema\\\/person\\\/3aa4f8d2373cf756d93a5526bc72f31b\"},\"headline\":\"Valiant Blue, matriculado para el &#8216;Habitancum&#8217;\",\"datePublished\":\"2014-03-25T10:02:52+00:00\",\"dateModified\":\"2024-02-27T09:22:29+00:00\",\"mainEntityOfPage\":{\"@id\":\"https:\\\/\\\/cuadra-agrado.es\\\/?p=1192\"},\"wordCount\":223,\"image\":{\"@id\":\"https:\\\/\\\/cuadra-agrado.es\\\/?p=1192#primaryimage\"},\"thumbnailUrl\":\"http:\\\/\\\/cuadra-agrado.es\\\/wp-content\\\/uploads\\\/2014\\\/03\\\/VALIANT_BLUE_PCHAMARTIN1.jpg\",\"articleSection\":[\"Actualidad\"],\"inLanguage\":\"es\"},{\"@type\":\"WebPage\",\"@id\":\"https:\\\/\\\/cuadra-agrado.es\\\/?p=1192\",\"url\":\"https:\\\/\\\/cuadra-agrado.es\\\/?p=1192\",\"name\":\"Valiant Blue, matriculado para el 'Habitancum' - Cuadra Agrado\",\"isPartOf\":{\"@id\":\"https:\\\/\\\/cuadra-agrado.es\\\/#website\"},\"primaryImageOfPage\":{\"@id\":\"https:\\\/\\\/cuadra-agrado.es\\\/?p=1192#primaryimage\"},\"image\":{\"@id\":\"https:\\\/\\\/cuadra-agrado.es\\\/?p=1192#primaryimage\"},\"thumbnailUrl\":\"http:\\\/\\\/cuadra-agrado.es\\\/wp-content\\\/uploads\\\/2014\\\/03\\\/VALIANT_BLUE_PCHAMARTIN1.jpg\",\"datePublished\":\"2014-03-25T10:02:52+00:00\",\"dateModified\":\"2024-02-27T09:22:29+00:00\",\"author\":{\"@id\":\"https:\\\/\\\/cuadra-agrado.es\\\/#\\\/schema\\\/person\\\/3aa4f8d2373cf756d93a5526bc72f31b\"},\"breadcrumb\":{\"@id\":\"https:\\\/\\\/cuadra-agrado.es\\\/?p=1192#breadcrumb\"},\"inLanguage\":\"es\",\"potentialAction\":[{\"@type\":\"ReadAction\",\"target\":[\"https:\\\/\\\/cuadra-agrado.es\\\/?p=1192\"]}]},{\"@type\":\"ImageObject\",\"inLanguage\":\"es\",\"@id\":\"https:\\\/\\\/cuadra-agrado.es\\\/?p=1192#primaryimage\",\"url\":\"http:\\\/\\\/cuadra-agrado.es\\\/wp-content\\\/uploads\\\/2014\\\/03\\\/VALIANT_BLUE_PCHAMARTIN1.jpg\",\"contentUrl\":\"http:\\\/\\\/cuadra-agrado.es\\\/wp-content\\\/uploads\\\/2014\\\/03\\\/VALIANT_BLUE_PCHAMARTIN1.jpg\"},{\"@type\":\"BreadcrumbList\",\"@id\":\"https:\\\/\\\/cuadra-agrado.es\\\/?p=1192#breadcrumb\",\"itemListElement\":[{\"@type\":\"ListItem\",\"position\":1,\"name\":\"Portada\",\"item\":\"https:\\\/\\\/cuadra-agrado.es\\\/\"},{\"@type\":\"ListItem\",\"position\":2,\"name\":\"Valiant Blue, matriculado para el &#8216;Habitancum&#8217;\"}]},{\"@type\":\"WebSite\",\"@id\":\"https:\\\/\\\/cuadra-agrado.es\\\/#website\",\"url\":\"https:\\\/\\\/cuadra-agrado.es\\\/\",\"name\":\"Cuadra Agrado\",\"description\":\"En el mundo del Turf desde 2008\",\"potentialAction\":[{\"@type\":\"SearchAction\",\"target\":{\"@type\":\"EntryPoint\",\"urlTemplate\":\"https:\\\/\\\/cuadra-agrado.es\\\/?s={search_term_string}\"},\"query-input\":{\"@type\":\"PropertyValueSpecification\",\"valueRequired\":true,\"valueName\":\"search_term_string\"}}],\"inLanguage\":\"es\"},{\"@type\":\"Person\",\"@id\":\"https:\\\/\\\/cuadra-agrado.es\\\/#\\\/schema\\\/person\\\/3aa4f8d2373cf756d93a5526bc72f31b\",\"name\":\"Miguel Redondo\",\"image\":{\"@type\":\"ImageObject\",\"inLanguage\":\"es\",\"@id\":\"https:\\\/\\\/secure.gravatar.com\\\/avatar\\\/85704fceb4fa34017e3c1344d182da00dbf772fb8856ba2b7726a2df926415b4?s=96&d=mm&r=g\",\"url\":\"https:\\\/\\\/secure.gravatar.com\\\/avatar\\\/85704fceb4fa34017e3c1344d182da00dbf772fb8856ba2b7726a2df926415b4?s=96&d=mm&r=g\",\"contentUrl\":\"https:\\\/\\\/secure.gravatar.com\\\/avatar\\\/85704fceb4fa34017e3c1344d182da00dbf772fb8856ba2b7726a2df926415b4?s=96&d=mm&r=g\",\"caption\":\"Miguel Redondo\"},\"sameAs\":[\"https:\\\/\\\/cuadra-agrado.es\"],\"url\":\"https:\\\/\\\/cuadra-agrado.es\\\/?author=5\"}]}<\/script>\n<!-- \/ Yoast SEO plugin. -->","yoast_head_json":{"title":"Valiant Blue, matriculado para el 'Habitancum' - Cuadra Agrado","robots":{"index":"index","follow":"follow","max-snippet":"max-snippet:-1","max-image-preview":"max-image-preview:large","max-video-preview":"max-video-preview:-1"},"canonical":"https:\/\/cuadra-agrado.es\/?p=1192","og_locale":"es_ES","og_type":"article","og_title":"Valiant Blue, matriculado para el 'Habitancum' - Cuadra Agrado","og_description":"Valiant Blue ha sido matriculado para el premio &#8216;Habitancum&#8217; del pr\u00f3ximo 6 de Abril siguiendo el programa inicial marcado por nuestro preparador. \u00a0Desde el pasado mes de Noviembre, fecha donde parti\u00f3 la nueva preparaci\u00f3n, el programa ha seguido sin alteraci\u00f3n alguna su cronograma disputando un primer h\u00e1ndicap inicial, la preparatoria y Gran Premio de la [&hellip;]","og_url":"https:\/\/cuadra-agrado.es\/?p=1192","og_site_name":"Cuadra Agrado","article_published_time":"2014-03-25T10:02:52+00:00","article_modified_time":"2024-02-27T09:22:29+00:00","og_image":[{"url":"http:\/\/cuadra-agrado.es\/wp-content\/uploads\/2014\/03\/VALIANT_BLUE_PCHAMARTIN1.jpg","type":"","width":"","height":""}],"author":"Miguel Redondo","twitter_card":"summary_large_image","twitter_creator":"@AGRADOracing","twitter_site":"@AGRADOracing","twitter_misc":{"Escrito por":"Miguel Redondo","Tiempo de lectura":"1 minuto"},"schema":{"@context":"https:\/\/schema.org","@graph":[{"@type":"Article","@id":"https:\/\/cuadra-agrado.es\/?p=1192#article","isPartOf":{"@id":"https:\/\/cuadra-agrado.es\/?p=1192"},"author":{"name":"Miguel Redondo","@id":"https:\/\/cuadra-agrado.es\/#\/schema\/person\/3aa4f8d2373cf756d93a5526bc72f31b"},"headline":"Valiant Blue, matriculado para el &#8216;Habitancum&#8217;","datePublished":"2014-03-25T10:02:52+00:00","dateModified":"2024-02-27T09:22:29+00:00","mainEntityOfPage":{"@id":"https:\/\/cuadra-agrado.es\/?p=1192"},"wordCount":223,"image":{"@id":"https:\/\/cuadra-agrado.es\/?p=1192#primaryimage"},"thumbnailUrl":"http:\/\/cuadra-agrado.es\/wp-content\/uploads\/2014\/03\/VALIANT_BLUE_PCHAMARTIN1.jpg","articleSection":["Actualidad"],"inLanguage":"es"},{"@type":"WebPage","@id":"https:\/\/cuadra-agrado.es\/?p=1192","url":"https:\/\/cuadra-agrado.es\/?p=1192","name":"Valiant Blue, matriculado para el 'Habitancum' - Cuadra Agrado","isPartOf":{"@id":"https:\/\/cuadra-agrado.es\/#website"},"primaryImageOfPage":{"@id":"https:\/\/cuadra-agrado.es\/?p=1192#primaryimage"},"image":{"@id":"https:\/\/cuadra-agrado.es\/?p=1192#primaryimage"},"thumbnailUrl":"http:\/\/cuadra-agrado.es\/wp-content\/uploads\/2014\/03\/VALIANT_BLUE_PCHAMARTIN1.jpg","datePublished":"2014-03-25T10:02:52+00:00","dateModified":"2024-02-27T09:22:29+00:00","author":{"@id":"https:\/\/cuadra-agrado.es\/#\/schema\/person\/3aa4f8d2373cf756d93a5526bc72f31b"},"breadcrumb":{"@id":"https:\/\/cuadra-agrado.es\/?p=1192#breadcrumb"},"inLanguage":"es","potentialAction":[{"@type":"ReadAction","target":["https:\/\/cuadra-agrado.es\/?p=1192"]}]},{"@type":"ImageObject","inLanguage":"es","@id":"https:\/\/cuadra-agrado.es\/?p=1192#primaryimage","url":"http:\/\/cuadra-agrado.es\/wp-content\/uploads\/2014\/03\/VALIANT_BLUE_PCHAMARTIN1.jpg","contentUrl":"http:\/\/cuadra-agrado.es\/wp-content\/uploads\/2014\/03\/VALIANT_BLUE_PCHAMARTIN1.jpg"},{"@type":"BreadcrumbList","@id":"https:\/\/cuadra-agrado.es\/?p=1192#breadcrumb","itemListElement":[{"@type":"ListItem","position":1,"name":"Portada","item":"https:\/\/cuadra-agrado.es\/"},{"@type":"ListItem","position":2,"name":"Valiant Blue, matriculado para el &#8216;Habitancum&#8217;"}]},{"@type":"WebSite","@id":"https:\/\/cuadra-agrado.es\/#website","url":"https:\/\/cuadra-agrado.es\/","name":"Cuadra Agrado","description":"En el mundo del Turf desde 2008","potentialAction":[{"@type":"SearchAction","target":{"@type":"EntryPoint","urlTemplate":"https:\/\/cuadra-agrado.es\/?s={search_term_string}"},"query-input":{"@type":"PropertyValueSpecification","valueRequired":true,"valueName":"search_term_string"}}],"inLanguage":"es"},{"@type":"Person","@id":"https:\/\/cuadra-agrado.es\/#\/schema\/person\/3aa4f8d2373cf756d93a5526bc72f31b","name":"Miguel Redondo","image":{"@type":"ImageObject","inLanguage":"es","@id":"https:\/\/secure.gravatar.com\/avatar\/85704fceb4fa34017e3c1344d182da00dbf772fb8856ba2b7726a2df926415b4?s=96&d=mm&r=g","url":"https:\/\/secure.gravatar.com\/avatar\/85704fceb4fa34017e3c1344d182da00dbf772fb8856ba2b7726a2df926415b4?s=96&d=mm&r=g","contentUrl":"https:\/\/secure.gravatar.com\/avatar\/85704fceb4fa34017e3c1344d182da00dbf772fb8856ba2b7726a2df926415b4?s=96&d=mm&r=g","caption":"Miguel Redondo"},"sameAs":["https:\/\/cuadra-agrado.es"],"url":"https:\/\/cuadra-agrado.es\/?author=5"}]}},"_links":{"self":[{"href":"https:\/\/cuadra-agrado.es\/index.php?rest_route=\/wp\/v2\/posts\/1192","targetHints":{"allow":["GET"]}}],"collection":[{"href":"https:\/\/cuadra-agrado.es\/index.php?rest_route=\/wp\/v2\/posts"}],"about":[{"href":"https:\/\/cuadra-agrado.es\/index.php?rest_route=\/wp\/v2\/types\/post"}],"author":[{"embeddable":true,"href":"https:\/\/cuadra-agrado.es\/index.php?rest_route=\/wp\/v2\/users\/5"}],"replies":[{"embeddable":true,"href":"https:\/\/cuadra-agrado.es\/index.php?rest_route=%2Fwp%2Fv2%2Fcomments&post=1192"}],"version-history":[{"count":0,"href":"https:\/\/cuadra-agrado.es\/index.php?rest_route=\/wp\/v2\/posts\/1192\/revisions"}],"wp:attachment":[{"href":"https:\/\/cuadra-agrado.es\/index.php?rest_route=%2Fwp%2Fv2%2Fmedia&parent=1192"}],"wp:term":[{"taxonomy":"category","embeddable":true,"href":"https:\/\/cuadra-agrado.es\/index.php?rest_route=%2Fwp%2Fv2%2Fcategories&post=1192"},{"taxonomy":"post_tag","embeddable":true,"href":"https:\/\/cuadra-agrado.es\/index.php?rest_route=%2Fwp%2Fv2%2Ftags&post=1192"}],"curies":[{"name":"wp","href":"https:\/\/api.w.org\/{rel}","templated":true}]}}