{"id":11861,"date":"2023-02-06T11:12:46","date_gmt":"2023-02-06T11:12:46","guid":{"rendered":"https:\/\/cuadra-agrado.es\/?p=11861"},"modified":"2024-02-27T09:14:37","modified_gmt":"2024-02-27T09:14:37","slug":"alabama-busca-su-victoria-sevillana-en-su-cuarta-salida","status":"publish","type":"post","link":"https:\/\/cuadra-agrado.es\/?p=11861","title":{"rendered":"Alabama busca su merecida victoria sevillana en su cuarta salida"},"content":{"rendered":"<p style=\"text-align: justify;\">Estrenamos la nueva temporada 2023 con la primera en competici\u00f3n para \u201c<strong>Alabama<\/strong>\u201d con la ilusi\u00f3n que siempre concede esa primera salida del a\u00f1o. Este debut de 2023 coincidir\u00e1 con la cuarta salida en tierras nazarenas para este alaz\u00e1n. Las otras tres actuaciones anteriores de la pasada temporada invernal se tradujeron en tres segundos puestos consecutivos y, aunque el caballo lo intent\u00f3 en cada una de ellas, finalmente, se le fue el a\u00f1o sin que pudiera pasar por ganadores en Espa\u00f1a. Este pr\u00f3ximo domingo tiene de nuevo otra oportunidad sobre una distancia millera donde ha quedado encuadrado como su distancia m\u00e1s fiable.<\/p>\n<p style=\"text-align: justify;\">Sus problemas de rodillas desafortunadamente no han sufrido cambio a mejor, y continuamos con este h\u00e1ndicap en contra tambi\u00e9n para esta nueva salida, y desgraciadamente, lo que pueda restar de su vida en competici\u00f3n. El caballo, evidentemente, con este peque\u00f1o descanso del mes de enero se ha recuperado bien de ese \u00faltimo y duro \u201cstint\u201d de finales de a\u00f1o, y est\u00e1 de nuevo en condiciones de volver a dar la talla ante un lote nuevamente corto de cinco participantes donde su mayor rival sobre la pista ser\u00e1, por una parte \u00e9l mismo, y por otra, el top de la escala, ocho veces ganador y curtido en mil batallas <strong>\u201cLeader\u00b4s Legacy\u201d<\/strong> que estrena sus nueve a\u00f1os con las mismas ganas que sus anteriores, y que pondr\u00e1 muy cara la victoria al que quiera hacerle frente.<\/p>\n<p style=\"text-align: justify;\">\u201c<strong>Alabama<\/strong>\u201d volver\u00e1 a luchar como en sus tres precedentes, pero en esta nueva salida, aun con una jugosa diferencia de cuatro kilos de peso contra sus m\u00e1ximos rivales, no tendr\u00e1 por otro lado ese terreno c\u00f3modo y blando a favor que se encontr\u00f3 en sus precedentes y que tanto necesita, y eso sin duda, es un grave perjuicio para su maltrecha salud y sus probabilidades de \u00e9xito. La pista nazarena, sin lluvias durante todo el mes de enero, y con un acusado aumento de temperaturas en estas \u00faltimas dos semanas, ha mutado nuevamente a sus or\u00edgenes de pista dura y r\u00e1pida, y eso, es algo que puede influir negativamente en las opciones del caballo.<\/p>\n<p style=\"text-align: justify;\">En cualquier caso, vamos a confiar en esta reaparici\u00f3n, en la buena fe y confianza que mantiene su preparador con \u00e9l y, sobre todo, en las nuevas manos que manejar\u00e1n sus riendas. Primero tuvo la oportunidad JL Borrego, despu\u00e9s Borja Fayos lo puso a ganar nuevamente sin encontrar fortuna en los \u00faltimos metros, y ahora, tiene esa misma opci\u00f3n el siempre garante Vaclav Janacek, para finalmente buscar hacerlo merecedor ganador en nuestro pa\u00eds.<\/p>\n<p style=\"text-align: justify;\">Sin duda, una victoria enjuagar\u00eda en una peque\u00f1a parte el enorme disgusto y tristeza con el que nos hemos levantado hoy al despedirnos de \u00ab<strong>Ketaro<\/strong>\u00ab, un elegante y fornido dos a\u00f1os por \u00ab<strong>Golden Horn\u00bb, <\/strong>adquirido de yearling la pasada campa\u00f1a, y que nos ten\u00eda cargados de bonitas ilusiones futuras tanto al preparador como a nosotros. Desafortunadamente, un severo c\u00f3lico se lo ha llevado por delante esta ma\u00f1ana y, tras intervenci\u00f3n quir\u00fargica de urgencia en el hospital universitario UAX, no ha sido posible su salvaci\u00f3n. Un palo enorme que nos toca asimilar con tristeza y resignaci\u00f3n al ser este el primer caballo que se nos va de las manos en los quince a\u00f1os que llevamos en competici\u00f3n, y el primer c\u00f3lico insalvable tambi\u00e9n para nuestra preparaci\u00f3n en treinta y cinco a\u00f1os.<\/p>\n<p>Hasta siempre grandull\u00f3n!!!<\/p>\n<!-- AddThis Advanced Settings generic via filter on the_content --><!-- AddThis Share Buttons generic via filter on the_content -->","protected":false},"excerpt":{"rendered":"<p>Estrenamos la nueva temporada 2023 con la primera en competici\u00f3n para \u201cAlabama\u201d con la ilusi\u00f3n que siempre concede esa primera salida del a\u00f1o. Este debut de 2023 coincidir\u00e1 con la cuarta salida en tierras nazarenas para este alaz\u00e1n. Las otras tres actuaciones anteriores de la pasada temporada invernal se tradujeron en tres segundos puestos consecutivos [&hellip;]<!-- AddThis Advanced Settings generic via filter on get_the_excerpt --><!-- AddThis Share Buttons generic via filter on get_the_excerpt --><\/p>\n","protected":false},"author":5,"featured_media":11627,"comment_status":"closed","ping_status":"open","sticky":false,"template":"","format":"standard","meta":{"_acf_changed":false,"_et_pb_use_builder":"","_et_pb_old_content":"","_et_gb_content_width":"","footnotes":""},"categories":[3],"tags":[],"class_list":["post-11861","post","type-post","status-publish","format-standard","has-post-thumbnail","hentry","category-noticias-cuadra-agrado"],"acf":[],"yoast_head":"<!-- This site is optimized with the Yoast SEO plugin v27.4 - https:\/\/yoast.com\/product\/yoast-seo-wordpress\/ -->\n<title>Alabama busca su merecida victoria sevillana en su cuarta salida - Cuadra Agrado<\/title>\n<meta name=\"robots\" content=\"index, follow, max-snippet:-1, max-image-preview:large, max-video-preview:-1\" \/>\n<link rel=\"canonical\" href=\"https:\/\/cuadra-agrado.es\/?p=11861\" \/>\n<meta property=\"og:locale\" content=\"es_ES\" \/>\n<meta property=\"og:type\" content=\"article\" \/>\n<meta property=\"og:title\" content=\"Alabama busca su merecida victoria sevillana en su cuarta salida - Cuadra Agrado\" \/>\n<meta property=\"og:description\" content=\"Estrenamos la nueva temporada 2023 con la primera en competici\u00f3n para \u201cAlabama\u201d con la ilusi\u00f3n que siempre concede esa primera salida del a\u00f1o. Este debut de 2023 coincidir\u00e1 con la cuarta salida en tierras nazarenas para este alaz\u00e1n. Las otras tres actuaciones anteriores de la pasada temporada invernal se tradujeron en tres segundos puestos consecutivos [&hellip;]\" \/>\n<meta property=\"og:url\" content=\"https:\/\/cuadra-agrado.es\/?p=11861\" \/>\n<meta property=\"og:site_name\" content=\"Cuadra Agrado\" \/>\n<meta property=\"article:published_time\" content=\"2023-02-06T11:12:46+00:00\" \/>\n<meta property=\"article:modified_time\" content=\"2024-02-27T09:14:37+00:00\" \/>\n<meta property=\"og:image\" content=\"https:\/\/cuadra-agrado.es\/wp-content\/uploads\/2022\/11\/ALABAMA1.jpg\" \/>\n\t<meta property=\"og:image:width\" content=\"911\" \/>\n\t<meta property=\"og:image:height\" content=\"986\" \/>\n\t<meta property=\"og:image:type\" content=\"image\/jpeg\" \/>\n<meta name=\"author\" content=\"Miguel Redondo\" \/>\n<meta name=\"twitter:card\" content=\"summary_large_image\" \/>\n<meta name=\"twitter:creator\" content=\"@AGRADOracing\" \/>\n<meta name=\"twitter:site\" content=\"@AGRADOracing\" \/>\n<meta name=\"twitter:label1\" content=\"Escrito por\" \/>\n\t<meta name=\"twitter:data1\" content=\"Miguel Redondo\" \/>\n\t<meta name=\"twitter:label2\" content=\"Tiempo de lectura\" \/>\n\t<meta name=\"twitter:data2\" content=\"3 minutos\" \/>\n<script type=\"application\/ld+json\" class=\"yoast-schema-graph\">{\"@context\":\"https:\\\/\\\/schema.org\",\"@graph\":[{\"@type\":\"Article\",\"@id\":\"https:\\\/\\\/cuadra-agrado.es\\\/?p=11861#article\",\"isPartOf\":{\"@id\":\"https:\\\/\\\/cuadra-agrado.es\\\/?p=11861\"},\"author\":{\"name\":\"Miguel Redondo\",\"@id\":\"https:\\\/\\\/cuadra-agrado.es\\\/#\\\/schema\\\/person\\\/3aa4f8d2373cf756d93a5526bc72f31b\"},\"headline\":\"Alabama busca su merecida victoria sevillana en su cuarta salida\",\"datePublished\":\"2023-02-06T11:12:46+00:00\",\"dateModified\":\"2024-02-27T09:14:37+00:00\",\"mainEntityOfPage\":{\"@id\":\"https:\\\/\\\/cuadra-agrado.es\\\/?p=11861\"},\"wordCount\":605,\"image\":{\"@id\":\"https:\\\/\\\/cuadra-agrado.es\\\/?p=11861#primaryimage\"},\"thumbnailUrl\":\"https:\\\/\\\/cuadra-agrado.es\\\/wp-content\\\/uploads\\\/2022\\\/11\\\/ALABAMA1.jpg\",\"articleSection\":[\"Actualidad\"],\"inLanguage\":\"es\"},{\"@type\":\"WebPage\",\"@id\":\"https:\\\/\\\/cuadra-agrado.es\\\/?p=11861\",\"url\":\"https:\\\/\\\/cuadra-agrado.es\\\/?p=11861\",\"name\":\"Alabama busca su merecida victoria sevillana en su cuarta salida - Cuadra Agrado\",\"isPartOf\":{\"@id\":\"https:\\\/\\\/cuadra-agrado.es\\\/#website\"},\"primaryImageOfPage\":{\"@id\":\"https:\\\/\\\/cuadra-agrado.es\\\/?p=11861#primaryimage\"},\"image\":{\"@id\":\"https:\\\/\\\/cuadra-agrado.es\\\/?p=11861#primaryimage\"},\"thumbnailUrl\":\"https:\\\/\\\/cuadra-agrado.es\\\/wp-content\\\/uploads\\\/2022\\\/11\\\/ALABAMA1.jpg\",\"datePublished\":\"2023-02-06T11:12:46+00:00\",\"dateModified\":\"2024-02-27T09:14:37+00:00\",\"author\":{\"@id\":\"https:\\\/\\\/cuadra-agrado.es\\\/#\\\/schema\\\/person\\\/3aa4f8d2373cf756d93a5526bc72f31b\"},\"breadcrumb\":{\"@id\":\"https:\\\/\\\/cuadra-agrado.es\\\/?p=11861#breadcrumb\"},\"inLanguage\":\"es\",\"potentialAction\":[{\"@type\":\"ReadAction\",\"target\":[\"https:\\\/\\\/cuadra-agrado.es\\\/?p=11861\"]}]},{\"@type\":\"ImageObject\",\"inLanguage\":\"es\",\"@id\":\"https:\\\/\\\/cuadra-agrado.es\\\/?p=11861#primaryimage\",\"url\":\"https:\\\/\\\/cuadra-agrado.es\\\/wp-content\\\/uploads\\\/2022\\\/11\\\/ALABAMA1.jpg\",\"contentUrl\":\"https:\\\/\\\/cuadra-agrado.es\\\/wp-content\\\/uploads\\\/2022\\\/11\\\/ALABAMA1.jpg\",\"width\":911,\"height\":986},{\"@type\":\"BreadcrumbList\",\"@id\":\"https:\\\/\\\/cuadra-agrado.es\\\/?p=11861#breadcrumb\",\"itemListElement\":[{\"@type\":\"ListItem\",\"position\":1,\"name\":\"Portada\",\"item\":\"https:\\\/\\\/cuadra-agrado.es\\\/\"},{\"@type\":\"ListItem\",\"position\":2,\"name\":\"Alabama busca su merecida victoria sevillana en su cuarta salida\"}]},{\"@type\":\"WebSite\",\"@id\":\"https:\\\/\\\/cuadra-agrado.es\\\/#website\",\"url\":\"https:\\\/\\\/cuadra-agrado.es\\\/\",\"name\":\"Cuadra Agrado\",\"description\":\"En el mundo del Turf desde 2008\",\"potentialAction\":[{\"@type\":\"SearchAction\",\"target\":{\"@type\":\"EntryPoint\",\"urlTemplate\":\"https:\\\/\\\/cuadra-agrado.es\\\/?s={search_term_string}\"},\"query-input\":{\"@type\":\"PropertyValueSpecification\",\"valueRequired\":true,\"valueName\":\"search_term_string\"}}],\"inLanguage\":\"es\"},{\"@type\":\"Person\",\"@id\":\"https:\\\/\\\/cuadra-agrado.es\\\/#\\\/schema\\\/person\\\/3aa4f8d2373cf756d93a5526bc72f31b\",\"name\":\"Miguel Redondo\",\"image\":{\"@type\":\"ImageObject\",\"inLanguage\":\"es\",\"@id\":\"https:\\\/\\\/secure.gravatar.com\\\/avatar\\\/85704fceb4fa34017e3c1344d182da00dbf772fb8856ba2b7726a2df926415b4?s=96&d=mm&r=g\",\"url\":\"https:\\\/\\\/secure.gravatar.com\\\/avatar\\\/85704fceb4fa34017e3c1344d182da00dbf772fb8856ba2b7726a2df926415b4?s=96&d=mm&r=g\",\"contentUrl\":\"https:\\\/\\\/secure.gravatar.com\\\/avatar\\\/85704fceb4fa34017e3c1344d182da00dbf772fb8856ba2b7726a2df926415b4?s=96&d=mm&r=g\",\"caption\":\"Miguel Redondo\"},\"sameAs\":[\"https:\\\/\\\/cuadra-agrado.es\"],\"url\":\"https:\\\/\\\/cuadra-agrado.es\\\/?author=5\"}]}<\/script>\n<!-- \/ Yoast SEO plugin. -->","yoast_head_json":{"title":"Alabama busca su merecida victoria sevillana en su cuarta salida - Cuadra Agrado","robots":{"index":"index","follow":"follow","max-snippet":"max-snippet:-1","max-image-preview":"max-image-preview:large","max-video-preview":"max-video-preview:-1"},"canonical":"https:\/\/cuadra-agrado.es\/?p=11861","og_locale":"es_ES","og_type":"article","og_title":"Alabama busca su merecida victoria sevillana en su cuarta salida - Cuadra Agrado","og_description":"Estrenamos la nueva temporada 2023 con la primera en competici\u00f3n para \u201cAlabama\u201d con la ilusi\u00f3n que siempre concede esa primera salida del a\u00f1o. Este debut de 2023 coincidir\u00e1 con la cuarta salida en tierras nazarenas para este alaz\u00e1n. Las otras tres actuaciones anteriores de la pasada temporada invernal se tradujeron en tres segundos puestos consecutivos [&hellip;]","og_url":"https:\/\/cuadra-agrado.es\/?p=11861","og_site_name":"Cuadra Agrado","article_published_time":"2023-02-06T11:12:46+00:00","article_modified_time":"2024-02-27T09:14:37+00:00","og_image":[{"width":911,"height":986,"url":"https:\/\/cuadra-agrado.es\/wp-content\/uploads\/2022\/11\/ALABAMA1.jpg","type":"image\/jpeg"}],"author":"Miguel Redondo","twitter_card":"summary_large_image","twitter_creator":"@AGRADOracing","twitter_site":"@AGRADOracing","twitter_misc":{"Escrito por":"Miguel Redondo","Tiempo de lectura":"3 minutos"},"schema":{"@context":"https:\/\/schema.org","@graph":[{"@type":"Article","@id":"https:\/\/cuadra-agrado.es\/?p=11861#article","isPartOf":{"@id":"https:\/\/cuadra-agrado.es\/?p=11861"},"author":{"name":"Miguel Redondo","@id":"https:\/\/cuadra-agrado.es\/#\/schema\/person\/3aa4f8d2373cf756d93a5526bc72f31b"},"headline":"Alabama busca su merecida victoria sevillana en su cuarta salida","datePublished":"2023-02-06T11:12:46+00:00","dateModified":"2024-02-27T09:14:37+00:00","mainEntityOfPage":{"@id":"https:\/\/cuadra-agrado.es\/?p=11861"},"wordCount":605,"image":{"@id":"https:\/\/cuadra-agrado.es\/?p=11861#primaryimage"},"thumbnailUrl":"https:\/\/cuadra-agrado.es\/wp-content\/uploads\/2022\/11\/ALABAMA1.jpg","articleSection":["Actualidad"],"inLanguage":"es"},{"@type":"WebPage","@id":"https:\/\/cuadra-agrado.es\/?p=11861","url":"https:\/\/cuadra-agrado.es\/?p=11861","name":"Alabama busca su merecida victoria sevillana en su cuarta salida - Cuadra Agrado","isPartOf":{"@id":"https:\/\/cuadra-agrado.es\/#website"},"primaryImageOfPage":{"@id":"https:\/\/cuadra-agrado.es\/?p=11861#primaryimage"},"image":{"@id":"https:\/\/cuadra-agrado.es\/?p=11861#primaryimage"},"thumbnailUrl":"https:\/\/cuadra-agrado.es\/wp-content\/uploads\/2022\/11\/ALABAMA1.jpg","datePublished":"2023-02-06T11:12:46+00:00","dateModified":"2024-02-27T09:14:37+00:00","author":{"@id":"https:\/\/cuadra-agrado.es\/#\/schema\/person\/3aa4f8d2373cf756d93a5526bc72f31b"},"breadcrumb":{"@id":"https:\/\/cuadra-agrado.es\/?p=11861#breadcrumb"},"inLanguage":"es","potentialAction":[{"@type":"ReadAction","target":["https:\/\/cuadra-agrado.es\/?p=11861"]}]},{"@type":"ImageObject","inLanguage":"es","@id":"https:\/\/cuadra-agrado.es\/?p=11861#primaryimage","url":"https:\/\/cuadra-agrado.es\/wp-content\/uploads\/2022\/11\/ALABAMA1.jpg","contentUrl":"https:\/\/cuadra-agrado.es\/wp-content\/uploads\/2022\/11\/ALABAMA1.jpg","width":911,"height":986},{"@type":"BreadcrumbList","@id":"https:\/\/cuadra-agrado.es\/?p=11861#breadcrumb","itemListElement":[{"@type":"ListItem","position":1,"name":"Portada","item":"https:\/\/cuadra-agrado.es\/"},{"@type":"ListItem","position":2,"name":"Alabama busca su merecida victoria sevillana en su cuarta salida"}]},{"@type":"WebSite","@id":"https:\/\/cuadra-agrado.es\/#website","url":"https:\/\/cuadra-agrado.es\/","name":"Cuadra Agrado","description":"En el mundo del Turf desde 2008","potentialAction":[{"@type":"SearchAction","target":{"@type":"EntryPoint","urlTemplate":"https:\/\/cuadra-agrado.es\/?s={search_term_string}"},"query-input":{"@type":"PropertyValueSpecification","valueRequired":true,"valueName":"search_term_string"}}],"inLanguage":"es"},{"@type":"Person","@id":"https:\/\/cuadra-agrado.es\/#\/schema\/person\/3aa4f8d2373cf756d93a5526bc72f31b","name":"Miguel Redondo","image":{"@type":"ImageObject","inLanguage":"es","@id":"https:\/\/secure.gravatar.com\/avatar\/85704fceb4fa34017e3c1344d182da00dbf772fb8856ba2b7726a2df926415b4?s=96&d=mm&r=g","url":"https:\/\/secure.gravatar.com\/avatar\/85704fceb4fa34017e3c1344d182da00dbf772fb8856ba2b7726a2df926415b4?s=96&d=mm&r=g","contentUrl":"https:\/\/secure.gravatar.com\/avatar\/85704fceb4fa34017e3c1344d182da00dbf772fb8856ba2b7726a2df926415b4?s=96&d=mm&r=g","caption":"Miguel Redondo"},"sameAs":["https:\/\/cuadra-agrado.es"],"url":"https:\/\/cuadra-agrado.es\/?author=5"}]}},"_links":{"self":[{"href":"https:\/\/cuadra-agrado.es\/index.php?rest_route=\/wp\/v2\/posts\/11861","targetHints":{"allow":["GET"]}}],"collection":[{"href":"https:\/\/cuadra-agrado.es\/index.php?rest_route=\/wp\/v2\/posts"}],"about":[{"href":"https:\/\/cuadra-agrado.es\/index.php?rest_route=\/wp\/v2\/types\/post"}],"author":[{"embeddable":true,"href":"https:\/\/cuadra-agrado.es\/index.php?rest_route=\/wp\/v2\/users\/5"}],"replies":[{"embeddable":true,"href":"https:\/\/cuadra-agrado.es\/index.php?rest_route=%2Fwp%2Fv2%2Fcomments&post=11861"}],"version-history":[{"count":0,"href":"https:\/\/cuadra-agrado.es\/index.php?rest_route=\/wp\/v2\/posts\/11861\/revisions"}],"wp:featuredmedia":[{"embeddable":true,"href":"https:\/\/cuadra-agrado.es\/index.php?rest_route=\/wp\/v2\/media\/11627"}],"wp:attachment":[{"href":"https:\/\/cuadra-agrado.es\/index.php?rest_route=%2Fwp%2Fv2%2Fmedia&parent=11861"}],"wp:term":[{"taxonomy":"category","embeddable":true,"href":"https:\/\/cuadra-agrado.es\/index.php?rest_route=%2Fwp%2Fv2%2Fcategories&post=11861"},{"taxonomy":"post_tag","embeddable":true,"href":"https:\/\/cuadra-agrado.es\/index.php?rest_route=%2Fwp%2Fv2%2Ftags&post=11861"}],"curies":[{"name":"wp","href":"https:\/\/api.w.org\/{rel}","templated":true}]}}