{"id":11759,"date":"2022-11-21T14:14:44","date_gmt":"2022-11-21T14:14:44","guid":{"rendered":"https:\/\/cuadra-agrado.es\/?p=11759"},"modified":"2024-02-27T09:14:38","modified_gmt":"2024-02-27T09:14:38","slug":"alabama-inaugura-la-temporada-otonal-nazarena","status":"publish","type":"post","link":"https:\/\/cuadra-agrado.es\/?p=11759","title":{"rendered":"Alabama inaugura la temporada oto\u00f1al nazarena"},"content":{"rendered":"<p style=\"text-align: justify;\">El pr\u00f3ximo domingo, \u201d<strong>Alabama<\/strong>\u201d estrenar\u00e1 la temporada oto\u00f1al nazarena en una prueba de venta sobre distancia de 1.800 metros en el trazado de hierba. Ocho ser\u00e1n los participantes probables, antes de la confirmaci\u00f3n, donde deber\u00e1 luchar sus opciones, entre otros, contra los dos hipot\u00e9ticos favoritos de la prueba: \u201c<strong>Harrinson Point<\/strong>\u201d y \u201c<strong>Leaders Legacy<\/strong>\u201d. Por tablas y por las condiciones de peso de la carrera, les concedemos tres y dos kilos respectivamente, aunque el mayor h\u00e1ndicap lo tenemos nosotros mismos con un caballo con problemas f\u00edsicos, donde lamentablemente, la infiltraci\u00f3n previa es su \u00fanica forma de refrendar un buen valor que tra\u00eda de tierras galas y poder competir dignamente.<\/p>\n<p style=\"text-align: justify;\">Por nuestra parte, hemos realizado todo lo que estaba en nuestra mano y, aun as\u00ed, creemos que su pr\u00f3ximo futuro est\u00e1 muy condicionado al estado de sus deterioradas rodillas que, a\u00fan con la corta edad en competici\u00f3n con la que cuenta, no le va a permitir seguir evolucionando tal y como se esperaba. \u201c<strong>Alabama<\/strong>\u201d compiti\u00f3 ya por debajo en su \u00faltimo Gran Premio Rom\u00e1n Mart\u00edn, y termin\u00f3 muy afectado en esa dura prueba. En esta nueva salida, con alg\u00fan tiempo de recuperaci\u00f3n, baja dos escalones de nivel, pero el problema f\u00edsico sigue estando y, aunque llega con la mejor forma que nos permiten sus maltrechas rodillas, solo una pista blanda y c\u00f3moda para \u00e9l podr\u00eda compensar el impagable trabajo y sacrificio que est\u00e1 realizando su preparaci\u00f3n plagado de trabas e incertidumbre.<\/p>\n<p style=\"text-align: justify;\">Repetiremos monta con JL Borrego que ya le conoce de su debut en Espa\u00f1a, y que tratar\u00e1 de jugar las mejores cartas contra un lote mucho m\u00e1s asequible en valores. Tratar\u00e1 de evolucionar con \u00e9l en vanguardia, e intentar tapar su ansia de galope a la grupa de un posible puntero que nos ayude a guardar bater\u00eda para los \u00faltimos metros. Todo lo que sea estar en el tr\u00edo ser\u00e1 bienvenido y nos dar\u00e1 algo de aliento e ilusi\u00f3n al complicado d\u00eda a d\u00eda con \u00e9l para continuar en este tipo de pruebas de menor rango. Desgraciadamente, a\u00fan con la juventud con la que cuenta y sus pocas carreras en competici\u00f3n, al pobre no le quedan muchas balas, y es por ello por lo que, en este tipo de carreras, trataremos de salir a por una dif\u00edcil victoria que, en otras circunstancias, ser\u00eda mucho m\u00e1s factible.<\/p>\n<p style=\"text-align: justify;\">Para los posibles interesados en su adquisici\u00f3n, como prueba de venta que es, poco m\u00e1s que decir a todo lo anterior dicho, m\u00e1s transparentes no podemos ser en este aspecto.<\/p>\n<p style=\"text-align: justify;\">Mucha suerte equipo!!!<\/p>\n<!-- AddThis Advanced Settings generic via filter on the_content --><!-- AddThis Share Buttons generic via filter on the_content -->","protected":false},"excerpt":{"rendered":"<p>El pr\u00f3ximo domingo, \u201dAlabama\u201d estrenar\u00e1 la temporada oto\u00f1al nazarena en una prueba de venta sobre distancia de 1.800 metros en el trazado de hierba. Ocho ser\u00e1n los participantes probables, antes de la confirmaci\u00f3n, donde deber\u00e1 luchar sus opciones, entre otros, contra los dos hipot\u00e9ticos favoritos de la prueba: \u201cHarrinson Point\u201d y \u201cLeaders Legacy\u201d. Por tablas [&hellip;]<!-- AddThis Advanced Settings generic via filter on get_the_excerpt --><!-- AddThis Share Buttons generic via filter on get_the_excerpt --><\/p>\n","protected":false},"author":5,"featured_media":11627,"comment_status":"closed","ping_status":"open","sticky":false,"template":"","format":"standard","meta":{"_acf_changed":false,"_et_pb_use_builder":"","_et_pb_old_content":"","_et_gb_content_width":"","footnotes":""},"categories":[3],"tags":[],"class_list":["post-11759","post","type-post","status-publish","format-standard","has-post-thumbnail","hentry","category-noticias-cuadra-agrado"],"acf":[],"yoast_head":"<!-- This site is optimized with the Yoast SEO plugin v27.4 - https:\/\/yoast.com\/product\/yoast-seo-wordpress\/ -->\n<title>Alabama inaugura la temporada oto\u00f1al nazarena - Cuadra Agrado<\/title>\n<meta name=\"robots\" content=\"index, follow, max-snippet:-1, max-image-preview:large, max-video-preview:-1\" \/>\n<link rel=\"canonical\" href=\"https:\/\/cuadra-agrado.es\/?p=11759\" \/>\n<meta property=\"og:locale\" content=\"es_ES\" \/>\n<meta property=\"og:type\" content=\"article\" \/>\n<meta property=\"og:title\" content=\"Alabama inaugura la temporada oto\u00f1al nazarena - Cuadra Agrado\" \/>\n<meta property=\"og:description\" content=\"El pr\u00f3ximo domingo, \u201dAlabama\u201d estrenar\u00e1 la temporada oto\u00f1al nazarena en una prueba de venta sobre distancia de 1.800 metros en el trazado de hierba. Ocho ser\u00e1n los participantes probables, antes de la confirmaci\u00f3n, donde deber\u00e1 luchar sus opciones, entre otros, contra los dos hipot\u00e9ticos favoritos de la prueba: \u201cHarrinson Point\u201d y \u201cLeaders Legacy\u201d. Por tablas [&hellip;]\" \/>\n<meta property=\"og:url\" content=\"https:\/\/cuadra-agrado.es\/?p=11759\" \/>\n<meta property=\"og:site_name\" content=\"Cuadra Agrado\" \/>\n<meta property=\"article:published_time\" content=\"2022-11-21T14:14:44+00:00\" \/>\n<meta property=\"article:modified_time\" content=\"2024-02-27T09:14:38+00:00\" \/>\n<meta property=\"og:image\" content=\"https:\/\/cuadra-agrado.es\/wp-content\/uploads\/2022\/11\/ALABAMA1.jpg\" \/>\n\t<meta property=\"og:image:width\" content=\"911\" \/>\n\t<meta property=\"og:image:height\" content=\"986\" \/>\n\t<meta property=\"og:image:type\" content=\"image\/jpeg\" \/>\n<meta name=\"author\" content=\"Miguel Redondo\" \/>\n<meta name=\"twitter:card\" content=\"summary_large_image\" \/>\n<meta name=\"twitter:creator\" content=\"@AGRADOracing\" \/>\n<meta name=\"twitter:site\" content=\"@AGRADOracing\" \/>\n<meta name=\"twitter:label1\" content=\"Escrito por\" \/>\n\t<meta name=\"twitter:data1\" content=\"Miguel Redondo\" \/>\n\t<meta name=\"twitter:label2\" content=\"Tiempo de lectura\" \/>\n\t<meta name=\"twitter:data2\" content=\"2 minutos\" \/>\n<script type=\"application\/ld+json\" class=\"yoast-schema-graph\">{\"@context\":\"https:\\\/\\\/schema.org\",\"@graph\":[{\"@type\":\"Article\",\"@id\":\"https:\\\/\\\/cuadra-agrado.es\\\/?p=11759#article\",\"isPartOf\":{\"@id\":\"https:\\\/\\\/cuadra-agrado.es\\\/?p=11759\"},\"author\":{\"name\":\"Miguel Redondo\",\"@id\":\"https:\\\/\\\/cuadra-agrado.es\\\/#\\\/schema\\\/person\\\/3aa4f8d2373cf756d93a5526bc72f31b\"},\"headline\":\"Alabama inaugura la temporada oto\u00f1al nazarena\",\"datePublished\":\"2022-11-21T14:14:44+00:00\",\"dateModified\":\"2024-02-27T09:14:38+00:00\",\"mainEntityOfPage\":{\"@id\":\"https:\\\/\\\/cuadra-agrado.es\\\/?p=11759\"},\"wordCount\":459,\"image\":{\"@id\":\"https:\\\/\\\/cuadra-agrado.es\\\/?p=11759#primaryimage\"},\"thumbnailUrl\":\"https:\\\/\\\/cuadra-agrado.es\\\/wp-content\\\/uploads\\\/2022\\\/11\\\/ALABAMA1.jpg\",\"articleSection\":[\"Actualidad\"],\"inLanguage\":\"es\"},{\"@type\":\"WebPage\",\"@id\":\"https:\\\/\\\/cuadra-agrado.es\\\/?p=11759\",\"url\":\"https:\\\/\\\/cuadra-agrado.es\\\/?p=11759\",\"name\":\"Alabama inaugura la temporada oto\u00f1al nazarena - Cuadra Agrado\",\"isPartOf\":{\"@id\":\"https:\\\/\\\/cuadra-agrado.es\\\/#website\"},\"primaryImageOfPage\":{\"@id\":\"https:\\\/\\\/cuadra-agrado.es\\\/?p=11759#primaryimage\"},\"image\":{\"@id\":\"https:\\\/\\\/cuadra-agrado.es\\\/?p=11759#primaryimage\"},\"thumbnailUrl\":\"https:\\\/\\\/cuadra-agrado.es\\\/wp-content\\\/uploads\\\/2022\\\/11\\\/ALABAMA1.jpg\",\"datePublished\":\"2022-11-21T14:14:44+00:00\",\"dateModified\":\"2024-02-27T09:14:38+00:00\",\"author\":{\"@id\":\"https:\\\/\\\/cuadra-agrado.es\\\/#\\\/schema\\\/person\\\/3aa4f8d2373cf756d93a5526bc72f31b\"},\"breadcrumb\":{\"@id\":\"https:\\\/\\\/cuadra-agrado.es\\\/?p=11759#breadcrumb\"},\"inLanguage\":\"es\",\"potentialAction\":[{\"@type\":\"ReadAction\",\"target\":[\"https:\\\/\\\/cuadra-agrado.es\\\/?p=11759\"]}]},{\"@type\":\"ImageObject\",\"inLanguage\":\"es\",\"@id\":\"https:\\\/\\\/cuadra-agrado.es\\\/?p=11759#primaryimage\",\"url\":\"https:\\\/\\\/cuadra-agrado.es\\\/wp-content\\\/uploads\\\/2022\\\/11\\\/ALABAMA1.jpg\",\"contentUrl\":\"https:\\\/\\\/cuadra-agrado.es\\\/wp-content\\\/uploads\\\/2022\\\/11\\\/ALABAMA1.jpg\",\"width\":911,\"height\":986},{\"@type\":\"BreadcrumbList\",\"@id\":\"https:\\\/\\\/cuadra-agrado.es\\\/?p=11759#breadcrumb\",\"itemListElement\":[{\"@type\":\"ListItem\",\"position\":1,\"name\":\"Portada\",\"item\":\"https:\\\/\\\/cuadra-agrado.es\\\/\"},{\"@type\":\"ListItem\",\"position\":2,\"name\":\"Alabama inaugura la temporada oto\u00f1al nazarena\"}]},{\"@type\":\"WebSite\",\"@id\":\"https:\\\/\\\/cuadra-agrado.es\\\/#website\",\"url\":\"https:\\\/\\\/cuadra-agrado.es\\\/\",\"name\":\"Cuadra Agrado\",\"description\":\"En el mundo del Turf desde 2008\",\"potentialAction\":[{\"@type\":\"SearchAction\",\"target\":{\"@type\":\"EntryPoint\",\"urlTemplate\":\"https:\\\/\\\/cuadra-agrado.es\\\/?s={search_term_string}\"},\"query-input\":{\"@type\":\"PropertyValueSpecification\",\"valueRequired\":true,\"valueName\":\"search_term_string\"}}],\"inLanguage\":\"es\"},{\"@type\":\"Person\",\"@id\":\"https:\\\/\\\/cuadra-agrado.es\\\/#\\\/schema\\\/person\\\/3aa4f8d2373cf756d93a5526bc72f31b\",\"name\":\"Miguel Redondo\",\"image\":{\"@type\":\"ImageObject\",\"inLanguage\":\"es\",\"@id\":\"https:\\\/\\\/secure.gravatar.com\\\/avatar\\\/85704fceb4fa34017e3c1344d182da00dbf772fb8856ba2b7726a2df926415b4?s=96&d=mm&r=g\",\"url\":\"https:\\\/\\\/secure.gravatar.com\\\/avatar\\\/85704fceb4fa34017e3c1344d182da00dbf772fb8856ba2b7726a2df926415b4?s=96&d=mm&r=g\",\"contentUrl\":\"https:\\\/\\\/secure.gravatar.com\\\/avatar\\\/85704fceb4fa34017e3c1344d182da00dbf772fb8856ba2b7726a2df926415b4?s=96&d=mm&r=g\",\"caption\":\"Miguel Redondo\"},\"sameAs\":[\"https:\\\/\\\/cuadra-agrado.es\"],\"url\":\"https:\\\/\\\/cuadra-agrado.es\\\/?author=5\"}]}<\/script>\n<!-- \/ Yoast SEO plugin. -->","yoast_head_json":{"title":"Alabama inaugura la temporada oto\u00f1al nazarena - Cuadra Agrado","robots":{"index":"index","follow":"follow","max-snippet":"max-snippet:-1","max-image-preview":"max-image-preview:large","max-video-preview":"max-video-preview:-1"},"canonical":"https:\/\/cuadra-agrado.es\/?p=11759","og_locale":"es_ES","og_type":"article","og_title":"Alabama inaugura la temporada oto\u00f1al nazarena - Cuadra Agrado","og_description":"El pr\u00f3ximo domingo, \u201dAlabama\u201d estrenar\u00e1 la temporada oto\u00f1al nazarena en una prueba de venta sobre distancia de 1.800 metros en el trazado de hierba. Ocho ser\u00e1n los participantes probables, antes de la confirmaci\u00f3n, donde deber\u00e1 luchar sus opciones, entre otros, contra los dos hipot\u00e9ticos favoritos de la prueba: \u201cHarrinson Point\u201d y \u201cLeaders Legacy\u201d. Por tablas [&hellip;]","og_url":"https:\/\/cuadra-agrado.es\/?p=11759","og_site_name":"Cuadra Agrado","article_published_time":"2022-11-21T14:14:44+00:00","article_modified_time":"2024-02-27T09:14:38+00:00","og_image":[{"width":911,"height":986,"url":"https:\/\/cuadra-agrado.es\/wp-content\/uploads\/2022\/11\/ALABAMA1.jpg","type":"image\/jpeg"}],"author":"Miguel Redondo","twitter_card":"summary_large_image","twitter_creator":"@AGRADOracing","twitter_site":"@AGRADOracing","twitter_misc":{"Escrito por":"Miguel Redondo","Tiempo de lectura":"2 minutos"},"schema":{"@context":"https:\/\/schema.org","@graph":[{"@type":"Article","@id":"https:\/\/cuadra-agrado.es\/?p=11759#article","isPartOf":{"@id":"https:\/\/cuadra-agrado.es\/?p=11759"},"author":{"name":"Miguel Redondo","@id":"https:\/\/cuadra-agrado.es\/#\/schema\/person\/3aa4f8d2373cf756d93a5526bc72f31b"},"headline":"Alabama inaugura la temporada oto\u00f1al nazarena","datePublished":"2022-11-21T14:14:44+00:00","dateModified":"2024-02-27T09:14:38+00:00","mainEntityOfPage":{"@id":"https:\/\/cuadra-agrado.es\/?p=11759"},"wordCount":459,"image":{"@id":"https:\/\/cuadra-agrado.es\/?p=11759#primaryimage"},"thumbnailUrl":"https:\/\/cuadra-agrado.es\/wp-content\/uploads\/2022\/11\/ALABAMA1.jpg","articleSection":["Actualidad"],"inLanguage":"es"},{"@type":"WebPage","@id":"https:\/\/cuadra-agrado.es\/?p=11759","url":"https:\/\/cuadra-agrado.es\/?p=11759","name":"Alabama inaugura la temporada oto\u00f1al nazarena - Cuadra Agrado","isPartOf":{"@id":"https:\/\/cuadra-agrado.es\/#website"},"primaryImageOfPage":{"@id":"https:\/\/cuadra-agrado.es\/?p=11759#primaryimage"},"image":{"@id":"https:\/\/cuadra-agrado.es\/?p=11759#primaryimage"},"thumbnailUrl":"https:\/\/cuadra-agrado.es\/wp-content\/uploads\/2022\/11\/ALABAMA1.jpg","datePublished":"2022-11-21T14:14:44+00:00","dateModified":"2024-02-27T09:14:38+00:00","author":{"@id":"https:\/\/cuadra-agrado.es\/#\/schema\/person\/3aa4f8d2373cf756d93a5526bc72f31b"},"breadcrumb":{"@id":"https:\/\/cuadra-agrado.es\/?p=11759#breadcrumb"},"inLanguage":"es","potentialAction":[{"@type":"ReadAction","target":["https:\/\/cuadra-agrado.es\/?p=11759"]}]},{"@type":"ImageObject","inLanguage":"es","@id":"https:\/\/cuadra-agrado.es\/?p=11759#primaryimage","url":"https:\/\/cuadra-agrado.es\/wp-content\/uploads\/2022\/11\/ALABAMA1.jpg","contentUrl":"https:\/\/cuadra-agrado.es\/wp-content\/uploads\/2022\/11\/ALABAMA1.jpg","width":911,"height":986},{"@type":"BreadcrumbList","@id":"https:\/\/cuadra-agrado.es\/?p=11759#breadcrumb","itemListElement":[{"@type":"ListItem","position":1,"name":"Portada","item":"https:\/\/cuadra-agrado.es\/"},{"@type":"ListItem","position":2,"name":"Alabama inaugura la temporada oto\u00f1al nazarena"}]},{"@type":"WebSite","@id":"https:\/\/cuadra-agrado.es\/#website","url":"https:\/\/cuadra-agrado.es\/","name":"Cuadra Agrado","description":"En el mundo del Turf desde 2008","potentialAction":[{"@type":"SearchAction","target":{"@type":"EntryPoint","urlTemplate":"https:\/\/cuadra-agrado.es\/?s={search_term_string}"},"query-input":{"@type":"PropertyValueSpecification","valueRequired":true,"valueName":"search_term_string"}}],"inLanguage":"es"},{"@type":"Person","@id":"https:\/\/cuadra-agrado.es\/#\/schema\/person\/3aa4f8d2373cf756d93a5526bc72f31b","name":"Miguel Redondo","image":{"@type":"ImageObject","inLanguage":"es","@id":"https:\/\/secure.gravatar.com\/avatar\/85704fceb4fa34017e3c1344d182da00dbf772fb8856ba2b7726a2df926415b4?s=96&d=mm&r=g","url":"https:\/\/secure.gravatar.com\/avatar\/85704fceb4fa34017e3c1344d182da00dbf772fb8856ba2b7726a2df926415b4?s=96&d=mm&r=g","contentUrl":"https:\/\/secure.gravatar.com\/avatar\/85704fceb4fa34017e3c1344d182da00dbf772fb8856ba2b7726a2df926415b4?s=96&d=mm&r=g","caption":"Miguel Redondo"},"sameAs":["https:\/\/cuadra-agrado.es"],"url":"https:\/\/cuadra-agrado.es\/?author=5"}]}},"_links":{"self":[{"href":"https:\/\/cuadra-agrado.es\/index.php?rest_route=\/wp\/v2\/posts\/11759","targetHints":{"allow":["GET"]}}],"collection":[{"href":"https:\/\/cuadra-agrado.es\/index.php?rest_route=\/wp\/v2\/posts"}],"about":[{"href":"https:\/\/cuadra-agrado.es\/index.php?rest_route=\/wp\/v2\/types\/post"}],"author":[{"embeddable":true,"href":"https:\/\/cuadra-agrado.es\/index.php?rest_route=\/wp\/v2\/users\/5"}],"replies":[{"embeddable":true,"href":"https:\/\/cuadra-agrado.es\/index.php?rest_route=%2Fwp%2Fv2%2Fcomments&post=11759"}],"version-history":[{"count":0,"href":"https:\/\/cuadra-agrado.es\/index.php?rest_route=\/wp\/v2\/posts\/11759\/revisions"}],"wp:featuredmedia":[{"embeddable":true,"href":"https:\/\/cuadra-agrado.es\/index.php?rest_route=\/wp\/v2\/media\/11627"}],"wp:attachment":[{"href":"https:\/\/cuadra-agrado.es\/index.php?rest_route=%2Fwp%2Fv2%2Fmedia&parent=11759"}],"wp:term":[{"taxonomy":"category","embeddable":true,"href":"https:\/\/cuadra-agrado.es\/index.php?rest_route=%2Fwp%2Fv2%2Fcategories&post=11759"},{"taxonomy":"post_tag","embeddable":true,"href":"https:\/\/cuadra-agrado.es\/index.php?rest_route=%2Fwp%2Fv2%2Ftags&post=11759"}],"curies":[{"name":"wp","href":"https:\/\/api.w.org\/{rel}","templated":true}]}}