{"id":1172,"date":"2014-03-17T11:17:30","date_gmt":"2014-03-17T10:17:30","guid":{"rendered":"https:\/\/cuadra-agrado.es\/?p=1172"},"modified":"2024-02-27T09:22:30","modified_gmt":"2024-02-27T09:22:30","slug":"1172-2","status":"publish","type":"post","link":"https:\/\/cuadra-agrado.es\/?p=1172","title":{"rendered":"Rany\u00e1n no pudo con la pista!!!"},"content":{"rendered":"<p style=\"text-align: justify;\"><a href=\"http:\/\/cuadra-agrado.es\/wp-content\/uploads\/2014\/02\/ranyan-Luis-Goyeneche-23-2-14-14.jpg\" target=\"_blank\" rel=\"noopener noreferrer\"><img loading=\"lazy\" decoding=\"async\" class=\" wp-image-1072 alignright\" alt=\"ranyan Luis Goyeneche-23-2-14-14\" src=\"http:\/\/cuadra-agrado.es\/wp-content\/uploads\/2014\/02\/ranyan-Luis-Goyeneche-23-2-14-14.jpg\" width=\"300\" height=\"160\" \/><\/a>Despu\u00e9s de 6 salidas a pista con &#8216;Eduardo Buz\u00f3n&#8217; entrando en el dinero en todas ellas, se cort\u00f3 la racha en la s\u00e9ptima el pasado domingo con Rany\u00e1n. No era f\u00e1cil entrar nuevamente en el tr\u00edo con un lote muy complicado y con un Rany\u00e1n todav\u00eda en rodaje.<\/p>\n<p style=\"text-align: justify;\">Su reaparici\u00f3n hace apenas un mes fue algo inesperado ante un lote muy asequible para el nuestro, pero en esta con un lote mucho m\u00e1s serio y con una pista tremendamente dura para \u00e9l no se dieron las mejores circunstancias para repetir.<br \/>\nA\u00fan as\u00ed, estuvo luchando hasta el poste final de meta con gran coraz\u00f3n y coraje a\u00fan yendo ya exigido por &#8216;Fayos&#8217; en la curva de entrada. Seg\u00fan comentarios de Borja, pareci\u00f3 en esta mucho m\u00e1s receloso en el recorrido, sin duda alguna motivado por una superficie dura que le hace sufrir en su maltrecha rodilla. Trataremos de definir su programa venidero en funci\u00f3n de su mejora de forma progresiva (hoy a un 80%) y sobre todo teniendo en cuenta el estado de pista. Si es posible aqu\u00ed en Madrid perfecto, y si no obligados a buscar fuera.<\/p>\n<p style=\"text-align: justify;\">En cuanto a la carrera en s\u00ed, decepci\u00f3n en el claro favorito &#8216;Celtic Rock&#8217; que lleg\u00f3 reapareciendo ante un lote complicado para hacerlo sin llevarse un solo palo. Quiz\u00e1s no haya que tener en cuenta esta salida y esperarle m\u00e1s adelante, sin duda alguna seguimos pensando que hablamos del mejor caballo de Espa\u00f1a. Se aprovech\u00f3 del fallo del favorito un gran &#8216;Kurdo&#8217;, mucho m\u00e1s en forma que el resto y con similar valor en pista conducido perfectamente por Janacek durante todo el recorrido. El tr\u00edo lo completaron &#8216;Mucha Marcha&#8217; con un gran segundo y &#8216;Linkable&#8217; que fue la gran sorpresa del lote.<\/p>\n<!-- AddThis Advanced Settings generic via filter on the_content --><!-- AddThis Share Buttons generic via filter on the_content -->","protected":false},"excerpt":{"rendered":"<p>Despu\u00e9s de 6 salidas a pista con &#8216;Eduardo Buz\u00f3n&#8217; entrando en el dinero en todas ellas, se cort\u00f3 la racha en la s\u00e9ptima el pasado domingo con Rany\u00e1n. No era f\u00e1cil entrar nuevamente en el tr\u00edo con un lote muy complicado y con un Rany\u00e1n todav\u00eda en rodaje. Su reaparici\u00f3n hace apenas un mes fue [&hellip;]<!-- AddThis Advanced Settings generic via filter on get_the_excerpt --><!-- AddThis Share Buttons generic via filter on get_the_excerpt --><\/p>\n","protected":false},"author":5,"featured_media":0,"comment_status":"closed","ping_status":"closed","sticky":false,"template":"","format":"gallery","meta":{"_acf_changed":false,"_et_pb_use_builder":"","_et_pb_old_content":"","_et_gb_content_width":"","footnotes":""},"categories":[3],"tags":[],"class_list":["post-1172","post","type-post","status-publish","format-gallery","hentry","category-noticias-cuadra-agrado","post_format-post-format-gallery"],"acf":[],"yoast_head":"<!-- This site is optimized with the Yoast SEO plugin v27.4 - https:\/\/yoast.com\/product\/yoast-seo-wordpress\/ -->\n<title>Rany\u00e1n no pudo con la pista!!! - Cuadra Agrado<\/title>\n<meta name=\"robots\" content=\"index, follow, max-snippet:-1, max-image-preview:large, max-video-preview:-1\" \/>\n<link rel=\"canonical\" href=\"https:\/\/cuadra-agrado.es\/?p=1172\" \/>\n<meta property=\"og:locale\" content=\"es_ES\" \/>\n<meta property=\"og:type\" content=\"article\" \/>\n<meta property=\"og:title\" content=\"Rany\u00e1n no pudo con la pista!!! - Cuadra Agrado\" \/>\n<meta property=\"og:description\" content=\"Despu\u00e9s de 6 salidas a pista con &#8216;Eduardo Buz\u00f3n&#8217; entrando en el dinero en todas ellas, se cort\u00f3 la racha en la s\u00e9ptima el pasado domingo con Rany\u00e1n. No era f\u00e1cil entrar nuevamente en el tr\u00edo con un lote muy complicado y con un Rany\u00e1n todav\u00eda en rodaje. Su reaparici\u00f3n hace apenas un mes fue [&hellip;]\" \/>\n<meta property=\"og:url\" content=\"https:\/\/cuadra-agrado.es\/?p=1172\" \/>\n<meta property=\"og:site_name\" content=\"Cuadra Agrado\" \/>\n<meta property=\"article:published_time\" content=\"2014-03-17T10:17:30+00:00\" \/>\n<meta property=\"article:modified_time\" content=\"2024-02-27T09:22:30+00:00\" \/>\n<meta property=\"og:image\" content=\"http:\/\/cuadra-agrado.es\/wp-content\/uploads\/2014\/02\/ranyan-Luis-Goyeneche-23-2-14-14.jpg\" \/>\n<meta name=\"author\" content=\"Miguel Redondo\" \/>\n<meta name=\"twitter:card\" content=\"summary_large_image\" \/>\n<meta name=\"twitter:creator\" content=\"@AGRADOracing\" \/>\n<meta name=\"twitter:site\" content=\"@AGRADOracing\" \/>\n<meta name=\"twitter:label1\" content=\"Escrito por\" \/>\n\t<meta name=\"twitter:data1\" content=\"Miguel Redondo\" \/>\n\t<meta name=\"twitter:label2\" content=\"Tiempo de lectura\" \/>\n\t<meta name=\"twitter:data2\" content=\"2 minutos\" \/>\n<script type=\"application\/ld+json\" class=\"yoast-schema-graph\">{\"@context\":\"https:\\\/\\\/schema.org\",\"@graph\":[{\"@type\":\"Article\",\"@id\":\"https:\\\/\\\/cuadra-agrado.es\\\/?p=1172#article\",\"isPartOf\":{\"@id\":\"https:\\\/\\\/cuadra-agrado.es\\\/?p=1172\"},\"author\":{\"name\":\"Miguel Redondo\",\"@id\":\"https:\\\/\\\/cuadra-agrado.es\\\/#\\\/schema\\\/person\\\/3aa4f8d2373cf756d93a5526bc72f31b\"},\"headline\":\"Rany\u00e1n no pudo con la pista!!!\",\"datePublished\":\"2014-03-17T10:17:30+00:00\",\"dateModified\":\"2024-02-27T09:22:30+00:00\",\"mainEntityOfPage\":{\"@id\":\"https:\\\/\\\/cuadra-agrado.es\\\/?p=1172\"},\"wordCount\":316,\"image\":{\"@id\":\"https:\\\/\\\/cuadra-agrado.es\\\/?p=1172#primaryimage\"},\"thumbnailUrl\":\"http:\\\/\\\/cuadra-agrado.es\\\/wp-content\\\/uploads\\\/2014\\\/02\\\/ranyan-Luis-Goyeneche-23-2-14-14.jpg\",\"articleSection\":[\"Actualidad\"],\"inLanguage\":\"es\"},{\"@type\":\"WebPage\",\"@id\":\"https:\\\/\\\/cuadra-agrado.es\\\/?p=1172\",\"url\":\"https:\\\/\\\/cuadra-agrado.es\\\/?p=1172\",\"name\":\"Rany\u00e1n no pudo con la pista!!! - Cuadra Agrado\",\"isPartOf\":{\"@id\":\"https:\\\/\\\/cuadra-agrado.es\\\/#website\"},\"primaryImageOfPage\":{\"@id\":\"https:\\\/\\\/cuadra-agrado.es\\\/?p=1172#primaryimage\"},\"image\":{\"@id\":\"https:\\\/\\\/cuadra-agrado.es\\\/?p=1172#primaryimage\"},\"thumbnailUrl\":\"http:\\\/\\\/cuadra-agrado.es\\\/wp-content\\\/uploads\\\/2014\\\/02\\\/ranyan-Luis-Goyeneche-23-2-14-14.jpg\",\"datePublished\":\"2014-03-17T10:17:30+00:00\",\"dateModified\":\"2024-02-27T09:22:30+00:00\",\"author\":{\"@id\":\"https:\\\/\\\/cuadra-agrado.es\\\/#\\\/schema\\\/person\\\/3aa4f8d2373cf756d93a5526bc72f31b\"},\"breadcrumb\":{\"@id\":\"https:\\\/\\\/cuadra-agrado.es\\\/?p=1172#breadcrumb\"},\"inLanguage\":\"es\",\"potentialAction\":[{\"@type\":\"ReadAction\",\"target\":[\"https:\\\/\\\/cuadra-agrado.es\\\/?p=1172\"]}]},{\"@type\":\"ImageObject\",\"inLanguage\":\"es\",\"@id\":\"https:\\\/\\\/cuadra-agrado.es\\\/?p=1172#primaryimage\",\"url\":\"http:\\\/\\\/cuadra-agrado.es\\\/wp-content\\\/uploads\\\/2014\\\/02\\\/ranyan-Luis-Goyeneche-23-2-14-14.jpg\",\"contentUrl\":\"http:\\\/\\\/cuadra-agrado.es\\\/wp-content\\\/uploads\\\/2014\\\/02\\\/ranyan-Luis-Goyeneche-23-2-14-14.jpg\"},{\"@type\":\"BreadcrumbList\",\"@id\":\"https:\\\/\\\/cuadra-agrado.es\\\/?p=1172#breadcrumb\",\"itemListElement\":[{\"@type\":\"ListItem\",\"position\":1,\"name\":\"Portada\",\"item\":\"https:\\\/\\\/cuadra-agrado.es\\\/\"},{\"@type\":\"ListItem\",\"position\":2,\"name\":\"Rany\u00e1n no pudo con la pista!!!\"}]},{\"@type\":\"WebSite\",\"@id\":\"https:\\\/\\\/cuadra-agrado.es\\\/#website\",\"url\":\"https:\\\/\\\/cuadra-agrado.es\\\/\",\"name\":\"Cuadra Agrado\",\"description\":\"En el mundo del Turf desde 2008\",\"potentialAction\":[{\"@type\":\"SearchAction\",\"target\":{\"@type\":\"EntryPoint\",\"urlTemplate\":\"https:\\\/\\\/cuadra-agrado.es\\\/?s={search_term_string}\"},\"query-input\":{\"@type\":\"PropertyValueSpecification\",\"valueRequired\":true,\"valueName\":\"search_term_string\"}}],\"inLanguage\":\"es\"},{\"@type\":\"Person\",\"@id\":\"https:\\\/\\\/cuadra-agrado.es\\\/#\\\/schema\\\/person\\\/3aa4f8d2373cf756d93a5526bc72f31b\",\"name\":\"Miguel Redondo\",\"image\":{\"@type\":\"ImageObject\",\"inLanguage\":\"es\",\"@id\":\"https:\\\/\\\/secure.gravatar.com\\\/avatar\\\/85704fceb4fa34017e3c1344d182da00dbf772fb8856ba2b7726a2df926415b4?s=96&d=mm&r=g\",\"url\":\"https:\\\/\\\/secure.gravatar.com\\\/avatar\\\/85704fceb4fa34017e3c1344d182da00dbf772fb8856ba2b7726a2df926415b4?s=96&d=mm&r=g\",\"contentUrl\":\"https:\\\/\\\/secure.gravatar.com\\\/avatar\\\/85704fceb4fa34017e3c1344d182da00dbf772fb8856ba2b7726a2df926415b4?s=96&d=mm&r=g\",\"caption\":\"Miguel Redondo\"},\"sameAs\":[\"https:\\\/\\\/cuadra-agrado.es\"],\"url\":\"https:\\\/\\\/cuadra-agrado.es\\\/?author=5\"}]}<\/script>\n<!-- \/ Yoast SEO plugin. -->","yoast_head_json":{"title":"Rany\u00e1n no pudo con la pista!!! - Cuadra Agrado","robots":{"index":"index","follow":"follow","max-snippet":"max-snippet:-1","max-image-preview":"max-image-preview:large","max-video-preview":"max-video-preview:-1"},"canonical":"https:\/\/cuadra-agrado.es\/?p=1172","og_locale":"es_ES","og_type":"article","og_title":"Rany\u00e1n no pudo con la pista!!! - Cuadra Agrado","og_description":"Despu\u00e9s de 6 salidas a pista con &#8216;Eduardo Buz\u00f3n&#8217; entrando en el dinero en todas ellas, se cort\u00f3 la racha en la s\u00e9ptima el pasado domingo con Rany\u00e1n. No era f\u00e1cil entrar nuevamente en el tr\u00edo con un lote muy complicado y con un Rany\u00e1n todav\u00eda en rodaje. Su reaparici\u00f3n hace apenas un mes fue [&hellip;]","og_url":"https:\/\/cuadra-agrado.es\/?p=1172","og_site_name":"Cuadra Agrado","article_published_time":"2014-03-17T10:17:30+00:00","article_modified_time":"2024-02-27T09:22:30+00:00","og_image":[{"url":"http:\/\/cuadra-agrado.es\/wp-content\/uploads\/2014\/02\/ranyan-Luis-Goyeneche-23-2-14-14.jpg","type":"","width":"","height":""}],"author":"Miguel Redondo","twitter_card":"summary_large_image","twitter_creator":"@AGRADOracing","twitter_site":"@AGRADOracing","twitter_misc":{"Escrito por":"Miguel Redondo","Tiempo de lectura":"2 minutos"},"schema":{"@context":"https:\/\/schema.org","@graph":[{"@type":"Article","@id":"https:\/\/cuadra-agrado.es\/?p=1172#article","isPartOf":{"@id":"https:\/\/cuadra-agrado.es\/?p=1172"},"author":{"name":"Miguel Redondo","@id":"https:\/\/cuadra-agrado.es\/#\/schema\/person\/3aa4f8d2373cf756d93a5526bc72f31b"},"headline":"Rany\u00e1n no pudo con la pista!!!","datePublished":"2014-03-17T10:17:30+00:00","dateModified":"2024-02-27T09:22:30+00:00","mainEntityOfPage":{"@id":"https:\/\/cuadra-agrado.es\/?p=1172"},"wordCount":316,"image":{"@id":"https:\/\/cuadra-agrado.es\/?p=1172#primaryimage"},"thumbnailUrl":"http:\/\/cuadra-agrado.es\/wp-content\/uploads\/2014\/02\/ranyan-Luis-Goyeneche-23-2-14-14.jpg","articleSection":["Actualidad"],"inLanguage":"es"},{"@type":"WebPage","@id":"https:\/\/cuadra-agrado.es\/?p=1172","url":"https:\/\/cuadra-agrado.es\/?p=1172","name":"Rany\u00e1n no pudo con la pista!!! - Cuadra Agrado","isPartOf":{"@id":"https:\/\/cuadra-agrado.es\/#website"},"primaryImageOfPage":{"@id":"https:\/\/cuadra-agrado.es\/?p=1172#primaryimage"},"image":{"@id":"https:\/\/cuadra-agrado.es\/?p=1172#primaryimage"},"thumbnailUrl":"http:\/\/cuadra-agrado.es\/wp-content\/uploads\/2014\/02\/ranyan-Luis-Goyeneche-23-2-14-14.jpg","datePublished":"2014-03-17T10:17:30+00:00","dateModified":"2024-02-27T09:22:30+00:00","author":{"@id":"https:\/\/cuadra-agrado.es\/#\/schema\/person\/3aa4f8d2373cf756d93a5526bc72f31b"},"breadcrumb":{"@id":"https:\/\/cuadra-agrado.es\/?p=1172#breadcrumb"},"inLanguage":"es","potentialAction":[{"@type":"ReadAction","target":["https:\/\/cuadra-agrado.es\/?p=1172"]}]},{"@type":"ImageObject","inLanguage":"es","@id":"https:\/\/cuadra-agrado.es\/?p=1172#primaryimage","url":"http:\/\/cuadra-agrado.es\/wp-content\/uploads\/2014\/02\/ranyan-Luis-Goyeneche-23-2-14-14.jpg","contentUrl":"http:\/\/cuadra-agrado.es\/wp-content\/uploads\/2014\/02\/ranyan-Luis-Goyeneche-23-2-14-14.jpg"},{"@type":"BreadcrumbList","@id":"https:\/\/cuadra-agrado.es\/?p=1172#breadcrumb","itemListElement":[{"@type":"ListItem","position":1,"name":"Portada","item":"https:\/\/cuadra-agrado.es\/"},{"@type":"ListItem","position":2,"name":"Rany\u00e1n no pudo con la pista!!!"}]},{"@type":"WebSite","@id":"https:\/\/cuadra-agrado.es\/#website","url":"https:\/\/cuadra-agrado.es\/","name":"Cuadra Agrado","description":"En el mundo del Turf desde 2008","potentialAction":[{"@type":"SearchAction","target":{"@type":"EntryPoint","urlTemplate":"https:\/\/cuadra-agrado.es\/?s={search_term_string}"},"query-input":{"@type":"PropertyValueSpecification","valueRequired":true,"valueName":"search_term_string"}}],"inLanguage":"es"},{"@type":"Person","@id":"https:\/\/cuadra-agrado.es\/#\/schema\/person\/3aa4f8d2373cf756d93a5526bc72f31b","name":"Miguel Redondo","image":{"@type":"ImageObject","inLanguage":"es","@id":"https:\/\/secure.gravatar.com\/avatar\/85704fceb4fa34017e3c1344d182da00dbf772fb8856ba2b7726a2df926415b4?s=96&d=mm&r=g","url":"https:\/\/secure.gravatar.com\/avatar\/85704fceb4fa34017e3c1344d182da00dbf772fb8856ba2b7726a2df926415b4?s=96&d=mm&r=g","contentUrl":"https:\/\/secure.gravatar.com\/avatar\/85704fceb4fa34017e3c1344d182da00dbf772fb8856ba2b7726a2df926415b4?s=96&d=mm&r=g","caption":"Miguel Redondo"},"sameAs":["https:\/\/cuadra-agrado.es"],"url":"https:\/\/cuadra-agrado.es\/?author=5"}]}},"_links":{"self":[{"href":"https:\/\/cuadra-agrado.es\/index.php?rest_route=\/wp\/v2\/posts\/1172","targetHints":{"allow":["GET"]}}],"collection":[{"href":"https:\/\/cuadra-agrado.es\/index.php?rest_route=\/wp\/v2\/posts"}],"about":[{"href":"https:\/\/cuadra-agrado.es\/index.php?rest_route=\/wp\/v2\/types\/post"}],"author":[{"embeddable":true,"href":"https:\/\/cuadra-agrado.es\/index.php?rest_route=\/wp\/v2\/users\/5"}],"replies":[{"embeddable":true,"href":"https:\/\/cuadra-agrado.es\/index.php?rest_route=%2Fwp%2Fv2%2Fcomments&post=1172"}],"version-history":[{"count":0,"href":"https:\/\/cuadra-agrado.es\/index.php?rest_route=\/wp\/v2\/posts\/1172\/revisions"}],"wp:attachment":[{"href":"https:\/\/cuadra-agrado.es\/index.php?rest_route=%2Fwp%2Fv2%2Fmedia&parent=1172"}],"wp:term":[{"taxonomy":"category","embeddable":true,"href":"https:\/\/cuadra-agrado.es\/index.php?rest_route=%2Fwp%2Fv2%2Fcategories&post=1172"},{"taxonomy":"post_tag","embeddable":true,"href":"https:\/\/cuadra-agrado.es\/index.php?rest_route=%2Fwp%2Fv2%2Ftags&post=1172"}],"curies":[{"name":"wp","href":"https:\/\/api.w.org\/{rel}","templated":true}]}}