{"id":1162,"date":"2014-03-12T14:17:30","date_gmt":"2014-03-12T13:17:30","guid":{"rendered":"https:\/\/cuadra-agrado.es\/?p=1162"},"modified":"2024-02-27T09:22:30","modified_gmt":"2024-02-27T09:22:30","slug":"1162-2","status":"publish","type":"post","link":"https:\/\/cuadra-agrado.es\/?p=1162","title":{"rendered":"&#8216;Rany\u00e1n&#8217; se medir\u00e1 contra el mejor caballo de Espa\u00f1a, &#8216;Celtic-Rock&#8217;!!"},"content":{"rendered":"<p style=\"text-align: justify;\"><a href=\"http:\/\/cuadra-agrado.es\/wp-content\/uploads\/2014\/02\/ranyan-Luis-Goyeneche-23-2-14-14.jpg\" target=\"_blank\" rel=\"noopener noreferrer\"><img loading=\"lazy\" decoding=\"async\" class=\" wp-image-1072 alignright\" alt=\"ranyan Luis Goyeneche-23-2-14-14\" src=\"http:\/\/cuadra-agrado.es\/wp-content\/uploads\/2014\/02\/ranyan-Luis-Goyeneche-23-2-14-14.jpg\" width=\"350\" height=\"200\" \/><\/a>Este pr\u00f3ximo domingo volvemos a salir a pista con &#8216;Rany\u00e1n&#8217; para disputarle al mejor caballo de Espa\u00f1a el premio &#8216;Bannaby&#8217;. Muy complicado para nosotros competir contra todo un ganador de grupo3 \u00a0&#8216;Celtic Rock&#8217; y contra otro grand\u00edsimo caballo en pista &#8216;Kurdo&#8217;, sin evidentemente despreciar al resto del lote, mucho m\u00e1s en nuestro nivel, pero nuestras \u00fanicas opciones se basan en aprovechar los cinco kilos que nos conceden por valor.<br \/>\nEl trabajo hoy de &#8216;Rany\u00e1n&#8217; junto a su compa\u00f1ero &#8216;Fayos&#8217; ha sido muy bueno, y parece estar en mucha mejor condici\u00f3n que hace apenas un mes donde desclas\u00f3 a sus rivales en una reaparici\u00f3n sobre menor distancia. El domingo volver\u00e1 a su distancia ideal (2.200 metros) y con la misma monta de confianza con la que gan\u00f3 entonces, &#8216;Borja Fayos&#8217;.<\/p>\n<p style=\"text-align: justify;\">As\u00ed pues, dif\u00edcil compromiso se nos plantea el domingo si tenemos en cuenta que salimos siempre a ganar, pero el intento merece la pena y la ilusi\u00f3n va siempre por delante. La pista dura como se prev\u00e9, no es lo mejor que tenemos a favor, pero esta vez es lo que toca y hay que correr con este h\u00e1ndicap negativo para nosotros y aprovecharnos del plomo. Cinco kilos menos en el partant son muchos sobre una distancia de medio fondo, pero se nos hacen incluso escasos para el nivel que han demostrado entre ellos.<\/p>\n<p style=\"text-align: justify;\">Las ordenes en el paddock imaginamos ser\u00e1n claras por parte del &#8216;prepa&#8217;&#8230;. tan sencillo como ser conscientes en todo momento en el recorrido de con qui\u00e9n nos enfrentamos, y estar muy atentos a un posible fallo de los dos favoritos para luchar los \u00faltimos metros. Si &#8216;Celtic&#8217; no falla y est\u00e1 a un 90%, la cosa simplemente est\u00e1 complicada.<\/p>\n<p style=\"text-align: justify;\">Mucha suerte Borja, vamos a intentarlo de nuevo&#8230;.<\/p>\n<hr \/>\n<p style=\"text-align: justify;\">\n<!-- AddThis Advanced Settings generic via filter on the_content --><!-- AddThis Share Buttons generic via filter on the_content -->","protected":false},"excerpt":{"rendered":"<p>Este pr\u00f3ximo domingo volvemos a salir a pista con &#8216;Rany\u00e1n&#8217; para disputarle al mejor caballo de Espa\u00f1a el premio &#8216;Bannaby&#8217;. Muy complicado para nosotros competir contra todo un ganador de grupo3 \u00a0&#8216;Celtic Rock&#8217; y contra otro grand\u00edsimo caballo en pista &#8216;Kurdo&#8217;, sin evidentemente despreciar al resto del lote, mucho m\u00e1s en nuestro nivel, pero nuestras [&hellip;]<!-- AddThis Advanced Settings generic via filter on get_the_excerpt --><!-- AddThis Share Buttons generic via filter on get_the_excerpt --><\/p>\n","protected":false},"author":5,"featured_media":0,"comment_status":"closed","ping_status":"closed","sticky":false,"template":"","format":"gallery","meta":{"_acf_changed":false,"_et_pb_use_builder":"","_et_pb_old_content":"","_et_gb_content_width":"","footnotes":""},"categories":[3],"tags":[],"class_list":["post-1162","post","type-post","status-publish","format-gallery","hentry","category-noticias-cuadra-agrado","post_format-post-format-gallery"],"acf":[],"yoast_head":"<!-- This site is optimized with the Yoast SEO plugin v27.4 - https:\/\/yoast.com\/product\/yoast-seo-wordpress\/ -->\n<title>&#039;Rany\u00e1n&#039; se medir\u00e1 contra el mejor caballo de Espa\u00f1a, &#039;Celtic-Rock&#039;!! - Cuadra Agrado<\/title>\n<meta name=\"robots\" content=\"index, follow, max-snippet:-1, max-image-preview:large, max-video-preview:-1\" \/>\n<link rel=\"canonical\" href=\"https:\/\/cuadra-agrado.es\/?p=1162\" \/>\n<meta property=\"og:locale\" content=\"es_ES\" \/>\n<meta property=\"og:type\" content=\"article\" \/>\n<meta property=\"og:title\" content=\"&#039;Rany\u00e1n&#039; se medir\u00e1 contra el mejor caballo de Espa\u00f1a, &#039;Celtic-Rock&#039;!! - Cuadra Agrado\" \/>\n<meta property=\"og:description\" content=\"Este pr\u00f3ximo domingo volvemos a salir a pista con &#8216;Rany\u00e1n&#8217; para disputarle al mejor caballo de Espa\u00f1a el premio &#8216;Bannaby&#8217;. Muy complicado para nosotros competir contra todo un ganador de grupo3 \u00a0&#8216;Celtic Rock&#8217; y contra otro grand\u00edsimo caballo en pista &#8216;Kurdo&#8217;, sin evidentemente despreciar al resto del lote, mucho m\u00e1s en nuestro nivel, pero nuestras [&hellip;]\" \/>\n<meta property=\"og:url\" content=\"https:\/\/cuadra-agrado.es\/?p=1162\" \/>\n<meta property=\"og:site_name\" content=\"Cuadra Agrado\" \/>\n<meta property=\"article:published_time\" content=\"2014-03-12T13:17:30+00:00\" \/>\n<meta property=\"article:modified_time\" content=\"2024-02-27T09:22:30+00:00\" \/>\n<meta property=\"og:image\" content=\"http:\/\/cuadra-agrado.es\/wp-content\/uploads\/2014\/02\/ranyan-Luis-Goyeneche-23-2-14-14.jpg\" \/>\n<meta name=\"author\" content=\"Miguel Redondo\" \/>\n<meta name=\"twitter:card\" content=\"summary_large_image\" \/>\n<meta name=\"twitter:creator\" content=\"@AGRADOracing\" \/>\n<meta name=\"twitter:site\" content=\"@AGRADOracing\" \/>\n<meta name=\"twitter:label1\" content=\"Escrito por\" \/>\n\t<meta name=\"twitter:data1\" content=\"Miguel Redondo\" \/>\n\t<meta name=\"twitter:label2\" content=\"Tiempo de lectura\" \/>\n\t<meta name=\"twitter:data2\" content=\"2 minutos\" \/>\n<script type=\"application\/ld+json\" class=\"yoast-schema-graph\">{\"@context\":\"https:\\\/\\\/schema.org\",\"@graph\":[{\"@type\":\"Article\",\"@id\":\"https:\\\/\\\/cuadra-agrado.es\\\/?p=1162#article\",\"isPartOf\":{\"@id\":\"https:\\\/\\\/cuadra-agrado.es\\\/?p=1162\"},\"author\":{\"name\":\"Miguel Redondo\",\"@id\":\"https:\\\/\\\/cuadra-agrado.es\\\/#\\\/schema\\\/person\\\/3aa4f8d2373cf756d93a5526bc72f31b\"},\"headline\":\"&#8216;Rany\u00e1n&#8217; se medir\u00e1 contra el mejor caballo de Espa\u00f1a, &#8216;Celtic-Rock&#8217;!!\",\"datePublished\":\"2014-03-12T13:17:30+00:00\",\"dateModified\":\"2024-02-27T09:22:30+00:00\",\"mainEntityOfPage\":{\"@id\":\"https:\\\/\\\/cuadra-agrado.es\\\/?p=1162\"},\"wordCount\":314,\"image\":{\"@id\":\"https:\\\/\\\/cuadra-agrado.es\\\/?p=1162#primaryimage\"},\"thumbnailUrl\":\"http:\\\/\\\/cuadra-agrado.es\\\/wp-content\\\/uploads\\\/2014\\\/02\\\/ranyan-Luis-Goyeneche-23-2-14-14.jpg\",\"articleSection\":[\"Actualidad\"],\"inLanguage\":\"es\"},{\"@type\":\"WebPage\",\"@id\":\"https:\\\/\\\/cuadra-agrado.es\\\/?p=1162\",\"url\":\"https:\\\/\\\/cuadra-agrado.es\\\/?p=1162\",\"name\":\"'Rany\u00e1n' se medir\u00e1 contra el mejor caballo de Espa\u00f1a, 'Celtic-Rock'!! - Cuadra Agrado\",\"isPartOf\":{\"@id\":\"https:\\\/\\\/cuadra-agrado.es\\\/#website\"},\"primaryImageOfPage\":{\"@id\":\"https:\\\/\\\/cuadra-agrado.es\\\/?p=1162#primaryimage\"},\"image\":{\"@id\":\"https:\\\/\\\/cuadra-agrado.es\\\/?p=1162#primaryimage\"},\"thumbnailUrl\":\"http:\\\/\\\/cuadra-agrado.es\\\/wp-content\\\/uploads\\\/2014\\\/02\\\/ranyan-Luis-Goyeneche-23-2-14-14.jpg\",\"datePublished\":\"2014-03-12T13:17:30+00:00\",\"dateModified\":\"2024-02-27T09:22:30+00:00\",\"author\":{\"@id\":\"https:\\\/\\\/cuadra-agrado.es\\\/#\\\/schema\\\/person\\\/3aa4f8d2373cf756d93a5526bc72f31b\"},\"breadcrumb\":{\"@id\":\"https:\\\/\\\/cuadra-agrado.es\\\/?p=1162#breadcrumb\"},\"inLanguage\":\"es\",\"potentialAction\":[{\"@type\":\"ReadAction\",\"target\":[\"https:\\\/\\\/cuadra-agrado.es\\\/?p=1162\"]}]},{\"@type\":\"ImageObject\",\"inLanguage\":\"es\",\"@id\":\"https:\\\/\\\/cuadra-agrado.es\\\/?p=1162#primaryimage\",\"url\":\"http:\\\/\\\/cuadra-agrado.es\\\/wp-content\\\/uploads\\\/2014\\\/02\\\/ranyan-Luis-Goyeneche-23-2-14-14.jpg\",\"contentUrl\":\"http:\\\/\\\/cuadra-agrado.es\\\/wp-content\\\/uploads\\\/2014\\\/02\\\/ranyan-Luis-Goyeneche-23-2-14-14.jpg\"},{\"@type\":\"BreadcrumbList\",\"@id\":\"https:\\\/\\\/cuadra-agrado.es\\\/?p=1162#breadcrumb\",\"itemListElement\":[{\"@type\":\"ListItem\",\"position\":1,\"name\":\"Portada\",\"item\":\"https:\\\/\\\/cuadra-agrado.es\\\/\"},{\"@type\":\"ListItem\",\"position\":2,\"name\":\"&#8216;Rany\u00e1n&#8217; se medir\u00e1 contra el mejor caballo de Espa\u00f1a, &#8216;Celtic-Rock&#8217;!!\"}]},{\"@type\":\"WebSite\",\"@id\":\"https:\\\/\\\/cuadra-agrado.es\\\/#website\",\"url\":\"https:\\\/\\\/cuadra-agrado.es\\\/\",\"name\":\"Cuadra Agrado\",\"description\":\"En el mundo del Turf desde 2008\",\"potentialAction\":[{\"@type\":\"SearchAction\",\"target\":{\"@type\":\"EntryPoint\",\"urlTemplate\":\"https:\\\/\\\/cuadra-agrado.es\\\/?s={search_term_string}\"},\"query-input\":{\"@type\":\"PropertyValueSpecification\",\"valueRequired\":true,\"valueName\":\"search_term_string\"}}],\"inLanguage\":\"es\"},{\"@type\":\"Person\",\"@id\":\"https:\\\/\\\/cuadra-agrado.es\\\/#\\\/schema\\\/person\\\/3aa4f8d2373cf756d93a5526bc72f31b\",\"name\":\"Miguel Redondo\",\"image\":{\"@type\":\"ImageObject\",\"inLanguage\":\"es\",\"@id\":\"https:\\\/\\\/secure.gravatar.com\\\/avatar\\\/85704fceb4fa34017e3c1344d182da00dbf772fb8856ba2b7726a2df926415b4?s=96&d=mm&r=g\",\"url\":\"https:\\\/\\\/secure.gravatar.com\\\/avatar\\\/85704fceb4fa34017e3c1344d182da00dbf772fb8856ba2b7726a2df926415b4?s=96&d=mm&r=g\",\"contentUrl\":\"https:\\\/\\\/secure.gravatar.com\\\/avatar\\\/85704fceb4fa34017e3c1344d182da00dbf772fb8856ba2b7726a2df926415b4?s=96&d=mm&r=g\",\"caption\":\"Miguel Redondo\"},\"sameAs\":[\"https:\\\/\\\/cuadra-agrado.es\"],\"url\":\"https:\\\/\\\/cuadra-agrado.es\\\/?author=5\"}]}<\/script>\n<!-- \/ Yoast SEO plugin. -->","yoast_head_json":{"title":"'Rany\u00e1n' se medir\u00e1 contra el mejor caballo de Espa\u00f1a, 'Celtic-Rock'!! - Cuadra Agrado","robots":{"index":"index","follow":"follow","max-snippet":"max-snippet:-1","max-image-preview":"max-image-preview:large","max-video-preview":"max-video-preview:-1"},"canonical":"https:\/\/cuadra-agrado.es\/?p=1162","og_locale":"es_ES","og_type":"article","og_title":"'Rany\u00e1n' se medir\u00e1 contra el mejor caballo de Espa\u00f1a, 'Celtic-Rock'!! - Cuadra Agrado","og_description":"Este pr\u00f3ximo domingo volvemos a salir a pista con &#8216;Rany\u00e1n&#8217; para disputarle al mejor caballo de Espa\u00f1a el premio &#8216;Bannaby&#8217;. Muy complicado para nosotros competir contra todo un ganador de grupo3 \u00a0&#8216;Celtic Rock&#8217; y contra otro grand\u00edsimo caballo en pista &#8216;Kurdo&#8217;, sin evidentemente despreciar al resto del lote, mucho m\u00e1s en nuestro nivel, pero nuestras [&hellip;]","og_url":"https:\/\/cuadra-agrado.es\/?p=1162","og_site_name":"Cuadra Agrado","article_published_time":"2014-03-12T13:17:30+00:00","article_modified_time":"2024-02-27T09:22:30+00:00","og_image":[{"url":"http:\/\/cuadra-agrado.es\/wp-content\/uploads\/2014\/02\/ranyan-Luis-Goyeneche-23-2-14-14.jpg","type":"","width":"","height":""}],"author":"Miguel Redondo","twitter_card":"summary_large_image","twitter_creator":"@AGRADOracing","twitter_site":"@AGRADOracing","twitter_misc":{"Escrito por":"Miguel Redondo","Tiempo de lectura":"2 minutos"},"schema":{"@context":"https:\/\/schema.org","@graph":[{"@type":"Article","@id":"https:\/\/cuadra-agrado.es\/?p=1162#article","isPartOf":{"@id":"https:\/\/cuadra-agrado.es\/?p=1162"},"author":{"name":"Miguel Redondo","@id":"https:\/\/cuadra-agrado.es\/#\/schema\/person\/3aa4f8d2373cf756d93a5526bc72f31b"},"headline":"&#8216;Rany\u00e1n&#8217; se medir\u00e1 contra el mejor caballo de Espa\u00f1a, &#8216;Celtic-Rock&#8217;!!","datePublished":"2014-03-12T13:17:30+00:00","dateModified":"2024-02-27T09:22:30+00:00","mainEntityOfPage":{"@id":"https:\/\/cuadra-agrado.es\/?p=1162"},"wordCount":314,"image":{"@id":"https:\/\/cuadra-agrado.es\/?p=1162#primaryimage"},"thumbnailUrl":"http:\/\/cuadra-agrado.es\/wp-content\/uploads\/2014\/02\/ranyan-Luis-Goyeneche-23-2-14-14.jpg","articleSection":["Actualidad"],"inLanguage":"es"},{"@type":"WebPage","@id":"https:\/\/cuadra-agrado.es\/?p=1162","url":"https:\/\/cuadra-agrado.es\/?p=1162","name":"'Rany\u00e1n' se medir\u00e1 contra el mejor caballo de Espa\u00f1a, 'Celtic-Rock'!! - Cuadra Agrado","isPartOf":{"@id":"https:\/\/cuadra-agrado.es\/#website"},"primaryImageOfPage":{"@id":"https:\/\/cuadra-agrado.es\/?p=1162#primaryimage"},"image":{"@id":"https:\/\/cuadra-agrado.es\/?p=1162#primaryimage"},"thumbnailUrl":"http:\/\/cuadra-agrado.es\/wp-content\/uploads\/2014\/02\/ranyan-Luis-Goyeneche-23-2-14-14.jpg","datePublished":"2014-03-12T13:17:30+00:00","dateModified":"2024-02-27T09:22:30+00:00","author":{"@id":"https:\/\/cuadra-agrado.es\/#\/schema\/person\/3aa4f8d2373cf756d93a5526bc72f31b"},"breadcrumb":{"@id":"https:\/\/cuadra-agrado.es\/?p=1162#breadcrumb"},"inLanguage":"es","potentialAction":[{"@type":"ReadAction","target":["https:\/\/cuadra-agrado.es\/?p=1162"]}]},{"@type":"ImageObject","inLanguage":"es","@id":"https:\/\/cuadra-agrado.es\/?p=1162#primaryimage","url":"http:\/\/cuadra-agrado.es\/wp-content\/uploads\/2014\/02\/ranyan-Luis-Goyeneche-23-2-14-14.jpg","contentUrl":"http:\/\/cuadra-agrado.es\/wp-content\/uploads\/2014\/02\/ranyan-Luis-Goyeneche-23-2-14-14.jpg"},{"@type":"BreadcrumbList","@id":"https:\/\/cuadra-agrado.es\/?p=1162#breadcrumb","itemListElement":[{"@type":"ListItem","position":1,"name":"Portada","item":"https:\/\/cuadra-agrado.es\/"},{"@type":"ListItem","position":2,"name":"&#8216;Rany\u00e1n&#8217; se medir\u00e1 contra el mejor caballo de Espa\u00f1a, &#8216;Celtic-Rock&#8217;!!"}]},{"@type":"WebSite","@id":"https:\/\/cuadra-agrado.es\/#website","url":"https:\/\/cuadra-agrado.es\/","name":"Cuadra Agrado","description":"En el mundo del Turf desde 2008","potentialAction":[{"@type":"SearchAction","target":{"@type":"EntryPoint","urlTemplate":"https:\/\/cuadra-agrado.es\/?s={search_term_string}"},"query-input":{"@type":"PropertyValueSpecification","valueRequired":true,"valueName":"search_term_string"}}],"inLanguage":"es"},{"@type":"Person","@id":"https:\/\/cuadra-agrado.es\/#\/schema\/person\/3aa4f8d2373cf756d93a5526bc72f31b","name":"Miguel Redondo","image":{"@type":"ImageObject","inLanguage":"es","@id":"https:\/\/secure.gravatar.com\/avatar\/85704fceb4fa34017e3c1344d182da00dbf772fb8856ba2b7726a2df926415b4?s=96&d=mm&r=g","url":"https:\/\/secure.gravatar.com\/avatar\/85704fceb4fa34017e3c1344d182da00dbf772fb8856ba2b7726a2df926415b4?s=96&d=mm&r=g","contentUrl":"https:\/\/secure.gravatar.com\/avatar\/85704fceb4fa34017e3c1344d182da00dbf772fb8856ba2b7726a2df926415b4?s=96&d=mm&r=g","caption":"Miguel Redondo"},"sameAs":["https:\/\/cuadra-agrado.es"],"url":"https:\/\/cuadra-agrado.es\/?author=5"}]}},"_links":{"self":[{"href":"https:\/\/cuadra-agrado.es\/index.php?rest_route=\/wp\/v2\/posts\/1162","targetHints":{"allow":["GET"]}}],"collection":[{"href":"https:\/\/cuadra-agrado.es\/index.php?rest_route=\/wp\/v2\/posts"}],"about":[{"href":"https:\/\/cuadra-agrado.es\/index.php?rest_route=\/wp\/v2\/types\/post"}],"author":[{"embeddable":true,"href":"https:\/\/cuadra-agrado.es\/index.php?rest_route=\/wp\/v2\/users\/5"}],"replies":[{"embeddable":true,"href":"https:\/\/cuadra-agrado.es\/index.php?rest_route=%2Fwp%2Fv2%2Fcomments&post=1162"}],"version-history":[{"count":0,"href":"https:\/\/cuadra-agrado.es\/index.php?rest_route=\/wp\/v2\/posts\/1162\/revisions"}],"wp:attachment":[{"href":"https:\/\/cuadra-agrado.es\/index.php?rest_route=%2Fwp%2Fv2%2Fmedia&parent=1162"}],"wp:term":[{"taxonomy":"category","embeddable":true,"href":"https:\/\/cuadra-agrado.es\/index.php?rest_route=%2Fwp%2Fv2%2Fcategories&post=1162"},{"taxonomy":"post_tag","embeddable":true,"href":"https:\/\/cuadra-agrado.es\/index.php?rest_route=%2Fwp%2Fv2%2Ftags&post=1162"}],"curies":[{"name":"wp","href":"https:\/\/api.w.org\/{rel}","templated":true}]}}