{"id":11270,"date":"2022-07-12T08:15:34","date_gmt":"2022-07-12T08:15:34","guid":{"rendered":"https:\/\/cuadra-agrado.es\/?p=11270"},"modified":"2024-02-27T09:14:42","modified_gmt":"2024-02-27T09:14:42","slug":"asi-se-despide-un-gladiador","status":"publish","type":"post","link":"https:\/\/cuadra-agrado.es\/?p=11270","title":{"rendered":"As\u00ed se despide un gladiador&#8230;"},"content":{"rendered":"<p style=\"text-align: justify;\">Dicen los grandes productores de cine que, por mucho que lo intenten y tengan medios para ello, la realidad siempre supera a la mejor ficci\u00f3n. En el caso de la \u00e9pica pel\u00edcula que ha rodado \u201c<strong>Barbarigo<\/strong>\u201d en su trayectoria en nuestro turf, ese bonito largometraje real, lleno de memorables batallas, no pod\u00eda tener un final singular. La emotiva secuencia que pon\u00eda fin a su trayectoria se rodaba en uno de esos hip\u00f3dromos de leyenda con los mejores actores en escena, y con el mejor final que un honrado y querido caballo de carreras pod\u00eda tener. Una victoria \u00e9pica, incontestable, id\u00edlica, y con la grandeza y reconocimiento de toda una afici\u00f3n que ha estado a su lado hasta el \u00faltimo metro que ha galopado en pista.<\/p>\n<p style=\"text-align: justify;\">\u201c<strong>Barbarigo<\/strong>\u201d regresaba a ese hip\u00f3dromo de San Sebasti\u00e1n, donde tan bien le han tratado, con una melanc\u00f3lica carta de despedida escrita y, aunque muchos dese\u00e1bamos verle pasar una \u00faltima vez por ganadores, sus \u00faltimas actuaciones no parec\u00edan avalar esa bonita posibilidad que tanto merec\u00eda. Tras su \u00faltima mala en Madrid, decidimos poner fin a su extensa y brillante trayectoria en una pista mucho m\u00e1s a su favor, donde los \u00faltimos metros no se le hicieran tan duros. Rom\u00e1n busc\u00f3 la mejor forma para este d\u00eda y, personalmente, llam\u00e9 a su fiel compa\u00f1ero Borja Fayos para solicitarle su \u00faltima actuaci\u00f3n con \u201cel viejo\u201d, como \u00e9l le llamaba. Todo estaba decidido y, aunque fue duro para todos preparar esa \u00faltima carrera, siempre mantuvimos la confianza en que este gladiador nos har\u00eda m\u00e1s f\u00e1cil su despedida.<\/p>\n<p style=\"text-align: justify;\">\u201c<strong>Barbarigo<\/strong>\u201d y su fiel amigo Borja salieron de cajones a ganar esa \u00faltima carrera. No hab\u00eda nada que perder y, aunque el orgullo y coraje ya no hac\u00eda falta demostrarlo una vez m\u00e1s, el solo hecho de que pudiera ganar esa \u00faltima carrera, hac\u00eda poner los pelos de punta. Brillantes los dos y con valent\u00eda se pusieron a liderar el lote ya desde el mismo golpe de cajones y comenzaron a engullir metros durante la recta del r\u00edo imponiendo un ritmo selectivo. Un peque\u00f1o respiro en la cerrada curva de entrada a recta definitiva hac\u00eda coger algo de aliento al gladiador, que se resist\u00eda a que alg\u00fan osado se pusiera a su altura. En el poste de los 400, cuando los jovencitos alf\u00e9rez y capitanes del lote comenzaron a increparle buscando su debilidad, \u201c<strong>Barbarigo<\/strong>\u201d mostr\u00f3 sus galones aguantando como un tit\u00e1n la larga recta donostiarra para coronar con holgada victoria esa meta nunca antes alcanzada. Primero aflor\u00f3 el delirio cargado de extasiada emoci\u00f3n por un caballo que hab\u00eda conseguido algo muy grande y, al minuto, todo ese entusiasmo se convirti\u00f3 en emotivas l\u00e1grimas de admiraci\u00f3n por un caballo y un final que quedar\u00e1 en nuestro recuerdo de por vida. Siempre es dif\u00edcil explicar los sentimientos que afloran tras una victoria de un caballo de carreras en competici\u00f3n, pero en este caso concreto, no existe vocabulario suficientemente extenso, como para aflorar una peque\u00f1a parte de todo lo vivido en la tarde de ayer.<\/p>\n<p style=\"text-align: justify;\">El eterno gladiador se despide con el gran reconocimiento de todos los aficionados y sus innumerables muestras de cari\u00f1o recibidas durante toda su vida en competici\u00f3n, a\u00fan mucho m\u00e1s marcadas en esta \u00faltima semana, y posterior a su victoria. A todos ellos, queremos agradecer sus sentidas y sinceras muestras de cari\u00f1o que nos llenan de mucho orgullo. Menci\u00f3n especial para dos profesionales que tambi\u00e9n merec\u00edan ser part\u00edcipes en esa \u00faltima carrera. Por un lado, su inseparable compa\u00f1ero de batallas, Borja Fayos, no pod\u00eda faltar a esa cita y quiso estar presente en esa haza\u00f1a para dejar en el recuerdo una monta de 10, levantar su fusta al cielo al cruzar la meta, y acariciar por \u00faltima vez a un caballo que, sin ser de Gran Premio, ha tenido siempre una admiraci\u00f3n especial. Por otra parte, menci\u00f3n emotiva y merecida para su \u00faltimo entrenador, Rom\u00e1n Mart\u00edn Arranz, que vivi\u00f3 en directo una de esas tardes que estamos seguro recordar\u00e1 toda su vida como broche de oro. No pod\u00eda Rom\u00e1n despedirse de su caballo sin una victoria que ambos merec\u00edan desde hace tiempo. \u201c<strong>Barbarigo<\/strong>\u201d ha sido el caballo referente en su cuadra desde que pusiera un casco en su patio, y el honrado caballo, agradeci\u00f3 con esta haza\u00f1a el cari\u00f1o que todo su equipo le dispens\u00f3 durante este \u00faltimo a\u00f1o. Rom\u00e1n se queda hu\u00e9rfano con la marcha de su mejor caballo en el patio, y nuestra recompensa a este gran trabajo ser\u00e1 encontrar en breve un nuevo \u00ab<strong>Barbarigo<\/strong>\u00bb que vuelva a ofrecerle nuevas ilusiones futuras.<\/p>\n<p style=\"text-align: justify;\">Es posible que haya aficionados que no entiendan c\u00f3mo se puede retirar a un caballo que viene de ganar de esta forma, y a todos ellos les respondo. La retirada de un caballo de competici\u00f3n es algo complejo y dif\u00edcil de digerir, pero siempre debe ser responsabilidad del propietario y de su filosof\u00eda. En nuestro caso, esta filosof\u00eda de retirar a nuestros caballos sin llegar a encenderse el testigo de reserva es una de nuestras se\u00f1as de identidad como reconocimiento a todo lo que ese caballo nos ha demostrado en competici\u00f3n. No est\u00e1 en nuestro ADN exprimir su salud y su valor hasta un l\u00edmite que el caballo no merezca. Igual que \u00ab<strong>Barbarigo<\/strong>\u00bb se retira ganando, seguramente con posibilidades de seguir peleando durante lo que resta de a\u00f1o, tambi\u00e9n en su d\u00eda retiramos <strong>\u00abValiant Blue\u00bb<\/strong> con igual edad y con dos segundos puestos en sus dos \u00faltimas actuaciones, tambi\u00e9n intentando retirarlo con el sabor del metal de oro. De la misma forma, retiramos en su d\u00eda a \u00ab<strong>Rany\u00e1n<\/strong>\u00bb corriendo todo un GP de San Sebastian, con dos victorias en ese mismo a\u00f1o, y con un valor cercano a 38. Este tipo de caballos que lo dieron todo y que no tienen que demostrar nada m\u00e1s, merecen irse siempre con la cabeza alta, y no hay ninguna necesidad de verlos sufrir en pista.<br \/>\nEl valiente gladiador se despide como el mejor caballo que ha defendido nuestros colores. Un caballo agradable y noble en el trato diario, trabajador sin reparos, corajudo, l\u00edder, valiente, y referencia de cualquier patio donde han tenido la fortuna de tenerlo. Todo un orgullo. Se despide tras 52 carreras, con nueve victorias, 21 colocaciones y 140.000 euros en ganancias. Pero por encima de todo ello, se despide por la puerta grande, con el reconocimiento de todos, y con el mejor final que un caballo de carreras puede tener.<br \/>\n\u201cAs\u00ed se despide un gladiador\u201d<\/p>\n<p style=\"text-align: justify;\">Esta misma ma\u00f1ana ha llegado de vuelta a la que ha sido su casa durante m\u00e1s de seis a\u00f1os en el Hip\u00f3dromo de la Zarzuela donde pasar\u00e1 un par de d\u00edas para despedirse de todo su entorno. El pr\u00f3ximo mi\u00e9rcoles, una vez haya descansado de viaje y carrera, har\u00e1 definitivamente su ligero petate para comenzar su retiro en nuestra yeguada al lado de los anteriormente coronados. A todos nos dejar\u00e1 hu\u00e9rfanos en la competici\u00f3n, pero nosotros tendremos la inmensa fortuna de seguir viendo su elegante estampa rodeado de pasto fresco en una bonita jubilaci\u00f3n que se ha ganado con derecho propio.<\/p>\n<p style=\"text-align: justify;\">Eternas gracias <strong>Barbarigo<\/strong> !!!!<br \/>\nAhora nos toca a nosotros devolverte todo lo que nos has dado en competici\u00f3n.<\/p>\n<!-- AddThis Advanced Settings generic via filter on the_content --><!-- AddThis Share Buttons generic via filter on the_content -->","protected":false},"excerpt":{"rendered":"<p>Dicen los grandes productores de cine que, por mucho que lo intenten y tengan medios para ello, la realidad siempre supera a la mejor ficci\u00f3n. En el caso de la \u00e9pica pel\u00edcula que ha rodado \u201cBarbarigo\u201d en su trayectoria en nuestro turf, ese bonito largometraje real, lleno de memorables batallas, no pod\u00eda tener un final [&hellip;]<!-- AddThis Advanced Settings generic via filter on get_the_excerpt --><!-- AddThis Share Buttons generic via filter on get_the_excerpt --><\/p>\n","protected":false},"author":5,"featured_media":0,"comment_status":"closed","ping_status":"open","sticky":false,"template":"","format":"standard","meta":{"_acf_changed":false,"_et_pb_use_builder":"","_et_pb_old_content":"","_et_gb_content_width":"","footnotes":""},"categories":[3],"tags":[],"class_list":["post-11270","post","type-post","status-publish","format-standard","hentry","category-noticias-cuadra-agrado"],"acf":[],"yoast_head":"<!-- This site is optimized with the Yoast SEO plugin v27.4 - https:\/\/yoast.com\/product\/yoast-seo-wordpress\/ -->\n<title>As\u00ed se despide un gladiador... - Cuadra Agrado<\/title>\n<meta name=\"robots\" content=\"index, follow, max-snippet:-1, max-image-preview:large, max-video-preview:-1\" \/>\n<link rel=\"canonical\" href=\"https:\/\/cuadra-agrado.es\/?p=11270\" \/>\n<meta property=\"og:locale\" content=\"es_ES\" \/>\n<meta property=\"og:type\" content=\"article\" \/>\n<meta property=\"og:title\" content=\"As\u00ed se despide un gladiador... - Cuadra Agrado\" \/>\n<meta property=\"og:description\" content=\"Dicen los grandes productores de cine que, por mucho que lo intenten y tengan medios para ello, la realidad siempre supera a la mejor ficci\u00f3n. En el caso de la \u00e9pica pel\u00edcula que ha rodado \u201cBarbarigo\u201d en su trayectoria en nuestro turf, ese bonito largometraje real, lleno de memorables batallas, no pod\u00eda tener un final [&hellip;]\" \/>\n<meta property=\"og:url\" content=\"https:\/\/cuadra-agrado.es\/?p=11270\" \/>\n<meta property=\"og:site_name\" content=\"Cuadra Agrado\" \/>\n<meta property=\"article:published_time\" content=\"2022-07-12T08:15:34+00:00\" \/>\n<meta property=\"article:modified_time\" content=\"2024-02-27T09:14:42+00:00\" \/>\n<meta name=\"author\" content=\"Miguel Redondo\" \/>\n<meta name=\"twitter:card\" content=\"summary_large_image\" \/>\n<meta name=\"twitter:creator\" content=\"@AGRADOracing\" \/>\n<meta name=\"twitter:site\" content=\"@AGRADOracing\" \/>\n<meta name=\"twitter:label1\" content=\"Escrito por\" \/>\n\t<meta name=\"twitter:data1\" content=\"Miguel Redondo\" \/>\n<script type=\"application\/ld+json\" class=\"yoast-schema-graph\">{\"@context\":\"https:\\\/\\\/schema.org\",\"@graph\":[{\"@type\":\"Article\",\"@id\":\"https:\\\/\\\/cuadra-agrado.es\\\/?p=11270#article\",\"isPartOf\":{\"@id\":\"https:\\\/\\\/cuadra-agrado.es\\\/?p=11270\"},\"author\":{\"name\":\"Miguel Redondo\",\"@id\":\"https:\\\/\\\/cuadra-agrado.es\\\/#\\\/schema\\\/person\\\/3aa4f8d2373cf756d93a5526bc72f31b\"},\"headline\":\"As\u00ed se despide un gladiador&#8230;\",\"datePublished\":\"2022-07-12T08:15:34+00:00\",\"dateModified\":\"2024-02-27T09:14:42+00:00\",\"mainEntityOfPage\":{\"@id\":\"https:\\\/\\\/cuadra-agrado.es\\\/?p=11270\"},\"wordCount\":1278,\"articleSection\":[\"Actualidad\"],\"inLanguage\":\"es\"},{\"@type\":\"WebPage\",\"@id\":\"https:\\\/\\\/cuadra-agrado.es\\\/?p=11270\",\"url\":\"https:\\\/\\\/cuadra-agrado.es\\\/?p=11270\",\"name\":\"As\u00ed se despide un gladiador... - Cuadra Agrado\",\"isPartOf\":{\"@id\":\"https:\\\/\\\/cuadra-agrado.es\\\/#website\"},\"datePublished\":\"2022-07-12T08:15:34+00:00\",\"dateModified\":\"2024-02-27T09:14:42+00:00\",\"author\":{\"@id\":\"https:\\\/\\\/cuadra-agrado.es\\\/#\\\/schema\\\/person\\\/3aa4f8d2373cf756d93a5526bc72f31b\"},\"breadcrumb\":{\"@id\":\"https:\\\/\\\/cuadra-agrado.es\\\/?p=11270#breadcrumb\"},\"inLanguage\":\"es\",\"potentialAction\":[{\"@type\":\"ReadAction\",\"target\":[\"https:\\\/\\\/cuadra-agrado.es\\\/?p=11270\"]}]},{\"@type\":\"BreadcrumbList\",\"@id\":\"https:\\\/\\\/cuadra-agrado.es\\\/?p=11270#breadcrumb\",\"itemListElement\":[{\"@type\":\"ListItem\",\"position\":1,\"name\":\"Portada\",\"item\":\"https:\\\/\\\/cuadra-agrado.es\\\/\"},{\"@type\":\"ListItem\",\"position\":2,\"name\":\"As\u00ed se despide un gladiador&#8230;\"}]},{\"@type\":\"WebSite\",\"@id\":\"https:\\\/\\\/cuadra-agrado.es\\\/#website\",\"url\":\"https:\\\/\\\/cuadra-agrado.es\\\/\",\"name\":\"Cuadra Agrado\",\"description\":\"En el mundo del Turf desde 2008\",\"potentialAction\":[{\"@type\":\"SearchAction\",\"target\":{\"@type\":\"EntryPoint\",\"urlTemplate\":\"https:\\\/\\\/cuadra-agrado.es\\\/?s={search_term_string}\"},\"query-input\":{\"@type\":\"PropertyValueSpecification\",\"valueRequired\":true,\"valueName\":\"search_term_string\"}}],\"inLanguage\":\"es\"},{\"@type\":\"Person\",\"@id\":\"https:\\\/\\\/cuadra-agrado.es\\\/#\\\/schema\\\/person\\\/3aa4f8d2373cf756d93a5526bc72f31b\",\"name\":\"Miguel Redondo\",\"image\":{\"@type\":\"ImageObject\",\"inLanguage\":\"es\",\"@id\":\"https:\\\/\\\/secure.gravatar.com\\\/avatar\\\/85704fceb4fa34017e3c1344d182da00dbf772fb8856ba2b7726a2df926415b4?s=96&d=mm&r=g\",\"url\":\"https:\\\/\\\/secure.gravatar.com\\\/avatar\\\/85704fceb4fa34017e3c1344d182da00dbf772fb8856ba2b7726a2df926415b4?s=96&d=mm&r=g\",\"contentUrl\":\"https:\\\/\\\/secure.gravatar.com\\\/avatar\\\/85704fceb4fa34017e3c1344d182da00dbf772fb8856ba2b7726a2df926415b4?s=96&d=mm&r=g\",\"caption\":\"Miguel Redondo\"},\"sameAs\":[\"https:\\\/\\\/cuadra-agrado.es\"],\"url\":\"https:\\\/\\\/cuadra-agrado.es\\\/?author=5\"}]}<\/script>\n<!-- \/ Yoast SEO plugin. -->","yoast_head_json":{"title":"As\u00ed se despide un gladiador... - Cuadra Agrado","robots":{"index":"index","follow":"follow","max-snippet":"max-snippet:-1","max-image-preview":"max-image-preview:large","max-video-preview":"max-video-preview:-1"},"canonical":"https:\/\/cuadra-agrado.es\/?p=11270","og_locale":"es_ES","og_type":"article","og_title":"As\u00ed se despide un gladiador... - Cuadra Agrado","og_description":"Dicen los grandes productores de cine que, por mucho que lo intenten y tengan medios para ello, la realidad siempre supera a la mejor ficci\u00f3n. En el caso de la \u00e9pica pel\u00edcula que ha rodado \u201cBarbarigo\u201d en su trayectoria en nuestro turf, ese bonito largometraje real, lleno de memorables batallas, no pod\u00eda tener un final [&hellip;]","og_url":"https:\/\/cuadra-agrado.es\/?p=11270","og_site_name":"Cuadra Agrado","article_published_time":"2022-07-12T08:15:34+00:00","article_modified_time":"2024-02-27T09:14:42+00:00","author":"Miguel Redondo","twitter_card":"summary_large_image","twitter_creator":"@AGRADOracing","twitter_site":"@AGRADOracing","twitter_misc":{"Escrito por":"Miguel Redondo"},"schema":{"@context":"https:\/\/schema.org","@graph":[{"@type":"Article","@id":"https:\/\/cuadra-agrado.es\/?p=11270#article","isPartOf":{"@id":"https:\/\/cuadra-agrado.es\/?p=11270"},"author":{"name":"Miguel Redondo","@id":"https:\/\/cuadra-agrado.es\/#\/schema\/person\/3aa4f8d2373cf756d93a5526bc72f31b"},"headline":"As\u00ed se despide un gladiador&#8230;","datePublished":"2022-07-12T08:15:34+00:00","dateModified":"2024-02-27T09:14:42+00:00","mainEntityOfPage":{"@id":"https:\/\/cuadra-agrado.es\/?p=11270"},"wordCount":1278,"articleSection":["Actualidad"],"inLanguage":"es"},{"@type":"WebPage","@id":"https:\/\/cuadra-agrado.es\/?p=11270","url":"https:\/\/cuadra-agrado.es\/?p=11270","name":"As\u00ed se despide un gladiador... - Cuadra Agrado","isPartOf":{"@id":"https:\/\/cuadra-agrado.es\/#website"},"datePublished":"2022-07-12T08:15:34+00:00","dateModified":"2024-02-27T09:14:42+00:00","author":{"@id":"https:\/\/cuadra-agrado.es\/#\/schema\/person\/3aa4f8d2373cf756d93a5526bc72f31b"},"breadcrumb":{"@id":"https:\/\/cuadra-agrado.es\/?p=11270#breadcrumb"},"inLanguage":"es","potentialAction":[{"@type":"ReadAction","target":["https:\/\/cuadra-agrado.es\/?p=11270"]}]},{"@type":"BreadcrumbList","@id":"https:\/\/cuadra-agrado.es\/?p=11270#breadcrumb","itemListElement":[{"@type":"ListItem","position":1,"name":"Portada","item":"https:\/\/cuadra-agrado.es\/"},{"@type":"ListItem","position":2,"name":"As\u00ed se despide un gladiador&#8230;"}]},{"@type":"WebSite","@id":"https:\/\/cuadra-agrado.es\/#website","url":"https:\/\/cuadra-agrado.es\/","name":"Cuadra Agrado","description":"En el mundo del Turf desde 2008","potentialAction":[{"@type":"SearchAction","target":{"@type":"EntryPoint","urlTemplate":"https:\/\/cuadra-agrado.es\/?s={search_term_string}"},"query-input":{"@type":"PropertyValueSpecification","valueRequired":true,"valueName":"search_term_string"}}],"inLanguage":"es"},{"@type":"Person","@id":"https:\/\/cuadra-agrado.es\/#\/schema\/person\/3aa4f8d2373cf756d93a5526bc72f31b","name":"Miguel Redondo","image":{"@type":"ImageObject","inLanguage":"es","@id":"https:\/\/secure.gravatar.com\/avatar\/85704fceb4fa34017e3c1344d182da00dbf772fb8856ba2b7726a2df926415b4?s=96&d=mm&r=g","url":"https:\/\/secure.gravatar.com\/avatar\/85704fceb4fa34017e3c1344d182da00dbf772fb8856ba2b7726a2df926415b4?s=96&d=mm&r=g","contentUrl":"https:\/\/secure.gravatar.com\/avatar\/85704fceb4fa34017e3c1344d182da00dbf772fb8856ba2b7726a2df926415b4?s=96&d=mm&r=g","caption":"Miguel Redondo"},"sameAs":["https:\/\/cuadra-agrado.es"],"url":"https:\/\/cuadra-agrado.es\/?author=5"}]}},"_links":{"self":[{"href":"https:\/\/cuadra-agrado.es\/index.php?rest_route=\/wp\/v2\/posts\/11270","targetHints":{"allow":["GET"]}}],"collection":[{"href":"https:\/\/cuadra-agrado.es\/index.php?rest_route=\/wp\/v2\/posts"}],"about":[{"href":"https:\/\/cuadra-agrado.es\/index.php?rest_route=\/wp\/v2\/types\/post"}],"author":[{"embeddable":true,"href":"https:\/\/cuadra-agrado.es\/index.php?rest_route=\/wp\/v2\/users\/5"}],"replies":[{"embeddable":true,"href":"https:\/\/cuadra-agrado.es\/index.php?rest_route=%2Fwp%2Fv2%2Fcomments&post=11270"}],"version-history":[{"count":0,"href":"https:\/\/cuadra-agrado.es\/index.php?rest_route=\/wp\/v2\/posts\/11270\/revisions"}],"wp:attachment":[{"href":"https:\/\/cuadra-agrado.es\/index.php?rest_route=%2Fwp%2Fv2%2Fmedia&parent=11270"}],"wp:term":[{"taxonomy":"category","embeddable":true,"href":"https:\/\/cuadra-agrado.es\/index.php?rest_route=%2Fwp%2Fv2%2Fcategories&post=11270"},{"taxonomy":"post_tag","embeddable":true,"href":"https:\/\/cuadra-agrado.es\/index.php?rest_route=%2Fwp%2Fv2%2Ftags&post=11270"}],"curies":[{"name":"wp","href":"https:\/\/api.w.org\/{rel}","templated":true}]}}