{"id":11099,"date":"2022-10-12T07:25:33","date_gmt":"2022-10-12T07:25:33","guid":{"rendered":"https:\/\/cuadra-agrado.es\/?p=11099"},"modified":"2024-02-27T09:14:41","modified_gmt":"2024-02-27T09:14:41","slug":"kowalsky-confirma-y-se-une-al-poker-de-christian-delcher","status":"publish","type":"post","link":"https:\/\/cuadra-agrado.es\/?p=11099","title":{"rendered":"Kowalsky confirma y se une al P\u00f3ker de Christian Delcher"},"content":{"rendered":"<p style=\"text-align: justify;\">Jornada muy especial la que pudimos presenciar ayer con un excelente p\u00f3ker de nuestro preparador Christian Delcher en sus victorias con los dos machos \u201c<strong>Kowalsky<\/strong>\u201d y \u201c<strong>Fintas<\/strong>\u201d, y las dos yeguas <strong>\u201cLady Moon\u201d<\/strong> y \u201c<strong>Pantxineta<\/strong>\u201d en los dos Grandes Premios de la jornada. Un total de 76.600 euros obtenidos en una fant\u00e1stica jornada, incluyendo colocaci\u00f3n tambi\u00e9n espl\u00e9ndida de \u201c<strong>Safaga<\/strong>\u201d que complet\u00f3 la gemela del GP ACPSIE.<br \/>\nNuestra m\u00e1s sincera enhorabuena a todo un equipo que, sacrificando parte del verano, ha sabido medir muy bien los tiempos de cara a esta temporada de oto\u00f1o donde est\u00e1 recogiendo frutos en maduraci\u00f3n perfecta con casi el pleno de sus propietarios. Y sin salirnos del patio, dar nuestra enhorabuena tambi\u00e9n a la nueva Jockey profesional, Julia Zambudio, que ayer rebas\u00f3 las 50 victorias en su historial, y que ingresa en primera divisi\u00f3n por m\u00e9ritos propios. Enhorabuena Jockey!!!<\/p>\n<p style=\"text-align: justify;\">Jornada en la que por la parte que nos toca, pudimos presenciar la primera victoria de \u201c<strong>Kowalsky<\/strong>\u201d, confirmando el buen debut de hace apenas 15 d\u00edas. Con esta victoria se ha ganado el derecho a confirmar su partant en el pr\u00f3ximo Gran Crit\u00e9rium de Madrid, y consolidarse tambi\u00e9n por m\u00e9ritos propios, como uno de esos potros que ser\u00e1n referentes en su edad cl\u00e1sica del pr\u00f3ximo a\u00f1o, si todo va en buena linea. Con un recorrido a contra-estilo con respecto a su debut, en mitad de un nutrido lote, supo Borja rehacerse en la entrada a la recta buscando el hueco por donde poder poner en marcha a este hijo de \u201c<strong>Anodin<\/strong>\u201d. A 300 metros encontr\u00f3 el pasillo y se fue confiado a ganar. El largo sprint desde lejos, y una carrera previa muy reciente para un dos a\u00f1os provocaron que, esos tres cuerpos de ventaja que ten\u00eda a falta de 100 metros se fueran reduciendo con el ataque de dos de sus rivales. Al final, la dupla supo aguantar tit\u00e1nicamente y hacerse con esa primera victoria que nos da la suficiente confianza para atacar sus dos grandes compromisos del a\u00f1o. Si no hay ning\u00fan contratiempo, su calendario oto\u00f1al pasa por disputar los dos Grandes Premios de la \u201cCopa Santander\u201d de Madrid y Sevilla, como \u00fanicas dos salidas del a\u00f1o restantes, y darle merecido descanso invernal para preparar grandes acontecimientos de la pr\u00f3xima primavera.<\/p>\n<p style=\"text-align: justify;\">Cambiamos de patio para dejar unas l\u00edneas de la primera actuaci\u00f3n de \u201c<strong>Alabama<\/strong>\u201d que se presentaba en nuestro turf. Muy valiente en el duro recorrido de 1.800 metros, liderando de manera muy r\u00e1pida a un lote que le dej\u00f3 hacer en punta. Al final, la osad\u00eda pas\u00f3 factura a tan solo 200 metros de la meta. Su compa\u00f1ero de viaje no pudo en ning\u00fan momento relajarlo y tapar su bonita acci\u00f3n en carrera como en sus precedentes francesas. Al final, ese desgaste, y una performance al 80% debido a unos problemas de salud acaecidos hace un par de semanas, le hicieron claudicar en el \u00faltimo furlong y llegar al poste de meta en quinta posici\u00f3n. Esperaremos confiados a su siguiente para confirmar ese buen valor franc\u00e9s que el domingo no tuvo en su mano.<\/p>\n<p style=\"text-align: justify;\">En esta semana, dos partants m\u00e1s para no parar el ciclo. La primera este pr\u00f3ximo mi\u00e9rcoles con el debut <strong>\u201cHighrdark Blue<\/strong>\u201d, cuya cr\u00f3nica ya hemos colgado anteriormente, y el domingo, la participaci\u00f3n de \u201c<strong>Kendaya<\/strong>\u201d en el Gran Premio Ruban. Con una ya en el cuerpo, \u201c<strong>Kendaya<\/strong>\u201d est\u00e1 en su tope de forma para tratar de revalorizar un peque\u00f1o valor perdido en la preparatoria, donde reaparec\u00eda despu\u00e9s de un verano en \u201cstandby\u201d. Un partant donde, a falta del rey, todos los dem\u00e1s son herederos al trono y con los que tendr\u00e1 que volver a luchar en otra dura prueba de m\u00e1xima exigencia. De nuevo, ser\u00e1 la \u00fanica yegua del lote de 7 participantes que defender\u00e1 su g\u00e9nero ante todos los machos guerrilleros, con especial menci\u00f3n a los tres que quedaron por delante en nuestra \u00faltima batalla y que enesta ocasi\u00f3n contamos con algo m\u00e1s de opciones para intercalar posiciones. Aun con las lluvias de comienzo de semana, desgraciadamente no vamos a tener la fortuna de una pista blanda o suave para el domingo que, sin duda, ayudar\u00eda en su condici\u00f3n. En cualquier caso, la yegua ya ha dado muchas muestras de esa buena condici\u00f3n como sprinter y, aunque no ha conseguido la merecida victoria en este a\u00f1o, siempre se abre una ventana nueva en cada salida, aunque en este caso, al tratarse de nuevo de todo un Gran Premio, sea algo m\u00e1s estrecha.<\/p>\n<p style=\"text-align: justify;\">Monta para Borja Fayos, que se ha consolidado como su dupla perfecta, y con la que, de nuevo, intentar\u00e1 buscar sus mejores opciones para volver a luchar un duro y nuevo Gran Premio en el que estamos convencidos estar\u00e1 de nuevo en el ajo.<\/p>\n<p style=\"text-align: justify;\">Mucha suerte equipos!!!<\/p>\n<!-- AddThis Advanced Settings generic via filter on the_content --><!-- AddThis Share Buttons generic via filter on the_content -->","protected":false},"excerpt":{"rendered":"<p>Jornada muy especial la que pudimos presenciar ayer con un excelente p\u00f3ker de nuestro preparador Christian Delcher en sus victorias con los dos machos \u201cKowalsky\u201d y \u201cFintas\u201d, y las dos yeguas \u201cLady Moon\u201d y \u201cPantxineta\u201d en los dos Grandes Premios de la jornada. Un total de 76.600 euros obtenidos en una fant\u00e1stica jornada, incluyendo colocaci\u00f3n [&hellip;]<!-- AddThis Advanced Settings generic via filter on get_the_excerpt --><!-- AddThis Share Buttons generic via filter on get_the_excerpt --><\/p>\n","protected":false},"author":5,"featured_media":10867,"comment_status":"closed","ping_status":"open","sticky":false,"template":"","format":"standard","meta":{"_acf_changed":false,"_et_pb_use_builder":"","_et_pb_old_content":"","_et_gb_content_width":"","footnotes":""},"categories":[3],"tags":[],"class_list":["post-11099","post","type-post","status-publish","format-standard","has-post-thumbnail","hentry","category-noticias-cuadra-agrado"],"acf":[],"yoast_head":"<!-- This site is optimized with the Yoast SEO plugin v27.4 - https:\/\/yoast.com\/product\/yoast-seo-wordpress\/ -->\n<title>Kowalsky confirma y se une al P\u00f3ker de Christian Delcher - Cuadra Agrado<\/title>\n<meta name=\"robots\" content=\"index, follow, max-snippet:-1, max-image-preview:large, max-video-preview:-1\" \/>\n<link rel=\"canonical\" href=\"https:\/\/cuadra-agrado.es\/?p=11099\" \/>\n<meta property=\"og:locale\" content=\"es_ES\" \/>\n<meta property=\"og:type\" content=\"article\" \/>\n<meta property=\"og:title\" content=\"Kowalsky confirma y se une al P\u00f3ker de Christian Delcher - Cuadra Agrado\" \/>\n<meta property=\"og:description\" content=\"Jornada muy especial la que pudimos presenciar ayer con un excelente p\u00f3ker de nuestro preparador Christian Delcher en sus victorias con los dos machos \u201cKowalsky\u201d y \u201cFintas\u201d, y las dos yeguas \u201cLady Moon\u201d y \u201cPantxineta\u201d en los dos Grandes Premios de la jornada. Un total de 76.600 euros obtenidos en una fant\u00e1stica jornada, incluyendo colocaci\u00f3n [&hellip;]\" \/>\n<meta property=\"og:url\" content=\"https:\/\/cuadra-agrado.es\/?p=11099\" \/>\n<meta property=\"og:site_name\" content=\"Cuadra Agrado\" \/>\n<meta property=\"article:published_time\" content=\"2022-10-12T07:25:33+00:00\" \/>\n<meta property=\"article:modified_time\" content=\"2024-02-27T09:14:41+00:00\" \/>\n<meta property=\"og:image\" content=\"https:\/\/cuadra-agrado.es\/wp-content\/uploads\/2022\/09\/kowalsky3-1.jpg\" \/>\n\t<meta property=\"og:image:width\" content=\"1024\" \/>\n\t<meta property=\"og:image:height\" content=\"819\" \/>\n\t<meta property=\"og:image:type\" content=\"image\/jpeg\" \/>\n<meta name=\"author\" content=\"Miguel Redondo\" \/>\n<meta name=\"twitter:card\" content=\"summary_large_image\" \/>\n<meta name=\"twitter:creator\" content=\"@AGRADOracing\" \/>\n<meta name=\"twitter:site\" content=\"@AGRADOracing\" \/>\n<meta name=\"twitter:label1\" content=\"Escrito por\" \/>\n\t<meta name=\"twitter:data1\" content=\"Miguel Redondo\" \/>\n\t<meta name=\"twitter:label2\" content=\"Tiempo de lectura\" \/>\n\t<meta name=\"twitter:data2\" content=\"4 minutos\" \/>\n<script type=\"application\/ld+json\" class=\"yoast-schema-graph\">{\"@context\":\"https:\\\/\\\/schema.org\",\"@graph\":[{\"@type\":\"Article\",\"@id\":\"https:\\\/\\\/cuadra-agrado.es\\\/?p=11099#article\",\"isPartOf\":{\"@id\":\"https:\\\/\\\/cuadra-agrado.es\\\/?p=11099\"},\"author\":{\"name\":\"Miguel Redondo\",\"@id\":\"https:\\\/\\\/cuadra-agrado.es\\\/#\\\/schema\\\/person\\\/3aa4f8d2373cf756d93a5526bc72f31b\"},\"headline\":\"Kowalsky confirma y se une al P\u00f3ker de Christian Delcher\",\"datePublished\":\"2022-10-12T07:25:33+00:00\",\"dateModified\":\"2024-02-27T09:14:41+00:00\",\"mainEntityOfPage\":{\"@id\":\"https:\\\/\\\/cuadra-agrado.es\\\/?p=11099\"},\"wordCount\":847,\"image\":{\"@id\":\"https:\\\/\\\/cuadra-agrado.es\\\/?p=11099#primaryimage\"},\"thumbnailUrl\":\"https:\\\/\\\/cuadra-agrado.es\\\/wp-content\\\/uploads\\\/2022\\\/09\\\/kowalsky3-1.jpg\",\"articleSection\":[\"Actualidad\"],\"inLanguage\":\"es\"},{\"@type\":\"WebPage\",\"@id\":\"https:\\\/\\\/cuadra-agrado.es\\\/?p=11099\",\"url\":\"https:\\\/\\\/cuadra-agrado.es\\\/?p=11099\",\"name\":\"Kowalsky confirma y se une al P\u00f3ker de Christian Delcher - Cuadra Agrado\",\"isPartOf\":{\"@id\":\"https:\\\/\\\/cuadra-agrado.es\\\/#website\"},\"primaryImageOfPage\":{\"@id\":\"https:\\\/\\\/cuadra-agrado.es\\\/?p=11099#primaryimage\"},\"image\":{\"@id\":\"https:\\\/\\\/cuadra-agrado.es\\\/?p=11099#primaryimage\"},\"thumbnailUrl\":\"https:\\\/\\\/cuadra-agrado.es\\\/wp-content\\\/uploads\\\/2022\\\/09\\\/kowalsky3-1.jpg\",\"datePublished\":\"2022-10-12T07:25:33+00:00\",\"dateModified\":\"2024-02-27T09:14:41+00:00\",\"author\":{\"@id\":\"https:\\\/\\\/cuadra-agrado.es\\\/#\\\/schema\\\/person\\\/3aa4f8d2373cf756d93a5526bc72f31b\"},\"breadcrumb\":{\"@id\":\"https:\\\/\\\/cuadra-agrado.es\\\/?p=11099#breadcrumb\"},\"inLanguage\":\"es\",\"potentialAction\":[{\"@type\":\"ReadAction\",\"target\":[\"https:\\\/\\\/cuadra-agrado.es\\\/?p=11099\"]}]},{\"@type\":\"ImageObject\",\"inLanguage\":\"es\",\"@id\":\"https:\\\/\\\/cuadra-agrado.es\\\/?p=11099#primaryimage\",\"url\":\"https:\\\/\\\/cuadra-agrado.es\\\/wp-content\\\/uploads\\\/2022\\\/09\\\/kowalsky3-1.jpg\",\"contentUrl\":\"https:\\\/\\\/cuadra-agrado.es\\\/wp-content\\\/uploads\\\/2022\\\/09\\\/kowalsky3-1.jpg\",\"width\":1024,\"height\":819},{\"@type\":\"BreadcrumbList\",\"@id\":\"https:\\\/\\\/cuadra-agrado.es\\\/?p=11099#breadcrumb\",\"itemListElement\":[{\"@type\":\"ListItem\",\"position\":1,\"name\":\"Portada\",\"item\":\"https:\\\/\\\/cuadra-agrado.es\\\/\"},{\"@type\":\"ListItem\",\"position\":2,\"name\":\"Kowalsky confirma y se une al P\u00f3ker de Christian Delcher\"}]},{\"@type\":\"WebSite\",\"@id\":\"https:\\\/\\\/cuadra-agrado.es\\\/#website\",\"url\":\"https:\\\/\\\/cuadra-agrado.es\\\/\",\"name\":\"Cuadra Agrado\",\"description\":\"En el mundo del Turf desde 2008\",\"potentialAction\":[{\"@type\":\"SearchAction\",\"target\":{\"@type\":\"EntryPoint\",\"urlTemplate\":\"https:\\\/\\\/cuadra-agrado.es\\\/?s={search_term_string}\"},\"query-input\":{\"@type\":\"PropertyValueSpecification\",\"valueRequired\":true,\"valueName\":\"search_term_string\"}}],\"inLanguage\":\"es\"},{\"@type\":\"Person\",\"@id\":\"https:\\\/\\\/cuadra-agrado.es\\\/#\\\/schema\\\/person\\\/3aa4f8d2373cf756d93a5526bc72f31b\",\"name\":\"Miguel Redondo\",\"image\":{\"@type\":\"ImageObject\",\"inLanguage\":\"es\",\"@id\":\"https:\\\/\\\/secure.gravatar.com\\\/avatar\\\/85704fceb4fa34017e3c1344d182da00dbf772fb8856ba2b7726a2df926415b4?s=96&d=mm&r=g\",\"url\":\"https:\\\/\\\/secure.gravatar.com\\\/avatar\\\/85704fceb4fa34017e3c1344d182da00dbf772fb8856ba2b7726a2df926415b4?s=96&d=mm&r=g\",\"contentUrl\":\"https:\\\/\\\/secure.gravatar.com\\\/avatar\\\/85704fceb4fa34017e3c1344d182da00dbf772fb8856ba2b7726a2df926415b4?s=96&d=mm&r=g\",\"caption\":\"Miguel Redondo\"},\"sameAs\":[\"https:\\\/\\\/cuadra-agrado.es\"],\"url\":\"https:\\\/\\\/cuadra-agrado.es\\\/?author=5\"}]}<\/script>\n<!-- \/ Yoast SEO plugin. -->","yoast_head_json":{"title":"Kowalsky confirma y se une al P\u00f3ker de Christian Delcher - Cuadra Agrado","robots":{"index":"index","follow":"follow","max-snippet":"max-snippet:-1","max-image-preview":"max-image-preview:large","max-video-preview":"max-video-preview:-1"},"canonical":"https:\/\/cuadra-agrado.es\/?p=11099","og_locale":"es_ES","og_type":"article","og_title":"Kowalsky confirma y se une al P\u00f3ker de Christian Delcher - Cuadra Agrado","og_description":"Jornada muy especial la que pudimos presenciar ayer con un excelente p\u00f3ker de nuestro preparador Christian Delcher en sus victorias con los dos machos \u201cKowalsky\u201d y \u201cFintas\u201d, y las dos yeguas \u201cLady Moon\u201d y \u201cPantxineta\u201d en los dos Grandes Premios de la jornada. Un total de 76.600 euros obtenidos en una fant\u00e1stica jornada, incluyendo colocaci\u00f3n [&hellip;]","og_url":"https:\/\/cuadra-agrado.es\/?p=11099","og_site_name":"Cuadra Agrado","article_published_time":"2022-10-12T07:25:33+00:00","article_modified_time":"2024-02-27T09:14:41+00:00","og_image":[{"width":1024,"height":819,"url":"https:\/\/cuadra-agrado.es\/wp-content\/uploads\/2022\/09\/kowalsky3-1.jpg","type":"image\/jpeg"}],"author":"Miguel Redondo","twitter_card":"summary_large_image","twitter_creator":"@AGRADOracing","twitter_site":"@AGRADOracing","twitter_misc":{"Escrito por":"Miguel Redondo","Tiempo de lectura":"4 minutos"},"schema":{"@context":"https:\/\/schema.org","@graph":[{"@type":"Article","@id":"https:\/\/cuadra-agrado.es\/?p=11099#article","isPartOf":{"@id":"https:\/\/cuadra-agrado.es\/?p=11099"},"author":{"name":"Miguel Redondo","@id":"https:\/\/cuadra-agrado.es\/#\/schema\/person\/3aa4f8d2373cf756d93a5526bc72f31b"},"headline":"Kowalsky confirma y se une al P\u00f3ker de Christian Delcher","datePublished":"2022-10-12T07:25:33+00:00","dateModified":"2024-02-27T09:14:41+00:00","mainEntityOfPage":{"@id":"https:\/\/cuadra-agrado.es\/?p=11099"},"wordCount":847,"image":{"@id":"https:\/\/cuadra-agrado.es\/?p=11099#primaryimage"},"thumbnailUrl":"https:\/\/cuadra-agrado.es\/wp-content\/uploads\/2022\/09\/kowalsky3-1.jpg","articleSection":["Actualidad"],"inLanguage":"es"},{"@type":"WebPage","@id":"https:\/\/cuadra-agrado.es\/?p=11099","url":"https:\/\/cuadra-agrado.es\/?p=11099","name":"Kowalsky confirma y se une al P\u00f3ker de Christian Delcher - Cuadra Agrado","isPartOf":{"@id":"https:\/\/cuadra-agrado.es\/#website"},"primaryImageOfPage":{"@id":"https:\/\/cuadra-agrado.es\/?p=11099#primaryimage"},"image":{"@id":"https:\/\/cuadra-agrado.es\/?p=11099#primaryimage"},"thumbnailUrl":"https:\/\/cuadra-agrado.es\/wp-content\/uploads\/2022\/09\/kowalsky3-1.jpg","datePublished":"2022-10-12T07:25:33+00:00","dateModified":"2024-02-27T09:14:41+00:00","author":{"@id":"https:\/\/cuadra-agrado.es\/#\/schema\/person\/3aa4f8d2373cf756d93a5526bc72f31b"},"breadcrumb":{"@id":"https:\/\/cuadra-agrado.es\/?p=11099#breadcrumb"},"inLanguage":"es","potentialAction":[{"@type":"ReadAction","target":["https:\/\/cuadra-agrado.es\/?p=11099"]}]},{"@type":"ImageObject","inLanguage":"es","@id":"https:\/\/cuadra-agrado.es\/?p=11099#primaryimage","url":"https:\/\/cuadra-agrado.es\/wp-content\/uploads\/2022\/09\/kowalsky3-1.jpg","contentUrl":"https:\/\/cuadra-agrado.es\/wp-content\/uploads\/2022\/09\/kowalsky3-1.jpg","width":1024,"height":819},{"@type":"BreadcrumbList","@id":"https:\/\/cuadra-agrado.es\/?p=11099#breadcrumb","itemListElement":[{"@type":"ListItem","position":1,"name":"Portada","item":"https:\/\/cuadra-agrado.es\/"},{"@type":"ListItem","position":2,"name":"Kowalsky confirma y se une al P\u00f3ker de Christian Delcher"}]},{"@type":"WebSite","@id":"https:\/\/cuadra-agrado.es\/#website","url":"https:\/\/cuadra-agrado.es\/","name":"Cuadra Agrado","description":"En el mundo del Turf desde 2008","potentialAction":[{"@type":"SearchAction","target":{"@type":"EntryPoint","urlTemplate":"https:\/\/cuadra-agrado.es\/?s={search_term_string}"},"query-input":{"@type":"PropertyValueSpecification","valueRequired":true,"valueName":"search_term_string"}}],"inLanguage":"es"},{"@type":"Person","@id":"https:\/\/cuadra-agrado.es\/#\/schema\/person\/3aa4f8d2373cf756d93a5526bc72f31b","name":"Miguel Redondo","image":{"@type":"ImageObject","inLanguage":"es","@id":"https:\/\/secure.gravatar.com\/avatar\/85704fceb4fa34017e3c1344d182da00dbf772fb8856ba2b7726a2df926415b4?s=96&d=mm&r=g","url":"https:\/\/secure.gravatar.com\/avatar\/85704fceb4fa34017e3c1344d182da00dbf772fb8856ba2b7726a2df926415b4?s=96&d=mm&r=g","contentUrl":"https:\/\/secure.gravatar.com\/avatar\/85704fceb4fa34017e3c1344d182da00dbf772fb8856ba2b7726a2df926415b4?s=96&d=mm&r=g","caption":"Miguel Redondo"},"sameAs":["https:\/\/cuadra-agrado.es"],"url":"https:\/\/cuadra-agrado.es\/?author=5"}]}},"_links":{"self":[{"href":"https:\/\/cuadra-agrado.es\/index.php?rest_route=\/wp\/v2\/posts\/11099","targetHints":{"allow":["GET"]}}],"collection":[{"href":"https:\/\/cuadra-agrado.es\/index.php?rest_route=\/wp\/v2\/posts"}],"about":[{"href":"https:\/\/cuadra-agrado.es\/index.php?rest_route=\/wp\/v2\/types\/post"}],"author":[{"embeddable":true,"href":"https:\/\/cuadra-agrado.es\/index.php?rest_route=\/wp\/v2\/users\/5"}],"replies":[{"embeddable":true,"href":"https:\/\/cuadra-agrado.es\/index.php?rest_route=%2Fwp%2Fv2%2Fcomments&post=11099"}],"version-history":[{"count":0,"href":"https:\/\/cuadra-agrado.es\/index.php?rest_route=\/wp\/v2\/posts\/11099\/revisions"}],"wp:featuredmedia":[{"embeddable":true,"href":"https:\/\/cuadra-agrado.es\/index.php?rest_route=\/wp\/v2\/media\/10867"}],"wp:attachment":[{"href":"https:\/\/cuadra-agrado.es\/index.php?rest_route=%2Fwp%2Fv2%2Fmedia&parent=11099"}],"wp:term":[{"taxonomy":"category","embeddable":true,"href":"https:\/\/cuadra-agrado.es\/index.php?rest_route=%2Fwp%2Fv2%2Fcategories&post=11099"},{"taxonomy":"post_tag","embeddable":true,"href":"https:\/\/cuadra-agrado.es\/index.php?rest_route=%2Fwp%2Fv2%2Ftags&post=11099"}],"curies":[{"name":"wp","href":"https:\/\/api.w.org\/{rel}","templated":true}]}}