{"id":1028,"date":"2014-02-19T19:50:22","date_gmt":"2014-02-19T18:50:22","guid":{"rendered":"https:\/\/cuadra-agrado.es\/?p=1028"},"modified":"2024-02-27T09:22:33","modified_gmt":"2024-02-27T09:22:33","slug":"turno-para-ranyan","status":"publish","type":"post","link":"https:\/\/cuadra-agrado.es\/?p=1028","title":{"rendered":"Turno para Rany\u00e1n en la jornada inaugural de primavera en Madrid"},"content":{"rendered":"<p style=\"text-align: justify;\"><img loading=\"lazy\" decoding=\"async\" class=\" wp-image-545 aligncenter\" alt=\"Ranyan-163.jpg\" src=\"http:\/\/cuadra-agrado.es\/wp-content\/uploads\/2014\/01\/Ranyan-163.jpg\" width=\"4288\" height=\"2848\" \/>Tras un exitoso inicio de temporada con &#8216;Valiant Blue&#8217;, llega el turno para nuestro fondista \u00a0&#8216;Rany\u00e1n&#8217; que reaparecer\u00e1 el pr\u00f3ximo domingo coincidiendo con la jornada inaugural de Primavera en Madrid.<\/p>\n<p style=\"text-align: justify;\">Tras su lesi\u00f3n de rodilla el verano pasado en Lasarte y su paso por quir\u00f3fano, que le tuvo en un box durante dos meses, y con trabajo liviano un par de meses m\u00e1s, est\u00e1 en condiciones de reaparecer en pista seis meses despu\u00e9s en este handicap.<\/p>\n<p style=\"text-align: justify;\">Sus trabajos desde Enero han sido mejor de lo esperado y fruto de ello ha sido la decisi\u00f3n de reaparecerle antes de lo previsto. La distancia de la prueba (1.800 m) ser\u00e1 casi un mayor handicap que su propia reaparici\u00f3n, pero el trainer lo ha querido as\u00ed para que, en caso de que acuse demasiado su primera, esta no sea demasiado dura.<\/p>\n<p style=\"text-align: justify;\">No es en definitiva su mejor distancia, ya que es un caballo que ha demostrado su fondo en multitud de salidas, pero su trabajo compensa el intento con un peso no excesivo en este handicap y con buenas opciones. No estar\u00eda de m\u00e1s que la pista blanda ayudara el domingo, pero no se prev\u00e9n lluvias en lo que queda de semana por lo que supuestamente no contaremos con ello. De las pocas veces que no damos como favorito a un caballo con nuestros colores, pero su victoria tampoco seria \u00a0una sorpresa para nosotros ni para su preparador.<\/p>\n<p style=\"text-align: justify;\">Monta para Borja Fayos que se estrenar\u00e1 con \u00e9l y que ya lo ha conducido entre semana, desear toda la suerte en su estreno con \u00e9l en pista.<\/p>\n<hr \/>\n<p style=\"text-align: justify;\">\n<!-- AddThis Advanced Settings generic via filter on the_content --><!-- AddThis Share Buttons generic via filter on the_content -->","protected":false},"excerpt":{"rendered":"<p>Tras un exitoso inicio de temporada con &#8216;Valiant Blue&#8217;, llega el turno para nuestro fondista \u00a0&#8216;Rany\u00e1n&#8217; que reaparecer\u00e1 el pr\u00f3ximo domingo coincidiendo con la jornada inaugural de Primavera en Madrid. Tras su lesi\u00f3n de rodilla el verano pasado en Lasarte y su paso por quir\u00f3fano, que le tuvo en un box durante dos meses, y [&hellip;]<!-- AddThis Advanced Settings generic via filter on get_the_excerpt --><!-- AddThis Share Buttons generic via filter on get_the_excerpt --><\/p>\n","protected":false},"author":5,"featured_media":0,"comment_status":"closed","ping_status":"closed","sticky":false,"template":"","format":"gallery","meta":{"_acf_changed":false,"_et_pb_use_builder":"","_et_pb_old_content":"","_et_gb_content_width":"","footnotes":""},"categories":[3],"tags":[],"class_list":["post-1028","post","type-post","status-publish","format-gallery","hentry","category-noticias-cuadra-agrado","post_format-post-format-gallery"],"acf":[],"yoast_head":"<!-- This site is optimized with the Yoast SEO plugin v27.4 - https:\/\/yoast.com\/product\/yoast-seo-wordpress\/ -->\n<title>Turno para Rany\u00e1n en la jornada inaugural de primavera en Madrid - Cuadra Agrado<\/title>\n<meta name=\"robots\" content=\"index, follow, max-snippet:-1, max-image-preview:large, max-video-preview:-1\" \/>\n<link rel=\"canonical\" href=\"https:\/\/cuadra-agrado.es\/?p=1028\" \/>\n<meta property=\"og:locale\" content=\"es_ES\" \/>\n<meta property=\"og:type\" content=\"article\" \/>\n<meta property=\"og:title\" content=\"Turno para Rany\u00e1n en la jornada inaugural de primavera en Madrid - Cuadra Agrado\" \/>\n<meta property=\"og:description\" content=\"Tras un exitoso inicio de temporada con &#8216;Valiant Blue&#8217;, llega el turno para nuestro fondista \u00a0&#8216;Rany\u00e1n&#8217; que reaparecer\u00e1 el pr\u00f3ximo domingo coincidiendo con la jornada inaugural de Primavera en Madrid. Tras su lesi\u00f3n de rodilla el verano pasado en Lasarte y su paso por quir\u00f3fano, que le tuvo en un box durante dos meses, y [&hellip;]\" \/>\n<meta property=\"og:url\" content=\"https:\/\/cuadra-agrado.es\/?p=1028\" \/>\n<meta property=\"og:site_name\" content=\"Cuadra Agrado\" \/>\n<meta property=\"article:published_time\" content=\"2014-02-19T18:50:22+00:00\" \/>\n<meta property=\"article:modified_time\" content=\"2024-02-27T09:22:33+00:00\" \/>\n<meta property=\"og:image\" content=\"http:\/\/cuadra-agrado.es\/wp-content\/uploads\/2014\/01\/Ranyan-163.jpg\" \/>\n<meta name=\"author\" content=\"Miguel Redondo\" \/>\n<meta name=\"twitter:card\" content=\"summary_large_image\" \/>\n<meta name=\"twitter:creator\" content=\"@AGRADOracing\" \/>\n<meta name=\"twitter:site\" content=\"@AGRADOracing\" \/>\n<meta name=\"twitter:label1\" content=\"Escrito por\" \/>\n\t<meta name=\"twitter:data1\" content=\"Miguel Redondo\" \/>\n\t<meta name=\"twitter:label2\" content=\"Tiempo de lectura\" \/>\n\t<meta name=\"twitter:data2\" content=\"1 minuto\" \/>\n<script type=\"application\/ld+json\" class=\"yoast-schema-graph\">{\"@context\":\"https:\\\/\\\/schema.org\",\"@graph\":[{\"@type\":\"Article\",\"@id\":\"https:\\\/\\\/cuadra-agrado.es\\\/?p=1028#article\",\"isPartOf\":{\"@id\":\"https:\\\/\\\/cuadra-agrado.es\\\/?p=1028\"},\"author\":{\"name\":\"Miguel Redondo\",\"@id\":\"https:\\\/\\\/cuadra-agrado.es\\\/#\\\/schema\\\/person\\\/3aa4f8d2373cf756d93a5526bc72f31b\"},\"headline\":\"Turno para Rany\u00e1n en la jornada inaugural de primavera en Madrid\",\"datePublished\":\"2014-02-19T18:50:22+00:00\",\"dateModified\":\"2024-02-27T09:22:33+00:00\",\"mainEntityOfPage\":{\"@id\":\"https:\\\/\\\/cuadra-agrado.es\\\/?p=1028\"},\"wordCount\":285,\"image\":{\"@id\":\"https:\\\/\\\/cuadra-agrado.es\\\/?p=1028#primaryimage\"},\"thumbnailUrl\":\"http:\\\/\\\/cuadra-agrado.es\\\/wp-content\\\/uploads\\\/2014\\\/01\\\/Ranyan-163.jpg\",\"articleSection\":[\"Actualidad\"],\"inLanguage\":\"es\"},{\"@type\":\"WebPage\",\"@id\":\"https:\\\/\\\/cuadra-agrado.es\\\/?p=1028\",\"url\":\"https:\\\/\\\/cuadra-agrado.es\\\/?p=1028\",\"name\":\"Turno para Rany\u00e1n en la jornada inaugural de primavera en Madrid - Cuadra Agrado\",\"isPartOf\":{\"@id\":\"https:\\\/\\\/cuadra-agrado.es\\\/#website\"},\"primaryImageOfPage\":{\"@id\":\"https:\\\/\\\/cuadra-agrado.es\\\/?p=1028#primaryimage\"},\"image\":{\"@id\":\"https:\\\/\\\/cuadra-agrado.es\\\/?p=1028#primaryimage\"},\"thumbnailUrl\":\"http:\\\/\\\/cuadra-agrado.es\\\/wp-content\\\/uploads\\\/2014\\\/01\\\/Ranyan-163.jpg\",\"datePublished\":\"2014-02-19T18:50:22+00:00\",\"dateModified\":\"2024-02-27T09:22:33+00:00\",\"author\":{\"@id\":\"https:\\\/\\\/cuadra-agrado.es\\\/#\\\/schema\\\/person\\\/3aa4f8d2373cf756d93a5526bc72f31b\"},\"breadcrumb\":{\"@id\":\"https:\\\/\\\/cuadra-agrado.es\\\/?p=1028#breadcrumb\"},\"inLanguage\":\"es\",\"potentialAction\":[{\"@type\":\"ReadAction\",\"target\":[\"https:\\\/\\\/cuadra-agrado.es\\\/?p=1028\"]}]},{\"@type\":\"ImageObject\",\"inLanguage\":\"es\",\"@id\":\"https:\\\/\\\/cuadra-agrado.es\\\/?p=1028#primaryimage\",\"url\":\"http:\\\/\\\/cuadra-agrado.es\\\/wp-content\\\/uploads\\\/2014\\\/01\\\/Ranyan-163.jpg\",\"contentUrl\":\"http:\\\/\\\/cuadra-agrado.es\\\/wp-content\\\/uploads\\\/2014\\\/01\\\/Ranyan-163.jpg\"},{\"@type\":\"BreadcrumbList\",\"@id\":\"https:\\\/\\\/cuadra-agrado.es\\\/?p=1028#breadcrumb\",\"itemListElement\":[{\"@type\":\"ListItem\",\"position\":1,\"name\":\"Portada\",\"item\":\"https:\\\/\\\/cuadra-agrado.es\\\/\"},{\"@type\":\"ListItem\",\"position\":2,\"name\":\"Turno para Rany\u00e1n en la jornada inaugural de primavera en Madrid\"}]},{\"@type\":\"WebSite\",\"@id\":\"https:\\\/\\\/cuadra-agrado.es\\\/#website\",\"url\":\"https:\\\/\\\/cuadra-agrado.es\\\/\",\"name\":\"Cuadra Agrado\",\"description\":\"En el mundo del Turf desde 2008\",\"potentialAction\":[{\"@type\":\"SearchAction\",\"target\":{\"@type\":\"EntryPoint\",\"urlTemplate\":\"https:\\\/\\\/cuadra-agrado.es\\\/?s={search_term_string}\"},\"query-input\":{\"@type\":\"PropertyValueSpecification\",\"valueRequired\":true,\"valueName\":\"search_term_string\"}}],\"inLanguage\":\"es\"},{\"@type\":\"Person\",\"@id\":\"https:\\\/\\\/cuadra-agrado.es\\\/#\\\/schema\\\/person\\\/3aa4f8d2373cf756d93a5526bc72f31b\",\"name\":\"Miguel Redondo\",\"image\":{\"@type\":\"ImageObject\",\"inLanguage\":\"es\",\"@id\":\"https:\\\/\\\/secure.gravatar.com\\\/avatar\\\/85704fceb4fa34017e3c1344d182da00dbf772fb8856ba2b7726a2df926415b4?s=96&d=mm&r=g\",\"url\":\"https:\\\/\\\/secure.gravatar.com\\\/avatar\\\/85704fceb4fa34017e3c1344d182da00dbf772fb8856ba2b7726a2df926415b4?s=96&d=mm&r=g\",\"contentUrl\":\"https:\\\/\\\/secure.gravatar.com\\\/avatar\\\/85704fceb4fa34017e3c1344d182da00dbf772fb8856ba2b7726a2df926415b4?s=96&d=mm&r=g\",\"caption\":\"Miguel Redondo\"},\"sameAs\":[\"https:\\\/\\\/cuadra-agrado.es\"],\"url\":\"https:\\\/\\\/cuadra-agrado.es\\\/?author=5\"}]}<\/script>\n<!-- \/ Yoast SEO plugin. -->","yoast_head_json":{"title":"Turno para Rany\u00e1n en la jornada inaugural de primavera en Madrid - Cuadra Agrado","robots":{"index":"index","follow":"follow","max-snippet":"max-snippet:-1","max-image-preview":"max-image-preview:large","max-video-preview":"max-video-preview:-1"},"canonical":"https:\/\/cuadra-agrado.es\/?p=1028","og_locale":"es_ES","og_type":"article","og_title":"Turno para Rany\u00e1n en la jornada inaugural de primavera en Madrid - Cuadra Agrado","og_description":"Tras un exitoso inicio de temporada con &#8216;Valiant Blue&#8217;, llega el turno para nuestro fondista \u00a0&#8216;Rany\u00e1n&#8217; que reaparecer\u00e1 el pr\u00f3ximo domingo coincidiendo con la jornada inaugural de Primavera en Madrid. Tras su lesi\u00f3n de rodilla el verano pasado en Lasarte y su paso por quir\u00f3fano, que le tuvo en un box durante dos meses, y [&hellip;]","og_url":"https:\/\/cuadra-agrado.es\/?p=1028","og_site_name":"Cuadra Agrado","article_published_time":"2014-02-19T18:50:22+00:00","article_modified_time":"2024-02-27T09:22:33+00:00","og_image":[{"url":"http:\/\/cuadra-agrado.es\/wp-content\/uploads\/2014\/01\/Ranyan-163.jpg","type":"","width":"","height":""}],"author":"Miguel Redondo","twitter_card":"summary_large_image","twitter_creator":"@AGRADOracing","twitter_site":"@AGRADOracing","twitter_misc":{"Escrito por":"Miguel Redondo","Tiempo de lectura":"1 minuto"},"schema":{"@context":"https:\/\/schema.org","@graph":[{"@type":"Article","@id":"https:\/\/cuadra-agrado.es\/?p=1028#article","isPartOf":{"@id":"https:\/\/cuadra-agrado.es\/?p=1028"},"author":{"name":"Miguel Redondo","@id":"https:\/\/cuadra-agrado.es\/#\/schema\/person\/3aa4f8d2373cf756d93a5526bc72f31b"},"headline":"Turno para Rany\u00e1n en la jornada inaugural de primavera en Madrid","datePublished":"2014-02-19T18:50:22+00:00","dateModified":"2024-02-27T09:22:33+00:00","mainEntityOfPage":{"@id":"https:\/\/cuadra-agrado.es\/?p=1028"},"wordCount":285,"image":{"@id":"https:\/\/cuadra-agrado.es\/?p=1028#primaryimage"},"thumbnailUrl":"http:\/\/cuadra-agrado.es\/wp-content\/uploads\/2014\/01\/Ranyan-163.jpg","articleSection":["Actualidad"],"inLanguage":"es"},{"@type":"WebPage","@id":"https:\/\/cuadra-agrado.es\/?p=1028","url":"https:\/\/cuadra-agrado.es\/?p=1028","name":"Turno para Rany\u00e1n en la jornada inaugural de primavera en Madrid - Cuadra Agrado","isPartOf":{"@id":"https:\/\/cuadra-agrado.es\/#website"},"primaryImageOfPage":{"@id":"https:\/\/cuadra-agrado.es\/?p=1028#primaryimage"},"image":{"@id":"https:\/\/cuadra-agrado.es\/?p=1028#primaryimage"},"thumbnailUrl":"http:\/\/cuadra-agrado.es\/wp-content\/uploads\/2014\/01\/Ranyan-163.jpg","datePublished":"2014-02-19T18:50:22+00:00","dateModified":"2024-02-27T09:22:33+00:00","author":{"@id":"https:\/\/cuadra-agrado.es\/#\/schema\/person\/3aa4f8d2373cf756d93a5526bc72f31b"},"breadcrumb":{"@id":"https:\/\/cuadra-agrado.es\/?p=1028#breadcrumb"},"inLanguage":"es","potentialAction":[{"@type":"ReadAction","target":["https:\/\/cuadra-agrado.es\/?p=1028"]}]},{"@type":"ImageObject","inLanguage":"es","@id":"https:\/\/cuadra-agrado.es\/?p=1028#primaryimage","url":"http:\/\/cuadra-agrado.es\/wp-content\/uploads\/2014\/01\/Ranyan-163.jpg","contentUrl":"http:\/\/cuadra-agrado.es\/wp-content\/uploads\/2014\/01\/Ranyan-163.jpg"},{"@type":"BreadcrumbList","@id":"https:\/\/cuadra-agrado.es\/?p=1028#breadcrumb","itemListElement":[{"@type":"ListItem","position":1,"name":"Portada","item":"https:\/\/cuadra-agrado.es\/"},{"@type":"ListItem","position":2,"name":"Turno para Rany\u00e1n en la jornada inaugural de primavera en Madrid"}]},{"@type":"WebSite","@id":"https:\/\/cuadra-agrado.es\/#website","url":"https:\/\/cuadra-agrado.es\/","name":"Cuadra Agrado","description":"En el mundo del Turf desde 2008","potentialAction":[{"@type":"SearchAction","target":{"@type":"EntryPoint","urlTemplate":"https:\/\/cuadra-agrado.es\/?s={search_term_string}"},"query-input":{"@type":"PropertyValueSpecification","valueRequired":true,"valueName":"search_term_string"}}],"inLanguage":"es"},{"@type":"Person","@id":"https:\/\/cuadra-agrado.es\/#\/schema\/person\/3aa4f8d2373cf756d93a5526bc72f31b","name":"Miguel Redondo","image":{"@type":"ImageObject","inLanguage":"es","@id":"https:\/\/secure.gravatar.com\/avatar\/85704fceb4fa34017e3c1344d182da00dbf772fb8856ba2b7726a2df926415b4?s=96&d=mm&r=g","url":"https:\/\/secure.gravatar.com\/avatar\/85704fceb4fa34017e3c1344d182da00dbf772fb8856ba2b7726a2df926415b4?s=96&d=mm&r=g","contentUrl":"https:\/\/secure.gravatar.com\/avatar\/85704fceb4fa34017e3c1344d182da00dbf772fb8856ba2b7726a2df926415b4?s=96&d=mm&r=g","caption":"Miguel Redondo"},"sameAs":["https:\/\/cuadra-agrado.es"],"url":"https:\/\/cuadra-agrado.es\/?author=5"}]}},"_links":{"self":[{"href":"https:\/\/cuadra-agrado.es\/index.php?rest_route=\/wp\/v2\/posts\/1028","targetHints":{"allow":["GET"]}}],"collection":[{"href":"https:\/\/cuadra-agrado.es\/index.php?rest_route=\/wp\/v2\/posts"}],"about":[{"href":"https:\/\/cuadra-agrado.es\/index.php?rest_route=\/wp\/v2\/types\/post"}],"author":[{"embeddable":true,"href":"https:\/\/cuadra-agrado.es\/index.php?rest_route=\/wp\/v2\/users\/5"}],"replies":[{"embeddable":true,"href":"https:\/\/cuadra-agrado.es\/index.php?rest_route=%2Fwp%2Fv2%2Fcomments&post=1028"}],"version-history":[{"count":0,"href":"https:\/\/cuadra-agrado.es\/index.php?rest_route=\/wp\/v2\/posts\/1028\/revisions"}],"wp:attachment":[{"href":"https:\/\/cuadra-agrado.es\/index.php?rest_route=%2Fwp%2Fv2%2Fmedia&parent=1028"}],"wp:term":[{"taxonomy":"category","embeddable":true,"href":"https:\/\/cuadra-agrado.es\/index.php?rest_route=%2Fwp%2Fv2%2Fcategories&post=1028"},{"taxonomy":"post_tag","embeddable":true,"href":"https:\/\/cuadra-agrado.es\/index.php?rest_route=%2Fwp%2Fv2%2Ftags&post=1028"}],"curies":[{"name":"wp","href":"https:\/\/api.w.org\/{rel}","templated":true}]}}