{"id":10201,"date":"2022-09-05T10:41:11","date_gmt":"2022-09-05T10:41:11","guid":{"rendered":"https:\/\/cuadra-agrado.es\/?p=10165"},"modified":"2024-02-27T09:14:42","modified_gmt":"2024-02-27T09:14:42","slug":"super-trip-reaparece-para-disputar-su-tercer-gran-premio","status":"publish","type":"post","link":"https:\/\/cuadra-agrado.es\/?p=10201","title":{"rendered":"Super Trip reaparece para disputar su tercer Gran Premio."},"content":{"rendered":"<p style=\"text-align: justify;\">La mejor potranca de su generaci\u00f3n a dos a\u00f1os, que as\u00ed lo demostrara ganando el Gran Crit\u00e9rium\u00b421, y que posteriormente volvi\u00f3 a coronarse la mejor de tres a\u00f1os ganando en su edad cl\u00e1sica el Oaks\u00b422, retornar\u00e1 a la competici\u00f3n 93 d\u00edas despu\u00e9s de aquel duro Gran Premio que gan\u00f3 con enorme coraz\u00f3n y coraje. Aquella dura, pero obligada carrera en su programa pas\u00f3 factura provocando un peque\u00f1o problema respiratorio del que ha sido tratada durante estos largos tres meses de descanso estival, que ha aprovechado tambi\u00e9n para recuperar ese desgaste de primavera en duras pruebas donde consigui\u00f3 dos victorias y un segundo puesto, exactamente los mismos n\u00fameros que realizara en el oto\u00f1o pasado. Hasta la fecha defendiendo nuestros colores, seis salidas a pista traducidas con cuatro victorias y dos segundos puestos, dice mucho de esta enorme yegua de calidad que nos toc\u00f3 en el bombo de la fortuna hace apenas un a\u00f1o y con la que esperamos abordar grandes citas en oto\u00f1o.<\/p>\n<p style=\"text-align: justify;\"><strong>\u201cSuper Trip\u201d<\/strong> confirmar\u00e1 ma\u00f1ana su reaparici\u00f3n en el <em>Gran Premio Ben\u00edtez de Lugo<\/em>, exclusivo para yeguas, a disputar este pr\u00f3ximo domingo en la primera jornada oto\u00f1al madrile\u00f1a. Abordar\u00e1 de esta forma su tercer Gran Premio en menos de un a\u00f1o con nosotros, y con la enorme tranquilidad de tener ya dos en el bolsillo. Una dura prueba para comenzar su particular oto\u00f1o que tomaremos como referencia para despejar dudas sobre su particular problema de salud, y su puesta en marcha de cara a coger ese ritmo de competici\u00f3n necesario para abordar un programa oto\u00f1al muy ilusionante que tenemos ya predefinido. La yegua llega en buenas condiciones de forma y con una frescura con la que no contar\u00e1n muchas de sus rivales despu\u00e9s de este largo verano y, aunque es evidente que el largo tiempo en box supone un h\u00e1ndicap en contra sobre sus buenas rivales con m\u00e1s de ritmo de competici\u00f3n, creemos que esa frescura podr\u00eda compensar ese h\u00e1ndicap en contra. La preparaci\u00f3n, que se ha volcado con ella durante todo el verano, estima que llega con mejor forma que la que tuviera en esa \u00faltima batalla de finales de primavera, donde un peque\u00f1o percance oblig\u00f3 a una r\u00e1pida \u201cperformance\u201d, que al final bast\u00f3 para coronarse princesa de los tres a\u00f1os. En este nuevo Gran Premio, reducimos el metraje 200 metros, que a buen seguro le vendr\u00e1n mucho mejor que los pasados 2.400 metros del Oaks, donde pudimos confirmar que est\u00e1n ya en un l\u00edmite de distancia poco aconsejable con respecto a su condici\u00f3n.<\/p>\n<p style=\"text-align: justify;\">El pr\u00f3ximo domingo sube un escal\u00f3n m\u00e1s en su primer enfrentamiento contra las reinas de nuestro medio-fondo y, sin duda, ser\u00e1 una bonita prueba para calibrar el buen valor demostrado hasta la fecha, e iniciar un oto\u00f1o con unos grandes objetivos programados. Del partant, a\u00fan sin confirmar, resalta una rival que sobresale por encima del resto. Por supuesto, hablamos de \u201c<strong>Hardpia<\/strong>\u201d como la reina madre de nuestro turf actual. Vigente ganadora de este mismo GP en 2021, viene de ganar el prestigioso premio donostiarra <em>Maria Cristina<\/em> este verano y, en su \u00faltima de Madrid, se despidi\u00f3 de la primavera ganando otro cl\u00e1sico, como es el <em>Premio Teresa<\/em>. Ahora mismo, la pensionista del bueno de Tsereteli es para nosotros la mejor yegua de nuestro circuito con un valor contrastado 44, y ya portando esa negrita desde el pasado a\u00f1o con ese magn\u00edfico tercer puesto del <em>Fille De L\u00b4air en Grupo3<\/em>. Sin duda alguna, la gran favorita de la prueba, y nuestra referencia a batir para esta carrera con el permiso de otras dos yeguas que bien pudieran volverse a reivindicar desmintiendo sus \u00faltimas actuaciones, como son los casos de \u201c<strong>Navia<\/strong>\u201d o \u201c<strong>Tarantela<\/strong>\u201d.<\/p>\n<p style=\"text-align: justify;\">La sanci\u00f3n vigente de nuestro primer jockey Borja Fayos, con tres jornadas de suspensi\u00f3n y puesta a pie, lamentablemente nos obliga a prescindir de sus servicios para esta nueva conquista y, tras una breve conversaci\u00f3n con la preparaci\u00f3n, decidimos en mutuo acuerdo confiar plenamente la monta en la c\u00e1ntabra Julia Zambudio. Muchos son los motivos para que una todav\u00eda jockey no profesional se haya ganado nuestra confianza en una cita tan se\u00f1alada. Julia trabaja en el patio por las ma\u00f1anas y conoce a la yegua del d\u00eda a d\u00eda. Su \u00faltima actuaci\u00f3n en dupla a comienzos de temporada result\u00f3 simplemente excepcional con una soberbia victoria, y lo m\u00e1s importante de todo\u2026. tiene una ilusi\u00f3n tremenda por seguir demostrando su enorme condici\u00f3n y subirse en la que considera la mejor yegua de nuestro turf. Si adem\u00e1s de esto, tiene la posibilidad de ganar todo un Gran Premio, la confianza, ilusi\u00f3n y ganas se multiplican exponencialmente con la motivaci\u00f3n adicional de llegar con un estado de forma y moral por las nubes, despu\u00e9s de la magn\u00edfica temporada de verano plagada de victorias.<\/p>\n<p style=\"text-align: justify;\">Jockey de casa, de confianza y en la buena ola, distancia mucho m\u00e1s centrada en su mejor horquilla de metraje, frescura, y buena condici\u00f3n f\u00edsica de la yegua son los condicionantes en positivo para abordar este nuevo Gran Premio. Vamos a por ello\u2026.<\/p>\n<p style=\"text-align: justify;\">Comienza el oto\u00f1o,<br \/>\nMucha suerte equipo !!!<\/p>\n<!-- AddThis Advanced Settings generic via filter on the_content --><!-- AddThis Share Buttons generic via filter on the_content -->","protected":false},"excerpt":{"rendered":"<p>La mejor potranca de su generaci\u00f3n a dos a\u00f1os, que as\u00ed lo demostrara ganando el Gran Crit\u00e9rium\u00b421, y que posteriormente volvi\u00f3 a coronarse la mejor de tres a\u00f1os ganando en su edad cl\u00e1sica el Oaks\u00b422, retornar\u00e1 a la competici\u00f3n 93 d\u00edas despu\u00e9s de aquel duro Gran Premio que gan\u00f3 con enorme coraz\u00f3n y coraje. Aquella [&hellip;]<!-- AddThis Advanced Settings generic via filter on get_the_excerpt --><!-- AddThis Share Buttons generic via filter on get_the_excerpt --><\/p>\n","protected":false},"author":5,"featured_media":10868,"comment_status":"closed","ping_status":"open","sticky":false,"template":"","format":"standard","meta":{"_acf_changed":false,"_et_pb_use_builder":"","_et_pb_old_content":"","_et_gb_content_width":"","footnotes":""},"categories":[3],"tags":[],"class_list":["post-10201","post","type-post","status-publish","format-standard","has-post-thumbnail","hentry","category-noticias-cuadra-agrado"],"acf":[],"yoast_head":"<!-- This site is optimized with the Yoast SEO plugin v27.4 - https:\/\/yoast.com\/product\/yoast-seo-wordpress\/ -->\n<title>Super Trip reaparece para disputar su tercer Gran Premio. - Cuadra Agrado<\/title>\n<meta name=\"robots\" content=\"index, follow, max-snippet:-1, max-image-preview:large, max-video-preview:-1\" \/>\n<link rel=\"canonical\" href=\"https:\/\/cuadra-agrado.es\/?p=10201\" \/>\n<meta property=\"og:locale\" content=\"es_ES\" \/>\n<meta property=\"og:type\" content=\"article\" \/>\n<meta property=\"og:title\" content=\"Super Trip reaparece para disputar su tercer Gran Premio. - Cuadra Agrado\" \/>\n<meta property=\"og:description\" content=\"La mejor potranca de su generaci\u00f3n a dos a\u00f1os, que as\u00ed lo demostrara ganando el Gran Crit\u00e9rium\u00b421, y que posteriormente volvi\u00f3 a coronarse la mejor de tres a\u00f1os ganando en su edad cl\u00e1sica el Oaks\u00b422, retornar\u00e1 a la competici\u00f3n 93 d\u00edas despu\u00e9s de aquel duro Gran Premio que gan\u00f3 con enorme coraz\u00f3n y coraje. Aquella [&hellip;]\" \/>\n<meta property=\"og:url\" content=\"https:\/\/cuadra-agrado.es\/?p=10201\" \/>\n<meta property=\"og:site_name\" content=\"Cuadra Agrado\" \/>\n<meta property=\"article:published_time\" content=\"2022-09-05T10:41:11+00:00\" \/>\n<meta property=\"article:modified_time\" content=\"2024-02-27T09:14:42+00:00\" \/>\n<meta property=\"og:image\" content=\"https:\/\/cuadra-agrado.es\/wp-content\/uploads\/2022\/09\/supertrip-0aks1.jpg\" \/>\n\t<meta property=\"og:image:width\" content=\"2048\" \/>\n\t<meta property=\"og:image:height\" content=\"1364\" \/>\n\t<meta property=\"og:image:type\" content=\"image\/jpeg\" \/>\n<meta name=\"author\" content=\"Miguel Redondo\" \/>\n<meta name=\"twitter:card\" content=\"summary_large_image\" \/>\n<meta name=\"twitter:creator\" content=\"@AGRADOracing\" \/>\n<meta name=\"twitter:site\" content=\"@AGRADOracing\" \/>\n<meta name=\"twitter:label1\" content=\"Escrito por\" \/>\n\t<meta name=\"twitter:data1\" content=\"Miguel Redondo\" \/>\n\t<meta name=\"twitter:label2\" content=\"Tiempo de lectura\" \/>\n\t<meta name=\"twitter:data2\" content=\"4 minutos\" \/>\n<script type=\"application\/ld+json\" class=\"yoast-schema-graph\">{\"@context\":\"https:\\\/\\\/schema.org\",\"@graph\":[{\"@type\":\"Article\",\"@id\":\"https:\\\/\\\/cuadra-agrado.es\\\/?p=10201#article\",\"isPartOf\":{\"@id\":\"https:\\\/\\\/cuadra-agrado.es\\\/?p=10201\"},\"author\":{\"name\":\"Miguel Redondo\",\"@id\":\"https:\\\/\\\/cuadra-agrado.es\\\/#\\\/schema\\\/person\\\/3aa4f8d2373cf756d93a5526bc72f31b\"},\"headline\":\"Super Trip reaparece para disputar su tercer Gran Premio.\",\"datePublished\":\"2022-09-05T10:41:11+00:00\",\"dateModified\":\"2024-02-27T09:14:42+00:00\",\"mainEntityOfPage\":{\"@id\":\"https:\\\/\\\/cuadra-agrado.es\\\/?p=10201\"},\"wordCount\":912,\"image\":{\"@id\":\"https:\\\/\\\/cuadra-agrado.es\\\/?p=10201#primaryimage\"},\"thumbnailUrl\":\"https:\\\/\\\/cuadra-agrado.es\\\/wp-content\\\/uploads\\\/2022\\\/09\\\/supertrip-0aks1.jpg\",\"articleSection\":[\"Actualidad\"],\"inLanguage\":\"es\"},{\"@type\":\"WebPage\",\"@id\":\"https:\\\/\\\/cuadra-agrado.es\\\/?p=10201\",\"url\":\"https:\\\/\\\/cuadra-agrado.es\\\/?p=10201\",\"name\":\"Super Trip reaparece para disputar su tercer Gran Premio. - Cuadra Agrado\",\"isPartOf\":{\"@id\":\"https:\\\/\\\/cuadra-agrado.es\\\/#website\"},\"primaryImageOfPage\":{\"@id\":\"https:\\\/\\\/cuadra-agrado.es\\\/?p=10201#primaryimage\"},\"image\":{\"@id\":\"https:\\\/\\\/cuadra-agrado.es\\\/?p=10201#primaryimage\"},\"thumbnailUrl\":\"https:\\\/\\\/cuadra-agrado.es\\\/wp-content\\\/uploads\\\/2022\\\/09\\\/supertrip-0aks1.jpg\",\"datePublished\":\"2022-09-05T10:41:11+00:00\",\"dateModified\":\"2024-02-27T09:14:42+00:00\",\"author\":{\"@id\":\"https:\\\/\\\/cuadra-agrado.es\\\/#\\\/schema\\\/person\\\/3aa4f8d2373cf756d93a5526bc72f31b\"},\"breadcrumb\":{\"@id\":\"https:\\\/\\\/cuadra-agrado.es\\\/?p=10201#breadcrumb\"},\"inLanguage\":\"es\",\"potentialAction\":[{\"@type\":\"ReadAction\",\"target\":[\"https:\\\/\\\/cuadra-agrado.es\\\/?p=10201\"]}]},{\"@type\":\"ImageObject\",\"inLanguage\":\"es\",\"@id\":\"https:\\\/\\\/cuadra-agrado.es\\\/?p=10201#primaryimage\",\"url\":\"https:\\\/\\\/cuadra-agrado.es\\\/wp-content\\\/uploads\\\/2022\\\/09\\\/supertrip-0aks1.jpg\",\"contentUrl\":\"https:\\\/\\\/cuadra-agrado.es\\\/wp-content\\\/uploads\\\/2022\\\/09\\\/supertrip-0aks1.jpg\",\"width\":2048,\"height\":1364},{\"@type\":\"BreadcrumbList\",\"@id\":\"https:\\\/\\\/cuadra-agrado.es\\\/?p=10201#breadcrumb\",\"itemListElement\":[{\"@type\":\"ListItem\",\"position\":1,\"name\":\"Portada\",\"item\":\"https:\\\/\\\/cuadra-agrado.es\\\/\"},{\"@type\":\"ListItem\",\"position\":2,\"name\":\"Super Trip reaparece para disputar su tercer Gran Premio.\"}]},{\"@type\":\"WebSite\",\"@id\":\"https:\\\/\\\/cuadra-agrado.es\\\/#website\",\"url\":\"https:\\\/\\\/cuadra-agrado.es\\\/\",\"name\":\"Cuadra Agrado\",\"description\":\"En el mundo del Turf desde 2008\",\"potentialAction\":[{\"@type\":\"SearchAction\",\"target\":{\"@type\":\"EntryPoint\",\"urlTemplate\":\"https:\\\/\\\/cuadra-agrado.es\\\/?s={search_term_string}\"},\"query-input\":{\"@type\":\"PropertyValueSpecification\",\"valueRequired\":true,\"valueName\":\"search_term_string\"}}],\"inLanguage\":\"es\"},{\"@type\":\"Person\",\"@id\":\"https:\\\/\\\/cuadra-agrado.es\\\/#\\\/schema\\\/person\\\/3aa4f8d2373cf756d93a5526bc72f31b\",\"name\":\"Miguel Redondo\",\"image\":{\"@type\":\"ImageObject\",\"inLanguage\":\"es\",\"@id\":\"https:\\\/\\\/secure.gravatar.com\\\/avatar\\\/85704fceb4fa34017e3c1344d182da00dbf772fb8856ba2b7726a2df926415b4?s=96&d=mm&r=g\",\"url\":\"https:\\\/\\\/secure.gravatar.com\\\/avatar\\\/85704fceb4fa34017e3c1344d182da00dbf772fb8856ba2b7726a2df926415b4?s=96&d=mm&r=g\",\"contentUrl\":\"https:\\\/\\\/secure.gravatar.com\\\/avatar\\\/85704fceb4fa34017e3c1344d182da00dbf772fb8856ba2b7726a2df926415b4?s=96&d=mm&r=g\",\"caption\":\"Miguel Redondo\"},\"sameAs\":[\"https:\\\/\\\/cuadra-agrado.es\"],\"url\":\"https:\\\/\\\/cuadra-agrado.es\\\/?author=5\"}]}<\/script>\n<!-- \/ Yoast SEO plugin. -->","yoast_head_json":{"title":"Super Trip reaparece para disputar su tercer Gran Premio. - Cuadra Agrado","robots":{"index":"index","follow":"follow","max-snippet":"max-snippet:-1","max-image-preview":"max-image-preview:large","max-video-preview":"max-video-preview:-1"},"canonical":"https:\/\/cuadra-agrado.es\/?p=10201","og_locale":"es_ES","og_type":"article","og_title":"Super Trip reaparece para disputar su tercer Gran Premio. - Cuadra Agrado","og_description":"La mejor potranca de su generaci\u00f3n a dos a\u00f1os, que as\u00ed lo demostrara ganando el Gran Crit\u00e9rium\u00b421, y que posteriormente volvi\u00f3 a coronarse la mejor de tres a\u00f1os ganando en su edad cl\u00e1sica el Oaks\u00b422, retornar\u00e1 a la competici\u00f3n 93 d\u00edas despu\u00e9s de aquel duro Gran Premio que gan\u00f3 con enorme coraz\u00f3n y coraje. Aquella [&hellip;]","og_url":"https:\/\/cuadra-agrado.es\/?p=10201","og_site_name":"Cuadra Agrado","article_published_time":"2022-09-05T10:41:11+00:00","article_modified_time":"2024-02-27T09:14:42+00:00","og_image":[{"width":2048,"height":1364,"url":"https:\/\/cuadra-agrado.es\/wp-content\/uploads\/2022\/09\/supertrip-0aks1.jpg","type":"image\/jpeg"}],"author":"Miguel Redondo","twitter_card":"summary_large_image","twitter_creator":"@AGRADOracing","twitter_site":"@AGRADOracing","twitter_misc":{"Escrito por":"Miguel Redondo","Tiempo de lectura":"4 minutos"},"schema":{"@context":"https:\/\/schema.org","@graph":[{"@type":"Article","@id":"https:\/\/cuadra-agrado.es\/?p=10201#article","isPartOf":{"@id":"https:\/\/cuadra-agrado.es\/?p=10201"},"author":{"name":"Miguel Redondo","@id":"https:\/\/cuadra-agrado.es\/#\/schema\/person\/3aa4f8d2373cf756d93a5526bc72f31b"},"headline":"Super Trip reaparece para disputar su tercer Gran Premio.","datePublished":"2022-09-05T10:41:11+00:00","dateModified":"2024-02-27T09:14:42+00:00","mainEntityOfPage":{"@id":"https:\/\/cuadra-agrado.es\/?p=10201"},"wordCount":912,"image":{"@id":"https:\/\/cuadra-agrado.es\/?p=10201#primaryimage"},"thumbnailUrl":"https:\/\/cuadra-agrado.es\/wp-content\/uploads\/2022\/09\/supertrip-0aks1.jpg","articleSection":["Actualidad"],"inLanguage":"es"},{"@type":"WebPage","@id":"https:\/\/cuadra-agrado.es\/?p=10201","url":"https:\/\/cuadra-agrado.es\/?p=10201","name":"Super Trip reaparece para disputar su tercer Gran Premio. - Cuadra Agrado","isPartOf":{"@id":"https:\/\/cuadra-agrado.es\/#website"},"primaryImageOfPage":{"@id":"https:\/\/cuadra-agrado.es\/?p=10201#primaryimage"},"image":{"@id":"https:\/\/cuadra-agrado.es\/?p=10201#primaryimage"},"thumbnailUrl":"https:\/\/cuadra-agrado.es\/wp-content\/uploads\/2022\/09\/supertrip-0aks1.jpg","datePublished":"2022-09-05T10:41:11+00:00","dateModified":"2024-02-27T09:14:42+00:00","author":{"@id":"https:\/\/cuadra-agrado.es\/#\/schema\/person\/3aa4f8d2373cf756d93a5526bc72f31b"},"breadcrumb":{"@id":"https:\/\/cuadra-agrado.es\/?p=10201#breadcrumb"},"inLanguage":"es","potentialAction":[{"@type":"ReadAction","target":["https:\/\/cuadra-agrado.es\/?p=10201"]}]},{"@type":"ImageObject","inLanguage":"es","@id":"https:\/\/cuadra-agrado.es\/?p=10201#primaryimage","url":"https:\/\/cuadra-agrado.es\/wp-content\/uploads\/2022\/09\/supertrip-0aks1.jpg","contentUrl":"https:\/\/cuadra-agrado.es\/wp-content\/uploads\/2022\/09\/supertrip-0aks1.jpg","width":2048,"height":1364},{"@type":"BreadcrumbList","@id":"https:\/\/cuadra-agrado.es\/?p=10201#breadcrumb","itemListElement":[{"@type":"ListItem","position":1,"name":"Portada","item":"https:\/\/cuadra-agrado.es\/"},{"@type":"ListItem","position":2,"name":"Super Trip reaparece para disputar su tercer Gran Premio."}]},{"@type":"WebSite","@id":"https:\/\/cuadra-agrado.es\/#website","url":"https:\/\/cuadra-agrado.es\/","name":"Cuadra Agrado","description":"En el mundo del Turf desde 2008","potentialAction":[{"@type":"SearchAction","target":{"@type":"EntryPoint","urlTemplate":"https:\/\/cuadra-agrado.es\/?s={search_term_string}"},"query-input":{"@type":"PropertyValueSpecification","valueRequired":true,"valueName":"search_term_string"}}],"inLanguage":"es"},{"@type":"Person","@id":"https:\/\/cuadra-agrado.es\/#\/schema\/person\/3aa4f8d2373cf756d93a5526bc72f31b","name":"Miguel Redondo","image":{"@type":"ImageObject","inLanguage":"es","@id":"https:\/\/secure.gravatar.com\/avatar\/85704fceb4fa34017e3c1344d182da00dbf772fb8856ba2b7726a2df926415b4?s=96&d=mm&r=g","url":"https:\/\/secure.gravatar.com\/avatar\/85704fceb4fa34017e3c1344d182da00dbf772fb8856ba2b7726a2df926415b4?s=96&d=mm&r=g","contentUrl":"https:\/\/secure.gravatar.com\/avatar\/85704fceb4fa34017e3c1344d182da00dbf772fb8856ba2b7726a2df926415b4?s=96&d=mm&r=g","caption":"Miguel Redondo"},"sameAs":["https:\/\/cuadra-agrado.es"],"url":"https:\/\/cuadra-agrado.es\/?author=5"}]}},"_links":{"self":[{"href":"https:\/\/cuadra-agrado.es\/index.php?rest_route=\/wp\/v2\/posts\/10201","targetHints":{"allow":["GET"]}}],"collection":[{"href":"https:\/\/cuadra-agrado.es\/index.php?rest_route=\/wp\/v2\/posts"}],"about":[{"href":"https:\/\/cuadra-agrado.es\/index.php?rest_route=\/wp\/v2\/types\/post"}],"author":[{"embeddable":true,"href":"https:\/\/cuadra-agrado.es\/index.php?rest_route=\/wp\/v2\/users\/5"}],"replies":[{"embeddable":true,"href":"https:\/\/cuadra-agrado.es\/index.php?rest_route=%2Fwp%2Fv2%2Fcomments&post=10201"}],"version-history":[{"count":0,"href":"https:\/\/cuadra-agrado.es\/index.php?rest_route=\/wp\/v2\/posts\/10201\/revisions"}],"wp:featuredmedia":[{"embeddable":true,"href":"https:\/\/cuadra-agrado.es\/index.php?rest_route=\/wp\/v2\/media\/10868"}],"wp:attachment":[{"href":"https:\/\/cuadra-agrado.es\/index.php?rest_route=%2Fwp%2Fv2%2Fmedia&parent=10201"}],"wp:term":[{"taxonomy":"category","embeddable":true,"href":"https:\/\/cuadra-agrado.es\/index.php?rest_route=%2Fwp%2Fv2%2Fcategories&post=10201"},{"taxonomy":"post_tag","embeddable":true,"href":"https:\/\/cuadra-agrado.es\/index.php?rest_route=%2Fwp%2Fv2%2Ftags&post=10201"}],"curies":[{"name":"wp","href":"https:\/\/api.w.org\/{rel}","templated":true}]}}