{"id":1016,"date":"2014-02-17T09:40:19","date_gmt":"2014-02-17T08:40:19","guid":{"rendered":"https:\/\/cuadra-agrado.es\/?p=1016"},"modified":"2024-02-27T09:22:34","modified_gmt":"2024-02-27T09:22:34","slug":"1016-2","status":"publish","type":"post","link":"https:\/\/cuadra-agrado.es\/?p=1016","title":{"rendered":"Gran tercero de Valiant en el GP de Andaluc\u00eda 2014"},"content":{"rendered":"<p style=\"text-align: justify;\"><a href=\"http:\/\/cuadra-agrado.es\/wp-content\/uploads\/2014\/02\/valiant-gpsevilla.jpg\" target=\"_blank\" rel=\"noopener noreferrer\"><img loading=\"lazy\" decoding=\"async\" class=\"alignleft  wp-image-1017\" alt=\"valiant-gpsevilla\" src=\"http:\/\/cuadra-agrado.es\/wp-content\/uploads\/2014\/02\/valiant-gpsevilla.jpg\" width=\"260\" height=\"160\" \/><\/a>Muy orgullosos de un carrer\u00f3n y de un gran tercero final de &#8216;Valiant Blue&#8217; ayer en el Gran Premio de Andaluc\u00eda. Por delante, nuestras m\u00e1s sinceras felicitaciones a &#8216;JL Mart\u00ednez&#8217;, &#8216;Mil Azul&#8217;, y todos sus responsables por su gran victoria, un caballazo que ayer dif\u00edcilmente pod\u00eda ser batido.<\/p>\n<p style=\"text-align: justify;\">Muy <i>&#8216;valiente blue&#8217;<\/i> como siempre de puntero durante toda la carrera, dando la cara como en \u00e9l es habitual, y poniendo un alto ritmo selectivo, casi kamikaze en algunos momentos.<br \/>\nLleg\u00f3 incluso a sacar tres cuerpos en la curva final a los dos favoritos de la prueba &#8216;Indiano&#8217; y &#8216;Mil Azul&#8217;, este \u00faltimo muy escondido hasta la curva.<\/p>\n<p style=\"text-align: justify;\">Al afrontar la recta final, Fayos sac\u00f3 al caballo por fuera para intentar que fuera m\u00e1s c\u00f3modo en su acci\u00f3n, pero quiz\u00e1s perdi\u00f3 los metros que en el poste final ech\u00f3 en falta para intentar poner m\u00e1s carne en el asador en los \u00faltimos 100 m.<br \/>\nIndiano aguant\u00f3 su lucha con el nuestro y entre los dos apareci\u00f3 &#8216;Mil Azul&#8217; que con un cambio de ritmo m\u00e1gico, \u00a0supo poner un cuerpo por medio en los \u00faltimos 50 metros<\/p>\n<p style=\"text-align: justify;\">Nunca sabremos que pudo haber pasado si en lugar de abrirse, hubiera mantenido esa calle dos, pero las decisiones se toman en d\u00e9cimas de segundo y Borja crey\u00f3 que merec\u00eda la pena perder esos metros a cambio de encontrar una mejor pista. Valiant es un caballo que galopa con una acci\u00f3n de sprinter muy a ras de suelo, y la decisi\u00f3n de Borja fue en ese momento la m\u00e1s acertada. La \u00fanica objeci\u00f3n es que quiz\u00e1s salt\u00f3 demasiadas calles, pero nada que reprochar a su valiente monta&#8230;. &#8216;el que no se equivoca, es aquel que no intenta nada.&#8217;<\/p>\n<p style=\"text-align: justify;\">Nuestro primer intento a un Gran Premio este a\u00f1o no ha sido del todo exitoso, pero estuvimos cerca y my orgullosos de ello. Supimos competir a gran nivel y seguros estamos que en el pr\u00f3ximo estaremos a\u00fan m\u00e1s cerca. Eduardo Buz\u00f3n ha sacado de &#8216;tierra de handicaps&#8217; a un caballo que ayer demostr\u00f3 tener valor para afrontar grandes premios milleros, a\u00fan puede progresar m\u00e1s y acercarnos a valores m\u00e1s altos, y todo conseguido desde el esfuerzo y trabajo diario.<br \/>\nLe veremos pronto de Madrid y seguro hablaremos mucho de \u00e9l en este a\u00f1o 2014 que reci\u00e9n acaba de comenzar.<\/p>\n<hr \/>\n<!-- AddThis Advanced Settings generic via filter on the_content --><!-- AddThis Share Buttons generic via filter on the_content -->","protected":false},"excerpt":{"rendered":"<p>Muy orgullosos de un carrer\u00f3n y de un gran tercero final de &#8216;Valiant Blue&#8217; ayer en el Gran Premio de Andaluc\u00eda. Por delante, nuestras m\u00e1s sinceras felicitaciones a &#8216;JL Mart\u00ednez&#8217;, &#8216;Mil Azul&#8217;, y todos sus responsables por su gran victoria, un caballazo que ayer dif\u00edcilmente pod\u00eda ser batido. Muy &#8216;valiente blue&#8217; como siempre de puntero [&hellip;]<!-- AddThis Advanced Settings generic via filter on get_the_excerpt --><!-- AddThis Share Buttons generic via filter on get_the_excerpt --><\/p>\n","protected":false},"author":5,"featured_media":0,"comment_status":"closed","ping_status":"closed","sticky":false,"template":"","format":"gallery","meta":{"_acf_changed":false,"_et_pb_use_builder":"","_et_pb_old_content":"","_et_gb_content_width":"","footnotes":""},"categories":[3],"tags":[],"class_list":["post-1016","post","type-post","status-publish","format-gallery","hentry","category-noticias-cuadra-agrado","post_format-post-format-gallery"],"acf":[],"yoast_head":"<!-- This site is optimized with the Yoast SEO plugin v27.4 - https:\/\/yoast.com\/product\/yoast-seo-wordpress\/ -->\n<title>Gran tercero de Valiant en el GP de Andaluc\u00eda 2014 - Cuadra Agrado<\/title>\n<meta name=\"robots\" content=\"index, follow, max-snippet:-1, max-image-preview:large, max-video-preview:-1\" \/>\n<link rel=\"canonical\" href=\"https:\/\/cuadra-agrado.es\/?p=1016\" \/>\n<meta property=\"og:locale\" content=\"es_ES\" \/>\n<meta property=\"og:type\" content=\"article\" \/>\n<meta property=\"og:title\" content=\"Gran tercero de Valiant en el GP de Andaluc\u00eda 2014 - Cuadra Agrado\" \/>\n<meta property=\"og:description\" content=\"Muy orgullosos de un carrer\u00f3n y de un gran tercero final de &#8216;Valiant Blue&#8217; ayer en el Gran Premio de Andaluc\u00eda. Por delante, nuestras m\u00e1s sinceras felicitaciones a &#8216;JL Mart\u00ednez&#8217;, &#8216;Mil Azul&#8217;, y todos sus responsables por su gran victoria, un caballazo que ayer dif\u00edcilmente pod\u00eda ser batido. Muy &#8216;valiente blue&#8217; como siempre de puntero [&hellip;]\" \/>\n<meta property=\"og:url\" content=\"https:\/\/cuadra-agrado.es\/?p=1016\" \/>\n<meta property=\"og:site_name\" content=\"Cuadra Agrado\" \/>\n<meta property=\"article:published_time\" content=\"2014-02-17T08:40:19+00:00\" \/>\n<meta property=\"article:modified_time\" content=\"2024-02-27T09:22:34+00:00\" \/>\n<meta property=\"og:image\" content=\"http:\/\/cuadra-agrado.es\/wp-content\/uploads\/2014\/02\/valiant-gpsevilla.jpg\" \/>\n<meta name=\"author\" content=\"Miguel Redondo\" \/>\n<meta name=\"twitter:card\" content=\"summary_large_image\" \/>\n<meta name=\"twitter:creator\" content=\"@AGRADOracing\" \/>\n<meta name=\"twitter:site\" content=\"@AGRADOracing\" \/>\n<meta name=\"twitter:label1\" content=\"Escrito por\" \/>\n\t<meta name=\"twitter:data1\" content=\"Miguel Redondo\" \/>\n\t<meta name=\"twitter:label2\" content=\"Tiempo de lectura\" \/>\n\t<meta name=\"twitter:data2\" content=\"2 minutos\" \/>\n<script type=\"application\/ld+json\" class=\"yoast-schema-graph\">{\"@context\":\"https:\\\/\\\/schema.org\",\"@graph\":[{\"@type\":\"Article\",\"@id\":\"https:\\\/\\\/cuadra-agrado.es\\\/?p=1016#article\",\"isPartOf\":{\"@id\":\"https:\\\/\\\/cuadra-agrado.es\\\/?p=1016\"},\"author\":{\"name\":\"Miguel Redondo\",\"@id\":\"https:\\\/\\\/cuadra-agrado.es\\\/#\\\/schema\\\/person\\\/3aa4f8d2373cf756d93a5526bc72f31b\"},\"headline\":\"Gran tercero de Valiant en el GP de Andaluc\u00eda 2014\",\"datePublished\":\"2014-02-17T08:40:19+00:00\",\"dateModified\":\"2024-02-27T09:22:34+00:00\",\"mainEntityOfPage\":{\"@id\":\"https:\\\/\\\/cuadra-agrado.es\\\/?p=1016\"},\"wordCount\":417,\"image\":{\"@id\":\"https:\\\/\\\/cuadra-agrado.es\\\/?p=1016#primaryimage\"},\"thumbnailUrl\":\"http:\\\/\\\/cuadra-agrado.es\\\/wp-content\\\/uploads\\\/2014\\\/02\\\/valiant-gpsevilla.jpg\",\"articleSection\":[\"Actualidad\"],\"inLanguage\":\"es\"},{\"@type\":\"WebPage\",\"@id\":\"https:\\\/\\\/cuadra-agrado.es\\\/?p=1016\",\"url\":\"https:\\\/\\\/cuadra-agrado.es\\\/?p=1016\",\"name\":\"Gran tercero de Valiant en el GP de Andaluc\u00eda 2014 - Cuadra Agrado\",\"isPartOf\":{\"@id\":\"https:\\\/\\\/cuadra-agrado.es\\\/#website\"},\"primaryImageOfPage\":{\"@id\":\"https:\\\/\\\/cuadra-agrado.es\\\/?p=1016#primaryimage\"},\"image\":{\"@id\":\"https:\\\/\\\/cuadra-agrado.es\\\/?p=1016#primaryimage\"},\"thumbnailUrl\":\"http:\\\/\\\/cuadra-agrado.es\\\/wp-content\\\/uploads\\\/2014\\\/02\\\/valiant-gpsevilla.jpg\",\"datePublished\":\"2014-02-17T08:40:19+00:00\",\"dateModified\":\"2024-02-27T09:22:34+00:00\",\"author\":{\"@id\":\"https:\\\/\\\/cuadra-agrado.es\\\/#\\\/schema\\\/person\\\/3aa4f8d2373cf756d93a5526bc72f31b\"},\"breadcrumb\":{\"@id\":\"https:\\\/\\\/cuadra-agrado.es\\\/?p=1016#breadcrumb\"},\"inLanguage\":\"es\",\"potentialAction\":[{\"@type\":\"ReadAction\",\"target\":[\"https:\\\/\\\/cuadra-agrado.es\\\/?p=1016\"]}]},{\"@type\":\"ImageObject\",\"inLanguage\":\"es\",\"@id\":\"https:\\\/\\\/cuadra-agrado.es\\\/?p=1016#primaryimage\",\"url\":\"http:\\\/\\\/cuadra-agrado.es\\\/wp-content\\\/uploads\\\/2014\\\/02\\\/valiant-gpsevilla.jpg\",\"contentUrl\":\"http:\\\/\\\/cuadra-agrado.es\\\/wp-content\\\/uploads\\\/2014\\\/02\\\/valiant-gpsevilla.jpg\"},{\"@type\":\"BreadcrumbList\",\"@id\":\"https:\\\/\\\/cuadra-agrado.es\\\/?p=1016#breadcrumb\",\"itemListElement\":[{\"@type\":\"ListItem\",\"position\":1,\"name\":\"Portada\",\"item\":\"https:\\\/\\\/cuadra-agrado.es\\\/\"},{\"@type\":\"ListItem\",\"position\":2,\"name\":\"Gran tercero de Valiant en el GP de Andaluc\u00eda 2014\"}]},{\"@type\":\"WebSite\",\"@id\":\"https:\\\/\\\/cuadra-agrado.es\\\/#website\",\"url\":\"https:\\\/\\\/cuadra-agrado.es\\\/\",\"name\":\"Cuadra Agrado\",\"description\":\"En el mundo del Turf desde 2008\",\"potentialAction\":[{\"@type\":\"SearchAction\",\"target\":{\"@type\":\"EntryPoint\",\"urlTemplate\":\"https:\\\/\\\/cuadra-agrado.es\\\/?s={search_term_string}\"},\"query-input\":{\"@type\":\"PropertyValueSpecification\",\"valueRequired\":true,\"valueName\":\"search_term_string\"}}],\"inLanguage\":\"es\"},{\"@type\":\"Person\",\"@id\":\"https:\\\/\\\/cuadra-agrado.es\\\/#\\\/schema\\\/person\\\/3aa4f8d2373cf756d93a5526bc72f31b\",\"name\":\"Miguel Redondo\",\"image\":{\"@type\":\"ImageObject\",\"inLanguage\":\"es\",\"@id\":\"https:\\\/\\\/secure.gravatar.com\\\/avatar\\\/85704fceb4fa34017e3c1344d182da00dbf772fb8856ba2b7726a2df926415b4?s=96&d=mm&r=g\",\"url\":\"https:\\\/\\\/secure.gravatar.com\\\/avatar\\\/85704fceb4fa34017e3c1344d182da00dbf772fb8856ba2b7726a2df926415b4?s=96&d=mm&r=g\",\"contentUrl\":\"https:\\\/\\\/secure.gravatar.com\\\/avatar\\\/85704fceb4fa34017e3c1344d182da00dbf772fb8856ba2b7726a2df926415b4?s=96&d=mm&r=g\",\"caption\":\"Miguel Redondo\"},\"sameAs\":[\"https:\\\/\\\/cuadra-agrado.es\"],\"url\":\"https:\\\/\\\/cuadra-agrado.es\\\/?author=5\"}]}<\/script>\n<!-- \/ Yoast SEO plugin. -->","yoast_head_json":{"title":"Gran tercero de Valiant en el GP de Andaluc\u00eda 2014 - Cuadra Agrado","robots":{"index":"index","follow":"follow","max-snippet":"max-snippet:-1","max-image-preview":"max-image-preview:large","max-video-preview":"max-video-preview:-1"},"canonical":"https:\/\/cuadra-agrado.es\/?p=1016","og_locale":"es_ES","og_type":"article","og_title":"Gran tercero de Valiant en el GP de Andaluc\u00eda 2014 - Cuadra Agrado","og_description":"Muy orgullosos de un carrer\u00f3n y de un gran tercero final de &#8216;Valiant Blue&#8217; ayer en el Gran Premio de Andaluc\u00eda. Por delante, nuestras m\u00e1s sinceras felicitaciones a &#8216;JL Mart\u00ednez&#8217;, &#8216;Mil Azul&#8217;, y todos sus responsables por su gran victoria, un caballazo que ayer dif\u00edcilmente pod\u00eda ser batido. Muy &#8216;valiente blue&#8217; como siempre de puntero [&hellip;]","og_url":"https:\/\/cuadra-agrado.es\/?p=1016","og_site_name":"Cuadra Agrado","article_published_time":"2014-02-17T08:40:19+00:00","article_modified_time":"2024-02-27T09:22:34+00:00","og_image":[{"url":"http:\/\/cuadra-agrado.es\/wp-content\/uploads\/2014\/02\/valiant-gpsevilla.jpg","type":"","width":"","height":""}],"author":"Miguel Redondo","twitter_card":"summary_large_image","twitter_creator":"@AGRADOracing","twitter_site":"@AGRADOracing","twitter_misc":{"Escrito por":"Miguel Redondo","Tiempo de lectura":"2 minutos"},"schema":{"@context":"https:\/\/schema.org","@graph":[{"@type":"Article","@id":"https:\/\/cuadra-agrado.es\/?p=1016#article","isPartOf":{"@id":"https:\/\/cuadra-agrado.es\/?p=1016"},"author":{"name":"Miguel Redondo","@id":"https:\/\/cuadra-agrado.es\/#\/schema\/person\/3aa4f8d2373cf756d93a5526bc72f31b"},"headline":"Gran tercero de Valiant en el GP de Andaluc\u00eda 2014","datePublished":"2014-02-17T08:40:19+00:00","dateModified":"2024-02-27T09:22:34+00:00","mainEntityOfPage":{"@id":"https:\/\/cuadra-agrado.es\/?p=1016"},"wordCount":417,"image":{"@id":"https:\/\/cuadra-agrado.es\/?p=1016#primaryimage"},"thumbnailUrl":"http:\/\/cuadra-agrado.es\/wp-content\/uploads\/2014\/02\/valiant-gpsevilla.jpg","articleSection":["Actualidad"],"inLanguage":"es"},{"@type":"WebPage","@id":"https:\/\/cuadra-agrado.es\/?p=1016","url":"https:\/\/cuadra-agrado.es\/?p=1016","name":"Gran tercero de Valiant en el GP de Andaluc\u00eda 2014 - Cuadra Agrado","isPartOf":{"@id":"https:\/\/cuadra-agrado.es\/#website"},"primaryImageOfPage":{"@id":"https:\/\/cuadra-agrado.es\/?p=1016#primaryimage"},"image":{"@id":"https:\/\/cuadra-agrado.es\/?p=1016#primaryimage"},"thumbnailUrl":"http:\/\/cuadra-agrado.es\/wp-content\/uploads\/2014\/02\/valiant-gpsevilla.jpg","datePublished":"2014-02-17T08:40:19+00:00","dateModified":"2024-02-27T09:22:34+00:00","author":{"@id":"https:\/\/cuadra-agrado.es\/#\/schema\/person\/3aa4f8d2373cf756d93a5526bc72f31b"},"breadcrumb":{"@id":"https:\/\/cuadra-agrado.es\/?p=1016#breadcrumb"},"inLanguage":"es","potentialAction":[{"@type":"ReadAction","target":["https:\/\/cuadra-agrado.es\/?p=1016"]}]},{"@type":"ImageObject","inLanguage":"es","@id":"https:\/\/cuadra-agrado.es\/?p=1016#primaryimage","url":"http:\/\/cuadra-agrado.es\/wp-content\/uploads\/2014\/02\/valiant-gpsevilla.jpg","contentUrl":"http:\/\/cuadra-agrado.es\/wp-content\/uploads\/2014\/02\/valiant-gpsevilla.jpg"},{"@type":"BreadcrumbList","@id":"https:\/\/cuadra-agrado.es\/?p=1016#breadcrumb","itemListElement":[{"@type":"ListItem","position":1,"name":"Portada","item":"https:\/\/cuadra-agrado.es\/"},{"@type":"ListItem","position":2,"name":"Gran tercero de Valiant en el GP de Andaluc\u00eda 2014"}]},{"@type":"WebSite","@id":"https:\/\/cuadra-agrado.es\/#website","url":"https:\/\/cuadra-agrado.es\/","name":"Cuadra Agrado","description":"En el mundo del Turf desde 2008","potentialAction":[{"@type":"SearchAction","target":{"@type":"EntryPoint","urlTemplate":"https:\/\/cuadra-agrado.es\/?s={search_term_string}"},"query-input":{"@type":"PropertyValueSpecification","valueRequired":true,"valueName":"search_term_string"}}],"inLanguage":"es"},{"@type":"Person","@id":"https:\/\/cuadra-agrado.es\/#\/schema\/person\/3aa4f8d2373cf756d93a5526bc72f31b","name":"Miguel Redondo","image":{"@type":"ImageObject","inLanguage":"es","@id":"https:\/\/secure.gravatar.com\/avatar\/85704fceb4fa34017e3c1344d182da00dbf772fb8856ba2b7726a2df926415b4?s=96&d=mm&r=g","url":"https:\/\/secure.gravatar.com\/avatar\/85704fceb4fa34017e3c1344d182da00dbf772fb8856ba2b7726a2df926415b4?s=96&d=mm&r=g","contentUrl":"https:\/\/secure.gravatar.com\/avatar\/85704fceb4fa34017e3c1344d182da00dbf772fb8856ba2b7726a2df926415b4?s=96&d=mm&r=g","caption":"Miguel Redondo"},"sameAs":["https:\/\/cuadra-agrado.es"],"url":"https:\/\/cuadra-agrado.es\/?author=5"}]}},"_links":{"self":[{"href":"https:\/\/cuadra-agrado.es\/index.php?rest_route=\/wp\/v2\/posts\/1016","targetHints":{"allow":["GET"]}}],"collection":[{"href":"https:\/\/cuadra-agrado.es\/index.php?rest_route=\/wp\/v2\/posts"}],"about":[{"href":"https:\/\/cuadra-agrado.es\/index.php?rest_route=\/wp\/v2\/types\/post"}],"author":[{"embeddable":true,"href":"https:\/\/cuadra-agrado.es\/index.php?rest_route=\/wp\/v2\/users\/5"}],"replies":[{"embeddable":true,"href":"https:\/\/cuadra-agrado.es\/index.php?rest_route=%2Fwp%2Fv2%2Fcomments&post=1016"}],"version-history":[{"count":0,"href":"https:\/\/cuadra-agrado.es\/index.php?rest_route=\/wp\/v2\/posts\/1016\/revisions"}],"wp:attachment":[{"href":"https:\/\/cuadra-agrado.es\/index.php?rest_route=%2Fwp%2Fv2%2Fmedia&parent=1016"}],"wp:term":[{"taxonomy":"category","embeddable":true,"href":"https:\/\/cuadra-agrado.es\/index.php?rest_route=%2Fwp%2Fv2%2Fcategories&post=1016"},{"taxonomy":"post_tag","embeddable":true,"href":"https:\/\/cuadra-agrado.es\/index.php?rest_route=%2Fwp%2Fv2%2Ftags&post=1016"}],"curies":[{"name":"wp","href":"https:\/\/api.w.org\/{rel}","templated":true}]}}